{"id":244215,"date":"2024-08-31T07:22:07","date_gmt":"2024-08-31T11:22:07","guid":{"rendered":"https:\/\/www.eldiario.net\/portal\/?p=244215"},"modified":"2024-08-31T07:22:07","modified_gmt":"2024-08-31T11:22:07","slug":"dos-mujeres-fueron-asesinadas-en-cochabamba-por-venta-de-drogas","status":"publish","type":"post","link":"https:\/\/www.eldiario.net\/portal\/2024\/08\/31\/dos-mujeres-fueron-asesinadas-en-cochabamba-por-venta-de-drogas\/","title":{"rendered":"Dos mujeres fueron asesinadas en Cochabamba por venta de drogas"},"content":{"rendered":"<p>Entre julio y agosto, dos mujeres en Cochabamba fueron violentamente asesinadas por vincularse a la venta de sustancias controladas; ambos cuerpos fueron encontrados con signos de violencia a orillas del r\u00edo Rocha.<br \/>\nDe acuerdo con las autoridades,\u00a0ambas v\u00edctimas eran j\u00f3venes de buenas familias\u00a0y por diferentes circunstancias terminaron en situaci\u00f3n de calle, e involucr\u00e1ndose con personas peligrosas.<br \/>\n\u201cEstos sucesos tienen que ver con tr\u00e1fico de droga. Estos j\u00f3venes, lamentablemente,\u00a0en su adicci\u00f3n son muy manipulables y caen muy r\u00e1pidamente en estas redes\u201d, indic\u00f3 la directora municipal de G\u00e9nero Generacional, Tatiana Herrera.<br \/>\nEn el primer caso,\u00a0Sharon P., era una mujer que desde muy joven comenz\u00f3 a consumir sustancias controladas. El pasado mes,\u00a0su familia empez\u00f3 a buscarla luego de no saber de ella por varios d\u00edas y la report\u00f3 a la Polic\u00eda.<br \/>\nSin embargo, el 18 de julio se encontr\u00f3 su cuerpo sin vida en una zanja cerca del r\u00edo Rocha. Las investigaciones establecieron que la mujer fue brutalmente torturada y asesinada. Sharon fue abandonada en una cuneta tras ser acusada de robar droga a un grupo de personas en situaci\u00f3n de calle.<br \/>\nEl segundo hecho se registr\u00f3 en agosto. Milena S., de 26 a\u00f1os de edad, lleg\u00f3 a Cochabamba desde La Paz en busca de un trabajo. La joven comenz\u00f3 a consumir sustancias controladas y, tras conocer a un proveedor, se convirti\u00f3 tambi\u00e9n en vendedora.<br \/>\nEl pasado 21 de agosto,\u00a0Milena fue encontrada sin vida cerca del r\u00edo Rocha, a pocos metros del puente Cala Cala, donde se confirm\u00f3 que hab\u00eda sido golpeada y abusada sexualmente.<br \/>\nPor este crimen, dos hombres fueron aprehendidos y enviados a la c\u00e1rcel. Ambos aseguraron que una mujer los contrat\u00f3 ya que la v\u00edctima le deb\u00eda dinero por la venta de drogas. Herrera asever\u00f3 que la sospechosa ya fue identificada.<\/p>\n<p>NUEVO FEMINICIDIO<br \/>\nEn otro hecho lamentable, una adolescente de 17 a\u00f1os\u00a0fue encontrada sin vida el jueves en el municipio de El Puente, Santa Cruz, cuando ten\u00eda cinco meses de gestaci\u00f3n. El cuerpo estaba entre matorrales.<br \/>\nEl comandante policial del municipio de Guarayos de Santa Cruz, Pedro Silva, se\u00f1al\u00f3 que este caso\u00a0se investiga como un presunto delito de Feminicidio. Agreg\u00f3 que por este\u00a0caso hay tres personas arrestadas.<br \/>\nSilva confirm\u00f3 que ayer se realiz\u00f3\u00a0el levantamiento legal del cad\u00e1ver para su traslado a la morgue en Santa Cruz de la Sierra, donde se realizar\u00eda la autopsia de ley para identificar la causa de la muerte. (Cochabamba, agencias)<\/p>\n<p>Pie de foto: Foto:<\/p>\n","protected":false},"excerpt":{"rendered":"<p>Entre julio y agosto, dos mujeres en Cochabamba fueron violentamente asesinadas por vincularse a la venta de sustancias controladas; ambos cuerpos fueron encontrados con signos de violencia a orillas del r\u00edo Rocha. De acuerdo con las autoridades,\u00a0ambas v\u00edctimas eran j\u00f3venes de buenas familias\u00a0y por diferentes circunstancias terminaron en situaci\u00f3n de calle, e involucr\u00e1ndose con personas [&hellip;]<\/p>\n","protected":false},"author":1,"featured_media":244216,"comment_status":"open","ping_status":"open","sticky":false,"template":"","format":"standard","meta":{"_acf_changed":false,"footnotes":""},"categories":[39],"tags":[],"class_list":["post-244215","post","type-post","status-publish","format-standard","has-post-thumbnail","category-sociedad"],"acf":{"antetitulo":""},"yoast_head":"<!-- This site is optimized with the Yoast SEO plugin v28.4 - https:\/\/yoast.com\/product\/yoast-seo-wordpress\/ -->\n<title>Dos mujeres fueron asesinadas en Cochabamba por venta de drogas - El Diario - Bolivia<\/title>\n<meta name=\"robots\" content=\"index, follow, max-snippet:-1, max-image-preview:large, max-video-preview:-1\" \/>\n<link rel=\"canonical\" href=\"https:\/\/www.eldiario.net\/portal\/2024\/08\/31\/dos-mujeres-fueron-asesinadas-en-cochabamba-por-venta-de-drogas\/\" \/>\n<meta property=\"og:locale\" content=\"es_ES\" \/>\n<meta property=\"og:type\" content=\"article\" \/>\n<meta property=\"og:title\" content=\"Dos mujeres fueron asesinadas en Cochabamba por venta de drogas - El Diario - Bolivia\" \/>\n<meta property=\"og:description\" content=\"Entre julio y agosto, dos mujeres en Cochabamba fueron violentamente asesinadas por vincularse a la venta de sustancias controladas; ambos cuerpos fueron encontrados con signos de violencia a orillas del r\u00edo Rocha. De acuerdo con las autoridades,\u00a0ambas v\u00edctimas eran j\u00f3venes de buenas familias\u00a0y por diferentes circunstancias terminaron en situaci\u00f3n de calle, e involucr\u00e1ndose con personas [&hellip;]\" \/>\n<meta property=\"og:url\" content=\"https:\/\/www.eldiario.net\/portal\/2024\/08\/31\/dos-mujeres-fueron-asesinadas-en-cochabamba-por-venta-de-drogas\/\" \/>\n<meta property=\"og:site_name\" content=\"El Diario - Bolivia\" \/>\n<meta property=\"article:publisher\" content=\"https:\/\/www.facebook.com\/eldiario.bolivia\/\" \/>\n<meta property=\"article:published_time\" content=\"2024-08-31T11:22:07+00:00\" \/>\n<meta property=\"og:image\" content=\"https:\/\/www.eldiario.net\/portal\/wp-content\/uploads\/2024\/08\/31-MUJ.jpg\" \/>\n\t<meta property=\"og:image:width\" content=\"990\" \/>\n\t<meta property=\"og:image:height\" content=\"557\" \/>\n\t<meta property=\"og:image:type\" content=\"image\/jpeg\" \/>\n<meta name=\"author\" content=\"Jeanette\" \/>\n<meta name=\"twitter:card\" content=\"summary_large_image\" \/>\n<meta name=\"twitter:creator\" content=\"@eldiario_net\" \/>\n<meta name=\"twitter:site\" content=\"@eldiario_net\" \/>\n<meta name=\"twitter:label1\" content=\"Escrito por\" \/>\n\t<meta name=\"twitter:data1\" content=\"Jeanette\" \/>\n\t<meta name=\"twitter:label2\" content=\"Tiempo de lectura\" \/>\n\t<meta name=\"twitter:data2\" content=\"3 minutos\" \/>\n<script type=\"application\/ld+json\" class=\"yoast-schema-graph\">{\"@context\":\"https:\\\/\\\/schema.org\",\"@graph\":[{\"@type\":\"Article\",\"@id\":\"https:\\\/\\\/www.eldiario.net\\\/portal\\\/2024\\\/08\\\/31\\\/dos-mujeres-fueron-asesinadas-en-cochabamba-por-venta-de-drogas\\\/#article\",\"isPartOf\":{\"@id\":\"https:\\\/\\\/www.eldiario.net\\\/portal\\\/2024\\\/08\\\/31\\\/dos-mujeres-fueron-asesinadas-en-cochabamba-por-venta-de-drogas\\\/\"},\"author\":{\"name\":\"Jeanette\",\"@id\":\"https:\\\/\\\/www.eldiario.net\\\/portal\\\/#\\\/schema\\\/person\\\/f46445640444750d7d753ccd04ae01b7\"},\"headline\":\"Dos mujeres fueron asesinadas en Cochabamba por venta de drogas\",\"datePublished\":\"2024-08-31T11:22:07+00:00\",\"mainEntityOfPage\":{\"@id\":\"https:\\\/\\\/www.eldiario.net\\\/portal\\\/2024\\\/08\\\/31\\\/dos-mujeres-fueron-asesinadas-en-cochabamba-por-venta-de-drogas\\\/\"},\"wordCount\":442,\"commentCount\":0,\"publisher\":{\"@id\":\"https:\\\/\\\/www.eldiario.net\\\/portal\\\/#organization\"},\"image\":{\"@id\":\"https:\\\/\\\/www.eldiario.net\\\/portal\\\/2024\\\/08\\\/31\\\/dos-mujeres-fueron-asesinadas-en-cochabamba-por-venta-de-drogas\\\/#primaryimage\"},\"thumbnailUrl\":\"https:\\\/\\\/www.eldiario.net\\\/portal\\\/wp-content\\\/uploads\\\/2024\\\/08\\\/31-MUJ.jpg\",\"articleSection\":[\"Sociedad - Seguridad\"],\"inLanguage\":\"es\",\"potentialAction\":[{\"@type\":\"CommentAction\",\"name\":\"Comment\",\"target\":[\"https:\\\/\\\/www.eldiario.net\\\/portal\\\/2024\\\/08\\\/31\\\/dos-mujeres-fueron-asesinadas-en-cochabamba-por-venta-de-drogas\\\/#respond\"]}]},{\"@type\":\"WebPage\",\"@id\":\"https:\\\/\\\/www.eldiario.net\\\/portal\\\/2024\\\/08\\\/31\\\/dos-mujeres-fueron-asesinadas-en-cochabamba-por-venta-de-drogas\\\/\",\"url\":\"https:\\\/\\\/www.eldiario.net\\\/portal\\\/2024\\\/08\\\/31\\\/dos-mujeres-fueron-asesinadas-en-cochabamba-por-venta-de-drogas\\\/\",\"name\":\"Dos mujeres fueron asesinadas en Cochabamba por venta de drogas - El Diario - Bolivia\",\"isPartOf\":{\"@id\":\"https:\\\/\\\/www.eldiario.net\\\/portal\\\/#website\"},\"primaryImageOfPage\":{\"@id\":\"https:\\\/\\\/www.eldiario.net\\\/portal\\\/2024\\\/08\\\/31\\\/dos-mujeres-fueron-asesinadas-en-cochabamba-por-venta-de-drogas\\\/#primaryimage\"},\"image\":{\"@id\":\"https:\\\/\\\/www.eldiario.net\\\/portal\\\/2024\\\/08\\\/31\\\/dos-mujeres-fueron-asesinadas-en-cochabamba-por-venta-de-drogas\\\/#primaryimage\"},\"thumbnailUrl\":\"https:\\\/\\\/www.eldiario.net\\\/portal\\\/wp-content\\\/uploads\\\/2024\\\/08\\\/31-MUJ.jpg\",\"datePublished\":\"2024-08-31T11:22:07+00:00\",\"breadcrumb\":{\"@id\":\"https:\\\/\\\/www.eldiario.net\\\/portal\\\/2024\\\/08\\\/31\\\/dos-mujeres-fueron-asesinadas-en-cochabamba-por-venta-de-drogas\\\/#breadcrumb\"},\"inLanguage\":\"es\",\"potentialAction\":[{\"@type\":\"ReadAction\",\"target\":[\"https:\\\/\\\/www.eldiario.net\\\/portal\\\/2024\\\/08\\\/31\\\/dos-mujeres-fueron-asesinadas-en-cochabamba-por-venta-de-drogas\\\/\"]}]},{\"@type\":\"ImageObject\",\"inLanguage\":\"es\",\"@id\":\"https:\\\/\\\/www.eldiario.net\\\/portal\\\/2024\\\/08\\\/31\\\/dos-mujeres-fueron-asesinadas-en-cochabamba-por-venta-de-drogas\\\/#primaryimage\",\"url\":\"https:\\\/\\\/www.eldiario.net\\\/portal\\\/wp-content\\\/uploads\\\/2024\\\/08\\\/31-MUJ.jpg\",\"contentUrl\":\"https:\\\/\\\/www.eldiario.net\\\/portal\\\/wp-content\\\/uploads\\\/2024\\\/08\\\/31-MUJ.jpg\",\"width\":990,\"height\":557},{\"@type\":\"BreadcrumbList\",\"@id\":\"https:\\\/\\\/www.eldiario.net\\\/portal\\\/2024\\\/08\\\/31\\\/dos-mujeres-fueron-asesinadas-en-cochabamba-por-venta-de-drogas\\\/#breadcrumb\",\"itemListElement\":[{\"@type\":\"ListItem\",\"position\":1,\"name\":\"Portada\",\"item\":\"https:\\\/\\\/www.eldiario.net\\\/portal\\\/\"},{\"@type\":\"ListItem\",\"position\":2,\"name\":\"Dos mujeres fueron asesinadas en Cochabamba por venta de drogas\"}]},{\"@type\":\"WebSite\",\"@id\":\"https:\\\/\\\/www.eldiario.net\\\/portal\\\/#website\",\"url\":\"https:\\\/\\\/www.eldiario.net\\\/portal\\\/\",\"name\":\"El Diario - Decano de la prensa nacional\",\"description\":\"El Diario - Decano de la prensa nacional\",\"publisher\":{\"@id\":\"https:\\\/\\\/www.eldiario.net\\\/portal\\\/#organization\"},\"potentialAction\":[{\"@type\":\"SearchAction\",\"target\":{\"@type\":\"EntryPoint\",\"urlTemplate\":\"https:\\\/\\\/www.eldiario.net\\\/portal\\\/?s={search_term_string}\"},\"query-input\":{\"@type\":\"PropertyValueSpecification\",\"valueRequired\":true,\"valueName\":\"search_term_string\"}}],\"inLanguage\":\"es\"},{\"@type\":\"Organization\",\"@id\":\"https:\\\/\\\/www.eldiario.net\\\/portal\\\/#organization\",\"name\":\"El Diario - Decano de la prensa nacional\",\"url\":\"https:\\\/\\\/www.eldiario.net\\\/portal\\\/\",\"logo\":{\"@type\":\"ImageObject\",\"inLanguage\":\"es\",\"@id\":\"https:\\\/\\\/www.eldiario.net\\\/portal\\\/#\\\/schema\\\/logo\\\/image\\\/\",\"url\":\"https:\\\/\\\/www.eldiario.net\\\/portal\\\/wp-content\\\/uploads\\\/2023\\\/07\\\/logo_ED.jpg\",\"contentUrl\":\"https:\\\/\\\/www.eldiario.net\\\/portal\\\/wp-content\\\/uploads\\\/2023\\\/07\\\/logo_ED.jpg\",\"width\":272,\"height\":52,\"caption\":\"El Diario - Decano de la prensa nacional\"},\"image\":{\"@id\":\"https:\\\/\\\/www.eldiario.net\\\/portal\\\/#\\\/schema\\\/logo\\\/image\\\/\"},\"sameAs\":[\"https:\\\/\\\/www.facebook.com\\\/eldiario.bolivia\\\/\",\"https:\\\/\\\/x.com\\\/eldiario_net\"]},{\"@type\":\"Person\",\"@id\":\"https:\\\/\\\/www.eldiario.net\\\/portal\\\/#\\\/schema\\\/person\\\/f46445640444750d7d753ccd04ae01b7\",\"name\":\"Jeanette\",\"image\":{\"@type\":\"ImageObject\",\"inLanguage\":\"es\",\"@id\":\"https:\\\/\\\/secure.gravatar.com\\\/avatar\\\/3ea2118a5f7dad2b7138b1187a6b7ee55f160b9968b66013c3a3ef39dd7e5798?s=96&d=mm&r=g\",\"url\":\"https:\\\/\\\/secure.gravatar.com\\\/avatar\\\/3ea2118a5f7dad2b7138b1187a6b7ee55f160b9968b66013c3a3ef39dd7e5798?s=96&d=mm&r=g\",\"contentUrl\":\"https:\\\/\\\/secure.gravatar.com\\\/avatar\\\/3ea2118a5f7dad2b7138b1187a6b7ee55f160b9968b66013c3a3ef39dd7e5798?s=96&d=mm&r=g\",\"caption\":\"Jeanette\"},\"sameAs\":[\"https:\\\/\\\/www.eldiario.net\\\/portal\"],\"url\":\"https:\\\/\\\/www.eldiario.net\\\/portal\\\/author\\\/jeanette\\\/\"}]}<\/script>\n<!-- \/ Yoast SEO plugin. -->","yoast_head_json":{"title":"Dos mujeres fueron asesinadas en Cochabamba por venta de drogas - El Diario - Bolivia","robots":{"index":"index","follow":"follow","max-snippet":"max-snippet:-1","max-image-preview":"max-image-preview:large","max-video-preview":"max-video-preview:-1"},"canonical":"https:\/\/www.eldiario.net\/portal\/2024\/08\/31\/dos-mujeres-fueron-asesinadas-en-cochabamba-por-venta-de-drogas\/","og_locale":"es_ES","og_type":"article","og_title":"Dos mujeres fueron asesinadas en Cochabamba por venta de drogas - El Diario - Bolivia","og_description":"Entre julio y agosto, dos mujeres en Cochabamba fueron violentamente asesinadas por vincularse a la venta de sustancias controladas; ambos cuerpos fueron encontrados con signos de violencia a orillas del r\u00edo Rocha. De acuerdo con las autoridades,\u00a0ambas v\u00edctimas eran j\u00f3venes de buenas familias\u00a0y por diferentes circunstancias terminaron en situaci\u00f3n de calle, e involucr\u00e1ndose con personas [&hellip;]","og_url":"https:\/\/www.eldiario.net\/portal\/2024\/08\/31\/dos-mujeres-fueron-asesinadas-en-cochabamba-por-venta-de-drogas\/","og_site_name":"El Diario - Bolivia","article_publisher":"https:\/\/www.facebook.com\/eldiario.bolivia\/","article_published_time":"2024-08-31T11:22:07+00:00","og_image":[{"width":990,"height":557,"url":"https:\/\/www.eldiario.net\/portal\/wp-content\/uploads\/2024\/08\/31-MUJ.jpg","type":"image\/jpeg"}],"author":"Jeanette","twitter_card":"summary_large_image","twitter_creator":"@eldiario_net","twitter_site":"@eldiario_net","twitter_misc":{"Escrito por":"Jeanette","Tiempo de lectura":"3 minutos"},"schema":{"@context":"https:\/\/schema.org","@graph":[{"@type":"Article","@id":"https:\/\/www.eldiario.net\/portal\/2024\/08\/31\/dos-mujeres-fueron-asesinadas-en-cochabamba-por-venta-de-drogas\/#article","isPartOf":{"@id":"https:\/\/www.eldiario.net\/portal\/2024\/08\/31\/dos-mujeres-fueron-asesinadas-en-cochabamba-por-venta-de-drogas\/"},"author":{"name":"Jeanette","@id":"https:\/\/www.eldiario.net\/portal\/#\/schema\/person\/f46445640444750d7d753ccd04ae01b7"},"headline":"Dos mujeres fueron asesinadas en Cochabamba por venta de drogas","datePublished":"2024-08-31T11:22:07+00:00","mainEntityOfPage":{"@id":"https:\/\/www.eldiario.net\/portal\/2024\/08\/31\/dos-mujeres-fueron-asesinadas-en-cochabamba-por-venta-de-drogas\/"},"wordCount":442,"commentCount":0,"publisher":{"@id":"https:\/\/www.eldiario.net\/portal\/#organization"},"image":{"@id":"https:\/\/www.eldiario.net\/portal\/2024\/08\/31\/dos-mujeres-fueron-asesinadas-en-cochabamba-por-venta-de-drogas\/#primaryimage"},"thumbnailUrl":"https:\/\/www.eldiario.net\/portal\/wp-content\/uploads\/2024\/08\/31-MUJ.jpg","articleSection":["Sociedad - Seguridad"],"inLanguage":"es","potentialAction":[{"@type":"CommentAction","name":"Comment","target":["https:\/\/www.eldiario.net\/portal\/2024\/08\/31\/dos-mujeres-fueron-asesinadas-en-cochabamba-por-venta-de-drogas\/#respond"]}]},{"@type":"WebPage","@id":"https:\/\/www.eldiario.net\/portal\/2024\/08\/31\/dos-mujeres-fueron-asesinadas-en-cochabamba-por-venta-de-drogas\/","url":"https:\/\/www.eldiario.net\/portal\/2024\/08\/31\/dos-mujeres-fueron-asesinadas-en-cochabamba-por-venta-de-drogas\/","name":"Dos mujeres fueron asesinadas en Cochabamba por venta de drogas - El Diario - Bolivia","isPartOf":{"@id":"https:\/\/www.eldiario.net\/portal\/#website"},"primaryImageOfPage":{"@id":"https:\/\/www.eldiario.net\/portal\/2024\/08\/31\/dos-mujeres-fueron-asesinadas-en-cochabamba-por-venta-de-drogas\/#primaryimage"},"image":{"@id":"https:\/\/www.eldiario.net\/portal\/2024\/08\/31\/dos-mujeres-fueron-asesinadas-en-cochabamba-por-venta-de-drogas\/#primaryimage"},"thumbnailUrl":"https:\/\/www.eldiario.net\/portal\/wp-content\/uploads\/2024\/08\/31-MUJ.jpg","datePublished":"2024-08-31T11:22:07+00:00","breadcrumb":{"@id":"https:\/\/www.eldiario.net\/portal\/2024\/08\/31\/dos-mujeres-fueron-asesinadas-en-cochabamba-por-venta-de-drogas\/#breadcrumb"},"inLanguage":"es","potentialAction":[{"@type":"ReadAction","target":["https:\/\/www.eldiario.net\/portal\/2024\/08\/31\/dos-mujeres-fueron-asesinadas-en-cochabamba-por-venta-de-drogas\/"]}]},{"@type":"ImageObject","inLanguage":"es","@id":"https:\/\/www.eldiario.net\/portal\/2024\/08\/31\/dos-mujeres-fueron-asesinadas-en-cochabamba-por-venta-de-drogas\/#primaryimage","url":"https:\/\/www.eldiario.net\/portal\/wp-content\/uploads\/2024\/08\/31-MUJ.jpg","contentUrl":"https:\/\/www.eldiario.net\/portal\/wp-content\/uploads\/2024\/08\/31-MUJ.jpg","width":990,"height":557},{"@type":"BreadcrumbList","@id":"https:\/\/www.eldiario.net\/portal\/2024\/08\/31\/dos-mujeres-fueron-asesinadas-en-cochabamba-por-venta-de-drogas\/#breadcrumb","itemListElement":[{"@type":"ListItem","position":1,"name":"Portada","item":"https:\/\/www.eldiario.net\/portal\/"},{"@type":"ListItem","position":2,"name":"Dos mujeres fueron asesinadas en Cochabamba por venta de drogas"}]},{"@type":"WebSite","@id":"https:\/\/www.eldiario.net\/portal\/#website","url":"https:\/\/www.eldiario.net\/portal\/","name":"El Diario - Decano de la prensa nacional","description":"El Diario - Decano de la prensa nacional","publisher":{"@id":"https:\/\/www.eldiario.net\/portal\/#organization"},"potentialAction":[{"@type":"SearchAction","target":{"@type":"EntryPoint","urlTemplate":"https:\/\/www.eldiario.net\/portal\/?s={search_term_string}"},"query-input":{"@type":"PropertyValueSpecification","valueRequired":true,"valueName":"search_term_string"}}],"inLanguage":"es"},{"@type":"Organization","@id":"https:\/\/www.eldiario.net\/portal\/#organization","name":"El Diario - Decano de la prensa nacional","url":"https:\/\/www.eldiario.net\/portal\/","logo":{"@type":"ImageObject","inLanguage":"es","@id":"https:\/\/www.eldiario.net\/portal\/#\/schema\/logo\/image\/","url":"https:\/\/www.eldiario.net\/portal\/wp-content\/uploads\/2023\/07\/logo_ED.jpg","contentUrl":"https:\/\/www.eldiario.net\/portal\/wp-content\/uploads\/2023\/07\/logo_ED.jpg","width":272,"height":52,"caption":"El Diario - Decano de la prensa nacional"},"image":{"@id":"https:\/\/www.eldiario.net\/portal\/#\/schema\/logo\/image\/"},"sameAs":["https:\/\/www.facebook.com\/eldiario.bolivia\/","https:\/\/x.com\/eldiario_net"]},{"@type":"Person","@id":"https:\/\/www.eldiario.net\/portal\/#\/schema\/person\/f46445640444750d7d753ccd04ae01b7","name":"Jeanette","image":{"@type":"ImageObject","inLanguage":"es","@id":"https:\/\/secure.gravatar.com\/avatar\/3ea2118a5f7dad2b7138b1187a6b7ee55f160b9968b66013c3a3ef39dd7e5798?s=96&d=mm&r=g","url":"https:\/\/secure.gravatar.com\/avatar\/3ea2118a5f7dad2b7138b1187a6b7ee55f160b9968b66013c3a3ef39dd7e5798?s=96&d=mm&r=g","contentUrl":"https:\/\/secure.gravatar.com\/avatar\/3ea2118a5f7dad2b7138b1187a6b7ee55f160b9968b66013c3a3ef39dd7e5798?s=96&d=mm&r=g","caption":"Jeanette"},"sameAs":["https:\/\/www.eldiario.net\/portal"],"url":"https:\/\/www.eldiario.net\/portal\/author\/jeanette\/"}]}},"_links":{"self":[{"href":"https:\/\/www.eldiario.net\/portal\/wp-json\/wp\/v2\/posts\/244215","targetHints":{"allow":["GET"]}}],"collection":[{"href":"https:\/\/www.eldiario.net\/portal\/wp-json\/wp\/v2\/posts"}],"about":[{"href":"https:\/\/www.eldiario.net\/portal\/wp-json\/wp\/v2\/types\/post"}],"author":[{"embeddable":true,"href":"https:\/\/www.eldiario.net\/portal\/wp-json\/wp\/v2\/users\/1"}],"replies":[{"embeddable":true,"href":"https:\/\/www.eldiario.net\/portal\/wp-json\/wp\/v2\/comments?post=244215"}],"version-history":[{"count":1,"href":"https:\/\/www.eldiario.net\/portal\/wp-json\/wp\/v2\/posts\/244215\/revisions"}],"predecessor-version":[{"id":244217,"href":"https:\/\/www.eldiario.net\/portal\/wp-json\/wp\/v2\/posts\/244215\/revisions\/244217"}],"wp:featuredmedia":[{"embeddable":true,"href":"https:\/\/www.eldiario.net\/portal\/wp-json\/wp\/v2\/media\/244216"}],"wp:attachment":[{"href":"https:\/\/www.eldiario.net\/portal\/wp-json\/wp\/v2\/media?parent=244215"}],"wp:term":[{"taxonomy":"category","embeddable":true,"href":"https:\/\/www.eldiario.net\/portal\/wp-json\/wp\/v2\/categories?post=244215"},{"taxonomy":"post_tag","embeddable":true,"href":"https:\/\/www.eldiario.net\/portal\/wp-json\/wp\/v2\/tags?post=244215"}],"curies":[{"name":"wp","href":"https:\/\/api.w.org\/{rel}","templated":true}]}}