{"id":24336,"date":"2021-08-19T06:45:23","date_gmt":"2021-08-19T10:45:23","guid":{"rendered":"https:\/\/www.eldiario.net\/portal\/?p=24336"},"modified":"2021-08-19T06:45:23","modified_gmt":"2021-08-19T10:45:23","slug":"trabajadores-de-aasana-lamentan-militarizacion-de-tres-aeropuertos","status":"publish","type":"post","link":"https:\/\/www.eldiario.net\/portal\/2021\/08\/19\/trabajadores-de-aasana-lamentan-militarizacion-de-tres-aeropuertos\/","title":{"rendered":"Trabajadores de AASANA lamentan militarizaci\u00f3n de tres aeropuertos"},"content":{"rendered":"<p>El Sindicato de Trabajadores de la Administraci\u00f3n de Aeropuertos y Servicios Auxiliares a la Navegaci\u00f3n A\u00e9rea (AASANA) lament\u00f3 que el plan de contingencia anunciado por el Ministerio de Obras P\u00fablicas, haya consistido en la militarizaci\u00f3n de aeropuertos, tras el anuncio del paro indefinido a partir de este jueves.<\/p>\n<p>\u201cLamentamos mucho la militarizaci\u00f3n de los aeropuertos en lugar de solucionar las demandas pendientes\u201d, afirm\u00f3 el secretario de conflictos de la Federaci\u00f3n Nacional de Trabajadores de Aasana (Fenta), N\u00e9stor Villarroel en contacto con red Uno.<\/p>\n<p>Se\u00f1al\u00f3 que los aeropuertos que fueron militarizados son el internacional de El Alto, de Viru Viru, de Trinidad y otros, pero que no ten\u00eda la informaci\u00f3n de Cochabamba.<\/p>\n<p>El dirigente confirm\u00f3 el paro indefinido de actividades ante el atraso del pago de salarios y los despidos de 140 de m\u00e1s de 800 trabajadores a nivel nacional. Dijo que los cargos de los jubilados y despedidos no fueron repuestos, lo que signific\u00f3 una recarga laboral para los que quedaron, lo cual genera inseguridad a las operaciones aeroportuarias.<\/p>\n<p>Se\u00f1al\u00f3 que el principal reclamo es por la \u201cmasacre blanca\u201d que se ha dado en el proceso de reestructuraci\u00f3n de la empresa. \u201cLos trabajadores no fuimos tomados en cuenta en ese plan, nunca hubo un consenso\u201d, indic\u00f3.<\/p>\n<p>Tambi\u00e9n se\u00f1al\u00f3 que hay varios sueldos y beneficios impagos, por lo que no se puede considerar ir a negociaciones con el Gobierno, en tanto no se cumplan con las obligaciones con los trabajadores.<\/p>\n<p>En un comunicado de prensa, Fenta se\u00f1ala que el paro nacional indefinido comenzar\u00e1 a las cero horas de este jueves 19 de agosto y solo atender\u00e1n vuelos m\u00e9dicos, humanitarios e internacionales.<\/p>\n<p>Por su parte el ministro de Obras P\u00fablicas, \u00c9dgar Monta\u00f1o, afirm\u00f3 que el Gobierno ha dado cumplimiento al Decreto Supremo 4528, sobre la creaci\u00f3n de un fondo rotatorio para la cancelaci\u00f3n de obligaciones en sueldos, aguinaldos y previsiones sociales para los trabajadores, adem\u00e1s de la reestructuraci\u00f3n de AASANA. (Br\u00fajula Digital)<\/p>\n","protected":false},"excerpt":{"rendered":"<p>El Sindicato de Trabajadores de la Administraci\u00f3n de Aeropuertos y Servicios Auxiliares a la Navegaci\u00f3n A\u00e9rea (AASANA) lament\u00f3 que el plan de contingencia anunciado por el Ministerio de Obras P\u00fablicas, haya consistido en la militarizaci\u00f3n de aeropuertos, tras el anuncio del paro indefinido a partir de este jueves. \u201cLamentamos mucho la militarizaci\u00f3n de los aeropuertos [&hellip;]<\/p>\n","protected":false},"author":1,"featured_media":24337,"comment_status":"closed","ping_status":"closed","sticky":false,"template":"","format":"standard","meta":{"_acf_changed":false,"footnotes":""},"categories":[7],"tags":[],"class_list":["post-24336","post","type-post","status-publish","format-standard","has-post-thumbnail","category-economia"],"acf":{"antetitulo":""},"yoast_head":"<!-- This site is optimized with the Yoast SEO plugin v28.4 - https:\/\/yoast.com\/product\/yoast-seo-wordpress\/ -->\n<title>Trabajadores de AASANA lamentan militarizaci\u00f3n de tres aeropuertos - El Diario - Bolivia<\/title>\n<meta name=\"robots\" content=\"index, follow, max-snippet:-1, max-image-preview:large, max-video-preview:-1\" \/>\n<link rel=\"canonical\" href=\"https:\/\/www.eldiario.net\/portal\/2021\/08\/19\/trabajadores-de-aasana-lamentan-militarizacion-de-tres-aeropuertos\/\" \/>\n<meta property=\"og:locale\" content=\"es_ES\" \/>\n<meta property=\"og:type\" content=\"article\" \/>\n<meta property=\"og:title\" content=\"Trabajadores de AASANA lamentan militarizaci\u00f3n de tres aeropuertos - El Diario - Bolivia\" \/>\n<meta property=\"og:description\" content=\"El Sindicato de Trabajadores de la Administraci\u00f3n de Aeropuertos y Servicios Auxiliares a la Navegaci\u00f3n A\u00e9rea (AASANA) lament\u00f3 que el plan de contingencia anunciado por el Ministerio de Obras P\u00fablicas, haya consistido en la militarizaci\u00f3n de aeropuertos, tras el anuncio del paro indefinido a partir de este jueves. \u201cLamentamos mucho la militarizaci\u00f3n de los aeropuertos [&hellip;]\" \/>\n<meta property=\"og:url\" content=\"https:\/\/www.eldiario.net\/portal\/2021\/08\/19\/trabajadores-de-aasana-lamentan-militarizacion-de-tres-aeropuertos\/\" \/>\n<meta property=\"og:site_name\" content=\"El Diario - Bolivia\" \/>\n<meta property=\"article:publisher\" content=\"https:\/\/www.facebook.com\/eldiario.bolivia\/\" \/>\n<meta property=\"article:published_time\" content=\"2021-08-19T10:45:23+00:00\" \/>\n<meta name=\"author\" content=\"Jeanette\" \/>\n<meta name=\"twitter:card\" content=\"summary_large_image\" \/>\n<meta name=\"twitter:creator\" content=\"@eldiario_net\" \/>\n<meta name=\"twitter:site\" content=\"@eldiario_net\" \/>\n<meta name=\"twitter:label1\" content=\"Escrito por\" \/>\n\t<meta name=\"twitter:data1\" content=\"Jeanette\" \/>\n\t<meta name=\"twitter:label2\" content=\"Tiempo de lectura\" \/>\n\t<meta name=\"twitter:data2\" content=\"2 minutos\" \/>\n<script type=\"application\/ld+json\" class=\"yoast-schema-graph\">{\"@context\":\"https:\\\/\\\/schema.org\",\"@graph\":[{\"@type\":\"Article\",\"@id\":\"https:\\\/\\\/www.eldiario.net\\\/portal\\\/2021\\\/08\\\/19\\\/trabajadores-de-aasana-lamentan-militarizacion-de-tres-aeropuertos\\\/#article\",\"isPartOf\":{\"@id\":\"https:\\\/\\\/www.eldiario.net\\\/portal\\\/2021\\\/08\\\/19\\\/trabajadores-de-aasana-lamentan-militarizacion-de-tres-aeropuertos\\\/\"},\"author\":{\"name\":\"Jeanette\",\"@id\":\"https:\\\/\\\/www.eldiario.net\\\/portal\\\/#\\\/schema\\\/person\\\/f46445640444750d7d753ccd04ae01b7\"},\"headline\":\"Trabajadores de AASANA lamentan militarizaci\u00f3n de tres aeropuertos\",\"datePublished\":\"2021-08-19T10:45:23+00:00\",\"mainEntityOfPage\":{\"@id\":\"https:\\\/\\\/www.eldiario.net\\\/portal\\\/2021\\\/08\\\/19\\\/trabajadores-de-aasana-lamentan-militarizacion-de-tres-aeropuertos\\\/\"},\"wordCount\":351,\"publisher\":{\"@id\":\"https:\\\/\\\/www.eldiario.net\\\/portal\\\/#organization\"},\"image\":{\"@id\":\"https:\\\/\\\/www.eldiario.net\\\/portal\\\/2021\\\/08\\\/19\\\/trabajadores-de-aasana-lamentan-militarizacion-de-tres-aeropuertos\\\/#primaryimage\"},\"thumbnailUrl\":\"\",\"articleSection\":[\"Econom\u00eda\"],\"inLanguage\":\"es\"},{\"@type\":\"WebPage\",\"@id\":\"https:\\\/\\\/www.eldiario.net\\\/portal\\\/2021\\\/08\\\/19\\\/trabajadores-de-aasana-lamentan-militarizacion-de-tres-aeropuertos\\\/\",\"url\":\"https:\\\/\\\/www.eldiario.net\\\/portal\\\/2021\\\/08\\\/19\\\/trabajadores-de-aasana-lamentan-militarizacion-de-tres-aeropuertos\\\/\",\"name\":\"Trabajadores de AASANA lamentan militarizaci\u00f3n de tres aeropuertos - El Diario - Bolivia\",\"isPartOf\":{\"@id\":\"https:\\\/\\\/www.eldiario.net\\\/portal\\\/#website\"},\"primaryImageOfPage\":{\"@id\":\"https:\\\/\\\/www.eldiario.net\\\/portal\\\/2021\\\/08\\\/19\\\/trabajadores-de-aasana-lamentan-militarizacion-de-tres-aeropuertos\\\/#primaryimage\"},\"image\":{\"@id\":\"https:\\\/\\\/www.eldiario.net\\\/portal\\\/2021\\\/08\\\/19\\\/trabajadores-de-aasana-lamentan-militarizacion-de-tres-aeropuertos\\\/#primaryimage\"},\"thumbnailUrl\":\"\",\"datePublished\":\"2021-08-19T10:45:23+00:00\",\"breadcrumb\":{\"@id\":\"https:\\\/\\\/www.eldiario.net\\\/portal\\\/2021\\\/08\\\/19\\\/trabajadores-de-aasana-lamentan-militarizacion-de-tres-aeropuertos\\\/#breadcrumb\"},\"inLanguage\":\"es\",\"potentialAction\":[{\"@type\":\"ReadAction\",\"target\":[\"https:\\\/\\\/www.eldiario.net\\\/portal\\\/2021\\\/08\\\/19\\\/trabajadores-de-aasana-lamentan-militarizacion-de-tres-aeropuertos\\\/\"]}]},{\"@type\":\"ImageObject\",\"inLanguage\":\"es\",\"@id\":\"https:\\\/\\\/www.eldiario.net\\\/portal\\\/2021\\\/08\\\/19\\\/trabajadores-de-aasana-lamentan-militarizacion-de-tres-aeropuertos\\\/#primaryimage\",\"url\":\"\",\"contentUrl\":\"\"},{\"@type\":\"BreadcrumbList\",\"@id\":\"https:\\\/\\\/www.eldiario.net\\\/portal\\\/2021\\\/08\\\/19\\\/trabajadores-de-aasana-lamentan-militarizacion-de-tres-aeropuertos\\\/#breadcrumb\",\"itemListElement\":[{\"@type\":\"ListItem\",\"position\":1,\"name\":\"Portada\",\"item\":\"https:\\\/\\\/www.eldiario.net\\\/portal\\\/\"},{\"@type\":\"ListItem\",\"position\":2,\"name\":\"Trabajadores de AASANA lamentan militarizaci\u00f3n de tres aeropuertos\"}]},{\"@type\":\"WebSite\",\"@id\":\"https:\\\/\\\/www.eldiario.net\\\/portal\\\/#website\",\"url\":\"https:\\\/\\\/www.eldiario.net\\\/portal\\\/\",\"name\":\"El Diario - Decano de la prensa nacional\",\"description\":\"El Diario - Decano de la prensa nacional\",\"publisher\":{\"@id\":\"https:\\\/\\\/www.eldiario.net\\\/portal\\\/#organization\"},\"potentialAction\":[{\"@type\":\"SearchAction\",\"target\":{\"@type\":\"EntryPoint\",\"urlTemplate\":\"https:\\\/\\\/www.eldiario.net\\\/portal\\\/?s={search_term_string}\"},\"query-input\":{\"@type\":\"PropertyValueSpecification\",\"valueRequired\":true,\"valueName\":\"search_term_string\"}}],\"inLanguage\":\"es\"},{\"@type\":\"Organization\",\"@id\":\"https:\\\/\\\/www.eldiario.net\\\/portal\\\/#organization\",\"name\":\"El Diario - Decano de la prensa nacional\",\"url\":\"https:\\\/\\\/www.eldiario.net\\\/portal\\\/\",\"logo\":{\"@type\":\"ImageObject\",\"inLanguage\":\"es\",\"@id\":\"https:\\\/\\\/www.eldiario.net\\\/portal\\\/#\\\/schema\\\/logo\\\/image\\\/\",\"url\":\"https:\\\/\\\/www.eldiario.net\\\/portal\\\/wp-content\\\/uploads\\\/2023\\\/07\\\/logo_ED.jpg\",\"contentUrl\":\"https:\\\/\\\/www.eldiario.net\\\/portal\\\/wp-content\\\/uploads\\\/2023\\\/07\\\/logo_ED.jpg\",\"width\":272,\"height\":52,\"caption\":\"El Diario - Decano de la prensa nacional\"},\"image\":{\"@id\":\"https:\\\/\\\/www.eldiario.net\\\/portal\\\/#\\\/schema\\\/logo\\\/image\\\/\"},\"sameAs\":[\"https:\\\/\\\/www.facebook.com\\\/eldiario.bolivia\\\/\",\"https:\\\/\\\/x.com\\\/eldiario_net\"]},{\"@type\":\"Person\",\"@id\":\"https:\\\/\\\/www.eldiario.net\\\/portal\\\/#\\\/schema\\\/person\\\/f46445640444750d7d753ccd04ae01b7\",\"name\":\"Jeanette\",\"image\":{\"@type\":\"ImageObject\",\"inLanguage\":\"es\",\"@id\":\"https:\\\/\\\/secure.gravatar.com\\\/avatar\\\/3ea2118a5f7dad2b7138b1187a6b7ee55f160b9968b66013c3a3ef39dd7e5798?s=96&d=mm&r=g\",\"url\":\"https:\\\/\\\/secure.gravatar.com\\\/avatar\\\/3ea2118a5f7dad2b7138b1187a6b7ee55f160b9968b66013c3a3ef39dd7e5798?s=96&d=mm&r=g\",\"contentUrl\":\"https:\\\/\\\/secure.gravatar.com\\\/avatar\\\/3ea2118a5f7dad2b7138b1187a6b7ee55f160b9968b66013c3a3ef39dd7e5798?s=96&d=mm&r=g\",\"caption\":\"Jeanette\"},\"sameAs\":[\"https:\\\/\\\/www.eldiario.net\\\/portal\"],\"url\":\"https:\\\/\\\/www.eldiario.net\\\/portal\\\/author\\\/jeanette\\\/\"}]}<\/script>\n<!-- \/ Yoast SEO plugin. -->","yoast_head_json":{"title":"Trabajadores de AASANA lamentan militarizaci\u00f3n de tres aeropuertos - El Diario - Bolivia","robots":{"index":"index","follow":"follow","max-snippet":"max-snippet:-1","max-image-preview":"max-image-preview:large","max-video-preview":"max-video-preview:-1"},"canonical":"https:\/\/www.eldiario.net\/portal\/2021\/08\/19\/trabajadores-de-aasana-lamentan-militarizacion-de-tres-aeropuertos\/","og_locale":"es_ES","og_type":"article","og_title":"Trabajadores de AASANA lamentan militarizaci\u00f3n de tres aeropuertos - El Diario - Bolivia","og_description":"El Sindicato de Trabajadores de la Administraci\u00f3n de Aeropuertos y Servicios Auxiliares a la Navegaci\u00f3n A\u00e9rea (AASANA) lament\u00f3 que el plan de contingencia anunciado por el Ministerio de Obras P\u00fablicas, haya consistido en la militarizaci\u00f3n de aeropuertos, tras el anuncio del paro indefinido a partir de este jueves. \u201cLamentamos mucho la militarizaci\u00f3n de los aeropuertos [&hellip;]","og_url":"https:\/\/www.eldiario.net\/portal\/2021\/08\/19\/trabajadores-de-aasana-lamentan-militarizacion-de-tres-aeropuertos\/","og_site_name":"El Diario - Bolivia","article_publisher":"https:\/\/www.facebook.com\/eldiario.bolivia\/","article_published_time":"2021-08-19T10:45:23+00:00","author":"Jeanette","twitter_card":"summary_large_image","twitter_creator":"@eldiario_net","twitter_site":"@eldiario_net","twitter_misc":{"Escrito por":"Jeanette","Tiempo de lectura":"2 minutos"},"schema":{"@context":"https:\/\/schema.org","@graph":[{"@type":"Article","@id":"https:\/\/www.eldiario.net\/portal\/2021\/08\/19\/trabajadores-de-aasana-lamentan-militarizacion-de-tres-aeropuertos\/#article","isPartOf":{"@id":"https:\/\/www.eldiario.net\/portal\/2021\/08\/19\/trabajadores-de-aasana-lamentan-militarizacion-de-tres-aeropuertos\/"},"author":{"name":"Jeanette","@id":"https:\/\/www.eldiario.net\/portal\/#\/schema\/person\/f46445640444750d7d753ccd04ae01b7"},"headline":"Trabajadores de AASANA lamentan militarizaci\u00f3n de tres aeropuertos","datePublished":"2021-08-19T10:45:23+00:00","mainEntityOfPage":{"@id":"https:\/\/www.eldiario.net\/portal\/2021\/08\/19\/trabajadores-de-aasana-lamentan-militarizacion-de-tres-aeropuertos\/"},"wordCount":351,"publisher":{"@id":"https:\/\/www.eldiario.net\/portal\/#organization"},"image":{"@id":"https:\/\/www.eldiario.net\/portal\/2021\/08\/19\/trabajadores-de-aasana-lamentan-militarizacion-de-tres-aeropuertos\/#primaryimage"},"thumbnailUrl":"","articleSection":["Econom\u00eda"],"inLanguage":"es"},{"@type":"WebPage","@id":"https:\/\/www.eldiario.net\/portal\/2021\/08\/19\/trabajadores-de-aasana-lamentan-militarizacion-de-tres-aeropuertos\/","url":"https:\/\/www.eldiario.net\/portal\/2021\/08\/19\/trabajadores-de-aasana-lamentan-militarizacion-de-tres-aeropuertos\/","name":"Trabajadores de AASANA lamentan militarizaci\u00f3n de tres aeropuertos - El Diario - Bolivia","isPartOf":{"@id":"https:\/\/www.eldiario.net\/portal\/#website"},"primaryImageOfPage":{"@id":"https:\/\/www.eldiario.net\/portal\/2021\/08\/19\/trabajadores-de-aasana-lamentan-militarizacion-de-tres-aeropuertos\/#primaryimage"},"image":{"@id":"https:\/\/www.eldiario.net\/portal\/2021\/08\/19\/trabajadores-de-aasana-lamentan-militarizacion-de-tres-aeropuertos\/#primaryimage"},"thumbnailUrl":"","datePublished":"2021-08-19T10:45:23+00:00","breadcrumb":{"@id":"https:\/\/www.eldiario.net\/portal\/2021\/08\/19\/trabajadores-de-aasana-lamentan-militarizacion-de-tres-aeropuertos\/#breadcrumb"},"inLanguage":"es","potentialAction":[{"@type":"ReadAction","target":["https:\/\/www.eldiario.net\/portal\/2021\/08\/19\/trabajadores-de-aasana-lamentan-militarizacion-de-tres-aeropuertos\/"]}]},{"@type":"ImageObject","inLanguage":"es","@id":"https:\/\/www.eldiario.net\/portal\/2021\/08\/19\/trabajadores-de-aasana-lamentan-militarizacion-de-tres-aeropuertos\/#primaryimage","url":"","contentUrl":""},{"@type":"BreadcrumbList","@id":"https:\/\/www.eldiario.net\/portal\/2021\/08\/19\/trabajadores-de-aasana-lamentan-militarizacion-de-tres-aeropuertos\/#breadcrumb","itemListElement":[{"@type":"ListItem","position":1,"name":"Portada","item":"https:\/\/www.eldiario.net\/portal\/"},{"@type":"ListItem","position":2,"name":"Trabajadores de AASANA lamentan militarizaci\u00f3n de tres aeropuertos"}]},{"@type":"WebSite","@id":"https:\/\/www.eldiario.net\/portal\/#website","url":"https:\/\/www.eldiario.net\/portal\/","name":"El Diario - Decano de la prensa nacional","description":"El Diario - Decano de la prensa nacional","publisher":{"@id":"https:\/\/www.eldiario.net\/portal\/#organization"},"potentialAction":[{"@type":"SearchAction","target":{"@type":"EntryPoint","urlTemplate":"https:\/\/www.eldiario.net\/portal\/?s={search_term_string}"},"query-input":{"@type":"PropertyValueSpecification","valueRequired":true,"valueName":"search_term_string"}}],"inLanguage":"es"},{"@type":"Organization","@id":"https:\/\/www.eldiario.net\/portal\/#organization","name":"El Diario - Decano de la prensa nacional","url":"https:\/\/www.eldiario.net\/portal\/","logo":{"@type":"ImageObject","inLanguage":"es","@id":"https:\/\/www.eldiario.net\/portal\/#\/schema\/logo\/image\/","url":"https:\/\/www.eldiario.net\/portal\/wp-content\/uploads\/2023\/07\/logo_ED.jpg","contentUrl":"https:\/\/www.eldiario.net\/portal\/wp-content\/uploads\/2023\/07\/logo_ED.jpg","width":272,"height":52,"caption":"El Diario - Decano de la prensa nacional"},"image":{"@id":"https:\/\/www.eldiario.net\/portal\/#\/schema\/logo\/image\/"},"sameAs":["https:\/\/www.facebook.com\/eldiario.bolivia\/","https:\/\/x.com\/eldiario_net"]},{"@type":"Person","@id":"https:\/\/www.eldiario.net\/portal\/#\/schema\/person\/f46445640444750d7d753ccd04ae01b7","name":"Jeanette","image":{"@type":"ImageObject","inLanguage":"es","@id":"https:\/\/secure.gravatar.com\/avatar\/3ea2118a5f7dad2b7138b1187a6b7ee55f160b9968b66013c3a3ef39dd7e5798?s=96&d=mm&r=g","url":"https:\/\/secure.gravatar.com\/avatar\/3ea2118a5f7dad2b7138b1187a6b7ee55f160b9968b66013c3a3ef39dd7e5798?s=96&d=mm&r=g","contentUrl":"https:\/\/secure.gravatar.com\/avatar\/3ea2118a5f7dad2b7138b1187a6b7ee55f160b9968b66013c3a3ef39dd7e5798?s=96&d=mm&r=g","caption":"Jeanette"},"sameAs":["https:\/\/www.eldiario.net\/portal"],"url":"https:\/\/www.eldiario.net\/portal\/author\/jeanette\/"}]}},"_links":{"self":[{"href":"https:\/\/www.eldiario.net\/portal\/wp-json\/wp\/v2\/posts\/24336","targetHints":{"allow":["GET"]}}],"collection":[{"href":"https:\/\/www.eldiario.net\/portal\/wp-json\/wp\/v2\/posts"}],"about":[{"href":"https:\/\/www.eldiario.net\/portal\/wp-json\/wp\/v2\/types\/post"}],"author":[{"embeddable":true,"href":"https:\/\/www.eldiario.net\/portal\/wp-json\/wp\/v2\/users\/1"}],"replies":[{"embeddable":true,"href":"https:\/\/www.eldiario.net\/portal\/wp-json\/wp\/v2\/comments?post=24336"}],"version-history":[{"count":0,"href":"https:\/\/www.eldiario.net\/portal\/wp-json\/wp\/v2\/posts\/24336\/revisions"}],"wp:attachment":[{"href":"https:\/\/www.eldiario.net\/portal\/wp-json\/wp\/v2\/media?parent=24336"}],"wp:term":[{"taxonomy":"category","embeddable":true,"href":"https:\/\/www.eldiario.net\/portal\/wp-json\/wp\/v2\/categories?post=24336"},{"taxonomy":"post_tag","embeddable":true,"href":"https:\/\/www.eldiario.net\/portal\/wp-json\/wp\/v2\/tags?post=24336"}],"curies":[{"name":"wp","href":"https:\/\/api.w.org\/{rel}","templated":true}]}}