{"id":24333,"date":"2021-08-19T06:42:48","date_gmt":"2021-08-19T10:42:48","guid":{"rendered":"https:\/\/www.eldiario.net\/portal\/?p=24333"},"modified":"2021-08-19T06:42:48","modified_gmt":"2021-08-19T10:42:48","slug":"felcc-captura-a-banda-de-pildoritas-en-urbe-altena","status":"publish","type":"post","link":"https:\/\/www.eldiario.net\/portal\/2021\/08\/19\/felcc-captura-a-banda-de-pildoritas-en-urbe-altena\/","title":{"rendered":"FELCC captura a banda de pildoritas en urbe alte\u00f1a"},"content":{"rendered":"<p>La Fuerza Especial de Lucha Contra el Crimen (FELCC) de El Alto captur\u00f3 a una banda de pildoritas, integradas por cuatro personas, entre varones y mujeres, quienes operaban dentro de un minib\u00fas, inform\u00f3 la autoridad policial coronel Limbert Coca.<\/p>\n<p>Los antisociales fueron descubiertos, mediante un patrullaje policial de rutina en inmediaciones de la avenida Jorge Carrasco calle 3 de la zona 12 de Octubre, donde aproximadamente a las 6:00 de la ma\u00f1ana, un minib\u00fas blanco fue interceptado con los antisociales en su interior.<\/p>\n<p>\u201cNuestros efectivos siempre est\u00e1n en estos lugares, considerados conflictivos por la presencia de antisociales, es as\u00ed que en esta oportunidad, las personas que se encontraban en el minib\u00fas blanco, al ver la presencia policial se pusieron nerviosos y de esta manera se logr\u00f3 interceptar el motorizado\u201d, explic\u00f3 el coronel Coca.<\/p>\n<p>La autoridad se\u00f1al\u00f3 que en el registro al interior del veh\u00edculo se encontr\u00f3 una serie de elementos, como pastillas conocidas como somn\u00edferos que utilizan para dormir a sus v\u00edctimas, adem\u00e1s de varios celulares que al interrogatorio de la Polic\u00eda dichas personas no supieron explicar la procedencia de los mismos y otros objetos que utilizaban para delinquir.<\/p>\n<p>Producto de esta intervenci\u00f3n fueron aprehendidos cuatro personas, dos mujeres y dos varones, quienes ser\u00e1n cometidos a un proceso de investigaci\u00f3n, al mismo tiempo, remitidas al Ministerio P\u00fablico, quienes ser\u00e1n sancionados por el delito a la salud p\u00fablica.<\/p>\n<p>&nbsp;<\/p>\n<p>PROLIFERACION DE BARES<\/p>\n<p>De acuerdo con el director de la FELCC, coronel Limbert Coca, uno de los problemas que ha vuelto a preocupar a la polic\u00eda es la reapertura de bares y discotecas que en los \u00faltimos meses se ha podido ver con m\u00e1s frecuencia, lugares que se han convertido para los antisociales en sitios que permanecen para emborracharse en el d\u00eda y delinquir por la noche.<\/p>\n<p>\u201cNosotros tenemos varios horarios de patrullajes durante las 24 horas, pero eso no es suficiente, porque sabemos que los delincuentes se dan modos para cometer sus fechor\u00edas; sin embargo, estamos trabajando en coordinaci\u00f3n con otras unidades policiales que nos dan la posibilidad de cubrir todos estos hechos en el momento exacto\u201d, dijo la autoridad policial.<\/p>\n<p>Exhort\u00f3 a la poblaci\u00f3n que debe tener mucha precauci\u00f3n en circular en altas horas de la noche, por aquellos lugares oscuros y vac\u00edos, que son donde aprovechan para asaltar y robar a las v\u00edctimas ocasionales, adem\u00e1s de advierte a la ciudadan\u00eda que, en aquellos lugares de presencia masiva de personas como ferias y mercados, no exhibir sus celulares a la vista y despertar sospechas de llevar dinero en altas sumas.<\/p>\n<p>&nbsp;<\/p>\n","protected":false},"excerpt":{"rendered":"<p>La Fuerza Especial de Lucha Contra el Crimen (FELCC) de El Alto captur\u00f3 a una banda de pildoritas, integradas por cuatro personas, entre varones y mujeres, quienes operaban dentro de un minib\u00fas, inform\u00f3 la autoridad policial coronel Limbert Coca. Los antisociales fueron descubiertos, mediante un patrullaje policial de rutina en inmediaciones de la avenida Jorge [&hellip;]<\/p>\n","protected":false},"author":1,"featured_media":24334,"comment_status":"closed","ping_status":"closed","sticky":false,"template":"","format":"standard","meta":{"_acf_changed":false,"footnotes":""},"categories":[12],"tags":[],"class_list":["post-24333","post","type-post","status-publish","format-standard","has-post-thumbnail","category-nacional"],"acf":{"antetitulo":""},"yoast_head":"<!-- This site is optimized with the Yoast SEO plugin v28.4 - https:\/\/yoast.com\/product\/yoast-seo-wordpress\/ -->\n<title>FELCC captura a banda de pildoritas en urbe alte\u00f1a - El Diario - Bolivia<\/title>\n<meta name=\"robots\" content=\"index, follow, max-snippet:-1, max-image-preview:large, max-video-preview:-1\" \/>\n<link rel=\"canonical\" href=\"https:\/\/www.eldiario.net\/portal\/2021\/08\/19\/felcc-captura-a-banda-de-pildoritas-en-urbe-altena\/\" \/>\n<meta property=\"og:locale\" content=\"es_ES\" \/>\n<meta property=\"og:type\" content=\"article\" \/>\n<meta property=\"og:title\" content=\"FELCC captura a banda de pildoritas en urbe alte\u00f1a - El Diario - Bolivia\" \/>\n<meta property=\"og:description\" content=\"La Fuerza Especial de Lucha Contra el Crimen (FELCC) de El Alto captur\u00f3 a una banda de pildoritas, integradas por cuatro personas, entre varones y mujeres, quienes operaban dentro de un minib\u00fas, inform\u00f3 la autoridad policial coronel Limbert Coca. Los antisociales fueron descubiertos, mediante un patrullaje policial de rutina en inmediaciones de la avenida Jorge [&hellip;]\" \/>\n<meta property=\"og:url\" content=\"https:\/\/www.eldiario.net\/portal\/2021\/08\/19\/felcc-captura-a-banda-de-pildoritas-en-urbe-altena\/\" \/>\n<meta property=\"og:site_name\" content=\"El Diario - Bolivia\" \/>\n<meta property=\"article:publisher\" content=\"https:\/\/www.facebook.com\/eldiario.bolivia\/\" \/>\n<meta property=\"article:published_time\" content=\"2021-08-19T10:42:48+00:00\" \/>\n<meta name=\"author\" content=\"Jeanette\" \/>\n<meta name=\"twitter:card\" content=\"summary_large_image\" \/>\n<meta name=\"twitter:creator\" content=\"@eldiario_net\" \/>\n<meta name=\"twitter:site\" content=\"@eldiario_net\" \/>\n<meta name=\"twitter:label1\" content=\"Escrito por\" \/>\n\t<meta name=\"twitter:data1\" content=\"Jeanette\" \/>\n\t<meta name=\"twitter:label2\" content=\"Tiempo de lectura\" \/>\n\t<meta name=\"twitter:data2\" content=\"2 minutos\" \/>\n<script type=\"application\/ld+json\" class=\"yoast-schema-graph\">{\"@context\":\"https:\\\/\\\/schema.org\",\"@graph\":[{\"@type\":\"Article\",\"@id\":\"https:\\\/\\\/www.eldiario.net\\\/portal\\\/2021\\\/08\\\/19\\\/felcc-captura-a-banda-de-pildoritas-en-urbe-altena\\\/#article\",\"isPartOf\":{\"@id\":\"https:\\\/\\\/www.eldiario.net\\\/portal\\\/2021\\\/08\\\/19\\\/felcc-captura-a-banda-de-pildoritas-en-urbe-altena\\\/\"},\"author\":{\"name\":\"Jeanette\",\"@id\":\"https:\\\/\\\/www.eldiario.net\\\/portal\\\/#\\\/schema\\\/person\\\/f46445640444750d7d753ccd04ae01b7\"},\"headline\":\"FELCC captura a banda de pildoritas en urbe alte\u00f1a\",\"datePublished\":\"2021-08-19T10:42:48+00:00\",\"mainEntityOfPage\":{\"@id\":\"https:\\\/\\\/www.eldiario.net\\\/portal\\\/2021\\\/08\\\/19\\\/felcc-captura-a-banda-de-pildoritas-en-urbe-altena\\\/\"},\"wordCount\":455,\"publisher\":{\"@id\":\"https:\\\/\\\/www.eldiario.net\\\/portal\\\/#organization\"},\"image\":{\"@id\":\"https:\\\/\\\/www.eldiario.net\\\/portal\\\/2021\\\/08\\\/19\\\/felcc-captura-a-banda-de-pildoritas-en-urbe-altena\\\/#primaryimage\"},\"thumbnailUrl\":\"\",\"articleSection\":[\"Nacional\"],\"inLanguage\":\"es\"},{\"@type\":\"WebPage\",\"@id\":\"https:\\\/\\\/www.eldiario.net\\\/portal\\\/2021\\\/08\\\/19\\\/felcc-captura-a-banda-de-pildoritas-en-urbe-altena\\\/\",\"url\":\"https:\\\/\\\/www.eldiario.net\\\/portal\\\/2021\\\/08\\\/19\\\/felcc-captura-a-banda-de-pildoritas-en-urbe-altena\\\/\",\"name\":\"FELCC captura a banda de pildoritas en urbe alte\u00f1a - El Diario - Bolivia\",\"isPartOf\":{\"@id\":\"https:\\\/\\\/www.eldiario.net\\\/portal\\\/#website\"},\"primaryImageOfPage\":{\"@id\":\"https:\\\/\\\/www.eldiario.net\\\/portal\\\/2021\\\/08\\\/19\\\/felcc-captura-a-banda-de-pildoritas-en-urbe-altena\\\/#primaryimage\"},\"image\":{\"@id\":\"https:\\\/\\\/www.eldiario.net\\\/portal\\\/2021\\\/08\\\/19\\\/felcc-captura-a-banda-de-pildoritas-en-urbe-altena\\\/#primaryimage\"},\"thumbnailUrl\":\"\",\"datePublished\":\"2021-08-19T10:42:48+00:00\",\"breadcrumb\":{\"@id\":\"https:\\\/\\\/www.eldiario.net\\\/portal\\\/2021\\\/08\\\/19\\\/felcc-captura-a-banda-de-pildoritas-en-urbe-altena\\\/#breadcrumb\"},\"inLanguage\":\"es\",\"potentialAction\":[{\"@type\":\"ReadAction\",\"target\":[\"https:\\\/\\\/www.eldiario.net\\\/portal\\\/2021\\\/08\\\/19\\\/felcc-captura-a-banda-de-pildoritas-en-urbe-altena\\\/\"]}]},{\"@type\":\"ImageObject\",\"inLanguage\":\"es\",\"@id\":\"https:\\\/\\\/www.eldiario.net\\\/portal\\\/2021\\\/08\\\/19\\\/felcc-captura-a-banda-de-pildoritas-en-urbe-altena\\\/#primaryimage\",\"url\":\"\",\"contentUrl\":\"\"},{\"@type\":\"BreadcrumbList\",\"@id\":\"https:\\\/\\\/www.eldiario.net\\\/portal\\\/2021\\\/08\\\/19\\\/felcc-captura-a-banda-de-pildoritas-en-urbe-altena\\\/#breadcrumb\",\"itemListElement\":[{\"@type\":\"ListItem\",\"position\":1,\"name\":\"Portada\",\"item\":\"https:\\\/\\\/www.eldiario.net\\\/portal\\\/\"},{\"@type\":\"ListItem\",\"position\":2,\"name\":\"FELCC captura a banda de pildoritas en urbe alte\u00f1a\"}]},{\"@type\":\"WebSite\",\"@id\":\"https:\\\/\\\/www.eldiario.net\\\/portal\\\/#website\",\"url\":\"https:\\\/\\\/www.eldiario.net\\\/portal\\\/\",\"name\":\"El Diario - Decano de la prensa nacional\",\"description\":\"El Diario - Decano de la prensa nacional\",\"publisher\":{\"@id\":\"https:\\\/\\\/www.eldiario.net\\\/portal\\\/#organization\"},\"potentialAction\":[{\"@type\":\"SearchAction\",\"target\":{\"@type\":\"EntryPoint\",\"urlTemplate\":\"https:\\\/\\\/www.eldiario.net\\\/portal\\\/?s={search_term_string}\"},\"query-input\":{\"@type\":\"PropertyValueSpecification\",\"valueRequired\":true,\"valueName\":\"search_term_string\"}}],\"inLanguage\":\"es\"},{\"@type\":\"Organization\",\"@id\":\"https:\\\/\\\/www.eldiario.net\\\/portal\\\/#organization\",\"name\":\"El Diario - Decano de la prensa nacional\",\"url\":\"https:\\\/\\\/www.eldiario.net\\\/portal\\\/\",\"logo\":{\"@type\":\"ImageObject\",\"inLanguage\":\"es\",\"@id\":\"https:\\\/\\\/www.eldiario.net\\\/portal\\\/#\\\/schema\\\/logo\\\/image\\\/\",\"url\":\"https:\\\/\\\/www.eldiario.net\\\/portal\\\/wp-content\\\/uploads\\\/2023\\\/07\\\/logo_ED.jpg\",\"contentUrl\":\"https:\\\/\\\/www.eldiario.net\\\/portal\\\/wp-content\\\/uploads\\\/2023\\\/07\\\/logo_ED.jpg\",\"width\":272,\"height\":52,\"caption\":\"El Diario - Decano de la prensa nacional\"},\"image\":{\"@id\":\"https:\\\/\\\/www.eldiario.net\\\/portal\\\/#\\\/schema\\\/logo\\\/image\\\/\"},\"sameAs\":[\"https:\\\/\\\/www.facebook.com\\\/eldiario.bolivia\\\/\",\"https:\\\/\\\/x.com\\\/eldiario_net\"]},{\"@type\":\"Person\",\"@id\":\"https:\\\/\\\/www.eldiario.net\\\/portal\\\/#\\\/schema\\\/person\\\/f46445640444750d7d753ccd04ae01b7\",\"name\":\"Jeanette\",\"image\":{\"@type\":\"ImageObject\",\"inLanguage\":\"es\",\"@id\":\"https:\\\/\\\/secure.gravatar.com\\\/avatar\\\/3ea2118a5f7dad2b7138b1187a6b7ee55f160b9968b66013c3a3ef39dd7e5798?s=96&d=mm&r=g\",\"url\":\"https:\\\/\\\/secure.gravatar.com\\\/avatar\\\/3ea2118a5f7dad2b7138b1187a6b7ee55f160b9968b66013c3a3ef39dd7e5798?s=96&d=mm&r=g\",\"contentUrl\":\"https:\\\/\\\/secure.gravatar.com\\\/avatar\\\/3ea2118a5f7dad2b7138b1187a6b7ee55f160b9968b66013c3a3ef39dd7e5798?s=96&d=mm&r=g\",\"caption\":\"Jeanette\"},\"sameAs\":[\"https:\\\/\\\/www.eldiario.net\\\/portal\"],\"url\":\"https:\\\/\\\/www.eldiario.net\\\/portal\\\/author\\\/jeanette\\\/\"}]}<\/script>\n<!-- \/ Yoast SEO plugin. -->","yoast_head_json":{"title":"FELCC captura a banda de pildoritas en urbe alte\u00f1a - El Diario - Bolivia","robots":{"index":"index","follow":"follow","max-snippet":"max-snippet:-1","max-image-preview":"max-image-preview:large","max-video-preview":"max-video-preview:-1"},"canonical":"https:\/\/www.eldiario.net\/portal\/2021\/08\/19\/felcc-captura-a-banda-de-pildoritas-en-urbe-altena\/","og_locale":"es_ES","og_type":"article","og_title":"FELCC captura a banda de pildoritas en urbe alte\u00f1a - El Diario - Bolivia","og_description":"La Fuerza Especial de Lucha Contra el Crimen (FELCC) de El Alto captur\u00f3 a una banda de pildoritas, integradas por cuatro personas, entre varones y mujeres, quienes operaban dentro de un minib\u00fas, inform\u00f3 la autoridad policial coronel Limbert Coca. Los antisociales fueron descubiertos, mediante un patrullaje policial de rutina en inmediaciones de la avenida Jorge [&hellip;]","og_url":"https:\/\/www.eldiario.net\/portal\/2021\/08\/19\/felcc-captura-a-banda-de-pildoritas-en-urbe-altena\/","og_site_name":"El Diario - Bolivia","article_publisher":"https:\/\/www.facebook.com\/eldiario.bolivia\/","article_published_time":"2021-08-19T10:42:48+00:00","author":"Jeanette","twitter_card":"summary_large_image","twitter_creator":"@eldiario_net","twitter_site":"@eldiario_net","twitter_misc":{"Escrito por":"Jeanette","Tiempo de lectura":"2 minutos"},"schema":{"@context":"https:\/\/schema.org","@graph":[{"@type":"Article","@id":"https:\/\/www.eldiario.net\/portal\/2021\/08\/19\/felcc-captura-a-banda-de-pildoritas-en-urbe-altena\/#article","isPartOf":{"@id":"https:\/\/www.eldiario.net\/portal\/2021\/08\/19\/felcc-captura-a-banda-de-pildoritas-en-urbe-altena\/"},"author":{"name":"Jeanette","@id":"https:\/\/www.eldiario.net\/portal\/#\/schema\/person\/f46445640444750d7d753ccd04ae01b7"},"headline":"FELCC captura a banda de pildoritas en urbe alte\u00f1a","datePublished":"2021-08-19T10:42:48+00:00","mainEntityOfPage":{"@id":"https:\/\/www.eldiario.net\/portal\/2021\/08\/19\/felcc-captura-a-banda-de-pildoritas-en-urbe-altena\/"},"wordCount":455,"publisher":{"@id":"https:\/\/www.eldiario.net\/portal\/#organization"},"image":{"@id":"https:\/\/www.eldiario.net\/portal\/2021\/08\/19\/felcc-captura-a-banda-de-pildoritas-en-urbe-altena\/#primaryimage"},"thumbnailUrl":"","articleSection":["Nacional"],"inLanguage":"es"},{"@type":"WebPage","@id":"https:\/\/www.eldiario.net\/portal\/2021\/08\/19\/felcc-captura-a-banda-de-pildoritas-en-urbe-altena\/","url":"https:\/\/www.eldiario.net\/portal\/2021\/08\/19\/felcc-captura-a-banda-de-pildoritas-en-urbe-altena\/","name":"FELCC captura a banda de pildoritas en urbe alte\u00f1a - El Diario - Bolivia","isPartOf":{"@id":"https:\/\/www.eldiario.net\/portal\/#website"},"primaryImageOfPage":{"@id":"https:\/\/www.eldiario.net\/portal\/2021\/08\/19\/felcc-captura-a-banda-de-pildoritas-en-urbe-altena\/#primaryimage"},"image":{"@id":"https:\/\/www.eldiario.net\/portal\/2021\/08\/19\/felcc-captura-a-banda-de-pildoritas-en-urbe-altena\/#primaryimage"},"thumbnailUrl":"","datePublished":"2021-08-19T10:42:48+00:00","breadcrumb":{"@id":"https:\/\/www.eldiario.net\/portal\/2021\/08\/19\/felcc-captura-a-banda-de-pildoritas-en-urbe-altena\/#breadcrumb"},"inLanguage":"es","potentialAction":[{"@type":"ReadAction","target":["https:\/\/www.eldiario.net\/portal\/2021\/08\/19\/felcc-captura-a-banda-de-pildoritas-en-urbe-altena\/"]}]},{"@type":"ImageObject","inLanguage":"es","@id":"https:\/\/www.eldiario.net\/portal\/2021\/08\/19\/felcc-captura-a-banda-de-pildoritas-en-urbe-altena\/#primaryimage","url":"","contentUrl":""},{"@type":"BreadcrumbList","@id":"https:\/\/www.eldiario.net\/portal\/2021\/08\/19\/felcc-captura-a-banda-de-pildoritas-en-urbe-altena\/#breadcrumb","itemListElement":[{"@type":"ListItem","position":1,"name":"Portada","item":"https:\/\/www.eldiario.net\/portal\/"},{"@type":"ListItem","position":2,"name":"FELCC captura a banda de pildoritas en urbe alte\u00f1a"}]},{"@type":"WebSite","@id":"https:\/\/www.eldiario.net\/portal\/#website","url":"https:\/\/www.eldiario.net\/portal\/","name":"El Diario - Decano de la prensa nacional","description":"El Diario - Decano de la prensa nacional","publisher":{"@id":"https:\/\/www.eldiario.net\/portal\/#organization"},"potentialAction":[{"@type":"SearchAction","target":{"@type":"EntryPoint","urlTemplate":"https:\/\/www.eldiario.net\/portal\/?s={search_term_string}"},"query-input":{"@type":"PropertyValueSpecification","valueRequired":true,"valueName":"search_term_string"}}],"inLanguage":"es"},{"@type":"Organization","@id":"https:\/\/www.eldiario.net\/portal\/#organization","name":"El Diario - Decano de la prensa nacional","url":"https:\/\/www.eldiario.net\/portal\/","logo":{"@type":"ImageObject","inLanguage":"es","@id":"https:\/\/www.eldiario.net\/portal\/#\/schema\/logo\/image\/","url":"https:\/\/www.eldiario.net\/portal\/wp-content\/uploads\/2023\/07\/logo_ED.jpg","contentUrl":"https:\/\/www.eldiario.net\/portal\/wp-content\/uploads\/2023\/07\/logo_ED.jpg","width":272,"height":52,"caption":"El Diario - Decano de la prensa nacional"},"image":{"@id":"https:\/\/www.eldiario.net\/portal\/#\/schema\/logo\/image\/"},"sameAs":["https:\/\/www.facebook.com\/eldiario.bolivia\/","https:\/\/x.com\/eldiario_net"]},{"@type":"Person","@id":"https:\/\/www.eldiario.net\/portal\/#\/schema\/person\/f46445640444750d7d753ccd04ae01b7","name":"Jeanette","image":{"@type":"ImageObject","inLanguage":"es","@id":"https:\/\/secure.gravatar.com\/avatar\/3ea2118a5f7dad2b7138b1187a6b7ee55f160b9968b66013c3a3ef39dd7e5798?s=96&d=mm&r=g","url":"https:\/\/secure.gravatar.com\/avatar\/3ea2118a5f7dad2b7138b1187a6b7ee55f160b9968b66013c3a3ef39dd7e5798?s=96&d=mm&r=g","contentUrl":"https:\/\/secure.gravatar.com\/avatar\/3ea2118a5f7dad2b7138b1187a6b7ee55f160b9968b66013c3a3ef39dd7e5798?s=96&d=mm&r=g","caption":"Jeanette"},"sameAs":["https:\/\/www.eldiario.net\/portal"],"url":"https:\/\/www.eldiario.net\/portal\/author\/jeanette\/"}]}},"_links":{"self":[{"href":"https:\/\/www.eldiario.net\/portal\/wp-json\/wp\/v2\/posts\/24333","targetHints":{"allow":["GET"]}}],"collection":[{"href":"https:\/\/www.eldiario.net\/portal\/wp-json\/wp\/v2\/posts"}],"about":[{"href":"https:\/\/www.eldiario.net\/portal\/wp-json\/wp\/v2\/types\/post"}],"author":[{"embeddable":true,"href":"https:\/\/www.eldiario.net\/portal\/wp-json\/wp\/v2\/users\/1"}],"replies":[{"embeddable":true,"href":"https:\/\/www.eldiario.net\/portal\/wp-json\/wp\/v2\/comments?post=24333"}],"version-history":[{"count":0,"href":"https:\/\/www.eldiario.net\/portal\/wp-json\/wp\/v2\/posts\/24333\/revisions"}],"wp:attachment":[{"href":"https:\/\/www.eldiario.net\/portal\/wp-json\/wp\/v2\/media?parent=24333"}],"wp:term":[{"taxonomy":"category","embeddable":true,"href":"https:\/\/www.eldiario.net\/portal\/wp-json\/wp\/v2\/categories?post=24333"},{"taxonomy":"post_tag","embeddable":true,"href":"https:\/\/www.eldiario.net\/portal\/wp-json\/wp\/v2\/tags?post=24333"}],"curies":[{"name":"wp","href":"https:\/\/api.w.org\/{rel}","templated":true}]}}