{"id":24330,"date":"2021-08-19T06:38:18","date_gmt":"2021-08-19T10:38:18","guid":{"rendered":"https:\/\/www.eldiario.net\/portal\/?p=24330"},"modified":"2021-08-19T06:38:18","modified_gmt":"2021-08-19T10:38:18","slug":"molestia-de-transportistas-y-pasajeros-por-bloqueo-de-vias","status":"publish","type":"post","link":"https:\/\/www.eldiario.net\/portal\/2021\/08\/19\/molestia-de-transportistas-y-pasajeros-por-bloqueo-de-vias\/","title":{"rendered":"Molestia de transportistas y pasajeros por bloqueo de v\u00edas"},"content":{"rendered":"<p>Los choferes del transporte interprovincial y usuarios expresaron su molestia en la Ciudad de El Alto por bloqueos de caminos que se mantiene hace tres d\u00edas en varios sectores de las carreteras hacia Copacabana y Desaguadero. Ante la demanda de pasajeros, los conductores optan por rutas alternas para cubrir su recorrido.<\/p>\n<p>Al mantenerse los bloqueos de caminos en su tercer d\u00eda consecutivo, los choferes y pasajeros que viajan hacia las 20 provincias de La Paz, protestaron por los perjuicios que les ocasionan al no poder llegar hasta sus destinos, muchos de ellos no pudieron retornar a sus comunidades y otros que tienen la necesidad de realizar diferentes actividades.<\/p>\n<p>Seg\u00fan la denuncia de los operadores del transporte interprovincial, durante todos estos d\u00edas desde muy tempranas horas de la ma\u00f1ana peque\u00f1os grupos de vecinos del distrito 4 en el camino a Laja altura casa amarilla, v\u00eda que se dirige hacia Desaguadero y otras poblaciones, se ponen a cerrar el paso a motorizados.<\/p>\n<p>Mientras por el lado del distrito 7 y 14, de la misma manera existen tres puntos de bloqueo, que son peque\u00f1os grupos de vecinos, que no dejan pasar veh\u00edculos del transporte interprovincial, ni a los minibuses que circulan en el \u00e1rea urbano, perjudicando de esta manera la salida hacia las poblaciones que comprenden Copacabana y otros.<\/p>\n<p>\u201cSon peque\u00f1os grupos de vecinos que no pasan de 20 a 30 personas que no dejan pasar, por eso nosotros denunciamos que el perjuicio que nos est\u00e1n causando son grandes, debido a que durante todos estos d\u00edas no hemos trabajado de manera normal y eso nos afecta en el pago bancario de nuestros pr\u00e9stamos que tenemos la mayor\u00eda de nuestro sector con el cual hemos adquirido nuestros motorizados\u201d, se\u00f1al\u00f3 uno de los conductores.<\/p>\n<p>&nbsp;<\/p>\n<p>RUTAS ALTERNAS<\/p>\n<p>Ante bloqueos de ambas carreteras, Desaguadero y Copacabana, los de los transportistas del sector interprovincial, deciden tomar algunas rutas alternas para llegar a su destino, todo por prestar el servicio al usuario y beneficiarse de alguna manera con algo de renta como ingreso diario que tienen.<\/p>\n<p>Sin embargo, estos desv\u00edos que se toman significan tambi\u00e9n el consumo de mayor cantidad de gasolina en los motorizados, porque el recorrido que hacen es m\u00e1s largo, adem\u00e1s por el mal estados de estas rutas, significa el desgaste de sus herramientas de trabajo.<\/p>\n<p>Producto de todos estos problemas este sector del transporte interprovincial, exhortaron a los vecinos deponer este tipo de actitudes que les perjudican y piden a las autoridades municipales que puedan arreglar el problema, cuanto antes, porque les est\u00e1n ocasionando grandes p\u00e9rdidas econ\u00f3micas.<\/p>\n","protected":false},"excerpt":{"rendered":"<p>Los choferes del transporte interprovincial y usuarios expresaron su molestia en la Ciudad de El Alto por bloqueos de caminos que se mantiene hace tres d\u00edas en varios sectores de las carreteras hacia Copacabana y Desaguadero. Ante la demanda de pasajeros, los conductores optan por rutas alternas para cubrir su recorrido. Al mantenerse los bloqueos [&hellip;]<\/p>\n","protected":false},"author":1,"featured_media":24331,"comment_status":"closed","ping_status":"closed","sticky":false,"template":"","format":"standard","meta":{"_acf_changed":false,"footnotes":""},"categories":[12],"tags":[],"class_list":["post-24330","post","type-post","status-publish","format-standard","has-post-thumbnail","category-nacional"],"acf":{"antetitulo":""},"yoast_head":"<!-- This site is optimized with the Yoast SEO plugin v28.4 - https:\/\/yoast.com\/product\/yoast-seo-wordpress\/ -->\n<title>Molestia de transportistas y pasajeros por bloqueo de v\u00edas - El Diario - Bolivia<\/title>\n<meta name=\"robots\" content=\"index, follow, max-snippet:-1, max-image-preview:large, max-video-preview:-1\" \/>\n<link rel=\"canonical\" href=\"https:\/\/www.eldiario.net\/portal\/2021\/08\/19\/molestia-de-transportistas-y-pasajeros-por-bloqueo-de-vias\/\" \/>\n<meta property=\"og:locale\" content=\"es_ES\" \/>\n<meta property=\"og:type\" content=\"article\" \/>\n<meta property=\"og:title\" content=\"Molestia de transportistas y pasajeros por bloqueo de v\u00edas - El Diario - Bolivia\" \/>\n<meta property=\"og:description\" content=\"Los choferes del transporte interprovincial y usuarios expresaron su molestia en la Ciudad de El Alto por bloqueos de caminos que se mantiene hace tres d\u00edas en varios sectores de las carreteras hacia Copacabana y Desaguadero. Ante la demanda de pasajeros, los conductores optan por rutas alternas para cubrir su recorrido. Al mantenerse los bloqueos [&hellip;]\" \/>\n<meta property=\"og:url\" content=\"https:\/\/www.eldiario.net\/portal\/2021\/08\/19\/molestia-de-transportistas-y-pasajeros-por-bloqueo-de-vias\/\" \/>\n<meta property=\"og:site_name\" content=\"El Diario - Bolivia\" \/>\n<meta property=\"article:publisher\" content=\"https:\/\/www.facebook.com\/eldiario.bolivia\/\" \/>\n<meta property=\"article:published_time\" content=\"2021-08-19T10:38:18+00:00\" \/>\n<meta name=\"author\" content=\"Jeanette\" \/>\n<meta name=\"twitter:card\" content=\"summary_large_image\" \/>\n<meta name=\"twitter:creator\" content=\"@eldiario_net\" \/>\n<meta name=\"twitter:site\" content=\"@eldiario_net\" \/>\n<meta name=\"twitter:label1\" content=\"Escrito por\" \/>\n\t<meta name=\"twitter:data1\" content=\"Jeanette\" \/>\n\t<meta name=\"twitter:label2\" content=\"Tiempo de lectura\" \/>\n\t<meta name=\"twitter:data2\" content=\"2 minutos\" \/>\n<script type=\"application\/ld+json\" class=\"yoast-schema-graph\">{\"@context\":\"https:\\\/\\\/schema.org\",\"@graph\":[{\"@type\":\"Article\",\"@id\":\"https:\\\/\\\/www.eldiario.net\\\/portal\\\/2021\\\/08\\\/19\\\/molestia-de-transportistas-y-pasajeros-por-bloqueo-de-vias\\\/#article\",\"isPartOf\":{\"@id\":\"https:\\\/\\\/www.eldiario.net\\\/portal\\\/2021\\\/08\\\/19\\\/molestia-de-transportistas-y-pasajeros-por-bloqueo-de-vias\\\/\"},\"author\":{\"name\":\"Jeanette\",\"@id\":\"https:\\\/\\\/www.eldiario.net\\\/portal\\\/#\\\/schema\\\/person\\\/f46445640444750d7d753ccd04ae01b7\"},\"headline\":\"Molestia de transportistas y pasajeros por bloqueo de v\u00edas\",\"datePublished\":\"2021-08-19T10:38:18+00:00\",\"mainEntityOfPage\":{\"@id\":\"https:\\\/\\\/www.eldiario.net\\\/portal\\\/2021\\\/08\\\/19\\\/molestia-de-transportistas-y-pasajeros-por-bloqueo-de-vias\\\/\"},\"wordCount\":449,\"publisher\":{\"@id\":\"https:\\\/\\\/www.eldiario.net\\\/portal\\\/#organization\"},\"image\":{\"@id\":\"https:\\\/\\\/www.eldiario.net\\\/portal\\\/2021\\\/08\\\/19\\\/molestia-de-transportistas-y-pasajeros-por-bloqueo-de-vias\\\/#primaryimage\"},\"thumbnailUrl\":\"\",\"articleSection\":[\"Nacional\"],\"inLanguage\":\"es\"},{\"@type\":\"WebPage\",\"@id\":\"https:\\\/\\\/www.eldiario.net\\\/portal\\\/2021\\\/08\\\/19\\\/molestia-de-transportistas-y-pasajeros-por-bloqueo-de-vias\\\/\",\"url\":\"https:\\\/\\\/www.eldiario.net\\\/portal\\\/2021\\\/08\\\/19\\\/molestia-de-transportistas-y-pasajeros-por-bloqueo-de-vias\\\/\",\"name\":\"Molestia de transportistas y pasajeros por bloqueo de v\u00edas - El Diario - Bolivia\",\"isPartOf\":{\"@id\":\"https:\\\/\\\/www.eldiario.net\\\/portal\\\/#website\"},\"primaryImageOfPage\":{\"@id\":\"https:\\\/\\\/www.eldiario.net\\\/portal\\\/2021\\\/08\\\/19\\\/molestia-de-transportistas-y-pasajeros-por-bloqueo-de-vias\\\/#primaryimage\"},\"image\":{\"@id\":\"https:\\\/\\\/www.eldiario.net\\\/portal\\\/2021\\\/08\\\/19\\\/molestia-de-transportistas-y-pasajeros-por-bloqueo-de-vias\\\/#primaryimage\"},\"thumbnailUrl\":\"\",\"datePublished\":\"2021-08-19T10:38:18+00:00\",\"breadcrumb\":{\"@id\":\"https:\\\/\\\/www.eldiario.net\\\/portal\\\/2021\\\/08\\\/19\\\/molestia-de-transportistas-y-pasajeros-por-bloqueo-de-vias\\\/#breadcrumb\"},\"inLanguage\":\"es\",\"potentialAction\":[{\"@type\":\"ReadAction\",\"target\":[\"https:\\\/\\\/www.eldiario.net\\\/portal\\\/2021\\\/08\\\/19\\\/molestia-de-transportistas-y-pasajeros-por-bloqueo-de-vias\\\/\"]}]},{\"@type\":\"ImageObject\",\"inLanguage\":\"es\",\"@id\":\"https:\\\/\\\/www.eldiario.net\\\/portal\\\/2021\\\/08\\\/19\\\/molestia-de-transportistas-y-pasajeros-por-bloqueo-de-vias\\\/#primaryimage\",\"url\":\"\",\"contentUrl\":\"\"},{\"@type\":\"BreadcrumbList\",\"@id\":\"https:\\\/\\\/www.eldiario.net\\\/portal\\\/2021\\\/08\\\/19\\\/molestia-de-transportistas-y-pasajeros-por-bloqueo-de-vias\\\/#breadcrumb\",\"itemListElement\":[{\"@type\":\"ListItem\",\"position\":1,\"name\":\"Portada\",\"item\":\"https:\\\/\\\/www.eldiario.net\\\/portal\\\/\"},{\"@type\":\"ListItem\",\"position\":2,\"name\":\"Molestia de transportistas y pasajeros por bloqueo de v\u00edas\"}]},{\"@type\":\"WebSite\",\"@id\":\"https:\\\/\\\/www.eldiario.net\\\/portal\\\/#website\",\"url\":\"https:\\\/\\\/www.eldiario.net\\\/portal\\\/\",\"name\":\"El Diario - Decano de la prensa nacional\",\"description\":\"El Diario - Decano de la prensa nacional\",\"publisher\":{\"@id\":\"https:\\\/\\\/www.eldiario.net\\\/portal\\\/#organization\"},\"potentialAction\":[{\"@type\":\"SearchAction\",\"target\":{\"@type\":\"EntryPoint\",\"urlTemplate\":\"https:\\\/\\\/www.eldiario.net\\\/portal\\\/?s={search_term_string}\"},\"query-input\":{\"@type\":\"PropertyValueSpecification\",\"valueRequired\":true,\"valueName\":\"search_term_string\"}}],\"inLanguage\":\"es\"},{\"@type\":\"Organization\",\"@id\":\"https:\\\/\\\/www.eldiario.net\\\/portal\\\/#organization\",\"name\":\"El Diario - Decano de la prensa nacional\",\"url\":\"https:\\\/\\\/www.eldiario.net\\\/portal\\\/\",\"logo\":{\"@type\":\"ImageObject\",\"inLanguage\":\"es\",\"@id\":\"https:\\\/\\\/www.eldiario.net\\\/portal\\\/#\\\/schema\\\/logo\\\/image\\\/\",\"url\":\"https:\\\/\\\/www.eldiario.net\\\/portal\\\/wp-content\\\/uploads\\\/2023\\\/07\\\/logo_ED.jpg\",\"contentUrl\":\"https:\\\/\\\/www.eldiario.net\\\/portal\\\/wp-content\\\/uploads\\\/2023\\\/07\\\/logo_ED.jpg\",\"width\":272,\"height\":52,\"caption\":\"El Diario - Decano de la prensa nacional\"},\"image\":{\"@id\":\"https:\\\/\\\/www.eldiario.net\\\/portal\\\/#\\\/schema\\\/logo\\\/image\\\/\"},\"sameAs\":[\"https:\\\/\\\/www.facebook.com\\\/eldiario.bolivia\\\/\",\"https:\\\/\\\/x.com\\\/eldiario_net\"]},{\"@type\":\"Person\",\"@id\":\"https:\\\/\\\/www.eldiario.net\\\/portal\\\/#\\\/schema\\\/person\\\/f46445640444750d7d753ccd04ae01b7\",\"name\":\"Jeanette\",\"image\":{\"@type\":\"ImageObject\",\"inLanguage\":\"es\",\"@id\":\"https:\\\/\\\/secure.gravatar.com\\\/avatar\\\/3ea2118a5f7dad2b7138b1187a6b7ee55f160b9968b66013c3a3ef39dd7e5798?s=96&d=mm&r=g\",\"url\":\"https:\\\/\\\/secure.gravatar.com\\\/avatar\\\/3ea2118a5f7dad2b7138b1187a6b7ee55f160b9968b66013c3a3ef39dd7e5798?s=96&d=mm&r=g\",\"contentUrl\":\"https:\\\/\\\/secure.gravatar.com\\\/avatar\\\/3ea2118a5f7dad2b7138b1187a6b7ee55f160b9968b66013c3a3ef39dd7e5798?s=96&d=mm&r=g\",\"caption\":\"Jeanette\"},\"sameAs\":[\"https:\\\/\\\/www.eldiario.net\\\/portal\"],\"url\":\"https:\\\/\\\/www.eldiario.net\\\/portal\\\/author\\\/jeanette\\\/\"}]}<\/script>\n<!-- \/ Yoast SEO plugin. -->","yoast_head_json":{"title":"Molestia de transportistas y pasajeros por bloqueo de v\u00edas - El Diario - Bolivia","robots":{"index":"index","follow":"follow","max-snippet":"max-snippet:-1","max-image-preview":"max-image-preview:large","max-video-preview":"max-video-preview:-1"},"canonical":"https:\/\/www.eldiario.net\/portal\/2021\/08\/19\/molestia-de-transportistas-y-pasajeros-por-bloqueo-de-vias\/","og_locale":"es_ES","og_type":"article","og_title":"Molestia de transportistas y pasajeros por bloqueo de v\u00edas - El Diario - Bolivia","og_description":"Los choferes del transporte interprovincial y usuarios expresaron su molestia en la Ciudad de El Alto por bloqueos de caminos que se mantiene hace tres d\u00edas en varios sectores de las carreteras hacia Copacabana y Desaguadero. Ante la demanda de pasajeros, los conductores optan por rutas alternas para cubrir su recorrido. Al mantenerse los bloqueos [&hellip;]","og_url":"https:\/\/www.eldiario.net\/portal\/2021\/08\/19\/molestia-de-transportistas-y-pasajeros-por-bloqueo-de-vias\/","og_site_name":"El Diario - Bolivia","article_publisher":"https:\/\/www.facebook.com\/eldiario.bolivia\/","article_published_time":"2021-08-19T10:38:18+00:00","author":"Jeanette","twitter_card":"summary_large_image","twitter_creator":"@eldiario_net","twitter_site":"@eldiario_net","twitter_misc":{"Escrito por":"Jeanette","Tiempo de lectura":"2 minutos"},"schema":{"@context":"https:\/\/schema.org","@graph":[{"@type":"Article","@id":"https:\/\/www.eldiario.net\/portal\/2021\/08\/19\/molestia-de-transportistas-y-pasajeros-por-bloqueo-de-vias\/#article","isPartOf":{"@id":"https:\/\/www.eldiario.net\/portal\/2021\/08\/19\/molestia-de-transportistas-y-pasajeros-por-bloqueo-de-vias\/"},"author":{"name":"Jeanette","@id":"https:\/\/www.eldiario.net\/portal\/#\/schema\/person\/f46445640444750d7d753ccd04ae01b7"},"headline":"Molestia de transportistas y pasajeros por bloqueo de v\u00edas","datePublished":"2021-08-19T10:38:18+00:00","mainEntityOfPage":{"@id":"https:\/\/www.eldiario.net\/portal\/2021\/08\/19\/molestia-de-transportistas-y-pasajeros-por-bloqueo-de-vias\/"},"wordCount":449,"publisher":{"@id":"https:\/\/www.eldiario.net\/portal\/#organization"},"image":{"@id":"https:\/\/www.eldiario.net\/portal\/2021\/08\/19\/molestia-de-transportistas-y-pasajeros-por-bloqueo-de-vias\/#primaryimage"},"thumbnailUrl":"","articleSection":["Nacional"],"inLanguage":"es"},{"@type":"WebPage","@id":"https:\/\/www.eldiario.net\/portal\/2021\/08\/19\/molestia-de-transportistas-y-pasajeros-por-bloqueo-de-vias\/","url":"https:\/\/www.eldiario.net\/portal\/2021\/08\/19\/molestia-de-transportistas-y-pasajeros-por-bloqueo-de-vias\/","name":"Molestia de transportistas y pasajeros por bloqueo de v\u00edas - El Diario - Bolivia","isPartOf":{"@id":"https:\/\/www.eldiario.net\/portal\/#website"},"primaryImageOfPage":{"@id":"https:\/\/www.eldiario.net\/portal\/2021\/08\/19\/molestia-de-transportistas-y-pasajeros-por-bloqueo-de-vias\/#primaryimage"},"image":{"@id":"https:\/\/www.eldiario.net\/portal\/2021\/08\/19\/molestia-de-transportistas-y-pasajeros-por-bloqueo-de-vias\/#primaryimage"},"thumbnailUrl":"","datePublished":"2021-08-19T10:38:18+00:00","breadcrumb":{"@id":"https:\/\/www.eldiario.net\/portal\/2021\/08\/19\/molestia-de-transportistas-y-pasajeros-por-bloqueo-de-vias\/#breadcrumb"},"inLanguage":"es","potentialAction":[{"@type":"ReadAction","target":["https:\/\/www.eldiario.net\/portal\/2021\/08\/19\/molestia-de-transportistas-y-pasajeros-por-bloqueo-de-vias\/"]}]},{"@type":"ImageObject","inLanguage":"es","@id":"https:\/\/www.eldiario.net\/portal\/2021\/08\/19\/molestia-de-transportistas-y-pasajeros-por-bloqueo-de-vias\/#primaryimage","url":"","contentUrl":""},{"@type":"BreadcrumbList","@id":"https:\/\/www.eldiario.net\/portal\/2021\/08\/19\/molestia-de-transportistas-y-pasajeros-por-bloqueo-de-vias\/#breadcrumb","itemListElement":[{"@type":"ListItem","position":1,"name":"Portada","item":"https:\/\/www.eldiario.net\/portal\/"},{"@type":"ListItem","position":2,"name":"Molestia de transportistas y pasajeros por bloqueo de v\u00edas"}]},{"@type":"WebSite","@id":"https:\/\/www.eldiario.net\/portal\/#website","url":"https:\/\/www.eldiario.net\/portal\/","name":"El Diario - Decano de la prensa nacional","description":"El Diario - Decano de la prensa nacional","publisher":{"@id":"https:\/\/www.eldiario.net\/portal\/#organization"},"potentialAction":[{"@type":"SearchAction","target":{"@type":"EntryPoint","urlTemplate":"https:\/\/www.eldiario.net\/portal\/?s={search_term_string}"},"query-input":{"@type":"PropertyValueSpecification","valueRequired":true,"valueName":"search_term_string"}}],"inLanguage":"es"},{"@type":"Organization","@id":"https:\/\/www.eldiario.net\/portal\/#organization","name":"El Diario - Decano de la prensa nacional","url":"https:\/\/www.eldiario.net\/portal\/","logo":{"@type":"ImageObject","inLanguage":"es","@id":"https:\/\/www.eldiario.net\/portal\/#\/schema\/logo\/image\/","url":"https:\/\/www.eldiario.net\/portal\/wp-content\/uploads\/2023\/07\/logo_ED.jpg","contentUrl":"https:\/\/www.eldiario.net\/portal\/wp-content\/uploads\/2023\/07\/logo_ED.jpg","width":272,"height":52,"caption":"El Diario - Decano de la prensa nacional"},"image":{"@id":"https:\/\/www.eldiario.net\/portal\/#\/schema\/logo\/image\/"},"sameAs":["https:\/\/www.facebook.com\/eldiario.bolivia\/","https:\/\/x.com\/eldiario_net"]},{"@type":"Person","@id":"https:\/\/www.eldiario.net\/portal\/#\/schema\/person\/f46445640444750d7d753ccd04ae01b7","name":"Jeanette","image":{"@type":"ImageObject","inLanguage":"es","@id":"https:\/\/secure.gravatar.com\/avatar\/3ea2118a5f7dad2b7138b1187a6b7ee55f160b9968b66013c3a3ef39dd7e5798?s=96&d=mm&r=g","url":"https:\/\/secure.gravatar.com\/avatar\/3ea2118a5f7dad2b7138b1187a6b7ee55f160b9968b66013c3a3ef39dd7e5798?s=96&d=mm&r=g","contentUrl":"https:\/\/secure.gravatar.com\/avatar\/3ea2118a5f7dad2b7138b1187a6b7ee55f160b9968b66013c3a3ef39dd7e5798?s=96&d=mm&r=g","caption":"Jeanette"},"sameAs":["https:\/\/www.eldiario.net\/portal"],"url":"https:\/\/www.eldiario.net\/portal\/author\/jeanette\/"}]}},"_links":{"self":[{"href":"https:\/\/www.eldiario.net\/portal\/wp-json\/wp\/v2\/posts\/24330","targetHints":{"allow":["GET"]}}],"collection":[{"href":"https:\/\/www.eldiario.net\/portal\/wp-json\/wp\/v2\/posts"}],"about":[{"href":"https:\/\/www.eldiario.net\/portal\/wp-json\/wp\/v2\/types\/post"}],"author":[{"embeddable":true,"href":"https:\/\/www.eldiario.net\/portal\/wp-json\/wp\/v2\/users\/1"}],"replies":[{"embeddable":true,"href":"https:\/\/www.eldiario.net\/portal\/wp-json\/wp\/v2\/comments?post=24330"}],"version-history":[{"count":0,"href":"https:\/\/www.eldiario.net\/portal\/wp-json\/wp\/v2\/posts\/24330\/revisions"}],"wp:attachment":[{"href":"https:\/\/www.eldiario.net\/portal\/wp-json\/wp\/v2\/media?parent=24330"}],"wp:term":[{"taxonomy":"category","embeddable":true,"href":"https:\/\/www.eldiario.net\/portal\/wp-json\/wp\/v2\/categories?post=24330"},{"taxonomy":"post_tag","embeddable":true,"href":"https:\/\/www.eldiario.net\/portal\/wp-json\/wp\/v2\/tags?post=24330"}],"curies":[{"name":"wp","href":"https:\/\/api.w.org\/{rel}","templated":true}]}}