{"id":243232,"date":"2024-08-26T06:16:39","date_gmt":"2024-08-26T10:16:39","guid":{"rendered":"https:\/\/www.eldiario.net\/portal\/?p=243232"},"modified":"2024-08-26T06:16:39","modified_gmt":"2024-08-26T10:16:39","slug":"elecciones-judiciales-una-desilusion-mas-de-democracia","status":"publish","type":"post","link":"https:\/\/www.eldiario.net\/portal\/2024\/08\/26\/elecciones-judiciales-una-desilusion-mas-de-democracia\/","title":{"rendered":"Elecciones judiciales: una (des)ilusi\u00f3n (m\u00e1s) de democracia"},"content":{"rendered":"<p>El domingo 18 de agosto, promovida por diversas fundaciones y comunidades, financiada por la Uni\u00f3n Europea y la Cooperaci\u00f3n Espa\u00f1ola e impresa por el peri\u00f3dico EL DIARIO, se public\u00f3 una separata titulada Elecci\u00f3n de altas autoridades del \u00d3rgano Judicial y del Tribunal Constitucional Plurinacional, que reun\u00eda una semblanza breve de todos los postulantes a jueces, m\u00e1s sus respectivas propuestas para persuadir al votante. La publicaci\u00f3n constitu\u00eda un notable esfuerzo para hacer que el electorado conozca un poco m\u00e1s (o desconozca menos, como se quiera) sobre lo que elegir\u00e1 en las pr\u00f3ximas elecciones judiciales. En este sentido, creo que cabe verter un par de consideraciones cr\u00edticas sobre lo que ser\u00e1n las elecciones de magistrados y lo que son los postulantes a los altos cargos del \u00d3rgano Judicial.<br \/>\nUna primera cosa que salta a la vista son las barrocas hojas de vida de la mayor\u00eda de los postulantes, documentos en los que, como es usual en Latinoam\u00e9rica, est\u00e1n registrados hasta los \u00e9xitos m\u00e1s insignificantes. Pero como todos sabemos, hoy obtener un cart\u00f3n de licenciado, diplomado, mag\u00edster o doctor es mucho m\u00e1s f\u00e1cil que ayer, entre otras causas debido a la abundancia de universidades privadas, donde el nivel acad\u00e9mico es cuando menos cuestionable y uno se puede graduar empleando m\u00ednimos esfuerzos (a veces solo erogando la colegiatura). Por otra parte, no es menos cierto que la abundancia de cartones y diplomas no da cuenta de las virtudes \u00e9ticas o morales de un individuo, ya que el empe\u00f1o por acumular logros acad\u00e9micos y aun el ingenio, por una parte, y la astucia pr\u00e1ctica y la corrupci\u00f3n, por otra, no son elementos incompatibles entre s\u00ed, como queda demostrado d\u00eda a d\u00eda en todas partes. Adem\u00e1s, los trabajos en los que los curr\u00edculums dicen que estuvieron no dicen mucho porque la cultura del amiguismo que impera en Bolivia hace que quienes ocupan altas responsabilidades no sean necesariamente los mejores para ellas. Luego, una (fr\u00eda) hoja de vida en apariencia brillante puede ser una ilusi\u00f3n nada m\u00e1s, en parte porque no garantiza realmente las capacidades profesionales de su due\u00f1o y en parte porque nada dice sobre su idoneidad \u00e9tica.<br \/>\nEntre los postulantes hay ilustres an\u00f3nimos y otros que tienen algo de repercusi\u00f3n medi\u00e1tica o celebridad (pero algunos no precisamente por hechos honrosos). De todas formas, resulta interesante leer las \u201cpropuestas\u201d de los aspirantes a jueces, pues lo primero que hay que preguntarse es qu\u00e9 \u201cpropuestas\u201d puede tener alguien que, de llegar a ocupar el cargo al que aspira, est\u00e1 en teor\u00eda obligado solamente a impartir justicia conforme a las leyes de un pa\u00eds y de forma honesta. \u00bfO son acaso pol\u00edticos estos postulantes, es decir personas que pueden proponer al electorado que, de quedar elegidos, se ir\u00e1 por X o Z camino? A lo que me refiero es a que un pol\u00edtico puede (m\u00e1s bien debe) proponer a su potencial votante una senda estatista o de libre mercado, pol\u00edticas p\u00fablicas vinculadas m\u00e1s con la educaci\u00f3n o m\u00e1s con la vinculaci\u00f3n caminera, un futuro socialista o uno liberal, etc\u00e9tera. Pero un aspirante a juez (en teor\u00eda un perito en ciencias jur\u00eddicas) no puede proponer nada m\u00e1s que fallar de manera id\u00f3nea en cualquier controversia que est\u00e9 a su cargo, y para ello no hay que proponer nada muy novedoso. Una de las propuestas que le\u00ed en la antedicha separata, por ejemplo, dice: \u201cFortalecer la atenci\u00f3n prioritaria privilegiando celeridad en casos que involucren y requieran atenci\u00f3n a poblaciones vulnerables Ni\u00f1os, Adolescentes, Mujeres, LGTBI, Tercera Edad\u201d. Es decir que esa persona, si es elegida, priorizar\u00e1 a ciertos individuos sobre otros, en raz\u00f3n de criterios biol\u00f3gicos, etarios y de g\u00e9nero, lo cual relativizar\u00eda el ejercicio de la ciudadan\u00eda en un Estado de derecho. Mas debo apuntar que tambi\u00e9n hall\u00e9 una \u201cpropuesta\u201d que me pareci\u00f3 la m\u00e1s razonable e inteligente de todas, y dice as\u00ed: \u201cCumplir las atribuciones y competencias de acuerdo al mandato de la CPE, de manera independiente, transparente, con probidad, eficacia, eficiencia, empat\u00eda, etc.\u201d. Y nada m\u00e1s.<br \/>\nEl problema de ra\u00edz \u2014ya se ha dicho muchas veces por boca o pluma de muchos analistas\u2014 est\u00e1 en que una elecci\u00f3n de jueces por voto popular es un desprop\u00f3sito. Lamentablemente, no todos creen lo mismo; las masas, hipnotizadas por la demagogia, creen que eligiendo a los m\u00e1s altos jueces ejercen una democracia m\u00e1s profunda, por lo menos una m\u00e1s profunda que la del detestable r\u00e9gimen neoliberal. Pero la ilusi\u00f3n pronto se convierte en desilusi\u00f3n, porque as\u00ed la justicia, con magistrados poco preparados y adem\u00e1s corruptos, degenera m\u00e1s y m\u00e1s, como lo vemos diariamente.<\/p>\n<p>Ignacio Vera de Rada polit\u00f3logo y comunicador social.<\/p>\n","protected":false},"excerpt":{"rendered":"<p>El domingo 18 de agosto, promovida por diversas fundaciones y comunidades, financiada por la Uni\u00f3n Europea y la Cooperaci\u00f3n Espa\u00f1ola e impresa por el peri\u00f3dico EL DIARIO, se public\u00f3 una separata titulada Elecci\u00f3n de altas autoridades del \u00d3rgano Judicial y del Tribunal Constitucional Plurinacional, que reun\u00eda una semblanza breve de todos los postulantes a jueces, [&hellip;]<\/p>\n","protected":false},"author":1,"featured_media":158964,"comment_status":"open","ping_status":"open","sticky":false,"template":"","format":"standard","meta":{"_acf_changed":false,"footnotes":""},"categories":[9],"tags":[],"class_list":["post-243232","post","type-post","status-publish","format-standard","has-post-thumbnail","category-opinion"],"acf":{"antetitulo":"La espada en la palabra"},"yoast_head":"<!-- This site is optimized with the Yoast SEO plugin v28.3 - https:\/\/yoast.com\/product\/yoast-seo-wordpress\/ -->\n<title>Elecciones judiciales: una (des)ilusi\u00f3n (m\u00e1s) de democracia - El Diario - Bolivia<\/title>\n<meta name=\"robots\" content=\"index, follow, max-snippet:-1, max-image-preview:large, max-video-preview:-1\" \/>\n<link rel=\"canonical\" href=\"https:\/\/www.eldiario.net\/portal\/2024\/08\/26\/elecciones-judiciales-una-desilusion-mas-de-democracia\/\" \/>\n<meta property=\"og:locale\" content=\"es_ES\" \/>\n<meta property=\"og:type\" content=\"article\" \/>\n<meta property=\"og:title\" content=\"Elecciones judiciales: una (des)ilusi\u00f3n (m\u00e1s) de democracia - El Diario - Bolivia\" \/>\n<meta property=\"og:description\" content=\"El domingo 18 de agosto, promovida por diversas fundaciones y comunidades, financiada por la Uni\u00f3n Europea y la Cooperaci\u00f3n Espa\u00f1ola e impresa por el peri\u00f3dico EL DIARIO, se public\u00f3 una separata titulada Elecci\u00f3n de altas autoridades del \u00d3rgano Judicial y del Tribunal Constitucional Plurinacional, que reun\u00eda una semblanza breve de todos los postulantes a jueces, [&hellip;]\" \/>\n<meta property=\"og:url\" content=\"https:\/\/www.eldiario.net\/portal\/2024\/08\/26\/elecciones-judiciales-una-desilusion-mas-de-democracia\/\" \/>\n<meta property=\"og:site_name\" content=\"El Diario - Bolivia\" \/>\n<meta property=\"article:publisher\" content=\"https:\/\/www.facebook.com\/eldiario.bolivia\/\" \/>\n<meta property=\"article:published_time\" content=\"2024-08-26T10:16:39+00:00\" \/>\n<meta property=\"og:image\" content=\"https:\/\/www.eldiario.net\/portal\/wp-content\/uploads\/2023\/06\/Ignacio-Vera-de-Rada-1.jpg\" \/>\n\t<meta property=\"og:image:width\" content=\"1200\" \/>\n\t<meta property=\"og:image:height\" content=\"628\" \/>\n\t<meta property=\"og:image:type\" content=\"image\/jpeg\" \/>\n<meta name=\"author\" content=\"Jeanette\" \/>\n<meta name=\"twitter:card\" content=\"summary_large_image\" \/>\n<meta name=\"twitter:creator\" content=\"@eldiario_net\" \/>\n<meta name=\"twitter:site\" content=\"@eldiario_net\" \/>\n<meta name=\"twitter:label1\" content=\"Escrito por\" \/>\n\t<meta name=\"twitter:data1\" content=\"Jeanette\" \/>\n\t<meta name=\"twitter:label2\" content=\"Tiempo de lectura\" \/>\n\t<meta name=\"twitter:data2\" content=\"4 minutos\" \/>\n<script type=\"application\/ld+json\" class=\"yoast-schema-graph\">{\"@context\":\"https:\\\/\\\/schema.org\",\"@graph\":[{\"@type\":\"Article\",\"@id\":\"https:\\\/\\\/www.eldiario.net\\\/portal\\\/2024\\\/08\\\/26\\\/elecciones-judiciales-una-desilusion-mas-de-democracia\\\/#article\",\"isPartOf\":{\"@id\":\"https:\\\/\\\/www.eldiario.net\\\/portal\\\/2024\\\/08\\\/26\\\/elecciones-judiciales-una-desilusion-mas-de-democracia\\\/\"},\"author\":{\"name\":\"Jeanette\",\"@id\":\"https:\\\/\\\/www.eldiario.net\\\/portal\\\/#\\\/schema\\\/person\\\/f46445640444750d7d753ccd04ae01b7\"},\"headline\":\"Elecciones judiciales: una (des)ilusi\u00f3n (m\u00e1s) de democracia\",\"datePublished\":\"2024-08-26T10:16:39+00:00\",\"mainEntityOfPage\":{\"@id\":\"https:\\\/\\\/www.eldiario.net\\\/portal\\\/2024\\\/08\\\/26\\\/elecciones-judiciales-una-desilusion-mas-de-democracia\\\/\"},\"wordCount\":848,\"commentCount\":0,\"publisher\":{\"@id\":\"https:\\\/\\\/www.eldiario.net\\\/portal\\\/#organization\"},\"image\":{\"@id\":\"https:\\\/\\\/www.eldiario.net\\\/portal\\\/2024\\\/08\\\/26\\\/elecciones-judiciales-una-desilusion-mas-de-democracia\\\/#primaryimage\"},\"thumbnailUrl\":\"https:\\\/\\\/www.eldiario.net\\\/portal\\\/wp-content\\\/uploads\\\/2023\\\/06\\\/Ignacio-Vera-de-Rada-1.jpg\",\"articleSection\":[\"Opini\u00f3n\"],\"inLanguage\":\"es\",\"potentialAction\":[{\"@type\":\"CommentAction\",\"name\":\"Comment\",\"target\":[\"https:\\\/\\\/www.eldiario.net\\\/portal\\\/2024\\\/08\\\/26\\\/elecciones-judiciales-una-desilusion-mas-de-democracia\\\/#respond\"]}]},{\"@type\":\"WebPage\",\"@id\":\"https:\\\/\\\/www.eldiario.net\\\/portal\\\/2024\\\/08\\\/26\\\/elecciones-judiciales-una-desilusion-mas-de-democracia\\\/\",\"url\":\"https:\\\/\\\/www.eldiario.net\\\/portal\\\/2024\\\/08\\\/26\\\/elecciones-judiciales-una-desilusion-mas-de-democracia\\\/\",\"name\":\"Elecciones judiciales: una (des)ilusi\u00f3n (m\u00e1s) de democracia - El Diario - Bolivia\",\"isPartOf\":{\"@id\":\"https:\\\/\\\/www.eldiario.net\\\/portal\\\/#website\"},\"primaryImageOfPage\":{\"@id\":\"https:\\\/\\\/www.eldiario.net\\\/portal\\\/2024\\\/08\\\/26\\\/elecciones-judiciales-una-desilusion-mas-de-democracia\\\/#primaryimage\"},\"image\":{\"@id\":\"https:\\\/\\\/www.eldiario.net\\\/portal\\\/2024\\\/08\\\/26\\\/elecciones-judiciales-una-desilusion-mas-de-democracia\\\/#primaryimage\"},\"thumbnailUrl\":\"https:\\\/\\\/www.eldiario.net\\\/portal\\\/wp-content\\\/uploads\\\/2023\\\/06\\\/Ignacio-Vera-de-Rada-1.jpg\",\"datePublished\":\"2024-08-26T10:16:39+00:00\",\"breadcrumb\":{\"@id\":\"https:\\\/\\\/www.eldiario.net\\\/portal\\\/2024\\\/08\\\/26\\\/elecciones-judiciales-una-desilusion-mas-de-democracia\\\/#breadcrumb\"},\"inLanguage\":\"es\",\"potentialAction\":[{\"@type\":\"ReadAction\",\"target\":[\"https:\\\/\\\/www.eldiario.net\\\/portal\\\/2024\\\/08\\\/26\\\/elecciones-judiciales-una-desilusion-mas-de-democracia\\\/\"]}]},{\"@type\":\"ImageObject\",\"inLanguage\":\"es\",\"@id\":\"https:\\\/\\\/www.eldiario.net\\\/portal\\\/2024\\\/08\\\/26\\\/elecciones-judiciales-una-desilusion-mas-de-democracia\\\/#primaryimage\",\"url\":\"https:\\\/\\\/www.eldiario.net\\\/portal\\\/wp-content\\\/uploads\\\/2023\\\/06\\\/Ignacio-Vera-de-Rada-1.jpg\",\"contentUrl\":\"https:\\\/\\\/www.eldiario.net\\\/portal\\\/wp-content\\\/uploads\\\/2023\\\/06\\\/Ignacio-Vera-de-Rada-1.jpg\",\"width\":1200,\"height\":628,\"caption\":\"Ignacio Vera de Rada\"},{\"@type\":\"BreadcrumbList\",\"@id\":\"https:\\\/\\\/www.eldiario.net\\\/portal\\\/2024\\\/08\\\/26\\\/elecciones-judiciales-una-desilusion-mas-de-democracia\\\/#breadcrumb\",\"itemListElement\":[{\"@type\":\"ListItem\",\"position\":1,\"name\":\"Portada\",\"item\":\"https:\\\/\\\/www.eldiario.net\\\/portal\\\/\"},{\"@type\":\"ListItem\",\"position\":2,\"name\":\"Elecciones judiciales: una (des)ilusi\u00f3n (m\u00e1s) de democracia\"}]},{\"@type\":\"WebSite\",\"@id\":\"https:\\\/\\\/www.eldiario.net\\\/portal\\\/#website\",\"url\":\"https:\\\/\\\/www.eldiario.net\\\/portal\\\/\",\"name\":\"El Diario - Decano de la prensa nacional\",\"description\":\"El Diario - Decano de la prensa nacional\",\"publisher\":{\"@id\":\"https:\\\/\\\/www.eldiario.net\\\/portal\\\/#organization\"},\"potentialAction\":[{\"@type\":\"SearchAction\",\"target\":{\"@type\":\"EntryPoint\",\"urlTemplate\":\"https:\\\/\\\/www.eldiario.net\\\/portal\\\/?s={search_term_string}\"},\"query-input\":{\"@type\":\"PropertyValueSpecification\",\"valueRequired\":true,\"valueName\":\"search_term_string\"}}],\"inLanguage\":\"es\"},{\"@type\":\"Organization\",\"@id\":\"https:\\\/\\\/www.eldiario.net\\\/portal\\\/#organization\",\"name\":\"El Diario - Decano de la prensa nacional\",\"url\":\"https:\\\/\\\/www.eldiario.net\\\/portal\\\/\",\"logo\":{\"@type\":\"ImageObject\",\"inLanguage\":\"es\",\"@id\":\"https:\\\/\\\/www.eldiario.net\\\/portal\\\/#\\\/schema\\\/logo\\\/image\\\/\",\"url\":\"https:\\\/\\\/www.eldiario.net\\\/portal\\\/wp-content\\\/uploads\\\/2023\\\/07\\\/logo_ED.jpg\",\"contentUrl\":\"https:\\\/\\\/www.eldiario.net\\\/portal\\\/wp-content\\\/uploads\\\/2023\\\/07\\\/logo_ED.jpg\",\"width\":272,\"height\":52,\"caption\":\"El Diario - Decano de la prensa nacional\"},\"image\":{\"@id\":\"https:\\\/\\\/www.eldiario.net\\\/portal\\\/#\\\/schema\\\/logo\\\/image\\\/\"},\"sameAs\":[\"https:\\\/\\\/www.facebook.com\\\/eldiario.bolivia\\\/\",\"https:\\\/\\\/x.com\\\/eldiario_net\"]},{\"@type\":\"Person\",\"@id\":\"https:\\\/\\\/www.eldiario.net\\\/portal\\\/#\\\/schema\\\/person\\\/f46445640444750d7d753ccd04ae01b7\",\"name\":\"Jeanette\",\"image\":{\"@type\":\"ImageObject\",\"inLanguage\":\"es\",\"@id\":\"https:\\\/\\\/secure.gravatar.com\\\/avatar\\\/3ea2118a5f7dad2b7138b1187a6b7ee55f160b9968b66013c3a3ef39dd7e5798?s=96&d=mm&r=g\",\"url\":\"https:\\\/\\\/secure.gravatar.com\\\/avatar\\\/3ea2118a5f7dad2b7138b1187a6b7ee55f160b9968b66013c3a3ef39dd7e5798?s=96&d=mm&r=g\",\"contentUrl\":\"https:\\\/\\\/secure.gravatar.com\\\/avatar\\\/3ea2118a5f7dad2b7138b1187a6b7ee55f160b9968b66013c3a3ef39dd7e5798?s=96&d=mm&r=g\",\"caption\":\"Jeanette\"},\"sameAs\":[\"https:\\\/\\\/www.eldiario.net\\\/portal\"],\"url\":\"https:\\\/\\\/www.eldiario.net\\\/portal\\\/author\\\/jeanette\\\/\"}]}<\/script>\n<!-- \/ Yoast SEO plugin. -->","yoast_head_json":{"title":"Elecciones judiciales: una (des)ilusi\u00f3n (m\u00e1s) de democracia - El Diario - Bolivia","robots":{"index":"index","follow":"follow","max-snippet":"max-snippet:-1","max-image-preview":"max-image-preview:large","max-video-preview":"max-video-preview:-1"},"canonical":"https:\/\/www.eldiario.net\/portal\/2024\/08\/26\/elecciones-judiciales-una-desilusion-mas-de-democracia\/","og_locale":"es_ES","og_type":"article","og_title":"Elecciones judiciales: una (des)ilusi\u00f3n (m\u00e1s) de democracia - El Diario - Bolivia","og_description":"El domingo 18 de agosto, promovida por diversas fundaciones y comunidades, financiada por la Uni\u00f3n Europea y la Cooperaci\u00f3n Espa\u00f1ola e impresa por el peri\u00f3dico EL DIARIO, se public\u00f3 una separata titulada Elecci\u00f3n de altas autoridades del \u00d3rgano Judicial y del Tribunal Constitucional Plurinacional, que reun\u00eda una semblanza breve de todos los postulantes a jueces, [&hellip;]","og_url":"https:\/\/www.eldiario.net\/portal\/2024\/08\/26\/elecciones-judiciales-una-desilusion-mas-de-democracia\/","og_site_name":"El Diario - Bolivia","article_publisher":"https:\/\/www.facebook.com\/eldiario.bolivia\/","article_published_time":"2024-08-26T10:16:39+00:00","og_image":[{"width":1200,"height":628,"url":"https:\/\/www.eldiario.net\/portal\/wp-content\/uploads\/2023\/06\/Ignacio-Vera-de-Rada-1.jpg","type":"image\/jpeg"}],"author":"Jeanette","twitter_card":"summary_large_image","twitter_creator":"@eldiario_net","twitter_site":"@eldiario_net","twitter_misc":{"Escrito por":"Jeanette","Tiempo de lectura":"4 minutos"},"schema":{"@context":"https:\/\/schema.org","@graph":[{"@type":"Article","@id":"https:\/\/www.eldiario.net\/portal\/2024\/08\/26\/elecciones-judiciales-una-desilusion-mas-de-democracia\/#article","isPartOf":{"@id":"https:\/\/www.eldiario.net\/portal\/2024\/08\/26\/elecciones-judiciales-una-desilusion-mas-de-democracia\/"},"author":{"name":"Jeanette","@id":"https:\/\/www.eldiario.net\/portal\/#\/schema\/person\/f46445640444750d7d753ccd04ae01b7"},"headline":"Elecciones judiciales: una (des)ilusi\u00f3n (m\u00e1s) de democracia","datePublished":"2024-08-26T10:16:39+00:00","mainEntityOfPage":{"@id":"https:\/\/www.eldiario.net\/portal\/2024\/08\/26\/elecciones-judiciales-una-desilusion-mas-de-democracia\/"},"wordCount":848,"commentCount":0,"publisher":{"@id":"https:\/\/www.eldiario.net\/portal\/#organization"},"image":{"@id":"https:\/\/www.eldiario.net\/portal\/2024\/08\/26\/elecciones-judiciales-una-desilusion-mas-de-democracia\/#primaryimage"},"thumbnailUrl":"https:\/\/www.eldiario.net\/portal\/wp-content\/uploads\/2023\/06\/Ignacio-Vera-de-Rada-1.jpg","articleSection":["Opini\u00f3n"],"inLanguage":"es","potentialAction":[{"@type":"CommentAction","name":"Comment","target":["https:\/\/www.eldiario.net\/portal\/2024\/08\/26\/elecciones-judiciales-una-desilusion-mas-de-democracia\/#respond"]}]},{"@type":"WebPage","@id":"https:\/\/www.eldiario.net\/portal\/2024\/08\/26\/elecciones-judiciales-una-desilusion-mas-de-democracia\/","url":"https:\/\/www.eldiario.net\/portal\/2024\/08\/26\/elecciones-judiciales-una-desilusion-mas-de-democracia\/","name":"Elecciones judiciales: una (des)ilusi\u00f3n (m\u00e1s) de democracia - El Diario - Bolivia","isPartOf":{"@id":"https:\/\/www.eldiario.net\/portal\/#website"},"primaryImageOfPage":{"@id":"https:\/\/www.eldiario.net\/portal\/2024\/08\/26\/elecciones-judiciales-una-desilusion-mas-de-democracia\/#primaryimage"},"image":{"@id":"https:\/\/www.eldiario.net\/portal\/2024\/08\/26\/elecciones-judiciales-una-desilusion-mas-de-democracia\/#primaryimage"},"thumbnailUrl":"https:\/\/www.eldiario.net\/portal\/wp-content\/uploads\/2023\/06\/Ignacio-Vera-de-Rada-1.jpg","datePublished":"2024-08-26T10:16:39+00:00","breadcrumb":{"@id":"https:\/\/www.eldiario.net\/portal\/2024\/08\/26\/elecciones-judiciales-una-desilusion-mas-de-democracia\/#breadcrumb"},"inLanguage":"es","potentialAction":[{"@type":"ReadAction","target":["https:\/\/www.eldiario.net\/portal\/2024\/08\/26\/elecciones-judiciales-una-desilusion-mas-de-democracia\/"]}]},{"@type":"ImageObject","inLanguage":"es","@id":"https:\/\/www.eldiario.net\/portal\/2024\/08\/26\/elecciones-judiciales-una-desilusion-mas-de-democracia\/#primaryimage","url":"https:\/\/www.eldiario.net\/portal\/wp-content\/uploads\/2023\/06\/Ignacio-Vera-de-Rada-1.jpg","contentUrl":"https:\/\/www.eldiario.net\/portal\/wp-content\/uploads\/2023\/06\/Ignacio-Vera-de-Rada-1.jpg","width":1200,"height":628,"caption":"Ignacio Vera de Rada"},{"@type":"BreadcrumbList","@id":"https:\/\/www.eldiario.net\/portal\/2024\/08\/26\/elecciones-judiciales-una-desilusion-mas-de-democracia\/#breadcrumb","itemListElement":[{"@type":"ListItem","position":1,"name":"Portada","item":"https:\/\/www.eldiario.net\/portal\/"},{"@type":"ListItem","position":2,"name":"Elecciones judiciales: una (des)ilusi\u00f3n (m\u00e1s) de democracia"}]},{"@type":"WebSite","@id":"https:\/\/www.eldiario.net\/portal\/#website","url":"https:\/\/www.eldiario.net\/portal\/","name":"El Diario - Decano de la prensa nacional","description":"El Diario - Decano de la prensa nacional","publisher":{"@id":"https:\/\/www.eldiario.net\/portal\/#organization"},"potentialAction":[{"@type":"SearchAction","target":{"@type":"EntryPoint","urlTemplate":"https:\/\/www.eldiario.net\/portal\/?s={search_term_string}"},"query-input":{"@type":"PropertyValueSpecification","valueRequired":true,"valueName":"search_term_string"}}],"inLanguage":"es"},{"@type":"Organization","@id":"https:\/\/www.eldiario.net\/portal\/#organization","name":"El Diario - Decano de la prensa nacional","url":"https:\/\/www.eldiario.net\/portal\/","logo":{"@type":"ImageObject","inLanguage":"es","@id":"https:\/\/www.eldiario.net\/portal\/#\/schema\/logo\/image\/","url":"https:\/\/www.eldiario.net\/portal\/wp-content\/uploads\/2023\/07\/logo_ED.jpg","contentUrl":"https:\/\/www.eldiario.net\/portal\/wp-content\/uploads\/2023\/07\/logo_ED.jpg","width":272,"height":52,"caption":"El Diario - Decano de la prensa nacional"},"image":{"@id":"https:\/\/www.eldiario.net\/portal\/#\/schema\/logo\/image\/"},"sameAs":["https:\/\/www.facebook.com\/eldiario.bolivia\/","https:\/\/x.com\/eldiario_net"]},{"@type":"Person","@id":"https:\/\/www.eldiario.net\/portal\/#\/schema\/person\/f46445640444750d7d753ccd04ae01b7","name":"Jeanette","image":{"@type":"ImageObject","inLanguage":"es","@id":"https:\/\/secure.gravatar.com\/avatar\/3ea2118a5f7dad2b7138b1187a6b7ee55f160b9968b66013c3a3ef39dd7e5798?s=96&d=mm&r=g","url":"https:\/\/secure.gravatar.com\/avatar\/3ea2118a5f7dad2b7138b1187a6b7ee55f160b9968b66013c3a3ef39dd7e5798?s=96&d=mm&r=g","contentUrl":"https:\/\/secure.gravatar.com\/avatar\/3ea2118a5f7dad2b7138b1187a6b7ee55f160b9968b66013c3a3ef39dd7e5798?s=96&d=mm&r=g","caption":"Jeanette"},"sameAs":["https:\/\/www.eldiario.net\/portal"],"url":"https:\/\/www.eldiario.net\/portal\/author\/jeanette\/"}]}},"_links":{"self":[{"href":"https:\/\/www.eldiario.net\/portal\/wp-json\/wp\/v2\/posts\/243232","targetHints":{"allow":["GET"]}}],"collection":[{"href":"https:\/\/www.eldiario.net\/portal\/wp-json\/wp\/v2\/posts"}],"about":[{"href":"https:\/\/www.eldiario.net\/portal\/wp-json\/wp\/v2\/types\/post"}],"author":[{"embeddable":true,"href":"https:\/\/www.eldiario.net\/portal\/wp-json\/wp\/v2\/users\/1"}],"replies":[{"embeddable":true,"href":"https:\/\/www.eldiario.net\/portal\/wp-json\/wp\/v2\/comments?post=243232"}],"version-history":[{"count":1,"href":"https:\/\/www.eldiario.net\/portal\/wp-json\/wp\/v2\/posts\/243232\/revisions"}],"predecessor-version":[{"id":243233,"href":"https:\/\/www.eldiario.net\/portal\/wp-json\/wp\/v2\/posts\/243232\/revisions\/243233"}],"wp:featuredmedia":[{"embeddable":true,"href":"https:\/\/www.eldiario.net\/portal\/wp-json\/wp\/v2\/media\/158964"}],"wp:attachment":[{"href":"https:\/\/www.eldiario.net\/portal\/wp-json\/wp\/v2\/media?parent=243232"}],"wp:term":[{"taxonomy":"category","embeddable":true,"href":"https:\/\/www.eldiario.net\/portal\/wp-json\/wp\/v2\/categories?post=243232"},{"taxonomy":"post_tag","embeddable":true,"href":"https:\/\/www.eldiario.net\/portal\/wp-json\/wp\/v2\/tags?post=243232"}],"curies":[{"name":"wp","href":"https:\/\/api.w.org\/{rel}","templated":true}]}}