{"id":243225,"date":"2024-08-26T06:15:41","date_gmt":"2024-08-26T10:15:41","guid":{"rendered":"https:\/\/www.eldiario.net\/portal\/?p=243225"},"modified":"2024-08-26T06:15:41","modified_gmt":"2024-08-26T10:15:41","slug":"crisis-economica-ya-impacto-en-el-autoempleo-y-reduce-ingresos","status":"publish","type":"post","link":"https:\/\/www.eldiario.net\/portal\/2024\/08\/26\/crisis-economica-ya-impacto-en-el-autoempleo-y-reduce-ingresos\/","title":{"rendered":"Crisis econ\u00f3mica ya impact\u00f3 en el autoempleo y reduce ingresos"},"content":{"rendered":"<p>La crisis econ\u00f3mica provocada por el d\u00e9ficit fiscal, ocasion\u00f3 la escasez de d\u00f3lares, la falta de combustible y la ausencia de inversi\u00f3n privada en la econom\u00eda nacional, que impacta negativamente en el autoempleo, emprendimientos peque\u00f1os y en la reducci\u00f3n de ingresos. Economistas alertan que la crisis multidimensional amenaza la estabilidad y el futuro del pa\u00eds.<br \/>\nLas peque\u00f1as y micro empresas ya sienten los efectos de la crisis del d\u00f3lar, pues la materia prima se encareci\u00f3 y por lo tanto los productos tambi\u00e9n, pero al elevar el valor de la oferta, las ventas bajaron.<br \/>\nHace d\u00edas, el Instituto Nacional de Estad\u00edstica (INE) public\u00f3 el crecimiento del Producto Interno Bruto (PIB), con retraso, de 1,31% al primer trimestre de la presente gesti\u00f3n, cuya cifra fue calificada por economistas como poco transparente, porque se\u00f1alan que el pa\u00eds ingres\u00f3 en recesi\u00f3n, mientras otros sostienen que Bolivia entr\u00f3 nuevamente en una desaceleraci\u00f3n.<br \/>\nEl pr\u00f3ximo 2 de septiembre saldr\u00e1n a las calles gremialistas, cuentapropistas y emprendedores por la falta de d\u00f3lares, escasez de combustibles y aumento del precio de productos en el mercado nacional.<br \/>\nAsimismo, la devaluaci\u00f3n del boliviano est\u00e1 por encima del 15%, y en algunos casos el porcentaje llega a 30%, lo que reduce el poder de la compras de los bolivianos. Si bien la econom\u00eda macro ya presentaba cifras negativas, est\u00e1s pasaron a la microeconom\u00eda, es decir, al bolsillo de la gente, pues siente que los recursos ya no alcanzan, seg\u00fan reflexion\u00f3 el presidente del Colegio Departamental de Economistas de Tarija, Fernando Romero, en una entrevista anterior.<br \/>\nLa Fundaci\u00f3n Milenio, en julio, anticip\u00f3 la crisis, y ya se observaba los efectos de la crisis en la poblaci\u00f3n, al indicar que el rostro social de la crisis est\u00e1 en la precarizaci\u00f3n del empleo, informalizaci\u00f3n y cuentapropismo.<br \/>\nPor su parte, el consultor financiero Jaime Dunn, en sus redes sociales, alert\u00f3 que Bolivia enfrenta una crisis multidimensional y amenaza la estabilidad y, por supuesto, nuestro futuro, cuyo resultado viene de pol\u00edticas err\u00f3neas y corrupci\u00f3n institucionalizada, y el gobierno perdi\u00f3 definitivamente el rumbo.<\/p>\n<p>Ocupaci\u00f3n<br \/>\nLa paradoja del mercado laboral en Bolivia es que, exhibiendo una tasa de ocupaci\u00f3n considerablemente alta, arrastra un problema cr\u00f3nico de precarizaci\u00f3n, que se refleja en el inusitado crecimiento del cuentapropismo -un tipo de ocupaci\u00f3n eminentemente informal, desprotegida y casi siempre mal remunerada-, se\u00f1ala Milenio.<br \/>\n\u201cActualmente, la informalizaci\u00f3n es una caracter\u00edstica omnipresente en la econom\u00eda boliviana: el 70% de los hogares urbanos del pa\u00eds se encuentran en situaci\u00f3n de ocupaci\u00f3n informal. El desempe\u00f1o del mercado laboral en la gesti\u00f3n 2023, corrobora las dificultades persistentes para recuperar el nivel de ingresos familiares perdidos desde la irrupci\u00f3n de la pandemia. En efecto, el ingreso laboral promedio se ha mantenido pr\u00e1cticamente sin cambios desde mediados de 2022, cuando abandona una tendencia ascendente, para ingresar en una trayectoria plana. Como resultado, el ingreso promedio de 2023 es 13% que el ingreso promedio de 2019, lo cual indica que la situaci\u00f3n laboral del pa\u00eds sigue marcada por el deterioro en la calidad de los empleos y por tanto en las condiciones de vida de la mayor\u00eda de los bolivianos\u201d, sostiene.<br \/>\nEn la presentaci\u00f3n del informe econ\u00f3mico de Milenio hace un mes atr\u00e1s, el economista Gabriel Espinoza, uno de los colaboradores, dijo que la informalidad est\u00e1 llegando a su l\u00edmite, por el n\u00famero de personas que ingresan a este sector.<\/p>\n<p>Ocupaci\u00f3n y empleo<br \/>\nEn 2023, el nivel de desocupaci\u00f3n en el mercado laboral lleg\u00f3 a 3,9%, consistentemente con la tendencia de ca\u00edda de este indicador desde la salida de la pandemia (cuando lleg\u00f3 a cifras r\u00e9cord de hasta el 10,8%). La Poblaci\u00f3n Ocupada en el \u00e1mbito urbano ha pasado de 4,39 millones en 2022 a 4,56 millones en 2023, lo que supone un crecimiento anual de 4% en el total de la poblaci\u00f3n que declara estar ocupada, se\u00f1ala Milenio.<br \/>\nEse crecimiento es m\u00e1s del doble del registrado un a\u00f1o atr\u00e1s, de solamente 1,6%. El inusual incremento en la poblaci\u00f3n ocupada viene impulsado por la mayor incorporaci\u00f3n de mujeres al mercado laboral. As\u00ed, mientras la poblaci\u00f3n femenina ocupada en 2023 avanz\u00f3 a una tasa de 5,9%, la poblaci\u00f3n ocupada de hombres creci\u00f3 tan solo 2,3%, respecto de la tasa registrada en 2022, agrega.<br \/>\nEntretanto, en reiteradas oportunidades, economistas, como Gonzalo Ch\u00e1vez, Fernando Romero, Dar\u00edo Monasterio y Gabriel Espinoza, por separado, indican que el desempleo es alto, y que el dato del aumento de ocupados, encierra una serie de precariedades, as\u00ed como ingresos de supervivencia, ya que ganan para su gasto del d\u00eda.<br \/>\nAun as\u00ed, el nivel bajo de desocupaci\u00f3n abierta, se constata con la desaceleraci\u00f3n en el ritmo de creaci\u00f3n de nuevos empleos y mucho m\u00e1s trat\u00e1ndose de hombres que de mujeres. La creaci\u00f3n menguante de nuevos empleos (formales e informales) se da desde mediados de 2021, y se ha acentuado en los a\u00f1os 2022 y 2023. Este fen\u00f3meno es m\u00e1s evidente cuando se compara con la situaci\u00f3n laboral previa al estallido de la pandemia. Ello sugiere una saturaci\u00f3n en ciertas actividades que tienen m\u00e1s dificultades para absorber a nuevos trabajadores, incluso en aquellos rubros donde predominan las labores por cuenta propia, detalla Milenio.<br \/>\nLa situaci\u00f3n de Bolivia empez\u00f3 agudizarse, con la permanente escasez de d\u00f3lares al tipo de cambio oficial, la escasez de combustibles, cuyos hechos provocaron un alza de los insumos y de las materias primas, que importan la industria nacional.<\/p>\n<p>Tasa de participaci\u00f3n laboral<br \/>\nLa tasa de participaci\u00f3n ha presentado un incremento sustancial, sobre todo en el trienio 2021-2023. Para los hogares, que buscan compensar una ca\u00edda pronunciada de los ingresos laborales, la incorporaci\u00f3n de m\u00e1s miembros de la familia al mercado laboral es una estrategia recurrente.<br \/>\nLa mayor participaci\u00f3n laboral se da ante todo por cuenta de las mujeres, cuya tasa de participaci\u00f3n ha subido en m\u00e1s del 8%, pasando de una tasa promedio del 60% al t\u00e9rmino de 2019 a una tasa de 68,4% al concluir el 2023; siendo \u00e9sta la tasa de participaci\u00f3n m\u00e1s alta en la etapa posterior a la emergencia sanitaria.<br \/>\n\u201cSi bien la tasa de participaci\u00f3n de los hombres ha crecido, su magnitud es considerablemente menor que la tasa de participaci\u00f3n de las mujeres. Esto sugiere que el esfuerzo de las familias por insertar a sus miembros al mercado laboral, y con ello acrecentar de alguna manera los ingresos del hogar, est\u00e1 muy centrado en el trabajo de las mujeres\u201d, sostiene Milenio.<\/p>\n<p>Crece el cuentapropismo<br \/>\nLa inserci\u00f3n laboral de nuevos integrantes del hogar est\u00e1 fuertemente asociada con las actividades cuentapropistas, las cuales entre 2022 y 2023 tuvieron un incremento de la poblaci\u00f3n ocupada en ellas del orden del 6,4%, indica Milenio.<br \/>\nComparativamente, el aumento en el nivel de ocupaci\u00f3n de Obreros o Empleados Asalariados ha sido de 2,1%. Tambi\u00e9n se debe destacar el aumento de la ocupaci\u00f3n de las mujeres en actividades de servicios dom\u00e9sticos, con una tasa de crecimiento de 38%, habiendo pasado de 89 mil mujeres ocupadas en 2022 a un poco m\u00e1s de 119 mil en 2023.<\/p>\n<p>Deterioro de los ingresos<br \/>\nA pesar de una mejor\u00eda en los indicadores de ocupaci\u00f3n, los ingresos laborales contin\u00faan mostrando cifras similares o peores que en el periodo previo a la pandemia. Esto acontece pese a los incrementos salariales decretados por el gobierno desde el a\u00f1o 2021; incrementos por encima de la tasa de inflaci\u00f3n anual y cuyo prop\u00f3sito declarado ha sido mejorar los ingresos de los trabajadores y de las familias, y especialmente de las de bajos ingresos. De hecho, si al t\u00e9rmino de 2019 el ingreso laboral promedio en el \u00e1rea urbana era de 3.212 bolivianos, a la conclusi\u00f3n de 2023 el ingreso salarial medio se hallaba en 2.800 bolivianos; vale decir, un 13% menos.<br \/>\nEse nivel de ingreso laboral se ha mantenido pr\u00e1cticamente sin cambios desde mediados de 2022, momento en el cual los ingresos dejan de registrar una tendencia ascendente, para ingresar en una trayectoria plana. En otras palabras, los ingresos laborales todav\u00eda no han vuelto a los niveles de hace 4 a\u00f1os atr\u00e1s.<br \/>\nLa tendencia de deterioro de los ingresos laborales es coherente con el incremento de la ocupaci\u00f3n en sectores dominados por el segmento sociolaboral de cuentapropistas o no asalariados y en los cuales los ingresos no siempre est\u00e1n garantizados. Ello, a no dudarlo, repercute sobre el ingreso laboral consolidado de los hogares, que registra una ca\u00edda de 5% entre 2019 y 2023, habiendo pasado de 4.850 bolivianos a 4.590 bolivianos, en promedio.<\/p>\n<p>Informalizaci\u00f3n del empleo<br \/>\nEn los a\u00f1os que han seguido a la pandemia, la tendencia a la informalizaci\u00f3n del empleo ha adquirido m\u00e1s fuerza; y ya no \u00fanicamente como un problema que ata\u00f1e a los trabajadores individuales, sino tambi\u00e9n a los hogares, entendida como unidad de toma de decisiones (por ejemplo, para el consumo o adquisici\u00f3n de deudas). As\u00ed pues, si en 2019 el 65% de los hogares se hallaban dentro del mercado informal urbano, para 2023 esa cifra abarca pr\u00e1cticamente al 70% de los hogares en situaci\u00f3n de ocupaci\u00f3n laboral.<\/p>\n\r\n                <style type=\"text\/css\">\r\n                    \r\n                    #tdi_1  .td-doubleSlider-2 .td-item1 {\r\n                        background: url(https:\/\/www.eldiario.net\/portal\/wp-content\/uploads\/2024\/08\/crisis-1-1-80x60.jpg) 0 0 no-repeat;\r\n                    }\r\n                    #tdi_1  .td-doubleSlider-2 .td-item2 {\r\n                        background: url(https:\/\/www.eldiario.net\/portal\/wp-content\/uploads\/2024\/08\/crisis-2-80x60.jpg) 0 0 no-repeat;\r\n                    }\r\n                    #tdi_1  .td-doubleSlider-2 .td-item3 {\r\n                        background: url(https:\/\/www.eldiario.net\/portal\/wp-content\/uploads\/2024\/08\/crisis-3-80x60.jpg) 0 0 no-repeat;\r\n                    }\r\n                <\/style>\r\n\r\n                <div id=\"tdi_1\" class=\"td-gallery td-slide-on-2-columns\">\r\n                    <div class=\"post_td_gallery\">\r\n                        <div class=\"td-gallery-slide-top\">\r\n                           <div class=\"td-gallery-title\"><\/div>\r\n\r\n                            <div class=\"td-gallery-controls-wrapper\">\r\n                                <div class=\"td-gallery-slide-count\"><span class=\"td-gallery-slide-item-focus\">1<\/span> de 3<\/div>\r\n                                <div class=\"td-gallery-slide-prev-next-but\">\r\n                                    <i class = \"td-icon-left doubleSliderPrevButton\"><\/i>\r\n                                    <i class = \"td-icon-right doubleSliderNextButton\"><\/i>\r\n                                <\/div>\r\n                            <\/div>\r\n                        <\/div>\r\n\r\n                        <div class = \"td-doubleSlider-1 \">\r\n                            <div class = \"td-slider\">\r\n                                \r\n                    <div class = \"td-slide-item td-item1\">\r\n                        <figure class=\"td-slide-galery-figure td-slide-popup-gallery\">\r\n                            <a class=\"slide-gallery-image-link\" href=\"https:\/\/www.eldiario.net\/portal\/wp-content\/uploads\/2024\/08\/crisis-1-1.jpg\" title=\"crisis 1\"  data-caption=\"\"  data-description=\"\">\r\n                                <img decoding=\"async\" src=\"https:\/\/www.eldiario.net\/portal\/wp-content\/uploads\/2024\/08\/crisis-1-1.jpg\" srcset=\"https:\/\/www.eldiario.net\/portal\/wp-content\/uploads\/2024\/08\/crisis-1-1.jpg 608w, https:\/\/www.eldiario.net\/portal\/wp-content\/uploads\/2024\/08\/crisis-1-1-300x204.jpg 300w\" sizes=\"(max-width: 608px) 100vw, 608px\" alt=\"\">\r\n                            <\/a>\r\n                            \r\n                        <\/figure>\r\n                    <\/div>\r\n                    <div class = \"td-slide-item td-item2\">\r\n                        <figure class=\"td-slide-galery-figure td-slide-popup-gallery\">\r\n                            <a class=\"slide-gallery-image-link\" href=\"https:\/\/www.eldiario.net\/portal\/wp-content\/uploads\/2024\/08\/crisis-2.jpg\" title=\"crisis 2\"  data-caption=\"\"  data-description=\"\">\r\n                                <img decoding=\"async\" src=\"https:\/\/www.eldiario.net\/portal\/wp-content\/uploads\/2024\/08\/crisis-2.jpg\" srcset=\"https:\/\/www.eldiario.net\/portal\/wp-content\/uploads\/2024\/08\/crisis-2.jpg 613w, https:\/\/www.eldiario.net\/portal\/wp-content\/uploads\/2024\/08\/crisis-2-300x172.jpg 300w\" sizes=\"(max-width: 613px) 100vw, 613px\" alt=\"\">\r\n                            <\/a>\r\n                            \r\n                        <\/figure>\r\n                    <\/div>\r\n                    <div class = \"td-slide-item td-item3\">\r\n                        <figure class=\"td-slide-galery-figure td-slide-popup-gallery\">\r\n                            <a class=\"slide-gallery-image-link\" href=\"https:\/\/www.eldiario.net\/portal\/wp-content\/uploads\/2024\/08\/crisis-3.jpg\" title=\"crisis 3\"  data-caption=\"\"  data-description=\"\">\r\n                                <img decoding=\"async\" src=\"https:\/\/www.eldiario.net\/portal\/wp-content\/uploads\/2024\/08\/crisis-3-630x420.jpg\" srcset=\"https:\/\/www.eldiario.net\/portal\/wp-content\/uploads\/2024\/08\/crisis-3-630x420.jpg 630w, https:\/\/www.eldiario.net\/portal\/wp-content\/uploads\/2024\/08\/crisis-3-300x200.jpg 300w, https:\/\/www.eldiario.net\/portal\/wp-content\/uploads\/2024\/08\/crisis-3-768x512.jpg 768w, https:\/\/www.eldiario.net\/portal\/wp-content\/uploads\/2024\/08\/crisis-3-696x464.jpg 696w, https:\/\/www.eldiario.net\/portal\/wp-content\/uploads\/2024\/08\/crisis-3.jpg 850w\" sizes=\"(max-width: 630px) 100vw, 630px\" alt=\"\">\r\n                            <\/a>\r\n                            \r\n                        <\/figure>\r\n                    <\/div>\r\n                            <\/div>\r\n                        <\/div>\r\n\r\n                        <div class = \"td-doubleSlider-2\">\r\n                            <div class = \"td-slider\">\r\n                                \r\n                    <div class = \"td-button td-item1\">\r\n                        <div class = \"td-border\"><\/div>\r\n                    <\/div>\r\n                    <div class = \"td-button td-item2\">\r\n                        <div class = \"td-border\"><\/div>\r\n                    <\/div>\r\n                    <div class = \"td-button td-item3\">\r\n                        <div class = \"td-border\"><\/div>\r\n                    <\/div>\r\n                            <\/div>\r\n                        <\/div>\r\n\r\n                    <\/div>\r\n\r\n                <\/div>\r\n                \n<p>&nbsp;<\/p>\n","protected":false},"excerpt":{"rendered":"<p>La crisis econ\u00f3mica provocada por el d\u00e9ficit fiscal, ocasion\u00f3 la escasez de d\u00f3lares, la falta de combustible y la ausencia de inversi\u00f3n privada en la econom\u00eda nacional, que impacta negativamente en el autoempleo, emprendimientos peque\u00f1os y en la reducci\u00f3n de ingresos. Economistas alertan que la crisis multidimensional amenaza la estabilidad y el futuro del pa\u00eds. [&hellip;]<\/p>\n","protected":false},"author":1,"featured_media":243226,"comment_status":"open","ping_status":"open","sticky":false,"template":"","format":"standard","meta":{"_acf_changed":false,"footnotes":""},"categories":[7],"tags":[],"class_list":["post-243225","post","type-post","status-publish","format-standard","has-post-thumbnail","category-economia"],"acf":{"antetitulo":"Seg\u00fan economistas"},"yoast_head":"<!-- This site is optimized with the Yoast SEO plugin v28.3 - https:\/\/yoast.com\/product\/yoast-seo-wordpress\/ -->\n<title>Crisis econ\u00f3mica ya impact\u00f3 en el autoempleo y reduce ingresos - El Diario - Bolivia<\/title>\n<meta name=\"robots\" content=\"index, follow, max-snippet:-1, max-image-preview:large, max-video-preview:-1\" \/>\n<link rel=\"canonical\" href=\"https:\/\/www.eldiario.net\/portal\/2024\/08\/26\/crisis-economica-ya-impacto-en-el-autoempleo-y-reduce-ingresos\/\" \/>\n<meta property=\"og:locale\" content=\"es_ES\" \/>\n<meta property=\"og:type\" content=\"article\" \/>\n<meta property=\"og:title\" content=\"Crisis econ\u00f3mica ya impact\u00f3 en el autoempleo y reduce ingresos - El Diario - Bolivia\" \/>\n<meta property=\"og:description\" content=\"La crisis econ\u00f3mica provocada por el d\u00e9ficit fiscal, ocasion\u00f3 la escasez de d\u00f3lares, la falta de combustible y la ausencia de inversi\u00f3n privada en la econom\u00eda nacional, que impacta negativamente en el autoempleo, emprendimientos peque\u00f1os y en la reducci\u00f3n de ingresos. Economistas alertan que la crisis multidimensional amenaza la estabilidad y el futuro del pa\u00eds. [&hellip;]\" \/>\n<meta property=\"og:url\" content=\"https:\/\/www.eldiario.net\/portal\/2024\/08\/26\/crisis-economica-ya-impacto-en-el-autoempleo-y-reduce-ingresos\/\" \/>\n<meta property=\"og:site_name\" content=\"El Diario - Bolivia\" \/>\n<meta property=\"article:publisher\" content=\"https:\/\/www.facebook.com\/eldiario.bolivia\/\" \/>\n<meta property=\"article:published_time\" content=\"2024-08-26T10:15:41+00:00\" \/>\n<meta property=\"og:image\" content=\"https:\/\/www.eldiario.net\/portal\/wp-content\/uploads\/2024\/08\/crisis-1-1.jpg\" \/>\n\t<meta property=\"og:image:width\" content=\"608\" \/>\n\t<meta property=\"og:image:height\" content=\"414\" \/>\n\t<meta property=\"og:image:type\" content=\"image\/jpeg\" \/>\n<meta name=\"author\" content=\"Jeanette\" \/>\n<meta name=\"twitter:card\" content=\"summary_large_image\" \/>\n<meta name=\"twitter:creator\" content=\"@eldiario_net\" \/>\n<meta name=\"twitter:site\" content=\"@eldiario_net\" \/>\n<meta name=\"twitter:label1\" content=\"Escrito por\" \/>\n\t<meta name=\"twitter:data1\" content=\"Jeanette\" \/>\n\t<meta name=\"twitter:label2\" content=\"Tiempo de lectura\" \/>\n\t<meta name=\"twitter:data2\" content=\"7 minutos\" \/>\n<script type=\"application\/ld+json\" class=\"yoast-schema-graph\">{\"@context\":\"https:\\\/\\\/schema.org\",\"@graph\":[{\"@type\":\"Article\",\"@id\":\"https:\\\/\\\/www.eldiario.net\\\/portal\\\/2024\\\/08\\\/26\\\/crisis-economica-ya-impacto-en-el-autoempleo-y-reduce-ingresos\\\/#article\",\"isPartOf\":{\"@id\":\"https:\\\/\\\/www.eldiario.net\\\/portal\\\/2024\\\/08\\\/26\\\/crisis-economica-ya-impacto-en-el-autoempleo-y-reduce-ingresos\\\/\"},\"author\":{\"name\":\"Jeanette\",\"@id\":\"https:\\\/\\\/www.eldiario.net\\\/portal\\\/#\\\/schema\\\/person\\\/f46445640444750d7d753ccd04ae01b7\"},\"headline\":\"Crisis econ\u00f3mica ya impact\u00f3 en el autoempleo y reduce ingresos\",\"datePublished\":\"2024-08-26T10:15:41+00:00\",\"mainEntityOfPage\":{\"@id\":\"https:\\\/\\\/www.eldiario.net\\\/portal\\\/2024\\\/08\\\/26\\\/crisis-economica-ya-impacto-en-el-autoempleo-y-reduce-ingresos\\\/\"},\"wordCount\":1574,\"commentCount\":0,\"publisher\":{\"@id\":\"https:\\\/\\\/www.eldiario.net\\\/portal\\\/#organization\"},\"image\":{\"@id\":\"https:\\\/\\\/www.eldiario.net\\\/portal\\\/2024\\\/08\\\/26\\\/crisis-economica-ya-impacto-en-el-autoempleo-y-reduce-ingresos\\\/#primaryimage\"},\"thumbnailUrl\":\"https:\\\/\\\/www.eldiario.net\\\/portal\\\/wp-content\\\/uploads\\\/2024\\\/08\\\/crisis-1-1.jpg\",\"articleSection\":[\"Econom\u00eda\"],\"inLanguage\":\"es\",\"potentialAction\":[{\"@type\":\"CommentAction\",\"name\":\"Comment\",\"target\":[\"https:\\\/\\\/www.eldiario.net\\\/portal\\\/2024\\\/08\\\/26\\\/crisis-economica-ya-impacto-en-el-autoempleo-y-reduce-ingresos\\\/#respond\"]}]},{\"@type\":\"WebPage\",\"@id\":\"https:\\\/\\\/www.eldiario.net\\\/portal\\\/2024\\\/08\\\/26\\\/crisis-economica-ya-impacto-en-el-autoempleo-y-reduce-ingresos\\\/\",\"url\":\"https:\\\/\\\/www.eldiario.net\\\/portal\\\/2024\\\/08\\\/26\\\/crisis-economica-ya-impacto-en-el-autoempleo-y-reduce-ingresos\\\/\",\"name\":\"Crisis econ\u00f3mica ya impact\u00f3 en el autoempleo y reduce ingresos - El Diario - Bolivia\",\"isPartOf\":{\"@id\":\"https:\\\/\\\/www.eldiario.net\\\/portal\\\/#website\"},\"primaryImageOfPage\":{\"@id\":\"https:\\\/\\\/www.eldiario.net\\\/portal\\\/2024\\\/08\\\/26\\\/crisis-economica-ya-impacto-en-el-autoempleo-y-reduce-ingresos\\\/#primaryimage\"},\"image\":{\"@id\":\"https:\\\/\\\/www.eldiario.net\\\/portal\\\/2024\\\/08\\\/26\\\/crisis-economica-ya-impacto-en-el-autoempleo-y-reduce-ingresos\\\/#primaryimage\"},\"thumbnailUrl\":\"https:\\\/\\\/www.eldiario.net\\\/portal\\\/wp-content\\\/uploads\\\/2024\\\/08\\\/crisis-1-1.jpg\",\"datePublished\":\"2024-08-26T10:15:41+00:00\",\"breadcrumb\":{\"@id\":\"https:\\\/\\\/www.eldiario.net\\\/portal\\\/2024\\\/08\\\/26\\\/crisis-economica-ya-impacto-en-el-autoempleo-y-reduce-ingresos\\\/#breadcrumb\"},\"inLanguage\":\"es\",\"potentialAction\":[{\"@type\":\"ReadAction\",\"target\":[\"https:\\\/\\\/www.eldiario.net\\\/portal\\\/2024\\\/08\\\/26\\\/crisis-economica-ya-impacto-en-el-autoempleo-y-reduce-ingresos\\\/\"]}]},{\"@type\":\"ImageObject\",\"inLanguage\":\"es\",\"@id\":\"https:\\\/\\\/www.eldiario.net\\\/portal\\\/2024\\\/08\\\/26\\\/crisis-economica-ya-impacto-en-el-autoempleo-y-reduce-ingresos\\\/#primaryimage\",\"url\":\"https:\\\/\\\/www.eldiario.net\\\/portal\\\/wp-content\\\/uploads\\\/2024\\\/08\\\/crisis-1-1.jpg\",\"contentUrl\":\"https:\\\/\\\/www.eldiario.net\\\/portal\\\/wp-content\\\/uploads\\\/2024\\\/08\\\/crisis-1-1.jpg\",\"width\":608,\"height\":414},{\"@type\":\"BreadcrumbList\",\"@id\":\"https:\\\/\\\/www.eldiario.net\\\/portal\\\/2024\\\/08\\\/26\\\/crisis-economica-ya-impacto-en-el-autoempleo-y-reduce-ingresos\\\/#breadcrumb\",\"itemListElement\":[{\"@type\":\"ListItem\",\"position\":1,\"name\":\"Portada\",\"item\":\"https:\\\/\\\/www.eldiario.net\\\/portal\\\/\"},{\"@type\":\"ListItem\",\"position\":2,\"name\":\"Crisis econ\u00f3mica ya impact\u00f3 en el autoempleo y reduce ingresos\"}]},{\"@type\":\"WebSite\",\"@id\":\"https:\\\/\\\/www.eldiario.net\\\/portal\\\/#website\",\"url\":\"https:\\\/\\\/www.eldiario.net\\\/portal\\\/\",\"name\":\"El Diario - Decano de la prensa nacional\",\"description\":\"El Diario - Decano de la prensa nacional\",\"publisher\":{\"@id\":\"https:\\\/\\\/www.eldiario.net\\\/portal\\\/#organization\"},\"potentialAction\":[{\"@type\":\"SearchAction\",\"target\":{\"@type\":\"EntryPoint\",\"urlTemplate\":\"https:\\\/\\\/www.eldiario.net\\\/portal\\\/?s={search_term_string}\"},\"query-input\":{\"@type\":\"PropertyValueSpecification\",\"valueRequired\":true,\"valueName\":\"search_term_string\"}}],\"inLanguage\":\"es\"},{\"@type\":\"Organization\",\"@id\":\"https:\\\/\\\/www.eldiario.net\\\/portal\\\/#organization\",\"name\":\"El Diario - Decano de la prensa nacional\",\"url\":\"https:\\\/\\\/www.eldiario.net\\\/portal\\\/\",\"logo\":{\"@type\":\"ImageObject\",\"inLanguage\":\"es\",\"@id\":\"https:\\\/\\\/www.eldiario.net\\\/portal\\\/#\\\/schema\\\/logo\\\/image\\\/\",\"url\":\"https:\\\/\\\/www.eldiario.net\\\/portal\\\/wp-content\\\/uploads\\\/2023\\\/07\\\/logo_ED.jpg\",\"contentUrl\":\"https:\\\/\\\/www.eldiario.net\\\/portal\\\/wp-content\\\/uploads\\\/2023\\\/07\\\/logo_ED.jpg\",\"width\":272,\"height\":52,\"caption\":\"El Diario - Decano de la prensa nacional\"},\"image\":{\"@id\":\"https:\\\/\\\/www.eldiario.net\\\/portal\\\/#\\\/schema\\\/logo\\\/image\\\/\"},\"sameAs\":[\"https:\\\/\\\/www.facebook.com\\\/eldiario.bolivia\\\/\",\"https:\\\/\\\/x.com\\\/eldiario_net\"]},{\"@type\":\"Person\",\"@id\":\"https:\\\/\\\/www.eldiario.net\\\/portal\\\/#\\\/schema\\\/person\\\/f46445640444750d7d753ccd04ae01b7\",\"name\":\"Jeanette\",\"image\":{\"@type\":\"ImageObject\",\"inLanguage\":\"es\",\"@id\":\"https:\\\/\\\/secure.gravatar.com\\\/avatar\\\/3ea2118a5f7dad2b7138b1187a6b7ee55f160b9968b66013c3a3ef39dd7e5798?s=96&d=mm&r=g\",\"url\":\"https:\\\/\\\/secure.gravatar.com\\\/avatar\\\/3ea2118a5f7dad2b7138b1187a6b7ee55f160b9968b66013c3a3ef39dd7e5798?s=96&d=mm&r=g\",\"contentUrl\":\"https:\\\/\\\/secure.gravatar.com\\\/avatar\\\/3ea2118a5f7dad2b7138b1187a6b7ee55f160b9968b66013c3a3ef39dd7e5798?s=96&d=mm&r=g\",\"caption\":\"Jeanette\"},\"sameAs\":[\"https:\\\/\\\/www.eldiario.net\\\/portal\"],\"url\":\"https:\\\/\\\/www.eldiario.net\\\/portal\\\/author\\\/jeanette\\\/\"}]}<\/script>\n<!-- \/ Yoast SEO plugin. -->","yoast_head_json":{"title":"Crisis econ\u00f3mica ya impact\u00f3 en el autoempleo y reduce ingresos - El Diario - Bolivia","robots":{"index":"index","follow":"follow","max-snippet":"max-snippet:-1","max-image-preview":"max-image-preview:large","max-video-preview":"max-video-preview:-1"},"canonical":"https:\/\/www.eldiario.net\/portal\/2024\/08\/26\/crisis-economica-ya-impacto-en-el-autoempleo-y-reduce-ingresos\/","og_locale":"es_ES","og_type":"article","og_title":"Crisis econ\u00f3mica ya impact\u00f3 en el autoempleo y reduce ingresos - El Diario - Bolivia","og_description":"La crisis econ\u00f3mica provocada por el d\u00e9ficit fiscal, ocasion\u00f3 la escasez de d\u00f3lares, la falta de combustible y la ausencia de inversi\u00f3n privada en la econom\u00eda nacional, que impacta negativamente en el autoempleo, emprendimientos peque\u00f1os y en la reducci\u00f3n de ingresos. Economistas alertan que la crisis multidimensional amenaza la estabilidad y el futuro del pa\u00eds. [&hellip;]","og_url":"https:\/\/www.eldiario.net\/portal\/2024\/08\/26\/crisis-economica-ya-impacto-en-el-autoempleo-y-reduce-ingresos\/","og_site_name":"El Diario - Bolivia","article_publisher":"https:\/\/www.facebook.com\/eldiario.bolivia\/","article_published_time":"2024-08-26T10:15:41+00:00","og_image":[{"width":608,"height":414,"url":"https:\/\/www.eldiario.net\/portal\/wp-content\/uploads\/2024\/08\/crisis-1-1.jpg","type":"image\/jpeg"}],"author":"Jeanette","twitter_card":"summary_large_image","twitter_creator":"@eldiario_net","twitter_site":"@eldiario_net","twitter_misc":{"Escrito por":"Jeanette","Tiempo de lectura":"7 minutos"},"schema":{"@context":"https:\/\/schema.org","@graph":[{"@type":"Article","@id":"https:\/\/www.eldiario.net\/portal\/2024\/08\/26\/crisis-economica-ya-impacto-en-el-autoempleo-y-reduce-ingresos\/#article","isPartOf":{"@id":"https:\/\/www.eldiario.net\/portal\/2024\/08\/26\/crisis-economica-ya-impacto-en-el-autoempleo-y-reduce-ingresos\/"},"author":{"name":"Jeanette","@id":"https:\/\/www.eldiario.net\/portal\/#\/schema\/person\/f46445640444750d7d753ccd04ae01b7"},"headline":"Crisis econ\u00f3mica ya impact\u00f3 en el autoempleo y reduce ingresos","datePublished":"2024-08-26T10:15:41+00:00","mainEntityOfPage":{"@id":"https:\/\/www.eldiario.net\/portal\/2024\/08\/26\/crisis-economica-ya-impacto-en-el-autoempleo-y-reduce-ingresos\/"},"wordCount":1574,"commentCount":0,"publisher":{"@id":"https:\/\/www.eldiario.net\/portal\/#organization"},"image":{"@id":"https:\/\/www.eldiario.net\/portal\/2024\/08\/26\/crisis-economica-ya-impacto-en-el-autoempleo-y-reduce-ingresos\/#primaryimage"},"thumbnailUrl":"https:\/\/www.eldiario.net\/portal\/wp-content\/uploads\/2024\/08\/crisis-1-1.jpg","articleSection":["Econom\u00eda"],"inLanguage":"es","potentialAction":[{"@type":"CommentAction","name":"Comment","target":["https:\/\/www.eldiario.net\/portal\/2024\/08\/26\/crisis-economica-ya-impacto-en-el-autoempleo-y-reduce-ingresos\/#respond"]}]},{"@type":"WebPage","@id":"https:\/\/www.eldiario.net\/portal\/2024\/08\/26\/crisis-economica-ya-impacto-en-el-autoempleo-y-reduce-ingresos\/","url":"https:\/\/www.eldiario.net\/portal\/2024\/08\/26\/crisis-economica-ya-impacto-en-el-autoempleo-y-reduce-ingresos\/","name":"Crisis econ\u00f3mica ya impact\u00f3 en el autoempleo y reduce ingresos - El Diario - Bolivia","isPartOf":{"@id":"https:\/\/www.eldiario.net\/portal\/#website"},"primaryImageOfPage":{"@id":"https:\/\/www.eldiario.net\/portal\/2024\/08\/26\/crisis-economica-ya-impacto-en-el-autoempleo-y-reduce-ingresos\/#primaryimage"},"image":{"@id":"https:\/\/www.eldiario.net\/portal\/2024\/08\/26\/crisis-economica-ya-impacto-en-el-autoempleo-y-reduce-ingresos\/#primaryimage"},"thumbnailUrl":"https:\/\/www.eldiario.net\/portal\/wp-content\/uploads\/2024\/08\/crisis-1-1.jpg","datePublished":"2024-08-26T10:15:41+00:00","breadcrumb":{"@id":"https:\/\/www.eldiario.net\/portal\/2024\/08\/26\/crisis-economica-ya-impacto-en-el-autoempleo-y-reduce-ingresos\/#breadcrumb"},"inLanguage":"es","potentialAction":[{"@type":"ReadAction","target":["https:\/\/www.eldiario.net\/portal\/2024\/08\/26\/crisis-economica-ya-impacto-en-el-autoempleo-y-reduce-ingresos\/"]}]},{"@type":"ImageObject","inLanguage":"es","@id":"https:\/\/www.eldiario.net\/portal\/2024\/08\/26\/crisis-economica-ya-impacto-en-el-autoempleo-y-reduce-ingresos\/#primaryimage","url":"https:\/\/www.eldiario.net\/portal\/wp-content\/uploads\/2024\/08\/crisis-1-1.jpg","contentUrl":"https:\/\/www.eldiario.net\/portal\/wp-content\/uploads\/2024\/08\/crisis-1-1.jpg","width":608,"height":414},{"@type":"BreadcrumbList","@id":"https:\/\/www.eldiario.net\/portal\/2024\/08\/26\/crisis-economica-ya-impacto-en-el-autoempleo-y-reduce-ingresos\/#breadcrumb","itemListElement":[{"@type":"ListItem","position":1,"name":"Portada","item":"https:\/\/www.eldiario.net\/portal\/"},{"@type":"ListItem","position":2,"name":"Crisis econ\u00f3mica ya impact\u00f3 en el autoempleo y reduce ingresos"}]},{"@type":"WebSite","@id":"https:\/\/www.eldiario.net\/portal\/#website","url":"https:\/\/www.eldiario.net\/portal\/","name":"El Diario - Decano de la prensa nacional","description":"El Diario - Decano de la prensa nacional","publisher":{"@id":"https:\/\/www.eldiario.net\/portal\/#organization"},"potentialAction":[{"@type":"SearchAction","target":{"@type":"EntryPoint","urlTemplate":"https:\/\/www.eldiario.net\/portal\/?s={search_term_string}"},"query-input":{"@type":"PropertyValueSpecification","valueRequired":true,"valueName":"search_term_string"}}],"inLanguage":"es"},{"@type":"Organization","@id":"https:\/\/www.eldiario.net\/portal\/#organization","name":"El Diario - Decano de la prensa nacional","url":"https:\/\/www.eldiario.net\/portal\/","logo":{"@type":"ImageObject","inLanguage":"es","@id":"https:\/\/www.eldiario.net\/portal\/#\/schema\/logo\/image\/","url":"https:\/\/www.eldiario.net\/portal\/wp-content\/uploads\/2023\/07\/logo_ED.jpg","contentUrl":"https:\/\/www.eldiario.net\/portal\/wp-content\/uploads\/2023\/07\/logo_ED.jpg","width":272,"height":52,"caption":"El Diario - Decano de la prensa nacional"},"image":{"@id":"https:\/\/www.eldiario.net\/portal\/#\/schema\/logo\/image\/"},"sameAs":["https:\/\/www.facebook.com\/eldiario.bolivia\/","https:\/\/x.com\/eldiario_net"]},{"@type":"Person","@id":"https:\/\/www.eldiario.net\/portal\/#\/schema\/person\/f46445640444750d7d753ccd04ae01b7","name":"Jeanette","image":{"@type":"ImageObject","inLanguage":"es","@id":"https:\/\/secure.gravatar.com\/avatar\/3ea2118a5f7dad2b7138b1187a6b7ee55f160b9968b66013c3a3ef39dd7e5798?s=96&d=mm&r=g","url":"https:\/\/secure.gravatar.com\/avatar\/3ea2118a5f7dad2b7138b1187a6b7ee55f160b9968b66013c3a3ef39dd7e5798?s=96&d=mm&r=g","contentUrl":"https:\/\/secure.gravatar.com\/avatar\/3ea2118a5f7dad2b7138b1187a6b7ee55f160b9968b66013c3a3ef39dd7e5798?s=96&d=mm&r=g","caption":"Jeanette"},"sameAs":["https:\/\/www.eldiario.net\/portal"],"url":"https:\/\/www.eldiario.net\/portal\/author\/jeanette\/"}]}},"_links":{"self":[{"href":"https:\/\/www.eldiario.net\/portal\/wp-json\/wp\/v2\/posts\/243225","targetHints":{"allow":["GET"]}}],"collection":[{"href":"https:\/\/www.eldiario.net\/portal\/wp-json\/wp\/v2\/posts"}],"about":[{"href":"https:\/\/www.eldiario.net\/portal\/wp-json\/wp\/v2\/types\/post"}],"author":[{"embeddable":true,"href":"https:\/\/www.eldiario.net\/portal\/wp-json\/wp\/v2\/users\/1"}],"replies":[{"embeddable":true,"href":"https:\/\/www.eldiario.net\/portal\/wp-json\/wp\/v2\/comments?post=243225"}],"version-history":[{"count":1,"href":"https:\/\/www.eldiario.net\/portal\/wp-json\/wp\/v2\/posts\/243225\/revisions"}],"predecessor-version":[{"id":243229,"href":"https:\/\/www.eldiario.net\/portal\/wp-json\/wp\/v2\/posts\/243225\/revisions\/243229"}],"wp:featuredmedia":[{"embeddable":true,"href":"https:\/\/www.eldiario.net\/portal\/wp-json\/wp\/v2\/media\/243226"}],"wp:attachment":[{"href":"https:\/\/www.eldiario.net\/portal\/wp-json\/wp\/v2\/media?parent=243225"}],"wp:term":[{"taxonomy":"category","embeddable":true,"href":"https:\/\/www.eldiario.net\/portal\/wp-json\/wp\/v2\/categories?post=243225"},{"taxonomy":"post_tag","embeddable":true,"href":"https:\/\/www.eldiario.net\/portal\/wp-json\/wp\/v2\/tags?post=243225"}],"curies":[{"name":"wp","href":"https:\/\/api.w.org\/{rel}","templated":true}]}}