{"id":243222,"date":"2024-08-26T06:14:42","date_gmt":"2024-08-26T10:14:42","guid":{"rendered":"https:\/\/www.eldiario.net\/portal\/?p=243222"},"modified":"2024-08-26T06:14:42","modified_gmt":"2024-08-26T10:14:42","slug":"expoferia-de-camelidos-dejo-sabor-a-poco","status":"publish","type":"post","link":"https:\/\/www.eldiario.net\/portal\/2024\/08\/26\/expoferia-de-camelidos-dejo-sabor-a-poco\/","title":{"rendered":"Expoferia de cam\u00e9lidos dej\u00f3 sabor a poco"},"content":{"rendered":"<p>En el marco del A\u00f1o Internacional de los Cam\u00e9lidos, el ministro de Desarrollo Rural y Tierras, Yamil Flores, ayer se inaugur\u00f3, en la ciudad de Oruro, la \u201cXIV Expoferia Nacional de Cam\u00e9lidos 2024\u201d, que expone el potencial productivo cam\u00e9lido del pa\u00eds, al t\u00e9rmino de la misma, se premi\u00f3 a los participantes, pero los ganadores lamentaron que los premios no hayan sido a la altura del evento.<br \/>\n\u201cComo Gobierno nacional y Ministerio de Desarrollo Rural y Tierras, trabajamos de la mano con los productores, con los cuales tenemos que fortalecer la producci\u00f3n, tenemos que garantizar la seguridad alimentaria\u201d, se\u00f1al\u00f3 Flores en la apertura de la feria.<br \/>\nAyer, los ganadores criticaron a las autoridades y encargados del evento, pues lo premios no colmaron las expectativas de los participantes, ya que les entregaron productos de dudosa procedencia.<br \/>\nPero similar situaci\u00f3n pas\u00f3 con la Feria de Cam\u00e9lidos que se organiz\u00f3 en el campo ferial de la ciudad de El Alto, en donde a los ganadores entregaron premios que no colmaron las expectativas.<br \/>\nEn la inauguraci\u00f3n, la autoridad destac\u00f3 que el Gobierno nacional continuar\u00e1 fortaleciendo al sector cam\u00e9lido a trav\u00e9s del Programa Pro-Cam\u00e9lidos 2, \u201cla producci\u00f3n de carne de llama en el pa\u00eds es importante para el proceso de industrializaci\u00f3n que encamina el Gobierno nacional, expres\u00f3.<br \/>\nEl evento ferial cont\u00f3 con la participaci\u00f3n de m\u00e1s 200 productores cam\u00e9lidos y al menos 50 asociaciones transformadoras de fibra y carne a nivel departamental y nacional, artesanos, emprendedores, gastr\u00f3nomos, artistas culturales y mucho m\u00e1s.<\/p>\n<p>&nbsp;<\/p>\n","protected":false},"excerpt":{"rendered":"<p>En el marco del A\u00f1o Internacional de los Cam\u00e9lidos, el ministro de Desarrollo Rural y Tierras, Yamil Flores, ayer se inaugur\u00f3, en la ciudad de Oruro, la \u201cXIV Expoferia Nacional de Cam\u00e9lidos 2024\u201d, que expone el potencial productivo cam\u00e9lido del pa\u00eds, al t\u00e9rmino de la misma, se premi\u00f3 a los participantes, pero los ganadores lamentaron [&hellip;]<\/p>\n","protected":false},"author":1,"featured_media":243223,"comment_status":"open","ping_status":"open","sticky":false,"template":"","format":"standard","meta":{"_acf_changed":false,"footnotes":""},"categories":[7],"tags":[],"class_list":["post-243222","post","type-post","status-publish","format-standard","has-post-thumbnail","category-economia"],"acf":{"antetitulo":"En capital orure\u00f1a"},"yoast_head":"<!-- This site is optimized with the Yoast SEO plugin v28.3 - https:\/\/yoast.com\/product\/yoast-seo-wordpress\/ -->\n<title>Expoferia de cam\u00e9lidos dej\u00f3 sabor a poco - El Diario - Bolivia<\/title>\n<meta name=\"robots\" content=\"index, follow, max-snippet:-1, max-image-preview:large, max-video-preview:-1\" \/>\n<link rel=\"canonical\" href=\"https:\/\/www.eldiario.net\/portal\/2024\/08\/26\/expoferia-de-camelidos-dejo-sabor-a-poco\/\" \/>\n<meta property=\"og:locale\" content=\"es_ES\" \/>\n<meta property=\"og:type\" content=\"article\" \/>\n<meta property=\"og:title\" content=\"Expoferia de cam\u00e9lidos dej\u00f3 sabor a poco - El Diario - Bolivia\" \/>\n<meta property=\"og:description\" content=\"En el marco del A\u00f1o Internacional de los Cam\u00e9lidos, el ministro de Desarrollo Rural y Tierras, Yamil Flores, ayer se inaugur\u00f3, en la ciudad de Oruro, la \u201cXIV Expoferia Nacional de Cam\u00e9lidos 2024\u201d, que expone el potencial productivo cam\u00e9lido del pa\u00eds, al t\u00e9rmino de la misma, se premi\u00f3 a los participantes, pero los ganadores lamentaron [&hellip;]\" \/>\n<meta property=\"og:url\" content=\"https:\/\/www.eldiario.net\/portal\/2024\/08\/26\/expoferia-de-camelidos-dejo-sabor-a-poco\/\" \/>\n<meta property=\"og:site_name\" content=\"El Diario - Bolivia\" \/>\n<meta property=\"article:publisher\" content=\"https:\/\/www.facebook.com\/eldiario.bolivia\/\" \/>\n<meta property=\"article:published_time\" content=\"2024-08-26T10:14:42+00:00\" \/>\n<meta property=\"og:image\" content=\"https:\/\/www.eldiario.net\/portal\/wp-content\/uploads\/2024\/08\/camel.jpg\" \/>\n\t<meta property=\"og:image:width\" content=\"1200\" \/>\n\t<meta property=\"og:image:height\" content=\"992\" \/>\n\t<meta property=\"og:image:type\" content=\"image\/jpeg\" \/>\n<meta name=\"author\" content=\"Jeanette\" \/>\n<meta name=\"twitter:card\" content=\"summary_large_image\" \/>\n<meta name=\"twitter:creator\" content=\"@eldiario_net\" \/>\n<meta name=\"twitter:site\" content=\"@eldiario_net\" \/>\n<meta name=\"twitter:label1\" content=\"Escrito por\" \/>\n\t<meta name=\"twitter:data1\" content=\"Jeanette\" \/>\n\t<meta name=\"twitter:label2\" content=\"Tiempo de lectura\" \/>\n\t<meta name=\"twitter:data2\" content=\"2 minutos\" \/>\n<script type=\"application\/ld+json\" class=\"yoast-schema-graph\">{\"@context\":\"https:\\\/\\\/schema.org\",\"@graph\":[{\"@type\":\"Article\",\"@id\":\"https:\\\/\\\/www.eldiario.net\\\/portal\\\/2024\\\/08\\\/26\\\/expoferia-de-camelidos-dejo-sabor-a-poco\\\/#article\",\"isPartOf\":{\"@id\":\"https:\\\/\\\/www.eldiario.net\\\/portal\\\/2024\\\/08\\\/26\\\/expoferia-de-camelidos-dejo-sabor-a-poco\\\/\"},\"author\":{\"name\":\"Jeanette\",\"@id\":\"https:\\\/\\\/www.eldiario.net\\\/portal\\\/#\\\/schema\\\/person\\\/f46445640444750d7d753ccd04ae01b7\"},\"headline\":\"Expoferia de cam\u00e9lidos dej\u00f3 sabor a poco\",\"datePublished\":\"2024-08-26T10:14:42+00:00\",\"mainEntityOfPage\":{\"@id\":\"https:\\\/\\\/www.eldiario.net\\\/portal\\\/2024\\\/08\\\/26\\\/expoferia-de-camelidos-dejo-sabor-a-poco\\\/\"},\"wordCount\":273,\"commentCount\":0,\"publisher\":{\"@id\":\"https:\\\/\\\/www.eldiario.net\\\/portal\\\/#organization\"},\"image\":{\"@id\":\"https:\\\/\\\/www.eldiario.net\\\/portal\\\/2024\\\/08\\\/26\\\/expoferia-de-camelidos-dejo-sabor-a-poco\\\/#primaryimage\"},\"thumbnailUrl\":\"https:\\\/\\\/www.eldiario.net\\\/portal\\\/wp-content\\\/uploads\\\/2024\\\/08\\\/camel.jpg\",\"articleSection\":[\"Econom\u00eda\"],\"inLanguage\":\"es\",\"potentialAction\":[{\"@type\":\"CommentAction\",\"name\":\"Comment\",\"target\":[\"https:\\\/\\\/www.eldiario.net\\\/portal\\\/2024\\\/08\\\/26\\\/expoferia-de-camelidos-dejo-sabor-a-poco\\\/#respond\"]}]},{\"@type\":\"WebPage\",\"@id\":\"https:\\\/\\\/www.eldiario.net\\\/portal\\\/2024\\\/08\\\/26\\\/expoferia-de-camelidos-dejo-sabor-a-poco\\\/\",\"url\":\"https:\\\/\\\/www.eldiario.net\\\/portal\\\/2024\\\/08\\\/26\\\/expoferia-de-camelidos-dejo-sabor-a-poco\\\/\",\"name\":\"Expoferia de cam\u00e9lidos dej\u00f3 sabor a poco - El Diario - Bolivia\",\"isPartOf\":{\"@id\":\"https:\\\/\\\/www.eldiario.net\\\/portal\\\/#website\"},\"primaryImageOfPage\":{\"@id\":\"https:\\\/\\\/www.eldiario.net\\\/portal\\\/2024\\\/08\\\/26\\\/expoferia-de-camelidos-dejo-sabor-a-poco\\\/#primaryimage\"},\"image\":{\"@id\":\"https:\\\/\\\/www.eldiario.net\\\/portal\\\/2024\\\/08\\\/26\\\/expoferia-de-camelidos-dejo-sabor-a-poco\\\/#primaryimage\"},\"thumbnailUrl\":\"https:\\\/\\\/www.eldiario.net\\\/portal\\\/wp-content\\\/uploads\\\/2024\\\/08\\\/camel.jpg\",\"datePublished\":\"2024-08-26T10:14:42+00:00\",\"breadcrumb\":{\"@id\":\"https:\\\/\\\/www.eldiario.net\\\/portal\\\/2024\\\/08\\\/26\\\/expoferia-de-camelidos-dejo-sabor-a-poco\\\/#breadcrumb\"},\"inLanguage\":\"es\",\"potentialAction\":[{\"@type\":\"ReadAction\",\"target\":[\"https:\\\/\\\/www.eldiario.net\\\/portal\\\/2024\\\/08\\\/26\\\/expoferia-de-camelidos-dejo-sabor-a-poco\\\/\"]}]},{\"@type\":\"ImageObject\",\"inLanguage\":\"es\",\"@id\":\"https:\\\/\\\/www.eldiario.net\\\/portal\\\/2024\\\/08\\\/26\\\/expoferia-de-camelidos-dejo-sabor-a-poco\\\/#primaryimage\",\"url\":\"https:\\\/\\\/www.eldiario.net\\\/portal\\\/wp-content\\\/uploads\\\/2024\\\/08\\\/camel.jpg\",\"contentUrl\":\"https:\\\/\\\/www.eldiario.net\\\/portal\\\/wp-content\\\/uploads\\\/2024\\\/08\\\/camel.jpg\",\"width\":1200,\"height\":992,\"caption\":\"Inauguraci\u00f3n de la feria.\"},{\"@type\":\"BreadcrumbList\",\"@id\":\"https:\\\/\\\/www.eldiario.net\\\/portal\\\/2024\\\/08\\\/26\\\/expoferia-de-camelidos-dejo-sabor-a-poco\\\/#breadcrumb\",\"itemListElement\":[{\"@type\":\"ListItem\",\"position\":1,\"name\":\"Portada\",\"item\":\"https:\\\/\\\/www.eldiario.net\\\/portal\\\/\"},{\"@type\":\"ListItem\",\"position\":2,\"name\":\"Expoferia de cam\u00e9lidos dej\u00f3 sabor a poco\"}]},{\"@type\":\"WebSite\",\"@id\":\"https:\\\/\\\/www.eldiario.net\\\/portal\\\/#website\",\"url\":\"https:\\\/\\\/www.eldiario.net\\\/portal\\\/\",\"name\":\"El Diario - Decano de la prensa nacional\",\"description\":\"El Diario - Decano de la prensa nacional\",\"publisher\":{\"@id\":\"https:\\\/\\\/www.eldiario.net\\\/portal\\\/#organization\"},\"potentialAction\":[{\"@type\":\"SearchAction\",\"target\":{\"@type\":\"EntryPoint\",\"urlTemplate\":\"https:\\\/\\\/www.eldiario.net\\\/portal\\\/?s={search_term_string}\"},\"query-input\":{\"@type\":\"PropertyValueSpecification\",\"valueRequired\":true,\"valueName\":\"search_term_string\"}}],\"inLanguage\":\"es\"},{\"@type\":\"Organization\",\"@id\":\"https:\\\/\\\/www.eldiario.net\\\/portal\\\/#organization\",\"name\":\"El Diario - Decano de la prensa nacional\",\"url\":\"https:\\\/\\\/www.eldiario.net\\\/portal\\\/\",\"logo\":{\"@type\":\"ImageObject\",\"inLanguage\":\"es\",\"@id\":\"https:\\\/\\\/www.eldiario.net\\\/portal\\\/#\\\/schema\\\/logo\\\/image\\\/\",\"url\":\"https:\\\/\\\/www.eldiario.net\\\/portal\\\/wp-content\\\/uploads\\\/2023\\\/07\\\/logo_ED.jpg\",\"contentUrl\":\"https:\\\/\\\/www.eldiario.net\\\/portal\\\/wp-content\\\/uploads\\\/2023\\\/07\\\/logo_ED.jpg\",\"width\":272,\"height\":52,\"caption\":\"El Diario - Decano de la prensa nacional\"},\"image\":{\"@id\":\"https:\\\/\\\/www.eldiario.net\\\/portal\\\/#\\\/schema\\\/logo\\\/image\\\/\"},\"sameAs\":[\"https:\\\/\\\/www.facebook.com\\\/eldiario.bolivia\\\/\",\"https:\\\/\\\/x.com\\\/eldiario_net\"]},{\"@type\":\"Person\",\"@id\":\"https:\\\/\\\/www.eldiario.net\\\/portal\\\/#\\\/schema\\\/person\\\/f46445640444750d7d753ccd04ae01b7\",\"name\":\"Jeanette\",\"image\":{\"@type\":\"ImageObject\",\"inLanguage\":\"es\",\"@id\":\"https:\\\/\\\/secure.gravatar.com\\\/avatar\\\/3ea2118a5f7dad2b7138b1187a6b7ee55f160b9968b66013c3a3ef39dd7e5798?s=96&d=mm&r=g\",\"url\":\"https:\\\/\\\/secure.gravatar.com\\\/avatar\\\/3ea2118a5f7dad2b7138b1187a6b7ee55f160b9968b66013c3a3ef39dd7e5798?s=96&d=mm&r=g\",\"contentUrl\":\"https:\\\/\\\/secure.gravatar.com\\\/avatar\\\/3ea2118a5f7dad2b7138b1187a6b7ee55f160b9968b66013c3a3ef39dd7e5798?s=96&d=mm&r=g\",\"caption\":\"Jeanette\"},\"sameAs\":[\"https:\\\/\\\/www.eldiario.net\\\/portal\"],\"url\":\"https:\\\/\\\/www.eldiario.net\\\/portal\\\/author\\\/jeanette\\\/\"}]}<\/script>\n<!-- \/ Yoast SEO plugin. -->","yoast_head_json":{"title":"Expoferia de cam\u00e9lidos dej\u00f3 sabor a poco - El Diario - Bolivia","robots":{"index":"index","follow":"follow","max-snippet":"max-snippet:-1","max-image-preview":"max-image-preview:large","max-video-preview":"max-video-preview:-1"},"canonical":"https:\/\/www.eldiario.net\/portal\/2024\/08\/26\/expoferia-de-camelidos-dejo-sabor-a-poco\/","og_locale":"es_ES","og_type":"article","og_title":"Expoferia de cam\u00e9lidos dej\u00f3 sabor a poco - El Diario - Bolivia","og_description":"En el marco del A\u00f1o Internacional de los Cam\u00e9lidos, el ministro de Desarrollo Rural y Tierras, Yamil Flores, ayer se inaugur\u00f3, en la ciudad de Oruro, la \u201cXIV Expoferia Nacional de Cam\u00e9lidos 2024\u201d, que expone el potencial productivo cam\u00e9lido del pa\u00eds, al t\u00e9rmino de la misma, se premi\u00f3 a los participantes, pero los ganadores lamentaron [&hellip;]","og_url":"https:\/\/www.eldiario.net\/portal\/2024\/08\/26\/expoferia-de-camelidos-dejo-sabor-a-poco\/","og_site_name":"El Diario - Bolivia","article_publisher":"https:\/\/www.facebook.com\/eldiario.bolivia\/","article_published_time":"2024-08-26T10:14:42+00:00","og_image":[{"width":1200,"height":992,"url":"https:\/\/www.eldiario.net\/portal\/wp-content\/uploads\/2024\/08\/camel.jpg","type":"image\/jpeg"}],"author":"Jeanette","twitter_card":"summary_large_image","twitter_creator":"@eldiario_net","twitter_site":"@eldiario_net","twitter_misc":{"Escrito por":"Jeanette","Tiempo de lectura":"2 minutos"},"schema":{"@context":"https:\/\/schema.org","@graph":[{"@type":"Article","@id":"https:\/\/www.eldiario.net\/portal\/2024\/08\/26\/expoferia-de-camelidos-dejo-sabor-a-poco\/#article","isPartOf":{"@id":"https:\/\/www.eldiario.net\/portal\/2024\/08\/26\/expoferia-de-camelidos-dejo-sabor-a-poco\/"},"author":{"name":"Jeanette","@id":"https:\/\/www.eldiario.net\/portal\/#\/schema\/person\/f46445640444750d7d753ccd04ae01b7"},"headline":"Expoferia de cam\u00e9lidos dej\u00f3 sabor a poco","datePublished":"2024-08-26T10:14:42+00:00","mainEntityOfPage":{"@id":"https:\/\/www.eldiario.net\/portal\/2024\/08\/26\/expoferia-de-camelidos-dejo-sabor-a-poco\/"},"wordCount":273,"commentCount":0,"publisher":{"@id":"https:\/\/www.eldiario.net\/portal\/#organization"},"image":{"@id":"https:\/\/www.eldiario.net\/portal\/2024\/08\/26\/expoferia-de-camelidos-dejo-sabor-a-poco\/#primaryimage"},"thumbnailUrl":"https:\/\/www.eldiario.net\/portal\/wp-content\/uploads\/2024\/08\/camel.jpg","articleSection":["Econom\u00eda"],"inLanguage":"es","potentialAction":[{"@type":"CommentAction","name":"Comment","target":["https:\/\/www.eldiario.net\/portal\/2024\/08\/26\/expoferia-de-camelidos-dejo-sabor-a-poco\/#respond"]}]},{"@type":"WebPage","@id":"https:\/\/www.eldiario.net\/portal\/2024\/08\/26\/expoferia-de-camelidos-dejo-sabor-a-poco\/","url":"https:\/\/www.eldiario.net\/portal\/2024\/08\/26\/expoferia-de-camelidos-dejo-sabor-a-poco\/","name":"Expoferia de cam\u00e9lidos dej\u00f3 sabor a poco - El Diario - Bolivia","isPartOf":{"@id":"https:\/\/www.eldiario.net\/portal\/#website"},"primaryImageOfPage":{"@id":"https:\/\/www.eldiario.net\/portal\/2024\/08\/26\/expoferia-de-camelidos-dejo-sabor-a-poco\/#primaryimage"},"image":{"@id":"https:\/\/www.eldiario.net\/portal\/2024\/08\/26\/expoferia-de-camelidos-dejo-sabor-a-poco\/#primaryimage"},"thumbnailUrl":"https:\/\/www.eldiario.net\/portal\/wp-content\/uploads\/2024\/08\/camel.jpg","datePublished":"2024-08-26T10:14:42+00:00","breadcrumb":{"@id":"https:\/\/www.eldiario.net\/portal\/2024\/08\/26\/expoferia-de-camelidos-dejo-sabor-a-poco\/#breadcrumb"},"inLanguage":"es","potentialAction":[{"@type":"ReadAction","target":["https:\/\/www.eldiario.net\/portal\/2024\/08\/26\/expoferia-de-camelidos-dejo-sabor-a-poco\/"]}]},{"@type":"ImageObject","inLanguage":"es","@id":"https:\/\/www.eldiario.net\/portal\/2024\/08\/26\/expoferia-de-camelidos-dejo-sabor-a-poco\/#primaryimage","url":"https:\/\/www.eldiario.net\/portal\/wp-content\/uploads\/2024\/08\/camel.jpg","contentUrl":"https:\/\/www.eldiario.net\/portal\/wp-content\/uploads\/2024\/08\/camel.jpg","width":1200,"height":992,"caption":"Inauguraci\u00f3n de la feria."},{"@type":"BreadcrumbList","@id":"https:\/\/www.eldiario.net\/portal\/2024\/08\/26\/expoferia-de-camelidos-dejo-sabor-a-poco\/#breadcrumb","itemListElement":[{"@type":"ListItem","position":1,"name":"Portada","item":"https:\/\/www.eldiario.net\/portal\/"},{"@type":"ListItem","position":2,"name":"Expoferia de cam\u00e9lidos dej\u00f3 sabor a poco"}]},{"@type":"WebSite","@id":"https:\/\/www.eldiario.net\/portal\/#website","url":"https:\/\/www.eldiario.net\/portal\/","name":"El Diario - Decano de la prensa nacional","description":"El Diario - Decano de la prensa nacional","publisher":{"@id":"https:\/\/www.eldiario.net\/portal\/#organization"},"potentialAction":[{"@type":"SearchAction","target":{"@type":"EntryPoint","urlTemplate":"https:\/\/www.eldiario.net\/portal\/?s={search_term_string}"},"query-input":{"@type":"PropertyValueSpecification","valueRequired":true,"valueName":"search_term_string"}}],"inLanguage":"es"},{"@type":"Organization","@id":"https:\/\/www.eldiario.net\/portal\/#organization","name":"El Diario - Decano de la prensa nacional","url":"https:\/\/www.eldiario.net\/portal\/","logo":{"@type":"ImageObject","inLanguage":"es","@id":"https:\/\/www.eldiario.net\/portal\/#\/schema\/logo\/image\/","url":"https:\/\/www.eldiario.net\/portal\/wp-content\/uploads\/2023\/07\/logo_ED.jpg","contentUrl":"https:\/\/www.eldiario.net\/portal\/wp-content\/uploads\/2023\/07\/logo_ED.jpg","width":272,"height":52,"caption":"El Diario - Decano de la prensa nacional"},"image":{"@id":"https:\/\/www.eldiario.net\/portal\/#\/schema\/logo\/image\/"},"sameAs":["https:\/\/www.facebook.com\/eldiario.bolivia\/","https:\/\/x.com\/eldiario_net"]},{"@type":"Person","@id":"https:\/\/www.eldiario.net\/portal\/#\/schema\/person\/f46445640444750d7d753ccd04ae01b7","name":"Jeanette","image":{"@type":"ImageObject","inLanguage":"es","@id":"https:\/\/secure.gravatar.com\/avatar\/3ea2118a5f7dad2b7138b1187a6b7ee55f160b9968b66013c3a3ef39dd7e5798?s=96&d=mm&r=g","url":"https:\/\/secure.gravatar.com\/avatar\/3ea2118a5f7dad2b7138b1187a6b7ee55f160b9968b66013c3a3ef39dd7e5798?s=96&d=mm&r=g","contentUrl":"https:\/\/secure.gravatar.com\/avatar\/3ea2118a5f7dad2b7138b1187a6b7ee55f160b9968b66013c3a3ef39dd7e5798?s=96&d=mm&r=g","caption":"Jeanette"},"sameAs":["https:\/\/www.eldiario.net\/portal"],"url":"https:\/\/www.eldiario.net\/portal\/author\/jeanette\/"}]}},"_links":{"self":[{"href":"https:\/\/www.eldiario.net\/portal\/wp-json\/wp\/v2\/posts\/243222","targetHints":{"allow":["GET"]}}],"collection":[{"href":"https:\/\/www.eldiario.net\/portal\/wp-json\/wp\/v2\/posts"}],"about":[{"href":"https:\/\/www.eldiario.net\/portal\/wp-json\/wp\/v2\/types\/post"}],"author":[{"embeddable":true,"href":"https:\/\/www.eldiario.net\/portal\/wp-json\/wp\/v2\/users\/1"}],"replies":[{"embeddable":true,"href":"https:\/\/www.eldiario.net\/portal\/wp-json\/wp\/v2\/comments?post=243222"}],"version-history":[{"count":1,"href":"https:\/\/www.eldiario.net\/portal\/wp-json\/wp\/v2\/posts\/243222\/revisions"}],"predecessor-version":[{"id":243224,"href":"https:\/\/www.eldiario.net\/portal\/wp-json\/wp\/v2\/posts\/243222\/revisions\/243224"}],"wp:featuredmedia":[{"embeddable":true,"href":"https:\/\/www.eldiario.net\/portal\/wp-json\/wp\/v2\/media\/243223"}],"wp:attachment":[{"href":"https:\/\/www.eldiario.net\/portal\/wp-json\/wp\/v2\/media?parent=243222"}],"wp:term":[{"taxonomy":"category","embeddable":true,"href":"https:\/\/www.eldiario.net\/portal\/wp-json\/wp\/v2\/categories?post=243222"},{"taxonomy":"post_tag","embeddable":true,"href":"https:\/\/www.eldiario.net\/portal\/wp-json\/wp\/v2\/tags?post=243222"}],"curies":[{"name":"wp","href":"https:\/\/api.w.org\/{rel}","templated":true}]}}