{"id":24321,"date":"2021-08-19T06:34:34","date_gmt":"2021-08-19T10:34:34","guid":{"rendered":"https:\/\/www.eldiario.net\/portal\/?p=24321"},"modified":"2021-08-19T06:34:34","modified_gmt":"2021-08-19T10:34:34","slug":"alcalde-pide-cumplir-horarios-en-actividades-economicas","status":"publish","type":"post","link":"https:\/\/www.eldiario.net\/portal\/2021\/08\/19\/alcalde-pide-cumplir-horarios-en-actividades-economicas\/","title":{"rendered":"Alcalde pide cumplir horarios En actividades econ\u00f3micas"},"content":{"rendered":"<p>El pedido que el alcalde Iv\u00e1n Arias hizo a la ciudadan\u00eda es \u201cno abusar\u201d, sobre el cumplimiento de horarios en la apertura de actividades econ\u00f3micas, dado que la pandemia del Covid-19 no desapareci\u00f3 ante la posible cuarta ola, y puso de ejemplo lo ocurrido el s\u00e1bado en Festicumbia, donde no se respet\u00f3 el aforo del 50% estipulado en el contrato.<\/p>\n<p>\u201cSimplemente pedirles a los ciudadanos y a los locales no abusen, no abusen, hay limitaciones. El otro d\u00eda en la Festicumbia le han echado sin medida ni clemencia, poniendo en riesgo a un mont\u00f3n de personas; hemos hecho un compromiso verbal, escrito, con los bares, cantinas restaurantes, se\u00f1ores de eventos, de que lo iban a respetar el aforo y los horarios\u201d, sostuvo Arias en la inauguraci\u00f3n de una feria de tejidos andinos en la Plaza Mayor de San Francisco.<\/p>\n<p>Por incumplir con la cl\u00e1usula del contrato que estipula que el aforo en el Teatro Al Aire Libre deb\u00eda ser de 50%, la Alcald\u00eda de La Paz anunci\u00f3 una sanci\u00f3n pecuniaria contra la empresa organizadora del Festicumbia.<\/p>\n<p>Arias hizo esta reflexi\u00f3n dado que rige en el municipio de La Paz las restricciones de aforo en actividades p\u00fablicas y locales del 50%, adem\u00e1s de la prohibici\u00f3n al consumo de bebidas alcoh\u00f3licas, entre las 24:00 y 05:00 horas. En ese marco, inform\u00f3 que el pr\u00f3ximo fin de semana se retomar\u00e1n los controles estrictos a las actividades econ\u00f3micas a cargo de la Guardia Municipal.<\/p>\n<p>La primera autoridad de La Paz record\u00f3 que el municipio tiene el \u00edndice m\u00e1s altos de vacunados entre las capitales del pa\u00eds, pero eso no implica confiarse, por lo que pidi\u00f3 que se refuercen las medidas de bioseguridad. Tambi\u00e9n explic\u00f3 que si bien la vacuna ayuda, no impide que la gente se contagie.<\/p>\n<p>\u201cEst\u00e1 por venirse la cuarta ola y nos puede pillar en curva se\u00f1ores, les pido por favor, La Paz es una de las ciudades que ha dado ejemplo, somos la ciudad con m\u00e1s vacunados con un 85% en primea dosis, pero eso no quiere decir que estemos salvados\u201d, puntualiz\u00f3.<\/p>\n<p>&nbsp;<\/p>\n","protected":false},"excerpt":{"rendered":"<p>El pedido que el alcalde Iv\u00e1n Arias hizo a la ciudadan\u00eda es \u201cno abusar\u201d, sobre el cumplimiento de horarios en la apertura de actividades econ\u00f3micas, dado que la pandemia del Covid-19 no desapareci\u00f3 ante la posible cuarta ola, y puso de ejemplo lo ocurrido el s\u00e1bado en Festicumbia, donde no se respet\u00f3 el aforo del [&hellip;]<\/p>\n","protected":false},"author":1,"featured_media":24322,"comment_status":"closed","ping_status":"closed","sticky":false,"template":"","format":"standard","meta":{"_acf_changed":false,"footnotes":""},"categories":[12],"tags":[],"class_list":["post-24321","post","type-post","status-publish","format-standard","has-post-thumbnail","category-nacional"],"acf":{"antetitulo":""},"yoast_head":"<!-- This site is optimized with the Yoast SEO plugin v28.4 - https:\/\/yoast.com\/product\/yoast-seo-wordpress\/ -->\n<title>Alcalde pide cumplir horarios En actividades econ\u00f3micas - El Diario - Bolivia<\/title>\n<meta name=\"robots\" content=\"index, follow, max-snippet:-1, max-image-preview:large, max-video-preview:-1\" \/>\n<link rel=\"canonical\" href=\"https:\/\/www.eldiario.net\/portal\/2021\/08\/19\/alcalde-pide-cumplir-horarios-en-actividades-economicas\/\" \/>\n<meta property=\"og:locale\" content=\"es_ES\" \/>\n<meta property=\"og:type\" content=\"article\" \/>\n<meta property=\"og:title\" content=\"Alcalde pide cumplir horarios En actividades econ\u00f3micas - El Diario - Bolivia\" \/>\n<meta property=\"og:description\" content=\"El pedido que el alcalde Iv\u00e1n Arias hizo a la ciudadan\u00eda es \u201cno abusar\u201d, sobre el cumplimiento de horarios en la apertura de actividades econ\u00f3micas, dado que la pandemia del Covid-19 no desapareci\u00f3 ante la posible cuarta ola, y puso de ejemplo lo ocurrido el s\u00e1bado en Festicumbia, donde no se respet\u00f3 el aforo del [&hellip;]\" \/>\n<meta property=\"og:url\" content=\"https:\/\/www.eldiario.net\/portal\/2021\/08\/19\/alcalde-pide-cumplir-horarios-en-actividades-economicas\/\" \/>\n<meta property=\"og:site_name\" content=\"El Diario - Bolivia\" \/>\n<meta property=\"article:publisher\" content=\"https:\/\/www.facebook.com\/eldiario.bolivia\/\" \/>\n<meta property=\"article:published_time\" content=\"2021-08-19T10:34:34+00:00\" \/>\n<meta name=\"author\" content=\"Jeanette\" \/>\n<meta name=\"twitter:card\" content=\"summary_large_image\" \/>\n<meta name=\"twitter:creator\" content=\"@eldiario_net\" \/>\n<meta name=\"twitter:site\" content=\"@eldiario_net\" \/>\n<meta name=\"twitter:label1\" content=\"Escrito por\" \/>\n\t<meta name=\"twitter:data1\" content=\"Jeanette\" \/>\n\t<meta name=\"twitter:label2\" content=\"Tiempo de lectura\" \/>\n\t<meta name=\"twitter:data2\" content=\"2 minutos\" \/>\n<script type=\"application\/ld+json\" class=\"yoast-schema-graph\">{\"@context\":\"https:\\\/\\\/schema.org\",\"@graph\":[{\"@type\":\"Article\",\"@id\":\"https:\\\/\\\/www.eldiario.net\\\/portal\\\/2021\\\/08\\\/19\\\/alcalde-pide-cumplir-horarios-en-actividades-economicas\\\/#article\",\"isPartOf\":{\"@id\":\"https:\\\/\\\/www.eldiario.net\\\/portal\\\/2021\\\/08\\\/19\\\/alcalde-pide-cumplir-horarios-en-actividades-economicas\\\/\"},\"author\":{\"name\":\"Jeanette\",\"@id\":\"https:\\\/\\\/www.eldiario.net\\\/portal\\\/#\\\/schema\\\/person\\\/f46445640444750d7d753ccd04ae01b7\"},\"headline\":\"Alcalde pide cumplir horarios En actividades econ\u00f3micas\",\"datePublished\":\"2021-08-19T10:34:34+00:00\",\"mainEntityOfPage\":{\"@id\":\"https:\\\/\\\/www.eldiario.net\\\/portal\\\/2021\\\/08\\\/19\\\/alcalde-pide-cumplir-horarios-en-actividades-economicas\\\/\"},\"wordCount\":370,\"publisher\":{\"@id\":\"https:\\\/\\\/www.eldiario.net\\\/portal\\\/#organization\"},\"image\":{\"@id\":\"https:\\\/\\\/www.eldiario.net\\\/portal\\\/2021\\\/08\\\/19\\\/alcalde-pide-cumplir-horarios-en-actividades-economicas\\\/#primaryimage\"},\"thumbnailUrl\":\"\",\"articleSection\":[\"Nacional\"],\"inLanguage\":\"es\"},{\"@type\":\"WebPage\",\"@id\":\"https:\\\/\\\/www.eldiario.net\\\/portal\\\/2021\\\/08\\\/19\\\/alcalde-pide-cumplir-horarios-en-actividades-economicas\\\/\",\"url\":\"https:\\\/\\\/www.eldiario.net\\\/portal\\\/2021\\\/08\\\/19\\\/alcalde-pide-cumplir-horarios-en-actividades-economicas\\\/\",\"name\":\"Alcalde pide cumplir horarios En actividades econ\u00f3micas - El Diario - Bolivia\",\"isPartOf\":{\"@id\":\"https:\\\/\\\/www.eldiario.net\\\/portal\\\/#website\"},\"primaryImageOfPage\":{\"@id\":\"https:\\\/\\\/www.eldiario.net\\\/portal\\\/2021\\\/08\\\/19\\\/alcalde-pide-cumplir-horarios-en-actividades-economicas\\\/#primaryimage\"},\"image\":{\"@id\":\"https:\\\/\\\/www.eldiario.net\\\/portal\\\/2021\\\/08\\\/19\\\/alcalde-pide-cumplir-horarios-en-actividades-economicas\\\/#primaryimage\"},\"thumbnailUrl\":\"\",\"datePublished\":\"2021-08-19T10:34:34+00:00\",\"breadcrumb\":{\"@id\":\"https:\\\/\\\/www.eldiario.net\\\/portal\\\/2021\\\/08\\\/19\\\/alcalde-pide-cumplir-horarios-en-actividades-economicas\\\/#breadcrumb\"},\"inLanguage\":\"es\",\"potentialAction\":[{\"@type\":\"ReadAction\",\"target\":[\"https:\\\/\\\/www.eldiario.net\\\/portal\\\/2021\\\/08\\\/19\\\/alcalde-pide-cumplir-horarios-en-actividades-economicas\\\/\"]}]},{\"@type\":\"ImageObject\",\"inLanguage\":\"es\",\"@id\":\"https:\\\/\\\/www.eldiario.net\\\/portal\\\/2021\\\/08\\\/19\\\/alcalde-pide-cumplir-horarios-en-actividades-economicas\\\/#primaryimage\",\"url\":\"\",\"contentUrl\":\"\"},{\"@type\":\"BreadcrumbList\",\"@id\":\"https:\\\/\\\/www.eldiario.net\\\/portal\\\/2021\\\/08\\\/19\\\/alcalde-pide-cumplir-horarios-en-actividades-economicas\\\/#breadcrumb\",\"itemListElement\":[{\"@type\":\"ListItem\",\"position\":1,\"name\":\"Portada\",\"item\":\"https:\\\/\\\/www.eldiario.net\\\/portal\\\/\"},{\"@type\":\"ListItem\",\"position\":2,\"name\":\"Alcalde pide cumplir horarios En actividades econ\u00f3micas\"}]},{\"@type\":\"WebSite\",\"@id\":\"https:\\\/\\\/www.eldiario.net\\\/portal\\\/#website\",\"url\":\"https:\\\/\\\/www.eldiario.net\\\/portal\\\/\",\"name\":\"El Diario - Decano de la prensa nacional\",\"description\":\"El Diario - Decano de la prensa nacional\",\"publisher\":{\"@id\":\"https:\\\/\\\/www.eldiario.net\\\/portal\\\/#organization\"},\"potentialAction\":[{\"@type\":\"SearchAction\",\"target\":{\"@type\":\"EntryPoint\",\"urlTemplate\":\"https:\\\/\\\/www.eldiario.net\\\/portal\\\/?s={search_term_string}\"},\"query-input\":{\"@type\":\"PropertyValueSpecification\",\"valueRequired\":true,\"valueName\":\"search_term_string\"}}],\"inLanguage\":\"es\"},{\"@type\":\"Organization\",\"@id\":\"https:\\\/\\\/www.eldiario.net\\\/portal\\\/#organization\",\"name\":\"El Diario - Decano de la prensa nacional\",\"url\":\"https:\\\/\\\/www.eldiario.net\\\/portal\\\/\",\"logo\":{\"@type\":\"ImageObject\",\"inLanguage\":\"es\",\"@id\":\"https:\\\/\\\/www.eldiario.net\\\/portal\\\/#\\\/schema\\\/logo\\\/image\\\/\",\"url\":\"https:\\\/\\\/www.eldiario.net\\\/portal\\\/wp-content\\\/uploads\\\/2023\\\/07\\\/logo_ED.jpg\",\"contentUrl\":\"https:\\\/\\\/www.eldiario.net\\\/portal\\\/wp-content\\\/uploads\\\/2023\\\/07\\\/logo_ED.jpg\",\"width\":272,\"height\":52,\"caption\":\"El Diario - Decano de la prensa nacional\"},\"image\":{\"@id\":\"https:\\\/\\\/www.eldiario.net\\\/portal\\\/#\\\/schema\\\/logo\\\/image\\\/\"},\"sameAs\":[\"https:\\\/\\\/www.facebook.com\\\/eldiario.bolivia\\\/\",\"https:\\\/\\\/x.com\\\/eldiario_net\"]},{\"@type\":\"Person\",\"@id\":\"https:\\\/\\\/www.eldiario.net\\\/portal\\\/#\\\/schema\\\/person\\\/f46445640444750d7d753ccd04ae01b7\",\"name\":\"Jeanette\",\"image\":{\"@type\":\"ImageObject\",\"inLanguage\":\"es\",\"@id\":\"https:\\\/\\\/secure.gravatar.com\\\/avatar\\\/3ea2118a5f7dad2b7138b1187a6b7ee55f160b9968b66013c3a3ef39dd7e5798?s=96&d=mm&r=g\",\"url\":\"https:\\\/\\\/secure.gravatar.com\\\/avatar\\\/3ea2118a5f7dad2b7138b1187a6b7ee55f160b9968b66013c3a3ef39dd7e5798?s=96&d=mm&r=g\",\"contentUrl\":\"https:\\\/\\\/secure.gravatar.com\\\/avatar\\\/3ea2118a5f7dad2b7138b1187a6b7ee55f160b9968b66013c3a3ef39dd7e5798?s=96&d=mm&r=g\",\"caption\":\"Jeanette\"},\"sameAs\":[\"https:\\\/\\\/www.eldiario.net\\\/portal\"],\"url\":\"https:\\\/\\\/www.eldiario.net\\\/portal\\\/author\\\/jeanette\\\/\"}]}<\/script>\n<!-- \/ Yoast SEO plugin. -->","yoast_head_json":{"title":"Alcalde pide cumplir horarios En actividades econ\u00f3micas - El Diario - Bolivia","robots":{"index":"index","follow":"follow","max-snippet":"max-snippet:-1","max-image-preview":"max-image-preview:large","max-video-preview":"max-video-preview:-1"},"canonical":"https:\/\/www.eldiario.net\/portal\/2021\/08\/19\/alcalde-pide-cumplir-horarios-en-actividades-economicas\/","og_locale":"es_ES","og_type":"article","og_title":"Alcalde pide cumplir horarios En actividades econ\u00f3micas - El Diario - Bolivia","og_description":"El pedido que el alcalde Iv\u00e1n Arias hizo a la ciudadan\u00eda es \u201cno abusar\u201d, sobre el cumplimiento de horarios en la apertura de actividades econ\u00f3micas, dado que la pandemia del Covid-19 no desapareci\u00f3 ante la posible cuarta ola, y puso de ejemplo lo ocurrido el s\u00e1bado en Festicumbia, donde no se respet\u00f3 el aforo del [&hellip;]","og_url":"https:\/\/www.eldiario.net\/portal\/2021\/08\/19\/alcalde-pide-cumplir-horarios-en-actividades-economicas\/","og_site_name":"El Diario - Bolivia","article_publisher":"https:\/\/www.facebook.com\/eldiario.bolivia\/","article_published_time":"2021-08-19T10:34:34+00:00","author":"Jeanette","twitter_card":"summary_large_image","twitter_creator":"@eldiario_net","twitter_site":"@eldiario_net","twitter_misc":{"Escrito por":"Jeanette","Tiempo de lectura":"2 minutos"},"schema":{"@context":"https:\/\/schema.org","@graph":[{"@type":"Article","@id":"https:\/\/www.eldiario.net\/portal\/2021\/08\/19\/alcalde-pide-cumplir-horarios-en-actividades-economicas\/#article","isPartOf":{"@id":"https:\/\/www.eldiario.net\/portal\/2021\/08\/19\/alcalde-pide-cumplir-horarios-en-actividades-economicas\/"},"author":{"name":"Jeanette","@id":"https:\/\/www.eldiario.net\/portal\/#\/schema\/person\/f46445640444750d7d753ccd04ae01b7"},"headline":"Alcalde pide cumplir horarios En actividades econ\u00f3micas","datePublished":"2021-08-19T10:34:34+00:00","mainEntityOfPage":{"@id":"https:\/\/www.eldiario.net\/portal\/2021\/08\/19\/alcalde-pide-cumplir-horarios-en-actividades-economicas\/"},"wordCount":370,"publisher":{"@id":"https:\/\/www.eldiario.net\/portal\/#organization"},"image":{"@id":"https:\/\/www.eldiario.net\/portal\/2021\/08\/19\/alcalde-pide-cumplir-horarios-en-actividades-economicas\/#primaryimage"},"thumbnailUrl":"","articleSection":["Nacional"],"inLanguage":"es"},{"@type":"WebPage","@id":"https:\/\/www.eldiario.net\/portal\/2021\/08\/19\/alcalde-pide-cumplir-horarios-en-actividades-economicas\/","url":"https:\/\/www.eldiario.net\/portal\/2021\/08\/19\/alcalde-pide-cumplir-horarios-en-actividades-economicas\/","name":"Alcalde pide cumplir horarios En actividades econ\u00f3micas - El Diario - Bolivia","isPartOf":{"@id":"https:\/\/www.eldiario.net\/portal\/#website"},"primaryImageOfPage":{"@id":"https:\/\/www.eldiario.net\/portal\/2021\/08\/19\/alcalde-pide-cumplir-horarios-en-actividades-economicas\/#primaryimage"},"image":{"@id":"https:\/\/www.eldiario.net\/portal\/2021\/08\/19\/alcalde-pide-cumplir-horarios-en-actividades-economicas\/#primaryimage"},"thumbnailUrl":"","datePublished":"2021-08-19T10:34:34+00:00","breadcrumb":{"@id":"https:\/\/www.eldiario.net\/portal\/2021\/08\/19\/alcalde-pide-cumplir-horarios-en-actividades-economicas\/#breadcrumb"},"inLanguage":"es","potentialAction":[{"@type":"ReadAction","target":["https:\/\/www.eldiario.net\/portal\/2021\/08\/19\/alcalde-pide-cumplir-horarios-en-actividades-economicas\/"]}]},{"@type":"ImageObject","inLanguage":"es","@id":"https:\/\/www.eldiario.net\/portal\/2021\/08\/19\/alcalde-pide-cumplir-horarios-en-actividades-economicas\/#primaryimage","url":"","contentUrl":""},{"@type":"BreadcrumbList","@id":"https:\/\/www.eldiario.net\/portal\/2021\/08\/19\/alcalde-pide-cumplir-horarios-en-actividades-economicas\/#breadcrumb","itemListElement":[{"@type":"ListItem","position":1,"name":"Portada","item":"https:\/\/www.eldiario.net\/portal\/"},{"@type":"ListItem","position":2,"name":"Alcalde pide cumplir horarios En actividades econ\u00f3micas"}]},{"@type":"WebSite","@id":"https:\/\/www.eldiario.net\/portal\/#website","url":"https:\/\/www.eldiario.net\/portal\/","name":"El Diario - Decano de la prensa nacional","description":"El Diario - Decano de la prensa nacional","publisher":{"@id":"https:\/\/www.eldiario.net\/portal\/#organization"},"potentialAction":[{"@type":"SearchAction","target":{"@type":"EntryPoint","urlTemplate":"https:\/\/www.eldiario.net\/portal\/?s={search_term_string}"},"query-input":{"@type":"PropertyValueSpecification","valueRequired":true,"valueName":"search_term_string"}}],"inLanguage":"es"},{"@type":"Organization","@id":"https:\/\/www.eldiario.net\/portal\/#organization","name":"El Diario - Decano de la prensa nacional","url":"https:\/\/www.eldiario.net\/portal\/","logo":{"@type":"ImageObject","inLanguage":"es","@id":"https:\/\/www.eldiario.net\/portal\/#\/schema\/logo\/image\/","url":"https:\/\/www.eldiario.net\/portal\/wp-content\/uploads\/2023\/07\/logo_ED.jpg","contentUrl":"https:\/\/www.eldiario.net\/portal\/wp-content\/uploads\/2023\/07\/logo_ED.jpg","width":272,"height":52,"caption":"El Diario - Decano de la prensa nacional"},"image":{"@id":"https:\/\/www.eldiario.net\/portal\/#\/schema\/logo\/image\/"},"sameAs":["https:\/\/www.facebook.com\/eldiario.bolivia\/","https:\/\/x.com\/eldiario_net"]},{"@type":"Person","@id":"https:\/\/www.eldiario.net\/portal\/#\/schema\/person\/f46445640444750d7d753ccd04ae01b7","name":"Jeanette","image":{"@type":"ImageObject","inLanguage":"es","@id":"https:\/\/secure.gravatar.com\/avatar\/3ea2118a5f7dad2b7138b1187a6b7ee55f160b9968b66013c3a3ef39dd7e5798?s=96&d=mm&r=g","url":"https:\/\/secure.gravatar.com\/avatar\/3ea2118a5f7dad2b7138b1187a6b7ee55f160b9968b66013c3a3ef39dd7e5798?s=96&d=mm&r=g","contentUrl":"https:\/\/secure.gravatar.com\/avatar\/3ea2118a5f7dad2b7138b1187a6b7ee55f160b9968b66013c3a3ef39dd7e5798?s=96&d=mm&r=g","caption":"Jeanette"},"sameAs":["https:\/\/www.eldiario.net\/portal"],"url":"https:\/\/www.eldiario.net\/portal\/author\/jeanette\/"}]}},"_links":{"self":[{"href":"https:\/\/www.eldiario.net\/portal\/wp-json\/wp\/v2\/posts\/24321","targetHints":{"allow":["GET"]}}],"collection":[{"href":"https:\/\/www.eldiario.net\/portal\/wp-json\/wp\/v2\/posts"}],"about":[{"href":"https:\/\/www.eldiario.net\/portal\/wp-json\/wp\/v2\/types\/post"}],"author":[{"embeddable":true,"href":"https:\/\/www.eldiario.net\/portal\/wp-json\/wp\/v2\/users\/1"}],"replies":[{"embeddable":true,"href":"https:\/\/www.eldiario.net\/portal\/wp-json\/wp\/v2\/comments?post=24321"}],"version-history":[{"count":0,"href":"https:\/\/www.eldiario.net\/portal\/wp-json\/wp\/v2\/posts\/24321\/revisions"}],"wp:attachment":[{"href":"https:\/\/www.eldiario.net\/portal\/wp-json\/wp\/v2\/media?parent=24321"}],"wp:term":[{"taxonomy":"category","embeddable":true,"href":"https:\/\/www.eldiario.net\/portal\/wp-json\/wp\/v2\/categories?post=24321"},{"taxonomy":"post_tag","embeddable":true,"href":"https:\/\/www.eldiario.net\/portal\/wp-json\/wp\/v2\/tags?post=24321"}],"curies":[{"name":"wp","href":"https:\/\/api.w.org\/{rel}","templated":true}]}}