{"id":24318,"date":"2021-08-19T06:33:12","date_gmt":"2021-08-19T10:33:12","guid":{"rendered":"https:\/\/www.eldiario.net\/portal\/?p=24318"},"modified":"2021-08-19T06:33:12","modified_gmt":"2021-08-19T10:33:12","slug":"alcaldia-acelerara-tramites-para-pago-de-bono-escolar","status":"publish","type":"post","link":"https:\/\/www.eldiario.net\/portal\/2021\/08\/19\/alcaldia-acelerara-tramites-para-pago-de-bono-escolar\/","title":{"rendered":"Alcald\u00eda acelerar\u00e1 tr\u00e1mites para pago de bono escolar"},"content":{"rendered":"<p>Luego de la entrega de los datos oficiales de estudiantes de los niveles inicial y primaria, la Alcald\u00eda de Santa Cruz de la Sierra acelerar\u00e1 los tr\u00e1mites para el pago del bono escolar de Bs 350 en los pr\u00f3ximos d\u00edas. El alcalde Jhonny Fern\u00e1ndez sostuvo que, luego del registro correspondiente, se firmar\u00e1 un convenio, para asegurar la entrega de recursos a 253.876 beneficiarios.<\/p>\n<p>Este pasado martes, el director departamental de Educaci\u00f3n de Santa Cruz, Edwin Eliseo Huayllani, entreg\u00f3 la lista oficial de 253.876 estudiante de los niveles de inicial y primaria que se beneficiar\u00e1n con el bono escolar de Bs 350. Fue el alcalde Jhonny Fern\u00e1ndez quien recibi\u00f3 el documento y se comprometi\u00f3 a agilizar los tr\u00e1mites para iniciar de manera inmediata el pago a los escolares.<\/p>\n<p>El director de Educaci\u00f3n explic\u00f3 que esta lista oficial fue realizada meticulosamente y pas\u00f3 varios \u201cfiltros\u201d para corroborar que los datos sean ver\u00eddicos y as\u00ed evitar futuras irregularidades durante el proceso del pago de los Bs 350 a cada uno de los beneficiarios de los colegios fiscales y de convenio.<\/p>\n<p>El alcalde Jhonny Fern\u00e1ndez, asegur\u00f3 que inmediatamente se pasar\u00e1 esta lista a las entidades financieras para que realicen el registro y posteriormente se firme un convenio, para asegurar la distribuci\u00f3n del bono a todos los escolares (de inicial y primaria) del municipio de Santa Cruz de la Sierra.<\/p>\n<p>\u201cTambi\u00e9n se har\u00e1 conocer a cada uno de los directores de las unidades educativas de cada distrito, a los padres de familia y los profesores para que sepan c\u00f3mo se realizar\u00e1 el trabajo de forma transparente. Esperamos que este bono ya est\u00e9 siendo entregado en los pr\u00f3ximos d\u00edas\u201d, manifest\u00f3.<\/p>\n<p>&nbsp;<\/p>\n","protected":false},"excerpt":{"rendered":"<p>Luego de la entrega de los datos oficiales de estudiantes de los niveles inicial y primaria, la Alcald\u00eda de Santa Cruz de la Sierra acelerar\u00e1 los tr\u00e1mites para el pago del bono escolar de Bs 350 en los pr\u00f3ximos d\u00edas. El alcalde Jhonny Fern\u00e1ndez sostuvo que, luego del registro correspondiente, se firmar\u00e1 un convenio, para [&hellip;]<\/p>\n","protected":false},"author":1,"featured_media":24319,"comment_status":"closed","ping_status":"closed","sticky":false,"template":"","format":"standard","meta":{"_acf_changed":false,"footnotes":""},"categories":[12],"tags":[],"class_list":["post-24318","post","type-post","status-publish","format-standard","has-post-thumbnail","category-nacional"],"acf":{"antetitulo":""},"yoast_head":"<!-- This site is optimized with the Yoast SEO plugin v28.4 - https:\/\/yoast.com\/product\/yoast-seo-wordpress\/ -->\n<title>Alcald\u00eda acelerar\u00e1 tr\u00e1mites para pago de bono escolar - El Diario - Bolivia<\/title>\n<meta name=\"robots\" content=\"index, follow, max-snippet:-1, max-image-preview:large, max-video-preview:-1\" \/>\n<link rel=\"canonical\" href=\"https:\/\/www.eldiario.net\/portal\/2021\/08\/19\/alcaldia-acelerara-tramites-para-pago-de-bono-escolar\/\" \/>\n<meta property=\"og:locale\" content=\"es_ES\" \/>\n<meta property=\"og:type\" content=\"article\" \/>\n<meta property=\"og:title\" content=\"Alcald\u00eda acelerar\u00e1 tr\u00e1mites para pago de bono escolar - El Diario - Bolivia\" \/>\n<meta property=\"og:description\" content=\"Luego de la entrega de los datos oficiales de estudiantes de los niveles inicial y primaria, la Alcald\u00eda de Santa Cruz de la Sierra acelerar\u00e1 los tr\u00e1mites para el pago del bono escolar de Bs 350 en los pr\u00f3ximos d\u00edas. El alcalde Jhonny Fern\u00e1ndez sostuvo que, luego del registro correspondiente, se firmar\u00e1 un convenio, para [&hellip;]\" \/>\n<meta property=\"og:url\" content=\"https:\/\/www.eldiario.net\/portal\/2021\/08\/19\/alcaldia-acelerara-tramites-para-pago-de-bono-escolar\/\" \/>\n<meta property=\"og:site_name\" content=\"El Diario - Bolivia\" \/>\n<meta property=\"article:publisher\" content=\"https:\/\/www.facebook.com\/eldiario.bolivia\/\" \/>\n<meta property=\"article:published_time\" content=\"2021-08-19T10:33:12+00:00\" \/>\n<meta name=\"author\" content=\"Jeanette\" \/>\n<meta name=\"twitter:card\" content=\"summary_large_image\" \/>\n<meta name=\"twitter:creator\" content=\"@eldiario_net\" \/>\n<meta name=\"twitter:site\" content=\"@eldiario_net\" \/>\n<meta name=\"twitter:label1\" content=\"Escrito por\" \/>\n\t<meta name=\"twitter:data1\" content=\"Jeanette\" \/>\n\t<meta name=\"twitter:label2\" content=\"Tiempo de lectura\" \/>\n\t<meta name=\"twitter:data2\" content=\"2 minutos\" \/>\n<script type=\"application\/ld+json\" class=\"yoast-schema-graph\">{\"@context\":\"https:\\\/\\\/schema.org\",\"@graph\":[{\"@type\":\"Article\",\"@id\":\"https:\\\/\\\/www.eldiario.net\\\/portal\\\/2021\\\/08\\\/19\\\/alcaldia-acelerara-tramites-para-pago-de-bono-escolar\\\/#article\",\"isPartOf\":{\"@id\":\"https:\\\/\\\/www.eldiario.net\\\/portal\\\/2021\\\/08\\\/19\\\/alcaldia-acelerara-tramites-para-pago-de-bono-escolar\\\/\"},\"author\":{\"name\":\"Jeanette\",\"@id\":\"https:\\\/\\\/www.eldiario.net\\\/portal\\\/#\\\/schema\\\/person\\\/f46445640444750d7d753ccd04ae01b7\"},\"headline\":\"Alcald\u00eda acelerar\u00e1 tr\u00e1mites para pago de bono escolar\",\"datePublished\":\"2021-08-19T10:33:12+00:00\",\"mainEntityOfPage\":{\"@id\":\"https:\\\/\\\/www.eldiario.net\\\/portal\\\/2021\\\/08\\\/19\\\/alcaldia-acelerara-tramites-para-pago-de-bono-escolar\\\/\"},\"wordCount\":297,\"publisher\":{\"@id\":\"https:\\\/\\\/www.eldiario.net\\\/portal\\\/#organization\"},\"image\":{\"@id\":\"https:\\\/\\\/www.eldiario.net\\\/portal\\\/2021\\\/08\\\/19\\\/alcaldia-acelerara-tramites-para-pago-de-bono-escolar\\\/#primaryimage\"},\"thumbnailUrl\":\"\",\"articleSection\":[\"Nacional\"],\"inLanguage\":\"es\"},{\"@type\":\"WebPage\",\"@id\":\"https:\\\/\\\/www.eldiario.net\\\/portal\\\/2021\\\/08\\\/19\\\/alcaldia-acelerara-tramites-para-pago-de-bono-escolar\\\/\",\"url\":\"https:\\\/\\\/www.eldiario.net\\\/portal\\\/2021\\\/08\\\/19\\\/alcaldia-acelerara-tramites-para-pago-de-bono-escolar\\\/\",\"name\":\"Alcald\u00eda acelerar\u00e1 tr\u00e1mites para pago de bono escolar - El Diario - Bolivia\",\"isPartOf\":{\"@id\":\"https:\\\/\\\/www.eldiario.net\\\/portal\\\/#website\"},\"primaryImageOfPage\":{\"@id\":\"https:\\\/\\\/www.eldiario.net\\\/portal\\\/2021\\\/08\\\/19\\\/alcaldia-acelerara-tramites-para-pago-de-bono-escolar\\\/#primaryimage\"},\"image\":{\"@id\":\"https:\\\/\\\/www.eldiario.net\\\/portal\\\/2021\\\/08\\\/19\\\/alcaldia-acelerara-tramites-para-pago-de-bono-escolar\\\/#primaryimage\"},\"thumbnailUrl\":\"\",\"datePublished\":\"2021-08-19T10:33:12+00:00\",\"breadcrumb\":{\"@id\":\"https:\\\/\\\/www.eldiario.net\\\/portal\\\/2021\\\/08\\\/19\\\/alcaldia-acelerara-tramites-para-pago-de-bono-escolar\\\/#breadcrumb\"},\"inLanguage\":\"es\",\"potentialAction\":[{\"@type\":\"ReadAction\",\"target\":[\"https:\\\/\\\/www.eldiario.net\\\/portal\\\/2021\\\/08\\\/19\\\/alcaldia-acelerara-tramites-para-pago-de-bono-escolar\\\/\"]}]},{\"@type\":\"ImageObject\",\"inLanguage\":\"es\",\"@id\":\"https:\\\/\\\/www.eldiario.net\\\/portal\\\/2021\\\/08\\\/19\\\/alcaldia-acelerara-tramites-para-pago-de-bono-escolar\\\/#primaryimage\",\"url\":\"\",\"contentUrl\":\"\"},{\"@type\":\"BreadcrumbList\",\"@id\":\"https:\\\/\\\/www.eldiario.net\\\/portal\\\/2021\\\/08\\\/19\\\/alcaldia-acelerara-tramites-para-pago-de-bono-escolar\\\/#breadcrumb\",\"itemListElement\":[{\"@type\":\"ListItem\",\"position\":1,\"name\":\"Portada\",\"item\":\"https:\\\/\\\/www.eldiario.net\\\/portal\\\/\"},{\"@type\":\"ListItem\",\"position\":2,\"name\":\"Alcald\u00eda acelerar\u00e1 tr\u00e1mites para pago de bono escolar\"}]},{\"@type\":\"WebSite\",\"@id\":\"https:\\\/\\\/www.eldiario.net\\\/portal\\\/#website\",\"url\":\"https:\\\/\\\/www.eldiario.net\\\/portal\\\/\",\"name\":\"El Diario - Decano de la prensa nacional\",\"description\":\"El Diario - Decano de la prensa nacional\",\"publisher\":{\"@id\":\"https:\\\/\\\/www.eldiario.net\\\/portal\\\/#organization\"},\"potentialAction\":[{\"@type\":\"SearchAction\",\"target\":{\"@type\":\"EntryPoint\",\"urlTemplate\":\"https:\\\/\\\/www.eldiario.net\\\/portal\\\/?s={search_term_string}\"},\"query-input\":{\"@type\":\"PropertyValueSpecification\",\"valueRequired\":true,\"valueName\":\"search_term_string\"}}],\"inLanguage\":\"es\"},{\"@type\":\"Organization\",\"@id\":\"https:\\\/\\\/www.eldiario.net\\\/portal\\\/#organization\",\"name\":\"El Diario - Decano de la prensa nacional\",\"url\":\"https:\\\/\\\/www.eldiario.net\\\/portal\\\/\",\"logo\":{\"@type\":\"ImageObject\",\"inLanguage\":\"es\",\"@id\":\"https:\\\/\\\/www.eldiario.net\\\/portal\\\/#\\\/schema\\\/logo\\\/image\\\/\",\"url\":\"https:\\\/\\\/www.eldiario.net\\\/portal\\\/wp-content\\\/uploads\\\/2023\\\/07\\\/logo_ED.jpg\",\"contentUrl\":\"https:\\\/\\\/www.eldiario.net\\\/portal\\\/wp-content\\\/uploads\\\/2023\\\/07\\\/logo_ED.jpg\",\"width\":272,\"height\":52,\"caption\":\"El Diario - Decano de la prensa nacional\"},\"image\":{\"@id\":\"https:\\\/\\\/www.eldiario.net\\\/portal\\\/#\\\/schema\\\/logo\\\/image\\\/\"},\"sameAs\":[\"https:\\\/\\\/www.facebook.com\\\/eldiario.bolivia\\\/\",\"https:\\\/\\\/x.com\\\/eldiario_net\"]},{\"@type\":\"Person\",\"@id\":\"https:\\\/\\\/www.eldiario.net\\\/portal\\\/#\\\/schema\\\/person\\\/f46445640444750d7d753ccd04ae01b7\",\"name\":\"Jeanette\",\"image\":{\"@type\":\"ImageObject\",\"inLanguage\":\"es\",\"@id\":\"https:\\\/\\\/secure.gravatar.com\\\/avatar\\\/3ea2118a5f7dad2b7138b1187a6b7ee55f160b9968b66013c3a3ef39dd7e5798?s=96&d=mm&r=g\",\"url\":\"https:\\\/\\\/secure.gravatar.com\\\/avatar\\\/3ea2118a5f7dad2b7138b1187a6b7ee55f160b9968b66013c3a3ef39dd7e5798?s=96&d=mm&r=g\",\"contentUrl\":\"https:\\\/\\\/secure.gravatar.com\\\/avatar\\\/3ea2118a5f7dad2b7138b1187a6b7ee55f160b9968b66013c3a3ef39dd7e5798?s=96&d=mm&r=g\",\"caption\":\"Jeanette\"},\"sameAs\":[\"https:\\\/\\\/www.eldiario.net\\\/portal\"],\"url\":\"https:\\\/\\\/www.eldiario.net\\\/portal\\\/author\\\/jeanette\\\/\"}]}<\/script>\n<!-- \/ Yoast SEO plugin. -->","yoast_head_json":{"title":"Alcald\u00eda acelerar\u00e1 tr\u00e1mites para pago de bono escolar - El Diario - Bolivia","robots":{"index":"index","follow":"follow","max-snippet":"max-snippet:-1","max-image-preview":"max-image-preview:large","max-video-preview":"max-video-preview:-1"},"canonical":"https:\/\/www.eldiario.net\/portal\/2021\/08\/19\/alcaldia-acelerara-tramites-para-pago-de-bono-escolar\/","og_locale":"es_ES","og_type":"article","og_title":"Alcald\u00eda acelerar\u00e1 tr\u00e1mites para pago de bono escolar - El Diario - Bolivia","og_description":"Luego de la entrega de los datos oficiales de estudiantes de los niveles inicial y primaria, la Alcald\u00eda de Santa Cruz de la Sierra acelerar\u00e1 los tr\u00e1mites para el pago del bono escolar de Bs 350 en los pr\u00f3ximos d\u00edas. El alcalde Jhonny Fern\u00e1ndez sostuvo que, luego del registro correspondiente, se firmar\u00e1 un convenio, para [&hellip;]","og_url":"https:\/\/www.eldiario.net\/portal\/2021\/08\/19\/alcaldia-acelerara-tramites-para-pago-de-bono-escolar\/","og_site_name":"El Diario - Bolivia","article_publisher":"https:\/\/www.facebook.com\/eldiario.bolivia\/","article_published_time":"2021-08-19T10:33:12+00:00","author":"Jeanette","twitter_card":"summary_large_image","twitter_creator":"@eldiario_net","twitter_site":"@eldiario_net","twitter_misc":{"Escrito por":"Jeanette","Tiempo de lectura":"2 minutos"},"schema":{"@context":"https:\/\/schema.org","@graph":[{"@type":"Article","@id":"https:\/\/www.eldiario.net\/portal\/2021\/08\/19\/alcaldia-acelerara-tramites-para-pago-de-bono-escolar\/#article","isPartOf":{"@id":"https:\/\/www.eldiario.net\/portal\/2021\/08\/19\/alcaldia-acelerara-tramites-para-pago-de-bono-escolar\/"},"author":{"name":"Jeanette","@id":"https:\/\/www.eldiario.net\/portal\/#\/schema\/person\/f46445640444750d7d753ccd04ae01b7"},"headline":"Alcald\u00eda acelerar\u00e1 tr\u00e1mites para pago de bono escolar","datePublished":"2021-08-19T10:33:12+00:00","mainEntityOfPage":{"@id":"https:\/\/www.eldiario.net\/portal\/2021\/08\/19\/alcaldia-acelerara-tramites-para-pago-de-bono-escolar\/"},"wordCount":297,"publisher":{"@id":"https:\/\/www.eldiario.net\/portal\/#organization"},"image":{"@id":"https:\/\/www.eldiario.net\/portal\/2021\/08\/19\/alcaldia-acelerara-tramites-para-pago-de-bono-escolar\/#primaryimage"},"thumbnailUrl":"","articleSection":["Nacional"],"inLanguage":"es"},{"@type":"WebPage","@id":"https:\/\/www.eldiario.net\/portal\/2021\/08\/19\/alcaldia-acelerara-tramites-para-pago-de-bono-escolar\/","url":"https:\/\/www.eldiario.net\/portal\/2021\/08\/19\/alcaldia-acelerara-tramites-para-pago-de-bono-escolar\/","name":"Alcald\u00eda acelerar\u00e1 tr\u00e1mites para pago de bono escolar - El Diario - Bolivia","isPartOf":{"@id":"https:\/\/www.eldiario.net\/portal\/#website"},"primaryImageOfPage":{"@id":"https:\/\/www.eldiario.net\/portal\/2021\/08\/19\/alcaldia-acelerara-tramites-para-pago-de-bono-escolar\/#primaryimage"},"image":{"@id":"https:\/\/www.eldiario.net\/portal\/2021\/08\/19\/alcaldia-acelerara-tramites-para-pago-de-bono-escolar\/#primaryimage"},"thumbnailUrl":"","datePublished":"2021-08-19T10:33:12+00:00","breadcrumb":{"@id":"https:\/\/www.eldiario.net\/portal\/2021\/08\/19\/alcaldia-acelerara-tramites-para-pago-de-bono-escolar\/#breadcrumb"},"inLanguage":"es","potentialAction":[{"@type":"ReadAction","target":["https:\/\/www.eldiario.net\/portal\/2021\/08\/19\/alcaldia-acelerara-tramites-para-pago-de-bono-escolar\/"]}]},{"@type":"ImageObject","inLanguage":"es","@id":"https:\/\/www.eldiario.net\/portal\/2021\/08\/19\/alcaldia-acelerara-tramites-para-pago-de-bono-escolar\/#primaryimage","url":"","contentUrl":""},{"@type":"BreadcrumbList","@id":"https:\/\/www.eldiario.net\/portal\/2021\/08\/19\/alcaldia-acelerara-tramites-para-pago-de-bono-escolar\/#breadcrumb","itemListElement":[{"@type":"ListItem","position":1,"name":"Portada","item":"https:\/\/www.eldiario.net\/portal\/"},{"@type":"ListItem","position":2,"name":"Alcald\u00eda acelerar\u00e1 tr\u00e1mites para pago de bono escolar"}]},{"@type":"WebSite","@id":"https:\/\/www.eldiario.net\/portal\/#website","url":"https:\/\/www.eldiario.net\/portal\/","name":"El Diario - Decano de la prensa nacional","description":"El Diario - Decano de la prensa nacional","publisher":{"@id":"https:\/\/www.eldiario.net\/portal\/#organization"},"potentialAction":[{"@type":"SearchAction","target":{"@type":"EntryPoint","urlTemplate":"https:\/\/www.eldiario.net\/portal\/?s={search_term_string}"},"query-input":{"@type":"PropertyValueSpecification","valueRequired":true,"valueName":"search_term_string"}}],"inLanguage":"es"},{"@type":"Organization","@id":"https:\/\/www.eldiario.net\/portal\/#organization","name":"El Diario - Decano de la prensa nacional","url":"https:\/\/www.eldiario.net\/portal\/","logo":{"@type":"ImageObject","inLanguage":"es","@id":"https:\/\/www.eldiario.net\/portal\/#\/schema\/logo\/image\/","url":"https:\/\/www.eldiario.net\/portal\/wp-content\/uploads\/2023\/07\/logo_ED.jpg","contentUrl":"https:\/\/www.eldiario.net\/portal\/wp-content\/uploads\/2023\/07\/logo_ED.jpg","width":272,"height":52,"caption":"El Diario - Decano de la prensa nacional"},"image":{"@id":"https:\/\/www.eldiario.net\/portal\/#\/schema\/logo\/image\/"},"sameAs":["https:\/\/www.facebook.com\/eldiario.bolivia\/","https:\/\/x.com\/eldiario_net"]},{"@type":"Person","@id":"https:\/\/www.eldiario.net\/portal\/#\/schema\/person\/f46445640444750d7d753ccd04ae01b7","name":"Jeanette","image":{"@type":"ImageObject","inLanguage":"es","@id":"https:\/\/secure.gravatar.com\/avatar\/3ea2118a5f7dad2b7138b1187a6b7ee55f160b9968b66013c3a3ef39dd7e5798?s=96&d=mm&r=g","url":"https:\/\/secure.gravatar.com\/avatar\/3ea2118a5f7dad2b7138b1187a6b7ee55f160b9968b66013c3a3ef39dd7e5798?s=96&d=mm&r=g","contentUrl":"https:\/\/secure.gravatar.com\/avatar\/3ea2118a5f7dad2b7138b1187a6b7ee55f160b9968b66013c3a3ef39dd7e5798?s=96&d=mm&r=g","caption":"Jeanette"},"sameAs":["https:\/\/www.eldiario.net\/portal"],"url":"https:\/\/www.eldiario.net\/portal\/author\/jeanette\/"}]}},"_links":{"self":[{"href":"https:\/\/www.eldiario.net\/portal\/wp-json\/wp\/v2\/posts\/24318","targetHints":{"allow":["GET"]}}],"collection":[{"href":"https:\/\/www.eldiario.net\/portal\/wp-json\/wp\/v2\/posts"}],"about":[{"href":"https:\/\/www.eldiario.net\/portal\/wp-json\/wp\/v2\/types\/post"}],"author":[{"embeddable":true,"href":"https:\/\/www.eldiario.net\/portal\/wp-json\/wp\/v2\/users\/1"}],"replies":[{"embeddable":true,"href":"https:\/\/www.eldiario.net\/portal\/wp-json\/wp\/v2\/comments?post=24318"}],"version-history":[{"count":0,"href":"https:\/\/www.eldiario.net\/portal\/wp-json\/wp\/v2\/posts\/24318\/revisions"}],"wp:attachment":[{"href":"https:\/\/www.eldiario.net\/portal\/wp-json\/wp\/v2\/media?parent=24318"}],"wp:term":[{"taxonomy":"category","embeddable":true,"href":"https:\/\/www.eldiario.net\/portal\/wp-json\/wp\/v2\/categories?post=24318"},{"taxonomy":"post_tag","embeddable":true,"href":"https:\/\/www.eldiario.net\/portal\/wp-json\/wp\/v2\/tags?post=24318"}],"curies":[{"name":"wp","href":"https:\/\/api.w.org\/{rel}","templated":true}]}}