{"id":24315,"date":"2021-08-19T06:31:42","date_gmt":"2021-08-19T10:31:42","guid":{"rendered":"https:\/\/www.eldiario.net\/portal\/?p=24315"},"modified":"2021-08-19T06:31:42","modified_gmt":"2021-08-19T10:31:42","slug":"capacitan-a-tecnicos-en-malaria-sobre-manejo-de-microscopio","status":"publish","type":"post","link":"https:\/\/www.eldiario.net\/portal\/2021\/08\/19\/capacitan-a-tecnicos-en-malaria-sobre-manejo-de-microscopio\/","title":{"rendered":"Capacitan a t\u00e9cnicos en malaria sobre manejo de microscopio"},"content":{"rendered":"<p>Con el prop\u00f3sito de mejorar el diagn\u00f3stico y tratamiento de la malaria en la regi\u00f3n, t\u00e9cnicos del Instituto Nacional de Laboratorios de Salud (INLASA) del Ministerio de Salud y Deportes capacitan en la capital pandina a los responsables municipales, que les permitan asumir las medidas de prevenci\u00f3n para evitar la proliferaci\u00f3n de ese mal, inform\u00f3 el director del Sedes, Danny Hugo Mendoza.<\/p>\n<p>El Servicio Departamental de Salud (Sedes) inici\u00f3 el taller de evaluaci\u00f3n y capacitaci\u00f3n a microscopistas de la Red 01 Cobija y Red 02 Puerto Rico, con el prop\u00f3sito de mejorar el diagn\u00f3stico y tratamiento de la Malaria en la regi\u00f3n.<\/p>\n<p>T\u00e9cnicos del Instituto Nacional de Laboratorios de Salud (INLASA) del Ministerio de Salud y Deportes llegaron a la capital pandina para la capacitaci\u00f3n a los responsables municipales de malaria, cuyo objetivo es asumir todas las medidas de prevenci\u00f3n para evitar la proliferaci\u00f3n de ese mal.<\/p>\n<p>El Programa de Control de la Malaria del departamento de Pando ha logrado reducir los \u00edndices de casos de malaria, gracias a las acciones preventivas, al mejoramiento en el diagn\u00f3stico precoz, tratamiento espec\u00edfico y oportuno.<\/p>\n<p>El director del Sedes, Danny Hugo Mendoza, particip\u00f3 en el taller, adem\u00e1s promovi\u00f3 la abogac\u00eda con el Mecanismo de Control del Pa\u00eds (MCP) donde se abordaron temas como la elaboraci\u00f3n del POA de Malaria 2022, la cumbre amaz\u00f3nica, proyecto de laboratorio de enfermedades tropicales y la coordinaci\u00f3n de programas.<\/p>\n<p>La\u00a0malaria\u00a0es una enfermedad parasitaria, producida por el protozoario del g\u00e9nero Plasmodium Vivax y transmitida a trav\u00e9s de la picadura del mosquito hembra del g\u00e9nero Anopheles. Es conocida tambi\u00e9n como paludismo y entre sus s\u00edntomas m\u00e1s habituales sobresalen los escalofr\u00edos, fiebre, dolor de cabeza. (Perla del Acre)<\/p>\n","protected":false},"excerpt":{"rendered":"<p>Con el prop\u00f3sito de mejorar el diagn\u00f3stico y tratamiento de la malaria en la regi\u00f3n, t\u00e9cnicos del Instituto Nacional de Laboratorios de Salud (INLASA) del Ministerio de Salud y Deportes capacitan en la capital pandina a los responsables municipales, que les permitan asumir las medidas de prevenci\u00f3n para evitar la proliferaci\u00f3n de ese mal, inform\u00f3 [&hellip;]<\/p>\n","protected":false},"author":1,"featured_media":24316,"comment_status":"closed","ping_status":"closed","sticky":false,"template":"","format":"standard","meta":{"_acf_changed":false,"footnotes":""},"categories":[12],"tags":[],"class_list":["post-24315","post","type-post","status-publish","format-standard","has-post-thumbnail","category-nacional"],"acf":{"antetitulo":""},"yoast_head":"<!-- This site is optimized with the Yoast SEO plugin v28.4 - https:\/\/yoast.com\/product\/yoast-seo-wordpress\/ -->\n<title>Capacitan a t\u00e9cnicos en malaria sobre manejo de microscopio - El Diario - Bolivia<\/title>\n<meta name=\"robots\" content=\"index, follow, max-snippet:-1, max-image-preview:large, max-video-preview:-1\" \/>\n<link rel=\"canonical\" href=\"https:\/\/www.eldiario.net\/portal\/2021\/08\/19\/capacitan-a-tecnicos-en-malaria-sobre-manejo-de-microscopio\/\" \/>\n<meta property=\"og:locale\" content=\"es_ES\" \/>\n<meta property=\"og:type\" content=\"article\" \/>\n<meta property=\"og:title\" content=\"Capacitan a t\u00e9cnicos en malaria sobre manejo de microscopio - El Diario - Bolivia\" \/>\n<meta property=\"og:description\" content=\"Con el prop\u00f3sito de mejorar el diagn\u00f3stico y tratamiento de la malaria en la regi\u00f3n, t\u00e9cnicos del Instituto Nacional de Laboratorios de Salud (INLASA) del Ministerio de Salud y Deportes capacitan en la capital pandina a los responsables municipales, que les permitan asumir las medidas de prevenci\u00f3n para evitar la proliferaci\u00f3n de ese mal, inform\u00f3 [&hellip;]\" \/>\n<meta property=\"og:url\" content=\"https:\/\/www.eldiario.net\/portal\/2021\/08\/19\/capacitan-a-tecnicos-en-malaria-sobre-manejo-de-microscopio\/\" \/>\n<meta property=\"og:site_name\" content=\"El Diario - Bolivia\" \/>\n<meta property=\"article:publisher\" content=\"https:\/\/www.facebook.com\/eldiario.bolivia\/\" \/>\n<meta property=\"article:published_time\" content=\"2021-08-19T10:31:42+00:00\" \/>\n<meta property=\"og:image\" content=\"https:\/\/www.eldiario.net\/portal\/wp-content\/uploads\/2021\/08\/NACI-Capacitan-a-tecnicos-en-malaria.jpg\" \/>\n\t<meta property=\"og:image:width\" content=\"730\" \/>\n\t<meta property=\"og:image:height\" content=\"567\" \/>\n\t<meta property=\"og:image:type\" content=\"image\/jpeg\" \/>\n<meta name=\"author\" content=\"Jeanette\" \/>\n<meta name=\"twitter:card\" content=\"summary_large_image\" \/>\n<meta name=\"twitter:creator\" content=\"@eldiario_net\" \/>\n<meta name=\"twitter:site\" content=\"@eldiario_net\" \/>\n<meta name=\"twitter:label1\" content=\"Escrito por\" \/>\n\t<meta name=\"twitter:data1\" content=\"Jeanette\" \/>\n\t<meta name=\"twitter:label2\" content=\"Tiempo de lectura\" \/>\n\t<meta name=\"twitter:data2\" content=\"2 minutos\" \/>\n<script type=\"application\/ld+json\" class=\"yoast-schema-graph\">{\"@context\":\"https:\\\/\\\/schema.org\",\"@graph\":[{\"@type\":\"Article\",\"@id\":\"https:\\\/\\\/www.eldiario.net\\\/portal\\\/2021\\\/08\\\/19\\\/capacitan-a-tecnicos-en-malaria-sobre-manejo-de-microscopio\\\/#article\",\"isPartOf\":{\"@id\":\"https:\\\/\\\/www.eldiario.net\\\/portal\\\/2021\\\/08\\\/19\\\/capacitan-a-tecnicos-en-malaria-sobre-manejo-de-microscopio\\\/\"},\"author\":{\"name\":\"Jeanette\",\"@id\":\"https:\\\/\\\/www.eldiario.net\\\/portal\\\/#\\\/schema\\\/person\\\/2c57cf2b7a7ae032e449e4c9b1019eac\"},\"headline\":\"Capacitan a t\u00e9cnicos en malaria sobre manejo de microscopio\",\"datePublished\":\"2021-08-19T10:31:42+00:00\",\"mainEntityOfPage\":{\"@id\":\"https:\\\/\\\/www.eldiario.net\\\/portal\\\/2021\\\/08\\\/19\\\/capacitan-a-tecnicos-en-malaria-sobre-manejo-de-microscopio\\\/\"},\"wordCount\":316,\"publisher\":{\"@id\":\"https:\\\/\\\/www.eldiario.net\\\/portal\\\/#organization\"},\"image\":{\"@id\":\"https:\\\/\\\/www.eldiario.net\\\/portal\\\/2021\\\/08\\\/19\\\/capacitan-a-tecnicos-en-malaria-sobre-manejo-de-microscopio\\\/#primaryimage\"},\"thumbnailUrl\":\"https:\\\/\\\/www.eldiario.net\\\/portal\\\/wp-content\\\/uploads\\\/2021\\\/08\\\/NACI-Capacitan-a-tecnicos-en-malaria.jpg\",\"articleSection\":[\"Nacional\"],\"inLanguage\":\"es\"},{\"@type\":\"WebPage\",\"@id\":\"https:\\\/\\\/www.eldiario.net\\\/portal\\\/2021\\\/08\\\/19\\\/capacitan-a-tecnicos-en-malaria-sobre-manejo-de-microscopio\\\/\",\"url\":\"https:\\\/\\\/www.eldiario.net\\\/portal\\\/2021\\\/08\\\/19\\\/capacitan-a-tecnicos-en-malaria-sobre-manejo-de-microscopio\\\/\",\"name\":\"Capacitan a t\u00e9cnicos en malaria sobre manejo de microscopio - El Diario - Bolivia\",\"isPartOf\":{\"@id\":\"https:\\\/\\\/www.eldiario.net\\\/portal\\\/#website\"},\"primaryImageOfPage\":{\"@id\":\"https:\\\/\\\/www.eldiario.net\\\/portal\\\/2021\\\/08\\\/19\\\/capacitan-a-tecnicos-en-malaria-sobre-manejo-de-microscopio\\\/#primaryimage\"},\"image\":{\"@id\":\"https:\\\/\\\/www.eldiario.net\\\/portal\\\/2021\\\/08\\\/19\\\/capacitan-a-tecnicos-en-malaria-sobre-manejo-de-microscopio\\\/#primaryimage\"},\"thumbnailUrl\":\"https:\\\/\\\/www.eldiario.net\\\/portal\\\/wp-content\\\/uploads\\\/2021\\\/08\\\/NACI-Capacitan-a-tecnicos-en-malaria.jpg\",\"datePublished\":\"2021-08-19T10:31:42+00:00\",\"breadcrumb\":{\"@id\":\"https:\\\/\\\/www.eldiario.net\\\/portal\\\/2021\\\/08\\\/19\\\/capacitan-a-tecnicos-en-malaria-sobre-manejo-de-microscopio\\\/#breadcrumb\"},\"inLanguage\":\"es\",\"potentialAction\":[{\"@type\":\"ReadAction\",\"target\":[\"https:\\\/\\\/www.eldiario.net\\\/portal\\\/2021\\\/08\\\/19\\\/capacitan-a-tecnicos-en-malaria-sobre-manejo-de-microscopio\\\/\"]}]},{\"@type\":\"ImageObject\",\"inLanguage\":\"es\",\"@id\":\"https:\\\/\\\/www.eldiario.net\\\/portal\\\/2021\\\/08\\\/19\\\/capacitan-a-tecnicos-en-malaria-sobre-manejo-de-microscopio\\\/#primaryimage\",\"url\":\"https:\\\/\\\/www.eldiario.net\\\/portal\\\/wp-content\\\/uploads\\\/2021\\\/08\\\/NACI-Capacitan-a-tecnicos-en-malaria.jpg\",\"contentUrl\":\"https:\\\/\\\/www.eldiario.net\\\/portal\\\/wp-content\\\/uploads\\\/2021\\\/08\\\/NACI-Capacitan-a-tecnicos-en-malaria.jpg\",\"width\":730,\"height\":567},{\"@type\":\"BreadcrumbList\",\"@id\":\"https:\\\/\\\/www.eldiario.net\\\/portal\\\/2021\\\/08\\\/19\\\/capacitan-a-tecnicos-en-malaria-sobre-manejo-de-microscopio\\\/#breadcrumb\",\"itemListElement\":[{\"@type\":\"ListItem\",\"position\":1,\"name\":\"Portada\",\"item\":\"https:\\\/\\\/www.eldiario.net\\\/portal\\\/\"},{\"@type\":\"ListItem\",\"position\":2,\"name\":\"Capacitan a t\u00e9cnicos en malaria sobre manejo de microscopio\"}]},{\"@type\":\"WebSite\",\"@id\":\"https:\\\/\\\/www.eldiario.net\\\/portal\\\/#website\",\"url\":\"https:\\\/\\\/www.eldiario.net\\\/portal\\\/\",\"name\":\"El Diario - Decano de la prensa nacional\",\"description\":\"El Diario - Decano de la prensa nacional\",\"publisher\":{\"@id\":\"https:\\\/\\\/www.eldiario.net\\\/portal\\\/#organization\"},\"potentialAction\":[{\"@type\":\"SearchAction\",\"target\":{\"@type\":\"EntryPoint\",\"urlTemplate\":\"https:\\\/\\\/www.eldiario.net\\\/portal\\\/?s={search_term_string}\"},\"query-input\":{\"@type\":\"PropertyValueSpecification\",\"valueRequired\":true,\"valueName\":\"search_term_string\"}}],\"inLanguage\":\"es\"},{\"@type\":\"Organization\",\"@id\":\"https:\\\/\\\/www.eldiario.net\\\/portal\\\/#organization\",\"name\":\"El Diario - Decano de la prensa nacional\",\"url\":\"https:\\\/\\\/www.eldiario.net\\\/portal\\\/\",\"logo\":{\"@type\":\"ImageObject\",\"inLanguage\":\"es\",\"@id\":\"https:\\\/\\\/www.eldiario.net\\\/portal\\\/#\\\/schema\\\/logo\\\/image\\\/\",\"url\":\"https:\\\/\\\/www.eldiario.net\\\/portal\\\/wp-content\\\/uploads\\\/2023\\\/07\\\/logo_ED.jpg\",\"contentUrl\":\"https:\\\/\\\/www.eldiario.net\\\/portal\\\/wp-content\\\/uploads\\\/2023\\\/07\\\/logo_ED.jpg\",\"width\":272,\"height\":52,\"caption\":\"El Diario - Decano de la prensa nacional\"},\"image\":{\"@id\":\"https:\\\/\\\/www.eldiario.net\\\/portal\\\/#\\\/schema\\\/logo\\\/image\\\/\"},\"sameAs\":[\"https:\\\/\\\/www.facebook.com\\\/eldiario.bolivia\\\/\",\"https:\\\/\\\/x.com\\\/eldiario_net\"]},{\"@type\":\"Person\",\"@id\":\"https:\\\/\\\/www.eldiario.net\\\/portal\\\/#\\\/schema\\\/person\\\/2c57cf2b7a7ae032e449e4c9b1019eac\",\"name\":\"Jeanette\",\"image\":{\"@type\":\"ImageObject\",\"inLanguage\":\"es\",\"@id\":\"https:\\\/\\\/secure.gravatar.com\\\/avatar\\\/3ea2118a5f7dad2b7138b1187a6b7ee55f160b9968b66013c3a3ef39dd7e5798?s=96&d=mm&r=g\",\"url\":\"https:\\\/\\\/secure.gravatar.com\\\/avatar\\\/3ea2118a5f7dad2b7138b1187a6b7ee55f160b9968b66013c3a3ef39dd7e5798?s=96&d=mm&r=g\",\"contentUrl\":\"https:\\\/\\\/secure.gravatar.com\\\/avatar\\\/3ea2118a5f7dad2b7138b1187a6b7ee55f160b9968b66013c3a3ef39dd7e5798?s=96&d=mm&r=g\",\"caption\":\"Jeanette\"},\"sameAs\":[\"https:\\\/\\\/www.eldiario.net\\\/portal\"],\"url\":\"https:\\\/\\\/www.eldiario.net\\\/portal\\\/author\\\/jeanette\\\/\"}]}<\/script>\n<!-- \/ Yoast SEO plugin. -->","yoast_head_json":{"title":"Capacitan a t\u00e9cnicos en malaria sobre manejo de microscopio - El Diario - Bolivia","robots":{"index":"index","follow":"follow","max-snippet":"max-snippet:-1","max-image-preview":"max-image-preview:large","max-video-preview":"max-video-preview:-1"},"canonical":"https:\/\/www.eldiario.net\/portal\/2021\/08\/19\/capacitan-a-tecnicos-en-malaria-sobre-manejo-de-microscopio\/","og_locale":"es_ES","og_type":"article","og_title":"Capacitan a t\u00e9cnicos en malaria sobre manejo de microscopio - El Diario - Bolivia","og_description":"Con el prop\u00f3sito de mejorar el diagn\u00f3stico y tratamiento de la malaria en la regi\u00f3n, t\u00e9cnicos del Instituto Nacional de Laboratorios de Salud (INLASA) del Ministerio de Salud y Deportes capacitan en la capital pandina a los responsables municipales, que les permitan asumir las medidas de prevenci\u00f3n para evitar la proliferaci\u00f3n de ese mal, inform\u00f3 [&hellip;]","og_url":"https:\/\/www.eldiario.net\/portal\/2021\/08\/19\/capacitan-a-tecnicos-en-malaria-sobre-manejo-de-microscopio\/","og_site_name":"El Diario - Bolivia","article_publisher":"https:\/\/www.facebook.com\/eldiario.bolivia\/","article_published_time":"2021-08-19T10:31:42+00:00","og_image":[{"width":730,"height":567,"url":"https:\/\/www.eldiario.net\/portal\/wp-content\/uploads\/2021\/08\/NACI-Capacitan-a-tecnicos-en-malaria.jpg","type":"image\/jpeg"}],"author":"Jeanette","twitter_card":"summary_large_image","twitter_creator":"@eldiario_net","twitter_site":"@eldiario_net","twitter_misc":{"Escrito por":"Jeanette","Tiempo de lectura":"2 minutos"},"schema":{"@context":"https:\/\/schema.org","@graph":[{"@type":"Article","@id":"https:\/\/www.eldiario.net\/portal\/2021\/08\/19\/capacitan-a-tecnicos-en-malaria-sobre-manejo-de-microscopio\/#article","isPartOf":{"@id":"https:\/\/www.eldiario.net\/portal\/2021\/08\/19\/capacitan-a-tecnicos-en-malaria-sobre-manejo-de-microscopio\/"},"author":{"name":"Jeanette","@id":"https:\/\/www.eldiario.net\/portal\/#\/schema\/person\/2c57cf2b7a7ae032e449e4c9b1019eac"},"headline":"Capacitan a t\u00e9cnicos en malaria sobre manejo de microscopio","datePublished":"2021-08-19T10:31:42+00:00","mainEntityOfPage":{"@id":"https:\/\/www.eldiario.net\/portal\/2021\/08\/19\/capacitan-a-tecnicos-en-malaria-sobre-manejo-de-microscopio\/"},"wordCount":316,"publisher":{"@id":"https:\/\/www.eldiario.net\/portal\/#organization"},"image":{"@id":"https:\/\/www.eldiario.net\/portal\/2021\/08\/19\/capacitan-a-tecnicos-en-malaria-sobre-manejo-de-microscopio\/#primaryimage"},"thumbnailUrl":"https:\/\/www.eldiario.net\/portal\/wp-content\/uploads\/2021\/08\/NACI-Capacitan-a-tecnicos-en-malaria.jpg","articleSection":["Nacional"],"inLanguage":"es"},{"@type":"WebPage","@id":"https:\/\/www.eldiario.net\/portal\/2021\/08\/19\/capacitan-a-tecnicos-en-malaria-sobre-manejo-de-microscopio\/","url":"https:\/\/www.eldiario.net\/portal\/2021\/08\/19\/capacitan-a-tecnicos-en-malaria-sobre-manejo-de-microscopio\/","name":"Capacitan a t\u00e9cnicos en malaria sobre manejo de microscopio - El Diario - Bolivia","isPartOf":{"@id":"https:\/\/www.eldiario.net\/portal\/#website"},"primaryImageOfPage":{"@id":"https:\/\/www.eldiario.net\/portal\/2021\/08\/19\/capacitan-a-tecnicos-en-malaria-sobre-manejo-de-microscopio\/#primaryimage"},"image":{"@id":"https:\/\/www.eldiario.net\/portal\/2021\/08\/19\/capacitan-a-tecnicos-en-malaria-sobre-manejo-de-microscopio\/#primaryimage"},"thumbnailUrl":"https:\/\/www.eldiario.net\/portal\/wp-content\/uploads\/2021\/08\/NACI-Capacitan-a-tecnicos-en-malaria.jpg","datePublished":"2021-08-19T10:31:42+00:00","breadcrumb":{"@id":"https:\/\/www.eldiario.net\/portal\/2021\/08\/19\/capacitan-a-tecnicos-en-malaria-sobre-manejo-de-microscopio\/#breadcrumb"},"inLanguage":"es","potentialAction":[{"@type":"ReadAction","target":["https:\/\/www.eldiario.net\/portal\/2021\/08\/19\/capacitan-a-tecnicos-en-malaria-sobre-manejo-de-microscopio\/"]}]},{"@type":"ImageObject","inLanguage":"es","@id":"https:\/\/www.eldiario.net\/portal\/2021\/08\/19\/capacitan-a-tecnicos-en-malaria-sobre-manejo-de-microscopio\/#primaryimage","url":"https:\/\/www.eldiario.net\/portal\/wp-content\/uploads\/2021\/08\/NACI-Capacitan-a-tecnicos-en-malaria.jpg","contentUrl":"https:\/\/www.eldiario.net\/portal\/wp-content\/uploads\/2021\/08\/NACI-Capacitan-a-tecnicos-en-malaria.jpg","width":730,"height":567},{"@type":"BreadcrumbList","@id":"https:\/\/www.eldiario.net\/portal\/2021\/08\/19\/capacitan-a-tecnicos-en-malaria-sobre-manejo-de-microscopio\/#breadcrumb","itemListElement":[{"@type":"ListItem","position":1,"name":"Portada","item":"https:\/\/www.eldiario.net\/portal\/"},{"@type":"ListItem","position":2,"name":"Capacitan a t\u00e9cnicos en malaria sobre manejo de microscopio"}]},{"@type":"WebSite","@id":"https:\/\/www.eldiario.net\/portal\/#website","url":"https:\/\/www.eldiario.net\/portal\/","name":"El Diario - Decano de la prensa nacional","description":"El Diario - Decano de la prensa nacional","publisher":{"@id":"https:\/\/www.eldiario.net\/portal\/#organization"},"potentialAction":[{"@type":"SearchAction","target":{"@type":"EntryPoint","urlTemplate":"https:\/\/www.eldiario.net\/portal\/?s={search_term_string}"},"query-input":{"@type":"PropertyValueSpecification","valueRequired":true,"valueName":"search_term_string"}}],"inLanguage":"es"},{"@type":"Organization","@id":"https:\/\/www.eldiario.net\/portal\/#organization","name":"El Diario - Decano de la prensa nacional","url":"https:\/\/www.eldiario.net\/portal\/","logo":{"@type":"ImageObject","inLanguage":"es","@id":"https:\/\/www.eldiario.net\/portal\/#\/schema\/logo\/image\/","url":"https:\/\/www.eldiario.net\/portal\/wp-content\/uploads\/2023\/07\/logo_ED.jpg","contentUrl":"https:\/\/www.eldiario.net\/portal\/wp-content\/uploads\/2023\/07\/logo_ED.jpg","width":272,"height":52,"caption":"El Diario - Decano de la prensa nacional"},"image":{"@id":"https:\/\/www.eldiario.net\/portal\/#\/schema\/logo\/image\/"},"sameAs":["https:\/\/www.facebook.com\/eldiario.bolivia\/","https:\/\/x.com\/eldiario_net"]},{"@type":"Person","@id":"https:\/\/www.eldiario.net\/portal\/#\/schema\/person\/2c57cf2b7a7ae032e449e4c9b1019eac","name":"Jeanette","image":{"@type":"ImageObject","inLanguage":"es","@id":"https:\/\/secure.gravatar.com\/avatar\/3ea2118a5f7dad2b7138b1187a6b7ee55f160b9968b66013c3a3ef39dd7e5798?s=96&d=mm&r=g","url":"https:\/\/secure.gravatar.com\/avatar\/3ea2118a5f7dad2b7138b1187a6b7ee55f160b9968b66013c3a3ef39dd7e5798?s=96&d=mm&r=g","contentUrl":"https:\/\/secure.gravatar.com\/avatar\/3ea2118a5f7dad2b7138b1187a6b7ee55f160b9968b66013c3a3ef39dd7e5798?s=96&d=mm&r=g","caption":"Jeanette"},"sameAs":["https:\/\/www.eldiario.net\/portal"],"url":"https:\/\/www.eldiario.net\/portal\/author\/jeanette\/"}]}},"_links":{"self":[{"href":"https:\/\/www.eldiario.net\/portal\/wp-json\/wp\/v2\/posts\/24315","targetHints":{"allow":["GET"]}}],"collection":[{"href":"https:\/\/www.eldiario.net\/portal\/wp-json\/wp\/v2\/posts"}],"about":[{"href":"https:\/\/www.eldiario.net\/portal\/wp-json\/wp\/v2\/types\/post"}],"author":[{"embeddable":true,"href":"https:\/\/www.eldiario.net\/portal\/wp-json\/wp\/v2\/users\/1"}],"replies":[{"embeddable":true,"href":"https:\/\/www.eldiario.net\/portal\/wp-json\/wp\/v2\/comments?post=24315"}],"version-history":[{"count":0,"href":"https:\/\/www.eldiario.net\/portal\/wp-json\/wp\/v2\/posts\/24315\/revisions"}],"wp:featuredmedia":[{"embeddable":true,"href":"https:\/\/www.eldiario.net\/portal\/wp-json\/wp\/v2\/media\/24316"}],"wp:attachment":[{"href":"https:\/\/www.eldiario.net\/portal\/wp-json\/wp\/v2\/media?parent=24315"}],"wp:term":[{"taxonomy":"category","embeddable":true,"href":"https:\/\/www.eldiario.net\/portal\/wp-json\/wp\/v2\/categories?post=24315"},{"taxonomy":"post_tag","embeddable":true,"href":"https:\/\/www.eldiario.net\/portal\/wp-json\/wp\/v2\/tags?post=24315"}],"curies":[{"name":"wp","href":"https:\/\/api.w.org\/{rel}","templated":true}]}}