{"id":24312,"date":"2021-08-19T06:30:16","date_gmt":"2021-08-19T10:30:16","guid":{"rendered":"https:\/\/www.eldiario.net\/portal\/?p=24312"},"modified":"2021-08-19T06:30:16","modified_gmt":"2021-08-19T10:30:16","slug":"comite-civico-pro-santa-cruz-pide-una-audiencia-con-el-giei","status":"publish","type":"post","link":"https:\/\/www.eldiario.net\/portal\/2021\/08\/19\/comite-civico-pro-santa-cruz-pide-una-audiencia-con-el-giei\/","title":{"rendered":"Comit\u00e9 C\u00edvico Pro Santa Cruz pide una audiencia con el GIEI"},"content":{"rendered":"<p>El Comit\u00e9 C\u00edvico Pro Santa Cruz solicitar\u00e1 mediante una carta una audiencia con el Grupo Interdisciplinario de Expertos Independientes (GIEI) para darle a conocer la participaci\u00f3n que tuvo durante la crisis de 2019 en el pa\u00eds, anunci\u00f3 el presidente c\u00edvico, R\u00f3mulo Calvo.<\/p>\n<p>\u201cInvitamos al GIEI que nos visite y conozca de primera mano cual es la lucha del pueblo cruce\u00f1o y del pueblo boliviano. Todos sabemos que la g\u00e9nesis de este problema fue la violaci\u00f3n de la voluntad popular del 21F\u201d, afirm\u00f3.<\/p>\n<p>Para Calvo, los diferentes hechos de violencia como los ocurridos el sector de Cofadena, Montero, ambos en Santa Cruz; y Vila Vila se dieron mientras Evo Morales a\u00fan se encontraba como presidente de Bolivia.<\/p>\n<p>En el informe del GIEI se menciona varias veces al Comit\u00e9 C\u00edvico Pro Santa Cruz y se observa los \u00abpermisos\u00bb para circular que se emitieron mientras se cumpl\u00edan los paros c\u00edvicos durante los d\u00edas movilizaciones por los 21 d\u00edas.<\/p>\n<p>\u201cLa exigencia de permisos emitidos por el Comit\u00e9 C\u00edvico Pro Santa Cruz fue una pr\u00e1ctica no amparada por el derecho de protesta. La limitaci\u00f3n del derecho de circulaci\u00f3n es un acto privativo de potestad exclusiva del Estado bajo estrictas normas y est\u00e1ndares jur\u00eddicos para calificar su legalidad\u201d, se lee en parte del documento del organismo.<\/p>\n<p>Calvo asegur\u00f3 que, a pesar de que fueron citados en el informe, en ning\u00fan momento fueron convocados para realizar alguna complementaci\u00f3n.<\/p>\n<p>El dirigente a\u00f1adi\u00f3 que se encuentra \u201ccompletamente de acuerdo\u201d que se investigue y sancione las muertes que ocurrieron en Senkata y Sacaba.<\/p>\n<p>El GIEI establecido en su informe final que entre septiembre y diciembre de 2019 hubo \u201cgraves violaciones a los derechos humanos\u201d en el pa\u00eds. (Erbol)<\/p>\n<p>&nbsp;<\/p>\n","protected":false},"excerpt":{"rendered":"<p>El Comit\u00e9 C\u00edvico Pro Santa Cruz solicitar\u00e1 mediante una carta una audiencia con el Grupo Interdisciplinario de Expertos Independientes (GIEI) para darle a conocer la participaci\u00f3n que tuvo durante la crisis de 2019 en el pa\u00eds, anunci\u00f3 el presidente c\u00edvico, R\u00f3mulo Calvo. \u201cInvitamos al GIEI que nos visite y conozca de primera mano cual es [&hellip;]<\/p>\n","protected":false},"author":1,"featured_media":24313,"comment_status":"closed","ping_status":"closed","sticky":false,"template":"","format":"standard","meta":{"_acf_changed":false,"footnotes":""},"categories":[12],"tags":[],"class_list":["post-24312","post","type-post","status-publish","format-standard","has-post-thumbnail","category-nacional"],"acf":{"antetitulo":""},"yoast_head":"<!-- This site is optimized with the Yoast SEO plugin v28.4 - https:\/\/yoast.com\/product\/yoast-seo-wordpress\/ -->\n<title>Comit\u00e9 C\u00edvico Pro Santa Cruz pide una audiencia con el GIEI - El Diario - Bolivia<\/title>\n<meta name=\"robots\" content=\"index, follow, max-snippet:-1, max-image-preview:large, max-video-preview:-1\" \/>\n<link rel=\"canonical\" href=\"https:\/\/www.eldiario.net\/portal\/2021\/08\/19\/comite-civico-pro-santa-cruz-pide-una-audiencia-con-el-giei\/\" \/>\n<meta property=\"og:locale\" content=\"es_ES\" \/>\n<meta property=\"og:type\" content=\"article\" \/>\n<meta property=\"og:title\" content=\"Comit\u00e9 C\u00edvico Pro Santa Cruz pide una audiencia con el GIEI - El Diario - Bolivia\" \/>\n<meta property=\"og:description\" content=\"El Comit\u00e9 C\u00edvico Pro Santa Cruz solicitar\u00e1 mediante una carta una audiencia con el Grupo Interdisciplinario de Expertos Independientes (GIEI) para darle a conocer la participaci\u00f3n que tuvo durante la crisis de 2019 en el pa\u00eds, anunci\u00f3 el presidente c\u00edvico, R\u00f3mulo Calvo. \u201cInvitamos al GIEI que nos visite y conozca de primera mano cual es [&hellip;]\" \/>\n<meta property=\"og:url\" content=\"https:\/\/www.eldiario.net\/portal\/2021\/08\/19\/comite-civico-pro-santa-cruz-pide-una-audiencia-con-el-giei\/\" \/>\n<meta property=\"og:site_name\" content=\"El Diario - Bolivia\" \/>\n<meta property=\"article:publisher\" content=\"https:\/\/www.facebook.com\/eldiario.bolivia\/\" \/>\n<meta property=\"article:published_time\" content=\"2021-08-19T10:30:16+00:00\" \/>\n<meta name=\"author\" content=\"Jeanette\" \/>\n<meta name=\"twitter:card\" content=\"summary_large_image\" \/>\n<meta name=\"twitter:creator\" content=\"@eldiario_net\" \/>\n<meta name=\"twitter:site\" content=\"@eldiario_net\" \/>\n<meta name=\"twitter:label1\" content=\"Escrito por\" \/>\n\t<meta name=\"twitter:data1\" content=\"Jeanette\" \/>\n\t<meta name=\"twitter:label2\" content=\"Tiempo de lectura\" \/>\n\t<meta name=\"twitter:data2\" content=\"2 minutos\" \/>\n<script type=\"application\/ld+json\" class=\"yoast-schema-graph\">{\"@context\":\"https:\\\/\\\/schema.org\",\"@graph\":[{\"@type\":\"Article\",\"@id\":\"https:\\\/\\\/www.eldiario.net\\\/portal\\\/2021\\\/08\\\/19\\\/comite-civico-pro-santa-cruz-pide-una-audiencia-con-el-giei\\\/#article\",\"isPartOf\":{\"@id\":\"https:\\\/\\\/www.eldiario.net\\\/portal\\\/2021\\\/08\\\/19\\\/comite-civico-pro-santa-cruz-pide-una-audiencia-con-el-giei\\\/\"},\"author\":{\"name\":\"Jeanette\",\"@id\":\"https:\\\/\\\/www.eldiario.net\\\/portal\\\/#\\\/schema\\\/person\\\/f46445640444750d7d753ccd04ae01b7\"},\"headline\":\"Comit\u00e9 C\u00edvico Pro Santa Cruz pide una audiencia con el GIEI\",\"datePublished\":\"2021-08-19T10:30:16+00:00\",\"mainEntityOfPage\":{\"@id\":\"https:\\\/\\\/www.eldiario.net\\\/portal\\\/2021\\\/08\\\/19\\\/comite-civico-pro-santa-cruz-pide-una-audiencia-con-el-giei\\\/\"},\"wordCount\":312,\"publisher\":{\"@id\":\"https:\\\/\\\/www.eldiario.net\\\/portal\\\/#organization\"},\"image\":{\"@id\":\"https:\\\/\\\/www.eldiario.net\\\/portal\\\/2021\\\/08\\\/19\\\/comite-civico-pro-santa-cruz-pide-una-audiencia-con-el-giei\\\/#primaryimage\"},\"thumbnailUrl\":\"\",\"articleSection\":[\"Nacional\"],\"inLanguage\":\"es\"},{\"@type\":\"WebPage\",\"@id\":\"https:\\\/\\\/www.eldiario.net\\\/portal\\\/2021\\\/08\\\/19\\\/comite-civico-pro-santa-cruz-pide-una-audiencia-con-el-giei\\\/\",\"url\":\"https:\\\/\\\/www.eldiario.net\\\/portal\\\/2021\\\/08\\\/19\\\/comite-civico-pro-santa-cruz-pide-una-audiencia-con-el-giei\\\/\",\"name\":\"Comit\u00e9 C\u00edvico Pro Santa Cruz pide una audiencia con el GIEI - El Diario - Bolivia\",\"isPartOf\":{\"@id\":\"https:\\\/\\\/www.eldiario.net\\\/portal\\\/#website\"},\"primaryImageOfPage\":{\"@id\":\"https:\\\/\\\/www.eldiario.net\\\/portal\\\/2021\\\/08\\\/19\\\/comite-civico-pro-santa-cruz-pide-una-audiencia-con-el-giei\\\/#primaryimage\"},\"image\":{\"@id\":\"https:\\\/\\\/www.eldiario.net\\\/portal\\\/2021\\\/08\\\/19\\\/comite-civico-pro-santa-cruz-pide-una-audiencia-con-el-giei\\\/#primaryimage\"},\"thumbnailUrl\":\"\",\"datePublished\":\"2021-08-19T10:30:16+00:00\",\"breadcrumb\":{\"@id\":\"https:\\\/\\\/www.eldiario.net\\\/portal\\\/2021\\\/08\\\/19\\\/comite-civico-pro-santa-cruz-pide-una-audiencia-con-el-giei\\\/#breadcrumb\"},\"inLanguage\":\"es\",\"potentialAction\":[{\"@type\":\"ReadAction\",\"target\":[\"https:\\\/\\\/www.eldiario.net\\\/portal\\\/2021\\\/08\\\/19\\\/comite-civico-pro-santa-cruz-pide-una-audiencia-con-el-giei\\\/\"]}]},{\"@type\":\"ImageObject\",\"inLanguage\":\"es\",\"@id\":\"https:\\\/\\\/www.eldiario.net\\\/portal\\\/2021\\\/08\\\/19\\\/comite-civico-pro-santa-cruz-pide-una-audiencia-con-el-giei\\\/#primaryimage\",\"url\":\"\",\"contentUrl\":\"\"},{\"@type\":\"BreadcrumbList\",\"@id\":\"https:\\\/\\\/www.eldiario.net\\\/portal\\\/2021\\\/08\\\/19\\\/comite-civico-pro-santa-cruz-pide-una-audiencia-con-el-giei\\\/#breadcrumb\",\"itemListElement\":[{\"@type\":\"ListItem\",\"position\":1,\"name\":\"Portada\",\"item\":\"https:\\\/\\\/www.eldiario.net\\\/portal\\\/\"},{\"@type\":\"ListItem\",\"position\":2,\"name\":\"Comit\u00e9 C\u00edvico Pro Santa Cruz pide una audiencia con el GIEI\"}]},{\"@type\":\"WebSite\",\"@id\":\"https:\\\/\\\/www.eldiario.net\\\/portal\\\/#website\",\"url\":\"https:\\\/\\\/www.eldiario.net\\\/portal\\\/\",\"name\":\"El Diario - Decano de la prensa nacional\",\"description\":\"El Diario - Decano de la prensa nacional\",\"publisher\":{\"@id\":\"https:\\\/\\\/www.eldiario.net\\\/portal\\\/#organization\"},\"potentialAction\":[{\"@type\":\"SearchAction\",\"target\":{\"@type\":\"EntryPoint\",\"urlTemplate\":\"https:\\\/\\\/www.eldiario.net\\\/portal\\\/?s={search_term_string}\"},\"query-input\":{\"@type\":\"PropertyValueSpecification\",\"valueRequired\":true,\"valueName\":\"search_term_string\"}}],\"inLanguage\":\"es\"},{\"@type\":\"Organization\",\"@id\":\"https:\\\/\\\/www.eldiario.net\\\/portal\\\/#organization\",\"name\":\"El Diario - Decano de la prensa nacional\",\"url\":\"https:\\\/\\\/www.eldiario.net\\\/portal\\\/\",\"logo\":{\"@type\":\"ImageObject\",\"inLanguage\":\"es\",\"@id\":\"https:\\\/\\\/www.eldiario.net\\\/portal\\\/#\\\/schema\\\/logo\\\/image\\\/\",\"url\":\"https:\\\/\\\/www.eldiario.net\\\/portal\\\/wp-content\\\/uploads\\\/2023\\\/07\\\/logo_ED.jpg\",\"contentUrl\":\"https:\\\/\\\/www.eldiario.net\\\/portal\\\/wp-content\\\/uploads\\\/2023\\\/07\\\/logo_ED.jpg\",\"width\":272,\"height\":52,\"caption\":\"El Diario - Decano de la prensa nacional\"},\"image\":{\"@id\":\"https:\\\/\\\/www.eldiario.net\\\/portal\\\/#\\\/schema\\\/logo\\\/image\\\/\"},\"sameAs\":[\"https:\\\/\\\/www.facebook.com\\\/eldiario.bolivia\\\/\",\"https:\\\/\\\/x.com\\\/eldiario_net\"]},{\"@type\":\"Person\",\"@id\":\"https:\\\/\\\/www.eldiario.net\\\/portal\\\/#\\\/schema\\\/person\\\/f46445640444750d7d753ccd04ae01b7\",\"name\":\"Jeanette\",\"image\":{\"@type\":\"ImageObject\",\"inLanguage\":\"es\",\"@id\":\"https:\\\/\\\/secure.gravatar.com\\\/avatar\\\/3ea2118a5f7dad2b7138b1187a6b7ee55f160b9968b66013c3a3ef39dd7e5798?s=96&d=mm&r=g\",\"url\":\"https:\\\/\\\/secure.gravatar.com\\\/avatar\\\/3ea2118a5f7dad2b7138b1187a6b7ee55f160b9968b66013c3a3ef39dd7e5798?s=96&d=mm&r=g\",\"contentUrl\":\"https:\\\/\\\/secure.gravatar.com\\\/avatar\\\/3ea2118a5f7dad2b7138b1187a6b7ee55f160b9968b66013c3a3ef39dd7e5798?s=96&d=mm&r=g\",\"caption\":\"Jeanette\"},\"sameAs\":[\"https:\\\/\\\/www.eldiario.net\\\/portal\"],\"url\":\"https:\\\/\\\/www.eldiario.net\\\/portal\\\/author\\\/jeanette\\\/\"}]}<\/script>\n<!-- \/ Yoast SEO plugin. -->","yoast_head_json":{"title":"Comit\u00e9 C\u00edvico Pro Santa Cruz pide una audiencia con el GIEI - El Diario - Bolivia","robots":{"index":"index","follow":"follow","max-snippet":"max-snippet:-1","max-image-preview":"max-image-preview:large","max-video-preview":"max-video-preview:-1"},"canonical":"https:\/\/www.eldiario.net\/portal\/2021\/08\/19\/comite-civico-pro-santa-cruz-pide-una-audiencia-con-el-giei\/","og_locale":"es_ES","og_type":"article","og_title":"Comit\u00e9 C\u00edvico Pro Santa Cruz pide una audiencia con el GIEI - El Diario - Bolivia","og_description":"El Comit\u00e9 C\u00edvico Pro Santa Cruz solicitar\u00e1 mediante una carta una audiencia con el Grupo Interdisciplinario de Expertos Independientes (GIEI) para darle a conocer la participaci\u00f3n que tuvo durante la crisis de 2019 en el pa\u00eds, anunci\u00f3 el presidente c\u00edvico, R\u00f3mulo Calvo. \u201cInvitamos al GIEI que nos visite y conozca de primera mano cual es [&hellip;]","og_url":"https:\/\/www.eldiario.net\/portal\/2021\/08\/19\/comite-civico-pro-santa-cruz-pide-una-audiencia-con-el-giei\/","og_site_name":"El Diario - Bolivia","article_publisher":"https:\/\/www.facebook.com\/eldiario.bolivia\/","article_published_time":"2021-08-19T10:30:16+00:00","author":"Jeanette","twitter_card":"summary_large_image","twitter_creator":"@eldiario_net","twitter_site":"@eldiario_net","twitter_misc":{"Escrito por":"Jeanette","Tiempo de lectura":"2 minutos"},"schema":{"@context":"https:\/\/schema.org","@graph":[{"@type":"Article","@id":"https:\/\/www.eldiario.net\/portal\/2021\/08\/19\/comite-civico-pro-santa-cruz-pide-una-audiencia-con-el-giei\/#article","isPartOf":{"@id":"https:\/\/www.eldiario.net\/portal\/2021\/08\/19\/comite-civico-pro-santa-cruz-pide-una-audiencia-con-el-giei\/"},"author":{"name":"Jeanette","@id":"https:\/\/www.eldiario.net\/portal\/#\/schema\/person\/f46445640444750d7d753ccd04ae01b7"},"headline":"Comit\u00e9 C\u00edvico Pro Santa Cruz pide una audiencia con el GIEI","datePublished":"2021-08-19T10:30:16+00:00","mainEntityOfPage":{"@id":"https:\/\/www.eldiario.net\/portal\/2021\/08\/19\/comite-civico-pro-santa-cruz-pide-una-audiencia-con-el-giei\/"},"wordCount":312,"publisher":{"@id":"https:\/\/www.eldiario.net\/portal\/#organization"},"image":{"@id":"https:\/\/www.eldiario.net\/portal\/2021\/08\/19\/comite-civico-pro-santa-cruz-pide-una-audiencia-con-el-giei\/#primaryimage"},"thumbnailUrl":"","articleSection":["Nacional"],"inLanguage":"es"},{"@type":"WebPage","@id":"https:\/\/www.eldiario.net\/portal\/2021\/08\/19\/comite-civico-pro-santa-cruz-pide-una-audiencia-con-el-giei\/","url":"https:\/\/www.eldiario.net\/portal\/2021\/08\/19\/comite-civico-pro-santa-cruz-pide-una-audiencia-con-el-giei\/","name":"Comit\u00e9 C\u00edvico Pro Santa Cruz pide una audiencia con el GIEI - El Diario - Bolivia","isPartOf":{"@id":"https:\/\/www.eldiario.net\/portal\/#website"},"primaryImageOfPage":{"@id":"https:\/\/www.eldiario.net\/portal\/2021\/08\/19\/comite-civico-pro-santa-cruz-pide-una-audiencia-con-el-giei\/#primaryimage"},"image":{"@id":"https:\/\/www.eldiario.net\/portal\/2021\/08\/19\/comite-civico-pro-santa-cruz-pide-una-audiencia-con-el-giei\/#primaryimage"},"thumbnailUrl":"","datePublished":"2021-08-19T10:30:16+00:00","breadcrumb":{"@id":"https:\/\/www.eldiario.net\/portal\/2021\/08\/19\/comite-civico-pro-santa-cruz-pide-una-audiencia-con-el-giei\/#breadcrumb"},"inLanguage":"es","potentialAction":[{"@type":"ReadAction","target":["https:\/\/www.eldiario.net\/portal\/2021\/08\/19\/comite-civico-pro-santa-cruz-pide-una-audiencia-con-el-giei\/"]}]},{"@type":"ImageObject","inLanguage":"es","@id":"https:\/\/www.eldiario.net\/portal\/2021\/08\/19\/comite-civico-pro-santa-cruz-pide-una-audiencia-con-el-giei\/#primaryimage","url":"","contentUrl":""},{"@type":"BreadcrumbList","@id":"https:\/\/www.eldiario.net\/portal\/2021\/08\/19\/comite-civico-pro-santa-cruz-pide-una-audiencia-con-el-giei\/#breadcrumb","itemListElement":[{"@type":"ListItem","position":1,"name":"Portada","item":"https:\/\/www.eldiario.net\/portal\/"},{"@type":"ListItem","position":2,"name":"Comit\u00e9 C\u00edvico Pro Santa Cruz pide una audiencia con el GIEI"}]},{"@type":"WebSite","@id":"https:\/\/www.eldiario.net\/portal\/#website","url":"https:\/\/www.eldiario.net\/portal\/","name":"El Diario - Decano de la prensa nacional","description":"El Diario - Decano de la prensa nacional","publisher":{"@id":"https:\/\/www.eldiario.net\/portal\/#organization"},"potentialAction":[{"@type":"SearchAction","target":{"@type":"EntryPoint","urlTemplate":"https:\/\/www.eldiario.net\/portal\/?s={search_term_string}"},"query-input":{"@type":"PropertyValueSpecification","valueRequired":true,"valueName":"search_term_string"}}],"inLanguage":"es"},{"@type":"Organization","@id":"https:\/\/www.eldiario.net\/portal\/#organization","name":"El Diario - Decano de la prensa nacional","url":"https:\/\/www.eldiario.net\/portal\/","logo":{"@type":"ImageObject","inLanguage":"es","@id":"https:\/\/www.eldiario.net\/portal\/#\/schema\/logo\/image\/","url":"https:\/\/www.eldiario.net\/portal\/wp-content\/uploads\/2023\/07\/logo_ED.jpg","contentUrl":"https:\/\/www.eldiario.net\/portal\/wp-content\/uploads\/2023\/07\/logo_ED.jpg","width":272,"height":52,"caption":"El Diario - Decano de la prensa nacional"},"image":{"@id":"https:\/\/www.eldiario.net\/portal\/#\/schema\/logo\/image\/"},"sameAs":["https:\/\/www.facebook.com\/eldiario.bolivia\/","https:\/\/x.com\/eldiario_net"]},{"@type":"Person","@id":"https:\/\/www.eldiario.net\/portal\/#\/schema\/person\/f46445640444750d7d753ccd04ae01b7","name":"Jeanette","image":{"@type":"ImageObject","inLanguage":"es","@id":"https:\/\/secure.gravatar.com\/avatar\/3ea2118a5f7dad2b7138b1187a6b7ee55f160b9968b66013c3a3ef39dd7e5798?s=96&d=mm&r=g","url":"https:\/\/secure.gravatar.com\/avatar\/3ea2118a5f7dad2b7138b1187a6b7ee55f160b9968b66013c3a3ef39dd7e5798?s=96&d=mm&r=g","contentUrl":"https:\/\/secure.gravatar.com\/avatar\/3ea2118a5f7dad2b7138b1187a6b7ee55f160b9968b66013c3a3ef39dd7e5798?s=96&d=mm&r=g","caption":"Jeanette"},"sameAs":["https:\/\/www.eldiario.net\/portal"],"url":"https:\/\/www.eldiario.net\/portal\/author\/jeanette\/"}]}},"_links":{"self":[{"href":"https:\/\/www.eldiario.net\/portal\/wp-json\/wp\/v2\/posts\/24312","targetHints":{"allow":["GET"]}}],"collection":[{"href":"https:\/\/www.eldiario.net\/portal\/wp-json\/wp\/v2\/posts"}],"about":[{"href":"https:\/\/www.eldiario.net\/portal\/wp-json\/wp\/v2\/types\/post"}],"author":[{"embeddable":true,"href":"https:\/\/www.eldiario.net\/portal\/wp-json\/wp\/v2\/users\/1"}],"replies":[{"embeddable":true,"href":"https:\/\/www.eldiario.net\/portal\/wp-json\/wp\/v2\/comments?post=24312"}],"version-history":[{"count":0,"href":"https:\/\/www.eldiario.net\/portal\/wp-json\/wp\/v2\/posts\/24312\/revisions"}],"wp:attachment":[{"href":"https:\/\/www.eldiario.net\/portal\/wp-json\/wp\/v2\/media?parent=24312"}],"wp:term":[{"taxonomy":"category","embeddable":true,"href":"https:\/\/www.eldiario.net\/portal\/wp-json\/wp\/v2\/categories?post=24312"},{"taxonomy":"post_tag","embeddable":true,"href":"https:\/\/www.eldiario.net\/portal\/wp-json\/wp\/v2\/tags?post=24312"}],"curies":[{"name":"wp","href":"https:\/\/api.w.org\/{rel}","templated":true}]}}