{"id":24309,"date":"2021-08-19T06:28:50","date_gmt":"2021-08-19T10:28:50","guid":{"rendered":"https:\/\/www.eldiario.net\/portal\/?p=24309"},"modified":"2021-08-19T06:28:50","modified_gmt":"2021-08-19T10:28:50","slug":"fiscalia-anuncia-que-hechos-de-2019-no-quedaran-impunes","status":"publish","type":"post","link":"https:\/\/www.eldiario.net\/portal\/2021\/08\/19\/fiscalia-anuncia-que-hechos-de-2019-no-quedaran-impunes\/","title":{"rendered":"Fiscal\u00eda anuncia que hechos  de 2019 no quedaran impunes"},"content":{"rendered":"<p>Despu\u00e9s de una reuni\u00f3n con la representaci\u00f3n del Grupo Interdisciplinario de Expertos Independientes (GIEI), quienes entregaron de forma oficial el informe final sobre los hechos de violencia registrados entre septiembre y diciembre de 2019 en Bolivia, el fiscal general, Juan Lanchipa, garantiz\u00f3 que se trabajar\u00e1 para que los casos no queden en la impunidad y que se haga justicia.<\/p>\n<p>\u201cSe tuvo una reuni\u00f3n con los expertos del GIEI Bolivia, en la que se abord\u00f3 los puntos de las recomendaciones en el informe y como Ministerio P\u00fablico se hizo conocer que algunos no fueron tomados en cuenta, como el hecho del \u00e1mbito de la investigaci\u00f3n penal se dio en un contexto muy particular como la pandemia, el \u00d3rgano Judicial dispuso la suspensi\u00f3n y paralizaci\u00f3n de plazos procesales que dur\u00f3 m\u00e1s de cinco meses, pero el Ministerio P\u00fablico no suspendi\u00f3 sus funciones; sin embargo, tropez\u00f3 con ese inconveniente de llevar adelante los procesos de investigaci\u00f3n\u201d, dijo Lanchipa.<\/p>\n<p>La autoridad agreg\u00f3 que se transmiti\u00f3 la preocupaci\u00f3n que, en una primera instancia, hubo temor por parte de las v\u00edctimas a brindar la cooperaci\u00f3n, por un elemento fundamental, eran acosados y presionados por el anterior Ministerio de Gobierno para brindar cualquier tipo de informaci\u00f3n.<\/p>\n<p>\u201cSe hizo notar la reticencia de las autoridades militares y policiales del anterior Gobierno. El Ministerio P\u00fablico hizo conocer los constantes requerimientos que se hicieron llegar a las autoridades para que puedan facilitarnos informaci\u00f3n como planes de operaci\u00f3n militar policial, personal desplegado en las operaciones, material e instrumentos utilizados, pero nunca brindaron informaci\u00f3n, esa reticencia contribuy\u00f3 a que los procesos de investigaci\u00f3n no hayan tenido la suficiente solvencia en algunos casos\u201d, a\u00f1adi\u00f3.<\/p>\n<p>Durante la reuni\u00f3n el Fiscal General hizo conocer a los expertos la elaboraci\u00f3n del plan de implementaci\u00f3n para la aplicaci\u00f3n de las 36 recomendaciones presentadas en el informe. Tambi\u00e9n que existen elementos sustanciales que se deben analizar con mayor profundidad y prolijidad como la carrera fiscal, en la que ya se tiene a la primera promoci\u00f3n de fiscales de carrera.<\/p>\n<p>&nbsp;<\/p>\n","protected":false},"excerpt":{"rendered":"<p>Despu\u00e9s de una reuni\u00f3n con la representaci\u00f3n del Grupo Interdisciplinario de Expertos Independientes (GIEI), quienes entregaron de forma oficial el informe final sobre los hechos de violencia registrados entre septiembre y diciembre de 2019 en Bolivia, el fiscal general, Juan Lanchipa, garantiz\u00f3 que se trabajar\u00e1 para que los casos no queden en la impunidad y [&hellip;]<\/p>\n","protected":false},"author":1,"featured_media":24310,"comment_status":"closed","ping_status":"closed","sticky":false,"template":"","format":"standard","meta":{"_acf_changed":false,"footnotes":""},"categories":[39],"tags":[],"class_list":["post-24309","post","type-post","status-publish","format-standard","has-post-thumbnail","category-sociedad"],"acf":{"antetitulo":""},"yoast_head":"<!-- This site is optimized with the Yoast SEO plugin v28.4 - https:\/\/yoast.com\/product\/yoast-seo-wordpress\/ -->\n<title>Fiscal\u00eda anuncia que hechos de 2019 no quedaran impunes - El Diario - Bolivia<\/title>\n<meta name=\"robots\" content=\"index, follow, max-snippet:-1, max-image-preview:large, max-video-preview:-1\" \/>\n<link rel=\"canonical\" href=\"https:\/\/www.eldiario.net\/portal\/2021\/08\/19\/fiscalia-anuncia-que-hechos-de-2019-no-quedaran-impunes\/\" \/>\n<meta property=\"og:locale\" content=\"es_ES\" \/>\n<meta property=\"og:type\" content=\"article\" \/>\n<meta property=\"og:title\" content=\"Fiscal\u00eda anuncia que hechos de 2019 no quedaran impunes - El Diario - Bolivia\" \/>\n<meta property=\"og:description\" content=\"Despu\u00e9s de una reuni\u00f3n con la representaci\u00f3n del Grupo Interdisciplinario de Expertos Independientes (GIEI), quienes entregaron de forma oficial el informe final sobre los hechos de violencia registrados entre septiembre y diciembre de 2019 en Bolivia, el fiscal general, Juan Lanchipa, garantiz\u00f3 que se trabajar\u00e1 para que los casos no queden en la impunidad y [&hellip;]\" \/>\n<meta property=\"og:url\" content=\"https:\/\/www.eldiario.net\/portal\/2021\/08\/19\/fiscalia-anuncia-que-hechos-de-2019-no-quedaran-impunes\/\" \/>\n<meta property=\"og:site_name\" content=\"El Diario - Bolivia\" \/>\n<meta property=\"article:publisher\" content=\"https:\/\/www.facebook.com\/eldiario.bolivia\/\" \/>\n<meta property=\"article:published_time\" content=\"2021-08-19T10:28:50+00:00\" \/>\n<meta name=\"author\" content=\"Jeanette\" \/>\n<meta name=\"twitter:card\" content=\"summary_large_image\" \/>\n<meta name=\"twitter:creator\" content=\"@eldiario_net\" \/>\n<meta name=\"twitter:site\" content=\"@eldiario_net\" \/>\n<meta name=\"twitter:label1\" content=\"Escrito por\" \/>\n\t<meta name=\"twitter:data1\" content=\"Jeanette\" \/>\n\t<meta name=\"twitter:label2\" content=\"Tiempo de lectura\" \/>\n\t<meta name=\"twitter:data2\" content=\"2 minutos\" \/>\n<script type=\"application\/ld+json\" class=\"yoast-schema-graph\">{\"@context\":\"https:\\\/\\\/schema.org\",\"@graph\":[{\"@type\":\"Article\",\"@id\":\"https:\\\/\\\/www.eldiario.net\\\/portal\\\/2021\\\/08\\\/19\\\/fiscalia-anuncia-que-hechos-de-2019-no-quedaran-impunes\\\/#article\",\"isPartOf\":{\"@id\":\"https:\\\/\\\/www.eldiario.net\\\/portal\\\/2021\\\/08\\\/19\\\/fiscalia-anuncia-que-hechos-de-2019-no-quedaran-impunes\\\/\"},\"author\":{\"name\":\"Jeanette\",\"@id\":\"https:\\\/\\\/www.eldiario.net\\\/portal\\\/#\\\/schema\\\/person\\\/f46445640444750d7d753ccd04ae01b7\"},\"headline\":\"Fiscal\u00eda anuncia que hechos de 2019 no quedaran impunes\",\"datePublished\":\"2021-08-19T10:28:50+00:00\",\"mainEntityOfPage\":{\"@id\":\"https:\\\/\\\/www.eldiario.net\\\/portal\\\/2021\\\/08\\\/19\\\/fiscalia-anuncia-que-hechos-de-2019-no-quedaran-impunes\\\/\"},\"wordCount\":366,\"publisher\":{\"@id\":\"https:\\\/\\\/www.eldiario.net\\\/portal\\\/#organization\"},\"image\":{\"@id\":\"https:\\\/\\\/www.eldiario.net\\\/portal\\\/2021\\\/08\\\/19\\\/fiscalia-anuncia-que-hechos-de-2019-no-quedaran-impunes\\\/#primaryimage\"},\"thumbnailUrl\":\"\",\"articleSection\":[\"Sociedad - Seguridad\"],\"inLanguage\":\"es\"},{\"@type\":\"WebPage\",\"@id\":\"https:\\\/\\\/www.eldiario.net\\\/portal\\\/2021\\\/08\\\/19\\\/fiscalia-anuncia-que-hechos-de-2019-no-quedaran-impunes\\\/\",\"url\":\"https:\\\/\\\/www.eldiario.net\\\/portal\\\/2021\\\/08\\\/19\\\/fiscalia-anuncia-que-hechos-de-2019-no-quedaran-impunes\\\/\",\"name\":\"Fiscal\u00eda anuncia que hechos de 2019 no quedaran impunes - El Diario - Bolivia\",\"isPartOf\":{\"@id\":\"https:\\\/\\\/www.eldiario.net\\\/portal\\\/#website\"},\"primaryImageOfPage\":{\"@id\":\"https:\\\/\\\/www.eldiario.net\\\/portal\\\/2021\\\/08\\\/19\\\/fiscalia-anuncia-que-hechos-de-2019-no-quedaran-impunes\\\/#primaryimage\"},\"image\":{\"@id\":\"https:\\\/\\\/www.eldiario.net\\\/portal\\\/2021\\\/08\\\/19\\\/fiscalia-anuncia-que-hechos-de-2019-no-quedaran-impunes\\\/#primaryimage\"},\"thumbnailUrl\":\"\",\"datePublished\":\"2021-08-19T10:28:50+00:00\",\"breadcrumb\":{\"@id\":\"https:\\\/\\\/www.eldiario.net\\\/portal\\\/2021\\\/08\\\/19\\\/fiscalia-anuncia-que-hechos-de-2019-no-quedaran-impunes\\\/#breadcrumb\"},\"inLanguage\":\"es\",\"potentialAction\":[{\"@type\":\"ReadAction\",\"target\":[\"https:\\\/\\\/www.eldiario.net\\\/portal\\\/2021\\\/08\\\/19\\\/fiscalia-anuncia-que-hechos-de-2019-no-quedaran-impunes\\\/\"]}]},{\"@type\":\"ImageObject\",\"inLanguage\":\"es\",\"@id\":\"https:\\\/\\\/www.eldiario.net\\\/portal\\\/2021\\\/08\\\/19\\\/fiscalia-anuncia-que-hechos-de-2019-no-quedaran-impunes\\\/#primaryimage\",\"url\":\"\",\"contentUrl\":\"\"},{\"@type\":\"BreadcrumbList\",\"@id\":\"https:\\\/\\\/www.eldiario.net\\\/portal\\\/2021\\\/08\\\/19\\\/fiscalia-anuncia-que-hechos-de-2019-no-quedaran-impunes\\\/#breadcrumb\",\"itemListElement\":[{\"@type\":\"ListItem\",\"position\":1,\"name\":\"Portada\",\"item\":\"https:\\\/\\\/www.eldiario.net\\\/portal\\\/\"},{\"@type\":\"ListItem\",\"position\":2,\"name\":\"Fiscal\u00eda anuncia que hechos de 2019 no quedaran impunes\"}]},{\"@type\":\"WebSite\",\"@id\":\"https:\\\/\\\/www.eldiario.net\\\/portal\\\/#website\",\"url\":\"https:\\\/\\\/www.eldiario.net\\\/portal\\\/\",\"name\":\"El Diario - Decano de la prensa nacional\",\"description\":\"El Diario - Decano de la prensa nacional\",\"publisher\":{\"@id\":\"https:\\\/\\\/www.eldiario.net\\\/portal\\\/#organization\"},\"potentialAction\":[{\"@type\":\"SearchAction\",\"target\":{\"@type\":\"EntryPoint\",\"urlTemplate\":\"https:\\\/\\\/www.eldiario.net\\\/portal\\\/?s={search_term_string}\"},\"query-input\":{\"@type\":\"PropertyValueSpecification\",\"valueRequired\":true,\"valueName\":\"search_term_string\"}}],\"inLanguage\":\"es\"},{\"@type\":\"Organization\",\"@id\":\"https:\\\/\\\/www.eldiario.net\\\/portal\\\/#organization\",\"name\":\"El Diario - Decano de la prensa nacional\",\"url\":\"https:\\\/\\\/www.eldiario.net\\\/portal\\\/\",\"logo\":{\"@type\":\"ImageObject\",\"inLanguage\":\"es\",\"@id\":\"https:\\\/\\\/www.eldiario.net\\\/portal\\\/#\\\/schema\\\/logo\\\/image\\\/\",\"url\":\"https:\\\/\\\/www.eldiario.net\\\/portal\\\/wp-content\\\/uploads\\\/2023\\\/07\\\/logo_ED.jpg\",\"contentUrl\":\"https:\\\/\\\/www.eldiario.net\\\/portal\\\/wp-content\\\/uploads\\\/2023\\\/07\\\/logo_ED.jpg\",\"width\":272,\"height\":52,\"caption\":\"El Diario - Decano de la prensa nacional\"},\"image\":{\"@id\":\"https:\\\/\\\/www.eldiario.net\\\/portal\\\/#\\\/schema\\\/logo\\\/image\\\/\"},\"sameAs\":[\"https:\\\/\\\/www.facebook.com\\\/eldiario.bolivia\\\/\",\"https:\\\/\\\/x.com\\\/eldiario_net\"]},{\"@type\":\"Person\",\"@id\":\"https:\\\/\\\/www.eldiario.net\\\/portal\\\/#\\\/schema\\\/person\\\/f46445640444750d7d753ccd04ae01b7\",\"name\":\"Jeanette\",\"image\":{\"@type\":\"ImageObject\",\"inLanguage\":\"es\",\"@id\":\"https:\\\/\\\/secure.gravatar.com\\\/avatar\\\/3ea2118a5f7dad2b7138b1187a6b7ee55f160b9968b66013c3a3ef39dd7e5798?s=96&d=mm&r=g\",\"url\":\"https:\\\/\\\/secure.gravatar.com\\\/avatar\\\/3ea2118a5f7dad2b7138b1187a6b7ee55f160b9968b66013c3a3ef39dd7e5798?s=96&d=mm&r=g\",\"contentUrl\":\"https:\\\/\\\/secure.gravatar.com\\\/avatar\\\/3ea2118a5f7dad2b7138b1187a6b7ee55f160b9968b66013c3a3ef39dd7e5798?s=96&d=mm&r=g\",\"caption\":\"Jeanette\"},\"sameAs\":[\"https:\\\/\\\/www.eldiario.net\\\/portal\"],\"url\":\"https:\\\/\\\/www.eldiario.net\\\/portal\\\/author\\\/jeanette\\\/\"}]}<\/script>\n<!-- \/ Yoast SEO plugin. -->","yoast_head_json":{"title":"Fiscal\u00eda anuncia que hechos de 2019 no quedaran impunes - El Diario - Bolivia","robots":{"index":"index","follow":"follow","max-snippet":"max-snippet:-1","max-image-preview":"max-image-preview:large","max-video-preview":"max-video-preview:-1"},"canonical":"https:\/\/www.eldiario.net\/portal\/2021\/08\/19\/fiscalia-anuncia-que-hechos-de-2019-no-quedaran-impunes\/","og_locale":"es_ES","og_type":"article","og_title":"Fiscal\u00eda anuncia que hechos de 2019 no quedaran impunes - El Diario - Bolivia","og_description":"Despu\u00e9s de una reuni\u00f3n con la representaci\u00f3n del Grupo Interdisciplinario de Expertos Independientes (GIEI), quienes entregaron de forma oficial el informe final sobre los hechos de violencia registrados entre septiembre y diciembre de 2019 en Bolivia, el fiscal general, Juan Lanchipa, garantiz\u00f3 que se trabajar\u00e1 para que los casos no queden en la impunidad y [&hellip;]","og_url":"https:\/\/www.eldiario.net\/portal\/2021\/08\/19\/fiscalia-anuncia-que-hechos-de-2019-no-quedaran-impunes\/","og_site_name":"El Diario - Bolivia","article_publisher":"https:\/\/www.facebook.com\/eldiario.bolivia\/","article_published_time":"2021-08-19T10:28:50+00:00","author":"Jeanette","twitter_card":"summary_large_image","twitter_creator":"@eldiario_net","twitter_site":"@eldiario_net","twitter_misc":{"Escrito por":"Jeanette","Tiempo de lectura":"2 minutos"},"schema":{"@context":"https:\/\/schema.org","@graph":[{"@type":"Article","@id":"https:\/\/www.eldiario.net\/portal\/2021\/08\/19\/fiscalia-anuncia-que-hechos-de-2019-no-quedaran-impunes\/#article","isPartOf":{"@id":"https:\/\/www.eldiario.net\/portal\/2021\/08\/19\/fiscalia-anuncia-que-hechos-de-2019-no-quedaran-impunes\/"},"author":{"name":"Jeanette","@id":"https:\/\/www.eldiario.net\/portal\/#\/schema\/person\/f46445640444750d7d753ccd04ae01b7"},"headline":"Fiscal\u00eda anuncia que hechos de 2019 no quedaran impunes","datePublished":"2021-08-19T10:28:50+00:00","mainEntityOfPage":{"@id":"https:\/\/www.eldiario.net\/portal\/2021\/08\/19\/fiscalia-anuncia-que-hechos-de-2019-no-quedaran-impunes\/"},"wordCount":366,"publisher":{"@id":"https:\/\/www.eldiario.net\/portal\/#organization"},"image":{"@id":"https:\/\/www.eldiario.net\/portal\/2021\/08\/19\/fiscalia-anuncia-que-hechos-de-2019-no-quedaran-impunes\/#primaryimage"},"thumbnailUrl":"","articleSection":["Sociedad - Seguridad"],"inLanguage":"es"},{"@type":"WebPage","@id":"https:\/\/www.eldiario.net\/portal\/2021\/08\/19\/fiscalia-anuncia-que-hechos-de-2019-no-quedaran-impunes\/","url":"https:\/\/www.eldiario.net\/portal\/2021\/08\/19\/fiscalia-anuncia-que-hechos-de-2019-no-quedaran-impunes\/","name":"Fiscal\u00eda anuncia que hechos de 2019 no quedaran impunes - El Diario - Bolivia","isPartOf":{"@id":"https:\/\/www.eldiario.net\/portal\/#website"},"primaryImageOfPage":{"@id":"https:\/\/www.eldiario.net\/portal\/2021\/08\/19\/fiscalia-anuncia-que-hechos-de-2019-no-quedaran-impunes\/#primaryimage"},"image":{"@id":"https:\/\/www.eldiario.net\/portal\/2021\/08\/19\/fiscalia-anuncia-que-hechos-de-2019-no-quedaran-impunes\/#primaryimage"},"thumbnailUrl":"","datePublished":"2021-08-19T10:28:50+00:00","breadcrumb":{"@id":"https:\/\/www.eldiario.net\/portal\/2021\/08\/19\/fiscalia-anuncia-que-hechos-de-2019-no-quedaran-impunes\/#breadcrumb"},"inLanguage":"es","potentialAction":[{"@type":"ReadAction","target":["https:\/\/www.eldiario.net\/portal\/2021\/08\/19\/fiscalia-anuncia-que-hechos-de-2019-no-quedaran-impunes\/"]}]},{"@type":"ImageObject","inLanguage":"es","@id":"https:\/\/www.eldiario.net\/portal\/2021\/08\/19\/fiscalia-anuncia-que-hechos-de-2019-no-quedaran-impunes\/#primaryimage","url":"","contentUrl":""},{"@type":"BreadcrumbList","@id":"https:\/\/www.eldiario.net\/portal\/2021\/08\/19\/fiscalia-anuncia-que-hechos-de-2019-no-quedaran-impunes\/#breadcrumb","itemListElement":[{"@type":"ListItem","position":1,"name":"Portada","item":"https:\/\/www.eldiario.net\/portal\/"},{"@type":"ListItem","position":2,"name":"Fiscal\u00eda anuncia que hechos de 2019 no quedaran impunes"}]},{"@type":"WebSite","@id":"https:\/\/www.eldiario.net\/portal\/#website","url":"https:\/\/www.eldiario.net\/portal\/","name":"El Diario - Decano de la prensa nacional","description":"El Diario - Decano de la prensa nacional","publisher":{"@id":"https:\/\/www.eldiario.net\/portal\/#organization"},"potentialAction":[{"@type":"SearchAction","target":{"@type":"EntryPoint","urlTemplate":"https:\/\/www.eldiario.net\/portal\/?s={search_term_string}"},"query-input":{"@type":"PropertyValueSpecification","valueRequired":true,"valueName":"search_term_string"}}],"inLanguage":"es"},{"@type":"Organization","@id":"https:\/\/www.eldiario.net\/portal\/#organization","name":"El Diario - Decano de la prensa nacional","url":"https:\/\/www.eldiario.net\/portal\/","logo":{"@type":"ImageObject","inLanguage":"es","@id":"https:\/\/www.eldiario.net\/portal\/#\/schema\/logo\/image\/","url":"https:\/\/www.eldiario.net\/portal\/wp-content\/uploads\/2023\/07\/logo_ED.jpg","contentUrl":"https:\/\/www.eldiario.net\/portal\/wp-content\/uploads\/2023\/07\/logo_ED.jpg","width":272,"height":52,"caption":"El Diario - Decano de la prensa nacional"},"image":{"@id":"https:\/\/www.eldiario.net\/portal\/#\/schema\/logo\/image\/"},"sameAs":["https:\/\/www.facebook.com\/eldiario.bolivia\/","https:\/\/x.com\/eldiario_net"]},{"@type":"Person","@id":"https:\/\/www.eldiario.net\/portal\/#\/schema\/person\/f46445640444750d7d753ccd04ae01b7","name":"Jeanette","image":{"@type":"ImageObject","inLanguage":"es","@id":"https:\/\/secure.gravatar.com\/avatar\/3ea2118a5f7dad2b7138b1187a6b7ee55f160b9968b66013c3a3ef39dd7e5798?s=96&d=mm&r=g","url":"https:\/\/secure.gravatar.com\/avatar\/3ea2118a5f7dad2b7138b1187a6b7ee55f160b9968b66013c3a3ef39dd7e5798?s=96&d=mm&r=g","contentUrl":"https:\/\/secure.gravatar.com\/avatar\/3ea2118a5f7dad2b7138b1187a6b7ee55f160b9968b66013c3a3ef39dd7e5798?s=96&d=mm&r=g","caption":"Jeanette"},"sameAs":["https:\/\/www.eldiario.net\/portal"],"url":"https:\/\/www.eldiario.net\/portal\/author\/jeanette\/"}]}},"_links":{"self":[{"href":"https:\/\/www.eldiario.net\/portal\/wp-json\/wp\/v2\/posts\/24309","targetHints":{"allow":["GET"]}}],"collection":[{"href":"https:\/\/www.eldiario.net\/portal\/wp-json\/wp\/v2\/posts"}],"about":[{"href":"https:\/\/www.eldiario.net\/portal\/wp-json\/wp\/v2\/types\/post"}],"author":[{"embeddable":true,"href":"https:\/\/www.eldiario.net\/portal\/wp-json\/wp\/v2\/users\/1"}],"replies":[{"embeddable":true,"href":"https:\/\/www.eldiario.net\/portal\/wp-json\/wp\/v2\/comments?post=24309"}],"version-history":[{"count":0,"href":"https:\/\/www.eldiario.net\/portal\/wp-json\/wp\/v2\/posts\/24309\/revisions"}],"wp:attachment":[{"href":"https:\/\/www.eldiario.net\/portal\/wp-json\/wp\/v2\/media?parent=24309"}],"wp:term":[{"taxonomy":"category","embeddable":true,"href":"https:\/\/www.eldiario.net\/portal\/wp-json\/wp\/v2\/categories?post=24309"},{"taxonomy":"post_tag","embeddable":true,"href":"https:\/\/www.eldiario.net\/portal\/wp-json\/wp\/v2\/tags?post=24309"}],"curies":[{"name":"wp","href":"https:\/\/api.w.org\/{rel}","templated":true}]}}