{"id":24303,"date":"2021-08-19T06:25:05","date_gmt":"2021-08-19T10:25:05","guid":{"rendered":"https:\/\/www.eldiario.net\/portal\/?p=24303"},"modified":"2021-08-19T06:25:05","modified_gmt":"2021-08-19T10:25:05","slug":"tsj-anuncia-procesos-a-quienes-vulneraron-derechos-humanos","status":"publish","type":"post","link":"https:\/\/www.eldiario.net\/portal\/2021\/08\/19\/tsj-anuncia-procesos-a-quienes-vulneraron-derechos-humanos\/","title":{"rendered":"TSJ anuncia procesos a quienes  vulneraron derechos humanos"},"content":{"rendered":"<p>Despu\u00e9s de conocer el informe del Grupo Internacional de Expertos Independientes (GIEI), el presidente del Tribunal Supremo de Justicia (TSJ), Ricardo Torres, anunci\u00f3 este mi\u00e9rcoles que todas las autoridades judiciales que actuaron de manera c\u00f3mplice en la vulneraci\u00f3n de los derechos humanos ser\u00e1n procesadas.<\/p>\n<p>\u201cEs un informe integral, que valdr\u00eda la pena no contaminarlo con visiones pol\u00edticas, podr\u00eda servir al pa\u00eds en su conjunto para llegar a esclarecer varios hechos delictuosos e irregulares cometidos en ese per\u00edodo, si empezamos a parcelar este informe, obviamente, vamos a tergiversar y deformar el informe, como \u00d3rgano Judicial vamos a acoger las recomendaciones de este informe (\u2026), toca trabajar en una profunda reforma judicial acompa\u00f1ada del \u00d3rgano Ejecutivo y Asamblea Legislativa\u201d, dijo Torres, seg\u00fan report\u00f3 la AJN.<\/p>\n<p>La m\u00e1xima autoridad del \u00d3rgano Judicial recomend\u00f3 a la sociedad en su conjunto no manchar el informe, as\u00ed tambi\u00e9n, indic\u00f3 que el \u00d3rgano Judicial acoger\u00e1 todas las recomendaciones vertidas en el informe y trabajar\u00e1 con los \u00f3rganos del Estado para transformar la justicia.<\/p>\n<p>\u201cPor lo tanto operadores que se apartaron de la Constituci\u00f3n Pol\u00edtica del Estado y la norma y actuaron a partir de presiones pol\u00edticas y otros intereses deben rendir tambi\u00e9n cuentas ante la ley\u201d, concluy\u00f3 la m\u00e1xima autoridad del TSJ.<\/p>\n","protected":false},"excerpt":{"rendered":"<p>Despu\u00e9s de conocer el informe del Grupo Internacional de Expertos Independientes (GIEI), el presidente del Tribunal Supremo de Justicia (TSJ), Ricardo Torres, anunci\u00f3 este mi\u00e9rcoles que todas las autoridades judiciales que actuaron de manera c\u00f3mplice en la vulneraci\u00f3n de los derechos humanos ser\u00e1n procesadas. \u201cEs un informe integral, que valdr\u00eda la pena no contaminarlo con [&hellip;]<\/p>\n","protected":false},"author":1,"featured_media":24304,"comment_status":"closed","ping_status":"closed","sticky":false,"template":"","format":"standard","meta":{"_acf_changed":false,"footnotes":""},"categories":[39],"tags":[],"class_list":["post-24303","post","type-post","status-publish","format-standard","has-post-thumbnail","category-sociedad"],"acf":{"antetitulo":""},"yoast_head":"<!-- This site is optimized with the Yoast SEO plugin v28.4 - https:\/\/yoast.com\/product\/yoast-seo-wordpress\/ -->\n<title>TSJ anuncia procesos a quienes vulneraron derechos humanos - El Diario - Bolivia<\/title>\n<meta name=\"robots\" content=\"index, follow, max-snippet:-1, max-image-preview:large, max-video-preview:-1\" \/>\n<link rel=\"canonical\" href=\"https:\/\/www.eldiario.net\/portal\/2021\/08\/19\/tsj-anuncia-procesos-a-quienes-vulneraron-derechos-humanos\/\" \/>\n<meta property=\"og:locale\" content=\"es_ES\" \/>\n<meta property=\"og:type\" content=\"article\" \/>\n<meta property=\"og:title\" content=\"TSJ anuncia procesos a quienes vulneraron derechos humanos - El Diario - Bolivia\" \/>\n<meta property=\"og:description\" content=\"Despu\u00e9s de conocer el informe del Grupo Internacional de Expertos Independientes (GIEI), el presidente del Tribunal Supremo de Justicia (TSJ), Ricardo Torres, anunci\u00f3 este mi\u00e9rcoles que todas las autoridades judiciales que actuaron de manera c\u00f3mplice en la vulneraci\u00f3n de los derechos humanos ser\u00e1n procesadas. \u201cEs un informe integral, que valdr\u00eda la pena no contaminarlo con [&hellip;]\" \/>\n<meta property=\"og:url\" content=\"https:\/\/www.eldiario.net\/portal\/2021\/08\/19\/tsj-anuncia-procesos-a-quienes-vulneraron-derechos-humanos\/\" \/>\n<meta property=\"og:site_name\" content=\"El Diario - Bolivia\" \/>\n<meta property=\"article:publisher\" content=\"https:\/\/www.facebook.com\/eldiario.bolivia\/\" \/>\n<meta property=\"article:published_time\" content=\"2021-08-19T10:25:05+00:00\" \/>\n<meta name=\"author\" content=\"Jeanette\" \/>\n<meta name=\"twitter:card\" content=\"summary_large_image\" \/>\n<meta name=\"twitter:creator\" content=\"@eldiario_net\" \/>\n<meta name=\"twitter:site\" content=\"@eldiario_net\" \/>\n<meta name=\"twitter:label1\" content=\"Escrito por\" \/>\n\t<meta name=\"twitter:data1\" content=\"Jeanette\" \/>\n\t<meta name=\"twitter:label2\" content=\"Tiempo de lectura\" \/>\n\t<meta name=\"twitter:data2\" content=\"1 minuto\" \/>\n<script type=\"application\/ld+json\" class=\"yoast-schema-graph\">{\"@context\":\"https:\\\/\\\/schema.org\",\"@graph\":[{\"@type\":\"Article\",\"@id\":\"https:\\\/\\\/www.eldiario.net\\\/portal\\\/2021\\\/08\\\/19\\\/tsj-anuncia-procesos-a-quienes-vulneraron-derechos-humanos\\\/#article\",\"isPartOf\":{\"@id\":\"https:\\\/\\\/www.eldiario.net\\\/portal\\\/2021\\\/08\\\/19\\\/tsj-anuncia-procesos-a-quienes-vulneraron-derechos-humanos\\\/\"},\"author\":{\"name\":\"Jeanette\",\"@id\":\"https:\\\/\\\/www.eldiario.net\\\/portal\\\/#\\\/schema\\\/person\\\/f46445640444750d7d753ccd04ae01b7\"},\"headline\":\"TSJ anuncia procesos a quienes vulneraron derechos humanos\",\"datePublished\":\"2021-08-19T10:25:05+00:00\",\"mainEntityOfPage\":{\"@id\":\"https:\\\/\\\/www.eldiario.net\\\/portal\\\/2021\\\/08\\\/19\\\/tsj-anuncia-procesos-a-quienes-vulneraron-derechos-humanos\\\/\"},\"wordCount\":231,\"publisher\":{\"@id\":\"https:\\\/\\\/www.eldiario.net\\\/portal\\\/#organization\"},\"image\":{\"@id\":\"https:\\\/\\\/www.eldiario.net\\\/portal\\\/2021\\\/08\\\/19\\\/tsj-anuncia-procesos-a-quienes-vulneraron-derechos-humanos\\\/#primaryimage\"},\"thumbnailUrl\":\"\",\"articleSection\":[\"Sociedad - Seguridad\"],\"inLanguage\":\"es\"},{\"@type\":\"WebPage\",\"@id\":\"https:\\\/\\\/www.eldiario.net\\\/portal\\\/2021\\\/08\\\/19\\\/tsj-anuncia-procesos-a-quienes-vulneraron-derechos-humanos\\\/\",\"url\":\"https:\\\/\\\/www.eldiario.net\\\/portal\\\/2021\\\/08\\\/19\\\/tsj-anuncia-procesos-a-quienes-vulneraron-derechos-humanos\\\/\",\"name\":\"TSJ anuncia procesos a quienes vulneraron derechos humanos - El Diario - Bolivia\",\"isPartOf\":{\"@id\":\"https:\\\/\\\/www.eldiario.net\\\/portal\\\/#website\"},\"primaryImageOfPage\":{\"@id\":\"https:\\\/\\\/www.eldiario.net\\\/portal\\\/2021\\\/08\\\/19\\\/tsj-anuncia-procesos-a-quienes-vulneraron-derechos-humanos\\\/#primaryimage\"},\"image\":{\"@id\":\"https:\\\/\\\/www.eldiario.net\\\/portal\\\/2021\\\/08\\\/19\\\/tsj-anuncia-procesos-a-quienes-vulneraron-derechos-humanos\\\/#primaryimage\"},\"thumbnailUrl\":\"\",\"datePublished\":\"2021-08-19T10:25:05+00:00\",\"breadcrumb\":{\"@id\":\"https:\\\/\\\/www.eldiario.net\\\/portal\\\/2021\\\/08\\\/19\\\/tsj-anuncia-procesos-a-quienes-vulneraron-derechos-humanos\\\/#breadcrumb\"},\"inLanguage\":\"es\",\"potentialAction\":[{\"@type\":\"ReadAction\",\"target\":[\"https:\\\/\\\/www.eldiario.net\\\/portal\\\/2021\\\/08\\\/19\\\/tsj-anuncia-procesos-a-quienes-vulneraron-derechos-humanos\\\/\"]}]},{\"@type\":\"ImageObject\",\"inLanguage\":\"es\",\"@id\":\"https:\\\/\\\/www.eldiario.net\\\/portal\\\/2021\\\/08\\\/19\\\/tsj-anuncia-procesos-a-quienes-vulneraron-derechos-humanos\\\/#primaryimage\",\"url\":\"\",\"contentUrl\":\"\"},{\"@type\":\"BreadcrumbList\",\"@id\":\"https:\\\/\\\/www.eldiario.net\\\/portal\\\/2021\\\/08\\\/19\\\/tsj-anuncia-procesos-a-quienes-vulneraron-derechos-humanos\\\/#breadcrumb\",\"itemListElement\":[{\"@type\":\"ListItem\",\"position\":1,\"name\":\"Portada\",\"item\":\"https:\\\/\\\/www.eldiario.net\\\/portal\\\/\"},{\"@type\":\"ListItem\",\"position\":2,\"name\":\"TSJ anuncia procesos a quienes vulneraron derechos humanos\"}]},{\"@type\":\"WebSite\",\"@id\":\"https:\\\/\\\/www.eldiario.net\\\/portal\\\/#website\",\"url\":\"https:\\\/\\\/www.eldiario.net\\\/portal\\\/\",\"name\":\"El Diario - Decano de la prensa nacional\",\"description\":\"El Diario - Decano de la prensa nacional\",\"publisher\":{\"@id\":\"https:\\\/\\\/www.eldiario.net\\\/portal\\\/#organization\"},\"potentialAction\":[{\"@type\":\"SearchAction\",\"target\":{\"@type\":\"EntryPoint\",\"urlTemplate\":\"https:\\\/\\\/www.eldiario.net\\\/portal\\\/?s={search_term_string}\"},\"query-input\":{\"@type\":\"PropertyValueSpecification\",\"valueRequired\":true,\"valueName\":\"search_term_string\"}}],\"inLanguage\":\"es\"},{\"@type\":\"Organization\",\"@id\":\"https:\\\/\\\/www.eldiario.net\\\/portal\\\/#organization\",\"name\":\"El Diario - Decano de la prensa nacional\",\"url\":\"https:\\\/\\\/www.eldiario.net\\\/portal\\\/\",\"logo\":{\"@type\":\"ImageObject\",\"inLanguage\":\"es\",\"@id\":\"https:\\\/\\\/www.eldiario.net\\\/portal\\\/#\\\/schema\\\/logo\\\/image\\\/\",\"url\":\"https:\\\/\\\/www.eldiario.net\\\/portal\\\/wp-content\\\/uploads\\\/2023\\\/07\\\/logo_ED.jpg\",\"contentUrl\":\"https:\\\/\\\/www.eldiario.net\\\/portal\\\/wp-content\\\/uploads\\\/2023\\\/07\\\/logo_ED.jpg\",\"width\":272,\"height\":52,\"caption\":\"El Diario - Decano de la prensa nacional\"},\"image\":{\"@id\":\"https:\\\/\\\/www.eldiario.net\\\/portal\\\/#\\\/schema\\\/logo\\\/image\\\/\"},\"sameAs\":[\"https:\\\/\\\/www.facebook.com\\\/eldiario.bolivia\\\/\",\"https:\\\/\\\/x.com\\\/eldiario_net\"]},{\"@type\":\"Person\",\"@id\":\"https:\\\/\\\/www.eldiario.net\\\/portal\\\/#\\\/schema\\\/person\\\/f46445640444750d7d753ccd04ae01b7\",\"name\":\"Jeanette\",\"image\":{\"@type\":\"ImageObject\",\"inLanguage\":\"es\",\"@id\":\"https:\\\/\\\/secure.gravatar.com\\\/avatar\\\/3ea2118a5f7dad2b7138b1187a6b7ee55f160b9968b66013c3a3ef39dd7e5798?s=96&d=mm&r=g\",\"url\":\"https:\\\/\\\/secure.gravatar.com\\\/avatar\\\/3ea2118a5f7dad2b7138b1187a6b7ee55f160b9968b66013c3a3ef39dd7e5798?s=96&d=mm&r=g\",\"contentUrl\":\"https:\\\/\\\/secure.gravatar.com\\\/avatar\\\/3ea2118a5f7dad2b7138b1187a6b7ee55f160b9968b66013c3a3ef39dd7e5798?s=96&d=mm&r=g\",\"caption\":\"Jeanette\"},\"sameAs\":[\"https:\\\/\\\/www.eldiario.net\\\/portal\"],\"url\":\"https:\\\/\\\/www.eldiario.net\\\/portal\\\/author\\\/jeanette\\\/\"}]}<\/script>\n<!-- \/ Yoast SEO plugin. -->","yoast_head_json":{"title":"TSJ anuncia procesos a quienes vulneraron derechos humanos - El Diario - Bolivia","robots":{"index":"index","follow":"follow","max-snippet":"max-snippet:-1","max-image-preview":"max-image-preview:large","max-video-preview":"max-video-preview:-1"},"canonical":"https:\/\/www.eldiario.net\/portal\/2021\/08\/19\/tsj-anuncia-procesos-a-quienes-vulneraron-derechos-humanos\/","og_locale":"es_ES","og_type":"article","og_title":"TSJ anuncia procesos a quienes vulneraron derechos humanos - El Diario - Bolivia","og_description":"Despu\u00e9s de conocer el informe del Grupo Internacional de Expertos Independientes (GIEI), el presidente del Tribunal Supremo de Justicia (TSJ), Ricardo Torres, anunci\u00f3 este mi\u00e9rcoles que todas las autoridades judiciales que actuaron de manera c\u00f3mplice en la vulneraci\u00f3n de los derechos humanos ser\u00e1n procesadas. \u201cEs un informe integral, que valdr\u00eda la pena no contaminarlo con [&hellip;]","og_url":"https:\/\/www.eldiario.net\/portal\/2021\/08\/19\/tsj-anuncia-procesos-a-quienes-vulneraron-derechos-humanos\/","og_site_name":"El Diario - Bolivia","article_publisher":"https:\/\/www.facebook.com\/eldiario.bolivia\/","article_published_time":"2021-08-19T10:25:05+00:00","author":"Jeanette","twitter_card":"summary_large_image","twitter_creator":"@eldiario_net","twitter_site":"@eldiario_net","twitter_misc":{"Escrito por":"Jeanette","Tiempo de lectura":"1 minuto"},"schema":{"@context":"https:\/\/schema.org","@graph":[{"@type":"Article","@id":"https:\/\/www.eldiario.net\/portal\/2021\/08\/19\/tsj-anuncia-procesos-a-quienes-vulneraron-derechos-humanos\/#article","isPartOf":{"@id":"https:\/\/www.eldiario.net\/portal\/2021\/08\/19\/tsj-anuncia-procesos-a-quienes-vulneraron-derechos-humanos\/"},"author":{"name":"Jeanette","@id":"https:\/\/www.eldiario.net\/portal\/#\/schema\/person\/f46445640444750d7d753ccd04ae01b7"},"headline":"TSJ anuncia procesos a quienes vulneraron derechos humanos","datePublished":"2021-08-19T10:25:05+00:00","mainEntityOfPage":{"@id":"https:\/\/www.eldiario.net\/portal\/2021\/08\/19\/tsj-anuncia-procesos-a-quienes-vulneraron-derechos-humanos\/"},"wordCount":231,"publisher":{"@id":"https:\/\/www.eldiario.net\/portal\/#organization"},"image":{"@id":"https:\/\/www.eldiario.net\/portal\/2021\/08\/19\/tsj-anuncia-procesos-a-quienes-vulneraron-derechos-humanos\/#primaryimage"},"thumbnailUrl":"","articleSection":["Sociedad - Seguridad"],"inLanguage":"es"},{"@type":"WebPage","@id":"https:\/\/www.eldiario.net\/portal\/2021\/08\/19\/tsj-anuncia-procesos-a-quienes-vulneraron-derechos-humanos\/","url":"https:\/\/www.eldiario.net\/portal\/2021\/08\/19\/tsj-anuncia-procesos-a-quienes-vulneraron-derechos-humanos\/","name":"TSJ anuncia procesos a quienes vulneraron derechos humanos - El Diario - Bolivia","isPartOf":{"@id":"https:\/\/www.eldiario.net\/portal\/#website"},"primaryImageOfPage":{"@id":"https:\/\/www.eldiario.net\/portal\/2021\/08\/19\/tsj-anuncia-procesos-a-quienes-vulneraron-derechos-humanos\/#primaryimage"},"image":{"@id":"https:\/\/www.eldiario.net\/portal\/2021\/08\/19\/tsj-anuncia-procesos-a-quienes-vulneraron-derechos-humanos\/#primaryimage"},"thumbnailUrl":"","datePublished":"2021-08-19T10:25:05+00:00","breadcrumb":{"@id":"https:\/\/www.eldiario.net\/portal\/2021\/08\/19\/tsj-anuncia-procesos-a-quienes-vulneraron-derechos-humanos\/#breadcrumb"},"inLanguage":"es","potentialAction":[{"@type":"ReadAction","target":["https:\/\/www.eldiario.net\/portal\/2021\/08\/19\/tsj-anuncia-procesos-a-quienes-vulneraron-derechos-humanos\/"]}]},{"@type":"ImageObject","inLanguage":"es","@id":"https:\/\/www.eldiario.net\/portal\/2021\/08\/19\/tsj-anuncia-procesos-a-quienes-vulneraron-derechos-humanos\/#primaryimage","url":"","contentUrl":""},{"@type":"BreadcrumbList","@id":"https:\/\/www.eldiario.net\/portal\/2021\/08\/19\/tsj-anuncia-procesos-a-quienes-vulneraron-derechos-humanos\/#breadcrumb","itemListElement":[{"@type":"ListItem","position":1,"name":"Portada","item":"https:\/\/www.eldiario.net\/portal\/"},{"@type":"ListItem","position":2,"name":"TSJ anuncia procesos a quienes vulneraron derechos humanos"}]},{"@type":"WebSite","@id":"https:\/\/www.eldiario.net\/portal\/#website","url":"https:\/\/www.eldiario.net\/portal\/","name":"El Diario - Decano de la prensa nacional","description":"El Diario - Decano de la prensa nacional","publisher":{"@id":"https:\/\/www.eldiario.net\/portal\/#organization"},"potentialAction":[{"@type":"SearchAction","target":{"@type":"EntryPoint","urlTemplate":"https:\/\/www.eldiario.net\/portal\/?s={search_term_string}"},"query-input":{"@type":"PropertyValueSpecification","valueRequired":true,"valueName":"search_term_string"}}],"inLanguage":"es"},{"@type":"Organization","@id":"https:\/\/www.eldiario.net\/portal\/#organization","name":"El Diario - Decano de la prensa nacional","url":"https:\/\/www.eldiario.net\/portal\/","logo":{"@type":"ImageObject","inLanguage":"es","@id":"https:\/\/www.eldiario.net\/portal\/#\/schema\/logo\/image\/","url":"https:\/\/www.eldiario.net\/portal\/wp-content\/uploads\/2023\/07\/logo_ED.jpg","contentUrl":"https:\/\/www.eldiario.net\/portal\/wp-content\/uploads\/2023\/07\/logo_ED.jpg","width":272,"height":52,"caption":"El Diario - Decano de la prensa nacional"},"image":{"@id":"https:\/\/www.eldiario.net\/portal\/#\/schema\/logo\/image\/"},"sameAs":["https:\/\/www.facebook.com\/eldiario.bolivia\/","https:\/\/x.com\/eldiario_net"]},{"@type":"Person","@id":"https:\/\/www.eldiario.net\/portal\/#\/schema\/person\/f46445640444750d7d753ccd04ae01b7","name":"Jeanette","image":{"@type":"ImageObject","inLanguage":"es","@id":"https:\/\/secure.gravatar.com\/avatar\/3ea2118a5f7dad2b7138b1187a6b7ee55f160b9968b66013c3a3ef39dd7e5798?s=96&d=mm&r=g","url":"https:\/\/secure.gravatar.com\/avatar\/3ea2118a5f7dad2b7138b1187a6b7ee55f160b9968b66013c3a3ef39dd7e5798?s=96&d=mm&r=g","contentUrl":"https:\/\/secure.gravatar.com\/avatar\/3ea2118a5f7dad2b7138b1187a6b7ee55f160b9968b66013c3a3ef39dd7e5798?s=96&d=mm&r=g","caption":"Jeanette"},"sameAs":["https:\/\/www.eldiario.net\/portal"],"url":"https:\/\/www.eldiario.net\/portal\/author\/jeanette\/"}]}},"_links":{"self":[{"href":"https:\/\/www.eldiario.net\/portal\/wp-json\/wp\/v2\/posts\/24303","targetHints":{"allow":["GET"]}}],"collection":[{"href":"https:\/\/www.eldiario.net\/portal\/wp-json\/wp\/v2\/posts"}],"about":[{"href":"https:\/\/www.eldiario.net\/portal\/wp-json\/wp\/v2\/types\/post"}],"author":[{"embeddable":true,"href":"https:\/\/www.eldiario.net\/portal\/wp-json\/wp\/v2\/users\/1"}],"replies":[{"embeddable":true,"href":"https:\/\/www.eldiario.net\/portal\/wp-json\/wp\/v2\/comments?post=24303"}],"version-history":[{"count":0,"href":"https:\/\/www.eldiario.net\/portal\/wp-json\/wp\/v2\/posts\/24303\/revisions"}],"wp:attachment":[{"href":"https:\/\/www.eldiario.net\/portal\/wp-json\/wp\/v2\/media?parent=24303"}],"wp:term":[{"taxonomy":"category","embeddable":true,"href":"https:\/\/www.eldiario.net\/portal\/wp-json\/wp\/v2\/categories?post=24303"},{"taxonomy":"post_tag","embeddable":true,"href":"https:\/\/www.eldiario.net\/portal\/wp-json\/wp\/v2\/tags?post=24303"}],"curies":[{"name":"wp","href":"https:\/\/api.w.org\/{rel}","templated":true}]}}