{"id":24296,"date":"2021-08-19T06:22:43","date_gmt":"2021-08-19T10:22:43","guid":{"rendered":"https:\/\/www.eldiario.net\/portal\/?p=24296"},"modified":"2021-08-19T06:22:43","modified_gmt":"2021-08-19T10:22:43","slug":"la-historia-del-poema-los-abuelos","status":"publish","type":"post","link":"https:\/\/www.eldiario.net\/portal\/2021\/08\/19\/la-historia-del-poema-los-abuelos\/","title":{"rendered":"La historia del poema \u201cLos abuelos\u201d"},"content":{"rendered":"<p><strong>Por: Homero Carvalho Oliva<\/strong><\/p>\n<p>&nbsp;<\/p>\n<p>Un poema no necesita de explicaci\u00f3n porque se explica por s\u00ed mismo. Sin embargo, existen poemas que tienen toda una historia, ese es el caso de mi poema \u201c<strong>Los abuelos\u201d<\/strong>, que se ha convertido en uno de los m\u00e1s emblem\u00e1ticos de mi producci\u00f3n po\u00e9tica. Este poema fue escrito en el a\u00f1o del se\u00f1or del 2008 y se public\u00f3 en el libro \u201c<strong><em>Bautizar la ausencia\u201d<\/em><\/strong> el a\u00f1o 2017, un poemario que re\u00fane textos dedicados a mis antepasados, mi familia y mis amigos.<\/p>\n<p>El 26 de julio de 2008, despu\u00e9s de muchos a\u00f1os, volv\u00ed a mi pueblo, Santa Ana del Yacuma, que ya se hab\u00eda convertido en una peque\u00f1a ciudad que cumpl\u00eda 300 a\u00f1os de su fundaci\u00f3n. La alcald\u00eda hab\u00eda organizado una serie de actos conmemorativos y entre esos actos tuvieron la generosidad de honrarme con la declaratoria de <strong><em>Hijo ilustre<\/em><\/strong>; volv\u00ed a recorrer las calles de mi infancia, las viejas casas de mis abuelos y al pasar por un colegio vi el nombre de Raquel Urey, mi abuela materna, el frontis de un colegio; calles m\u00e1s all\u00e1, en otra escuela, estaba escrito el de mi abuelo, Le\u00f3nidas Carvalho. Esas im\u00e1genes se quedaron en mis retinas, luego bajaron a mi piel y fueron la semilla que creci\u00f3 en este \u00e1rbol\/poema amaz\u00f3nico cuyas ramas son los versos que lo escrib\u00ed imaginado sus vidas porque nunca los conoc\u00ed y a mi memoria vinieron todos los abuelos del mundo porque en alg\u00fan somos unos y somos todos; al homenajear a mis antepasados, aspiraba a homenajear a todos los abuelos de nuestros abuelos.<\/p>\n<p>Quiero creer que lo logr\u00e9 porque este poema me ha tra\u00eddo grandes satisfacciones; ha sido publicado en innumerables revistas del mundo, traducido a varios idiomas y ha sido le\u00eddo y declamado por ni\u00f1os, ni\u00f1as, hombres y mujeres poetas y declamadores profesionales de muchos pa\u00edses, hasta convertirse en uno de los poemas que me identifica y simboliza mi obra. S\u00e9, por amigos y conocidos, que lo recitan en escuelas y ya no importa si citan al autor, lo importante es poema mismo. Cuando un poema transciende al autor, cuando unos pocos versos son recitados de memoria la obra el poeta cumpli\u00f3 con su cometido, porque por lo menos un verso le sobrevivir\u00e1.<\/p>\n<p>He aqu\u00ed el poema:<\/p>\n<p><strong>\u00a0<\/strong><\/p>\n<p><strong>Los abuelos<\/strong><\/p>\n<p><strong><br \/>\nHomero Carvalho Oliva<\/strong><\/p>\n<p>&nbsp;<\/p>\n<p>Los abuelos de mis abuelos<br \/>\nno imaginaron c\u00f3mo era la patria,<br \/>\nporque la inventaban cada d\u00eda.<\/p>\n<p>En sus sue\u00f1os<\/p>\n<p>la patria era el hogar,<br \/>\nel techo que salvar de las lluvias de enero<br \/>\ny el \u00e1rbol elegido para que se transforme<\/p>\n<p>en la madera de la cama de los hijos.<\/p>\n<p>No importaba si no conoc\u00edan el pa\u00eds,<br \/>\nporque al despertar hab\u00eda que contar los sue\u00f1os,<\/p>\n<p>conjurando las pesadillas,<\/p>\n<p>con salmos matinales<\/p>\n<p>y tisanas de paja cedr\u00f3n,<br \/>\npara que la esperanza<\/p>\n<p>no sea enterrada con el hijo de los vecinos,<\/p>\n<p>que muri\u00f3 de viruela y ning\u00fan santo pudo salvarlo.<\/p>\n<p>Los abuelos de mis abuelos<br \/>\nno figuran en los libros de historia,<br \/>\nporque no fueron h\u00e9roes ni villanos,<br \/>\naunque muchos de ellos empu\u00f1aron la espada<br \/>\ncuando los hechos eran m\u00e1s urgentes que las palabras.<\/p>\n<p>Los abuelos de mis abuelos<\/p>\n<p>no despojaron a nadie de sus tierras,<br \/>\nsu conquista fue la del territorio de sus amadas<br \/>\ny fueron guerreros de la alborada<br \/>\nalistando los machetes<\/p>\n<p>para cortar el sol en pedacitos.<\/p>\n<p>Hubo artesanos y costureras<\/p>\n<p>entre los abuelos de mis abuelos<br \/>\ny alguno cant\u00f3 a orilla de los r\u00edos,<\/p>\n<p>mientras otro escrib\u00eda poemas.<\/p>\n<p>Tambi\u00e9n hubo ganaderos y herreros<\/p>\n<p>y qui\u00e9n sabe qu\u00e9 otros de mil oficios<\/p>\n<p>porque en el pasado los t\u00edtulos los daba la vida.<\/p>\n<p>Los abuelos de mis abuelos<br \/>\nfueron portugueses, ind\u00edgenas y espa\u00f1oles,<br \/>\n\u00bfacaso importa?<br \/>\nImporta el amor que nos legaron<br \/>\ny las palabras de este y del otro continente,<\/p>\n<p>con las que narraban el asombro cotidiano.<\/p>\n<p>En mi pueblo, Santa Ana del Yacuma,<\/p>\n<p>la naci\u00f3n de los Movimas,<br \/>\nlos nombres de Le\u00f3nidas y Raquel,<\/p>\n<p>mis abuelos paternos,<br \/>\nson pronunciados por ni\u00f1as y ni\u00f1os<\/p>\n<p>en las escuelas que ostentan sus nombres<br \/>\ny los de Nemesia y Humberto,<\/p>\n<p>mis abuelos maternos,<br \/>\nson recordados en las cenas familiares.<\/p>\n<p>&nbsp;<\/p>\n<p>En los abuelos, ra\u00edces m\u00edas,<\/p>\n<p>semilla de muchas generaciones,<\/p>\n<p>portadores de mi nostalgia<\/p>\n<p>est\u00e1 el pueblo ausente.<\/p>\n<p>&nbsp;<\/p>\n<p>Ellos, viejos sabios,<\/p>\n<p>les contaban cuentos a sus nietos<br \/>\nen los que aparec\u00edan y desaparec\u00edan duendes y viuditas,<br \/>\ny sus rostros se transformaban en los monstruos de las leyendas.<\/p>\n<p>Los abuelos de mis abuelos<\/p>\n<p>cre\u00edan en las aves agoreras<br \/>\ny en los cotidianos milagros de la Virgen.<\/p>\n<p>Eran buena gente los abuelos de mis abuelos.<br \/>\nY aunque no son los h\u00e9roes de ninguna saga hist\u00f3rica,<br \/>\nla patria no habr\u00eda existido sin los sue\u00f1os de mis abuelos.<\/p>\n<p>&nbsp;<\/p>\n<p>A continuaci\u00f3n, les paso los enlaces de tres versiones recitadas y\/o le\u00eddas de mi poema:<\/p>\n<p>En la voz del poeta argentino David Slodki<\/p>\n<p><a href=\"https:\/\/www.youtube.com\/watch?v=1JVXRyAolh\">https:\/\/www.youtube.com\/watch?v=1JVXRyAolh<\/a><\/p>\n<p>&nbsp;<\/p>\n<p>En la voz de la poeta argentina Lorena Nittoli<\/p>\n<p><a href=\"https:\/\/www.youtube.com\/watch?v=WZlwRoI2KEg\">https:\/\/www.youtube.com\/watch?v=WZlwRoI2KEg<\/a><\/p>\n<p>&nbsp;<\/p>\n<p>En mi propia voz.<\/p>\n<p><a href=\"https:\/\/www.youtube.com\/watch?v=93KbdS4xEaQ&amp;t=22s\">https:\/\/www.youtube.com\/watch?v=93KbdS4xEaQ&amp;t=22s<\/a><\/p>\n<p><a href=\"https:\/\/www.eldiario.net\/portal\/wp-content\/uploads\/2021\/08\/CULT-La-historia-del-poema-Los-abuelos-1.jpg\"><img loading=\"lazy\" decoding=\"async\" class=\"aligncenter size-medium wp-image-24298\" src=\"https:\/\/www.eldiario.net\/portal\/wp-content\/uploads\/2021\/08\/CULT-La-historia-del-poema-Los-abuelos-1-214x300.jpg\" alt=\"\" width=\"214\" height=\"300\" \/><\/a><\/p>\n","protected":false},"excerpt":{"rendered":"<p>Por: Homero Carvalho Oliva &nbsp; Un poema no necesita de explicaci\u00f3n porque se explica por s\u00ed mismo. Sin embargo, existen poemas que tienen toda una historia, ese es el caso de mi poema \u201cLos abuelos\u201d, que se ha convertido en uno de los m\u00e1s emblem\u00e1ticos de mi producci\u00f3n po\u00e9tica. Este poema fue escrito en el [&hellip;]<\/p>\n","protected":false},"author":1,"featured_media":24297,"comment_status":"closed","ping_status":"closed","sticky":false,"template":"","format":"standard","meta":{"_acf_changed":false,"footnotes":""},"categories":[8],"tags":[],"class_list":["post-24296","post","type-post","status-publish","format-standard","has-post-thumbnail","category-cultural"],"acf":{"antetitulo":""},"yoast_head":"<!-- This site is optimized with the Yoast SEO plugin v28.4 - https:\/\/yoast.com\/product\/yoast-seo-wordpress\/ -->\n<title>La historia del poema \u201cLos abuelos\u201d - El Diario - Bolivia<\/title>\n<meta name=\"robots\" content=\"index, follow, max-snippet:-1, max-image-preview:large, max-video-preview:-1\" \/>\n<link rel=\"canonical\" href=\"https:\/\/www.eldiario.net\/portal\/2021\/08\/19\/la-historia-del-poema-los-abuelos\/\" \/>\n<meta property=\"og:locale\" content=\"es_ES\" \/>\n<meta property=\"og:type\" content=\"article\" \/>\n<meta property=\"og:title\" content=\"La historia del poema \u201cLos abuelos\u201d - El Diario - Bolivia\" \/>\n<meta property=\"og:description\" content=\"Por: Homero Carvalho Oliva &nbsp; Un poema no necesita de explicaci\u00f3n porque se explica por s\u00ed mismo. Sin embargo, existen poemas que tienen toda una historia, ese es el caso de mi poema \u201cLos abuelos\u201d, que se ha convertido en uno de los m\u00e1s emblem\u00e1ticos de mi producci\u00f3n po\u00e9tica. Este poema fue escrito en el [&hellip;]\" \/>\n<meta property=\"og:url\" content=\"https:\/\/www.eldiario.net\/portal\/2021\/08\/19\/la-historia-del-poema-los-abuelos\/\" \/>\n<meta property=\"og:site_name\" content=\"El Diario - Bolivia\" \/>\n<meta property=\"article:publisher\" content=\"https:\/\/www.facebook.com\/eldiario.bolivia\/\" \/>\n<meta property=\"article:published_time\" content=\"2021-08-19T10:22:43+00:00\" \/>\n<meta name=\"author\" content=\"Jeanette\" \/>\n<meta name=\"twitter:card\" content=\"summary_large_image\" \/>\n<meta name=\"twitter:creator\" content=\"@eldiario_net\" \/>\n<meta name=\"twitter:site\" content=\"@eldiario_net\" \/>\n<meta name=\"twitter:label1\" content=\"Escrito por\" \/>\n\t<meta name=\"twitter:data1\" content=\"Jeanette\" \/>\n\t<meta name=\"twitter:label2\" content=\"Tiempo de lectura\" \/>\n\t<meta name=\"twitter:data2\" content=\"4 minutos\" \/>\n<script type=\"application\/ld+json\" class=\"yoast-schema-graph\">{\"@context\":\"https:\\\/\\\/schema.org\",\"@graph\":[{\"@type\":\"Article\",\"@id\":\"https:\\\/\\\/www.eldiario.net\\\/portal\\\/2021\\\/08\\\/19\\\/la-historia-del-poema-los-abuelos\\\/#article\",\"isPartOf\":{\"@id\":\"https:\\\/\\\/www.eldiario.net\\\/portal\\\/2021\\\/08\\\/19\\\/la-historia-del-poema-los-abuelos\\\/\"},\"author\":{\"name\":\"Jeanette\",\"@id\":\"https:\\\/\\\/www.eldiario.net\\\/portal\\\/#\\\/schema\\\/person\\\/f46445640444750d7d753ccd04ae01b7\"},\"headline\":\"La historia del poema \u201cLos abuelos\u201d\",\"datePublished\":\"2021-08-19T10:22:43+00:00\",\"mainEntityOfPage\":{\"@id\":\"https:\\\/\\\/www.eldiario.net\\\/portal\\\/2021\\\/08\\\/19\\\/la-historia-del-poema-los-abuelos\\\/\"},\"wordCount\":904,\"publisher\":{\"@id\":\"https:\\\/\\\/www.eldiario.net\\\/portal\\\/#organization\"},\"image\":{\"@id\":\"https:\\\/\\\/www.eldiario.net\\\/portal\\\/2021\\\/08\\\/19\\\/la-historia-del-poema-los-abuelos\\\/#primaryimage\"},\"thumbnailUrl\":\"\",\"articleSection\":[\"Cultural\"],\"inLanguage\":\"es\"},{\"@type\":\"WebPage\",\"@id\":\"https:\\\/\\\/www.eldiario.net\\\/portal\\\/2021\\\/08\\\/19\\\/la-historia-del-poema-los-abuelos\\\/\",\"url\":\"https:\\\/\\\/www.eldiario.net\\\/portal\\\/2021\\\/08\\\/19\\\/la-historia-del-poema-los-abuelos\\\/\",\"name\":\"La historia del poema \u201cLos abuelos\u201d - El Diario - Bolivia\",\"isPartOf\":{\"@id\":\"https:\\\/\\\/www.eldiario.net\\\/portal\\\/#website\"},\"primaryImageOfPage\":{\"@id\":\"https:\\\/\\\/www.eldiario.net\\\/portal\\\/2021\\\/08\\\/19\\\/la-historia-del-poema-los-abuelos\\\/#primaryimage\"},\"image\":{\"@id\":\"https:\\\/\\\/www.eldiario.net\\\/portal\\\/2021\\\/08\\\/19\\\/la-historia-del-poema-los-abuelos\\\/#primaryimage\"},\"thumbnailUrl\":\"\",\"datePublished\":\"2021-08-19T10:22:43+00:00\",\"breadcrumb\":{\"@id\":\"https:\\\/\\\/www.eldiario.net\\\/portal\\\/2021\\\/08\\\/19\\\/la-historia-del-poema-los-abuelos\\\/#breadcrumb\"},\"inLanguage\":\"es\",\"potentialAction\":[{\"@type\":\"ReadAction\",\"target\":[\"https:\\\/\\\/www.eldiario.net\\\/portal\\\/2021\\\/08\\\/19\\\/la-historia-del-poema-los-abuelos\\\/\"]}]},{\"@type\":\"ImageObject\",\"inLanguage\":\"es\",\"@id\":\"https:\\\/\\\/www.eldiario.net\\\/portal\\\/2021\\\/08\\\/19\\\/la-historia-del-poema-los-abuelos\\\/#primaryimage\",\"url\":\"\",\"contentUrl\":\"\"},{\"@type\":\"BreadcrumbList\",\"@id\":\"https:\\\/\\\/www.eldiario.net\\\/portal\\\/2021\\\/08\\\/19\\\/la-historia-del-poema-los-abuelos\\\/#breadcrumb\",\"itemListElement\":[{\"@type\":\"ListItem\",\"position\":1,\"name\":\"Portada\",\"item\":\"https:\\\/\\\/www.eldiario.net\\\/portal\\\/\"},{\"@type\":\"ListItem\",\"position\":2,\"name\":\"La historia del poema \u201cLos abuelos\u201d\"}]},{\"@type\":\"WebSite\",\"@id\":\"https:\\\/\\\/www.eldiario.net\\\/portal\\\/#website\",\"url\":\"https:\\\/\\\/www.eldiario.net\\\/portal\\\/\",\"name\":\"El Diario - Decano de la prensa nacional\",\"description\":\"El Diario - Decano de la prensa nacional\",\"publisher\":{\"@id\":\"https:\\\/\\\/www.eldiario.net\\\/portal\\\/#organization\"},\"potentialAction\":[{\"@type\":\"SearchAction\",\"target\":{\"@type\":\"EntryPoint\",\"urlTemplate\":\"https:\\\/\\\/www.eldiario.net\\\/portal\\\/?s={search_term_string}\"},\"query-input\":{\"@type\":\"PropertyValueSpecification\",\"valueRequired\":true,\"valueName\":\"search_term_string\"}}],\"inLanguage\":\"es\"},{\"@type\":\"Organization\",\"@id\":\"https:\\\/\\\/www.eldiario.net\\\/portal\\\/#organization\",\"name\":\"El Diario - Decano de la prensa nacional\",\"url\":\"https:\\\/\\\/www.eldiario.net\\\/portal\\\/\",\"logo\":{\"@type\":\"ImageObject\",\"inLanguage\":\"es\",\"@id\":\"https:\\\/\\\/www.eldiario.net\\\/portal\\\/#\\\/schema\\\/logo\\\/image\\\/\",\"url\":\"https:\\\/\\\/www.eldiario.net\\\/portal\\\/wp-content\\\/uploads\\\/2023\\\/07\\\/logo_ED.jpg\",\"contentUrl\":\"https:\\\/\\\/www.eldiario.net\\\/portal\\\/wp-content\\\/uploads\\\/2023\\\/07\\\/logo_ED.jpg\",\"width\":272,\"height\":52,\"caption\":\"El Diario - Decano de la prensa nacional\"},\"image\":{\"@id\":\"https:\\\/\\\/www.eldiario.net\\\/portal\\\/#\\\/schema\\\/logo\\\/image\\\/\"},\"sameAs\":[\"https:\\\/\\\/www.facebook.com\\\/eldiario.bolivia\\\/\",\"https:\\\/\\\/x.com\\\/eldiario_net\"]},{\"@type\":\"Person\",\"@id\":\"https:\\\/\\\/www.eldiario.net\\\/portal\\\/#\\\/schema\\\/person\\\/f46445640444750d7d753ccd04ae01b7\",\"name\":\"Jeanette\",\"image\":{\"@type\":\"ImageObject\",\"inLanguage\":\"es\",\"@id\":\"https:\\\/\\\/secure.gravatar.com\\\/avatar\\\/3ea2118a5f7dad2b7138b1187a6b7ee55f160b9968b66013c3a3ef39dd7e5798?s=96&d=mm&r=g\",\"url\":\"https:\\\/\\\/secure.gravatar.com\\\/avatar\\\/3ea2118a5f7dad2b7138b1187a6b7ee55f160b9968b66013c3a3ef39dd7e5798?s=96&d=mm&r=g\",\"contentUrl\":\"https:\\\/\\\/secure.gravatar.com\\\/avatar\\\/3ea2118a5f7dad2b7138b1187a6b7ee55f160b9968b66013c3a3ef39dd7e5798?s=96&d=mm&r=g\",\"caption\":\"Jeanette\"},\"sameAs\":[\"https:\\\/\\\/www.eldiario.net\\\/portal\"],\"url\":\"https:\\\/\\\/www.eldiario.net\\\/portal\\\/author\\\/jeanette\\\/\"}]}<\/script>\n<!-- \/ Yoast SEO plugin. -->","yoast_head_json":{"title":"La historia del poema \u201cLos abuelos\u201d - El Diario - Bolivia","robots":{"index":"index","follow":"follow","max-snippet":"max-snippet:-1","max-image-preview":"max-image-preview:large","max-video-preview":"max-video-preview:-1"},"canonical":"https:\/\/www.eldiario.net\/portal\/2021\/08\/19\/la-historia-del-poema-los-abuelos\/","og_locale":"es_ES","og_type":"article","og_title":"La historia del poema \u201cLos abuelos\u201d - El Diario - Bolivia","og_description":"Por: Homero Carvalho Oliva &nbsp; Un poema no necesita de explicaci\u00f3n porque se explica por s\u00ed mismo. Sin embargo, existen poemas que tienen toda una historia, ese es el caso de mi poema \u201cLos abuelos\u201d, que se ha convertido en uno de los m\u00e1s emblem\u00e1ticos de mi producci\u00f3n po\u00e9tica. Este poema fue escrito en el [&hellip;]","og_url":"https:\/\/www.eldiario.net\/portal\/2021\/08\/19\/la-historia-del-poema-los-abuelos\/","og_site_name":"El Diario - Bolivia","article_publisher":"https:\/\/www.facebook.com\/eldiario.bolivia\/","article_published_time":"2021-08-19T10:22:43+00:00","author":"Jeanette","twitter_card":"summary_large_image","twitter_creator":"@eldiario_net","twitter_site":"@eldiario_net","twitter_misc":{"Escrito por":"Jeanette","Tiempo de lectura":"4 minutos"},"schema":{"@context":"https:\/\/schema.org","@graph":[{"@type":"Article","@id":"https:\/\/www.eldiario.net\/portal\/2021\/08\/19\/la-historia-del-poema-los-abuelos\/#article","isPartOf":{"@id":"https:\/\/www.eldiario.net\/portal\/2021\/08\/19\/la-historia-del-poema-los-abuelos\/"},"author":{"name":"Jeanette","@id":"https:\/\/www.eldiario.net\/portal\/#\/schema\/person\/f46445640444750d7d753ccd04ae01b7"},"headline":"La historia del poema \u201cLos abuelos\u201d","datePublished":"2021-08-19T10:22:43+00:00","mainEntityOfPage":{"@id":"https:\/\/www.eldiario.net\/portal\/2021\/08\/19\/la-historia-del-poema-los-abuelos\/"},"wordCount":904,"publisher":{"@id":"https:\/\/www.eldiario.net\/portal\/#organization"},"image":{"@id":"https:\/\/www.eldiario.net\/portal\/2021\/08\/19\/la-historia-del-poema-los-abuelos\/#primaryimage"},"thumbnailUrl":"","articleSection":["Cultural"],"inLanguage":"es"},{"@type":"WebPage","@id":"https:\/\/www.eldiario.net\/portal\/2021\/08\/19\/la-historia-del-poema-los-abuelos\/","url":"https:\/\/www.eldiario.net\/portal\/2021\/08\/19\/la-historia-del-poema-los-abuelos\/","name":"La historia del poema \u201cLos abuelos\u201d - El Diario - Bolivia","isPartOf":{"@id":"https:\/\/www.eldiario.net\/portal\/#website"},"primaryImageOfPage":{"@id":"https:\/\/www.eldiario.net\/portal\/2021\/08\/19\/la-historia-del-poema-los-abuelos\/#primaryimage"},"image":{"@id":"https:\/\/www.eldiario.net\/portal\/2021\/08\/19\/la-historia-del-poema-los-abuelos\/#primaryimage"},"thumbnailUrl":"","datePublished":"2021-08-19T10:22:43+00:00","breadcrumb":{"@id":"https:\/\/www.eldiario.net\/portal\/2021\/08\/19\/la-historia-del-poema-los-abuelos\/#breadcrumb"},"inLanguage":"es","potentialAction":[{"@type":"ReadAction","target":["https:\/\/www.eldiario.net\/portal\/2021\/08\/19\/la-historia-del-poema-los-abuelos\/"]}]},{"@type":"ImageObject","inLanguage":"es","@id":"https:\/\/www.eldiario.net\/portal\/2021\/08\/19\/la-historia-del-poema-los-abuelos\/#primaryimage","url":"","contentUrl":""},{"@type":"BreadcrumbList","@id":"https:\/\/www.eldiario.net\/portal\/2021\/08\/19\/la-historia-del-poema-los-abuelos\/#breadcrumb","itemListElement":[{"@type":"ListItem","position":1,"name":"Portada","item":"https:\/\/www.eldiario.net\/portal\/"},{"@type":"ListItem","position":2,"name":"La historia del poema \u201cLos abuelos\u201d"}]},{"@type":"WebSite","@id":"https:\/\/www.eldiario.net\/portal\/#website","url":"https:\/\/www.eldiario.net\/portal\/","name":"El Diario - Decano de la prensa nacional","description":"El Diario - Decano de la prensa nacional","publisher":{"@id":"https:\/\/www.eldiario.net\/portal\/#organization"},"potentialAction":[{"@type":"SearchAction","target":{"@type":"EntryPoint","urlTemplate":"https:\/\/www.eldiario.net\/portal\/?s={search_term_string}"},"query-input":{"@type":"PropertyValueSpecification","valueRequired":true,"valueName":"search_term_string"}}],"inLanguage":"es"},{"@type":"Organization","@id":"https:\/\/www.eldiario.net\/portal\/#organization","name":"El Diario - Decano de la prensa nacional","url":"https:\/\/www.eldiario.net\/portal\/","logo":{"@type":"ImageObject","inLanguage":"es","@id":"https:\/\/www.eldiario.net\/portal\/#\/schema\/logo\/image\/","url":"https:\/\/www.eldiario.net\/portal\/wp-content\/uploads\/2023\/07\/logo_ED.jpg","contentUrl":"https:\/\/www.eldiario.net\/portal\/wp-content\/uploads\/2023\/07\/logo_ED.jpg","width":272,"height":52,"caption":"El Diario - Decano de la prensa nacional"},"image":{"@id":"https:\/\/www.eldiario.net\/portal\/#\/schema\/logo\/image\/"},"sameAs":["https:\/\/www.facebook.com\/eldiario.bolivia\/","https:\/\/x.com\/eldiario_net"]},{"@type":"Person","@id":"https:\/\/www.eldiario.net\/portal\/#\/schema\/person\/f46445640444750d7d753ccd04ae01b7","name":"Jeanette","image":{"@type":"ImageObject","inLanguage":"es","@id":"https:\/\/secure.gravatar.com\/avatar\/3ea2118a5f7dad2b7138b1187a6b7ee55f160b9968b66013c3a3ef39dd7e5798?s=96&d=mm&r=g","url":"https:\/\/secure.gravatar.com\/avatar\/3ea2118a5f7dad2b7138b1187a6b7ee55f160b9968b66013c3a3ef39dd7e5798?s=96&d=mm&r=g","contentUrl":"https:\/\/secure.gravatar.com\/avatar\/3ea2118a5f7dad2b7138b1187a6b7ee55f160b9968b66013c3a3ef39dd7e5798?s=96&d=mm&r=g","caption":"Jeanette"},"sameAs":["https:\/\/www.eldiario.net\/portal"],"url":"https:\/\/www.eldiario.net\/portal\/author\/jeanette\/"}]}},"_links":{"self":[{"href":"https:\/\/www.eldiario.net\/portal\/wp-json\/wp\/v2\/posts\/24296","targetHints":{"allow":["GET"]}}],"collection":[{"href":"https:\/\/www.eldiario.net\/portal\/wp-json\/wp\/v2\/posts"}],"about":[{"href":"https:\/\/www.eldiario.net\/portal\/wp-json\/wp\/v2\/types\/post"}],"author":[{"embeddable":true,"href":"https:\/\/www.eldiario.net\/portal\/wp-json\/wp\/v2\/users\/1"}],"replies":[{"embeddable":true,"href":"https:\/\/www.eldiario.net\/portal\/wp-json\/wp\/v2\/comments?post=24296"}],"version-history":[{"count":0,"href":"https:\/\/www.eldiario.net\/portal\/wp-json\/wp\/v2\/posts\/24296\/revisions"}],"wp:attachment":[{"href":"https:\/\/www.eldiario.net\/portal\/wp-json\/wp\/v2\/media?parent=24296"}],"wp:term":[{"taxonomy":"category","embeddable":true,"href":"https:\/\/www.eldiario.net\/portal\/wp-json\/wp\/v2\/categories?post=24296"},{"taxonomy":"post_tag","embeddable":true,"href":"https:\/\/www.eldiario.net\/portal\/wp-json\/wp\/v2\/tags?post=24296"}],"curies":[{"name":"wp","href":"https:\/\/api.w.org\/{rel}","templated":true}]}}