{"id":24290,"date":"2021-08-19T06:18:04","date_gmt":"2021-08-19T10:18:04","guid":{"rendered":"https:\/\/www.eldiario.net\/portal\/?p=24290"},"modified":"2021-08-19T06:18:04","modified_gmt":"2021-08-19T10:18:04","slug":"andres-costa-cree-que-farias-no-convocara-a-jugadores-de-always-ready","status":"publish","type":"post","link":"https:\/\/www.eldiario.net\/portal\/2021\/08\/19\/andres-costa-cree-que-farias-no-convocara-a-jugadores-de-always-ready\/","title":{"rendered":"Andr\u00e9s Costa cree que Far\u00edas no convocar\u00e1 a jugadores de Always Ready"},"content":{"rendered":"<p>El presidente del club Always Ready, Andr\u00e9s Costa, afirm\u00f3 ayer que duda que el entrenador de la Selecci\u00f3n boliviana de f\u00fatbol, Cesar Far\u00edas, convoque a jugadores de su equipo para las pr\u00f3ximas tres fechas de Eliminatorias Sudamericanas, pero sobre todo se refiri\u00f3 al centrocampista Fernando Saucedo.<\/p>\n<p>\u201c\u00bfUstedes creen que van a convocar a jugadores de Always Ready? (pregunt\u00f3 a los periodistas). La respuesta es clara creo que no va pasar eso. Creo que tiene problemas personales sobre todo con Saucedo (Fernando) y me apena mucho porque para m\u00ed es uno de los mejores &#8216;5&#8217; del pa\u00eds. La pregunta es para Far\u00edas (C\u00e9sar) si tiene que primar (primero) el bien com\u00fan o el bien del entrenador\u201d, dijo Costa ayer ante los medios de comunicaci\u00f3n.<\/p>\n<p>El volante del Always, Saucedo, es uno de los mejores en su equipo y viene teniendo una regularidad notable en los \u00faltimos campeonatos. El centrocampista tuvo en el pasado algunos problemas con Far\u00edas y desde que el DT llanero asumi\u00f3 el cargo como estratega de la Verde no fue llamado m\u00e1s a la Selecci\u00f3n.<\/p>\n<p>En las \u00faltimas horas el volante del Millonario se refiri\u00f3 sobre el tema en el programa deportivo El Alargue donde afirm\u00f3 que se arrepiente de haber lanzado en el pasado acusaciones contra el actual timonel de la Selecci\u00f3n y ratific\u00f3 su deseo de poder ser llamado a la Verde.<\/p>\n<p>El domingo por la noche, tras concluida la fecha 17 del torneo de la Divisi\u00f3n Profesional, saldr\u00eda la n\u00f3mina de convocados para la triple fecha de Eliminatorias que sostendr\u00e1 Bolivia. La Selecci\u00f3n jugar\u00e1 primero ante Colombia el 2 de septiembre en La Paz y luego se medir\u00e1 contra Uruguay en Montevideo el 5 y contra Argentina en Montevideo el 9 de ese mes.<\/p>\n","protected":false},"excerpt":{"rendered":"<p>El presidente del club Always Ready, Andr\u00e9s Costa, afirm\u00f3 ayer que duda que el entrenador de la Selecci\u00f3n boliviana de f\u00fatbol, Cesar Far\u00edas, convoque a jugadores de su equipo para las pr\u00f3ximas tres fechas de Eliminatorias Sudamericanas, pero sobre todo se refiri\u00f3 al centrocampista Fernando Saucedo. \u201c\u00bfUstedes creen que van a convocar a jugadores de [&hellip;]<\/p>\n","protected":false},"author":1,"featured_media":24291,"comment_status":"closed","ping_status":"closed","sticky":false,"template":"","format":"standard","meta":{"_acf_changed":false,"footnotes":""},"categories":[6],"tags":[],"class_list":["post-24290","post","type-post","status-publish","format-standard","has-post-thumbnail","category-deportes"],"acf":{"antetitulo":""},"yoast_head":"<!-- This site is optimized with the Yoast SEO plugin v28.4 - https:\/\/yoast.com\/product\/yoast-seo-wordpress\/ -->\n<title>Andr\u00e9s Costa cree que Far\u00edas no convocar\u00e1 a jugadores de Always Ready - El Diario - Bolivia<\/title>\n<meta name=\"robots\" content=\"index, follow, max-snippet:-1, max-image-preview:large, max-video-preview:-1\" \/>\n<link rel=\"canonical\" href=\"https:\/\/www.eldiario.net\/portal\/2021\/08\/19\/andres-costa-cree-que-farias-no-convocara-a-jugadores-de-always-ready\/\" \/>\n<meta property=\"og:locale\" content=\"es_ES\" \/>\n<meta property=\"og:type\" content=\"article\" \/>\n<meta property=\"og:title\" content=\"Andr\u00e9s Costa cree que Far\u00edas no convocar\u00e1 a jugadores de Always Ready - El Diario - Bolivia\" \/>\n<meta property=\"og:description\" content=\"El presidente del club Always Ready, Andr\u00e9s Costa, afirm\u00f3 ayer que duda que el entrenador de la Selecci\u00f3n boliviana de f\u00fatbol, Cesar Far\u00edas, convoque a jugadores de su equipo para las pr\u00f3ximas tres fechas de Eliminatorias Sudamericanas, pero sobre todo se refiri\u00f3 al centrocampista Fernando Saucedo. \u201c\u00bfUstedes creen que van a convocar a jugadores de [&hellip;]\" \/>\n<meta property=\"og:url\" content=\"https:\/\/www.eldiario.net\/portal\/2021\/08\/19\/andres-costa-cree-que-farias-no-convocara-a-jugadores-de-always-ready\/\" \/>\n<meta property=\"og:site_name\" content=\"El Diario - Bolivia\" \/>\n<meta property=\"article:publisher\" content=\"https:\/\/www.facebook.com\/eldiario.bolivia\/\" \/>\n<meta property=\"article:published_time\" content=\"2021-08-19T10:18:04+00:00\" \/>\n<meta name=\"author\" content=\"Jeanette\" \/>\n<meta name=\"twitter:card\" content=\"summary_large_image\" \/>\n<meta name=\"twitter:creator\" content=\"@eldiario_net\" \/>\n<meta name=\"twitter:site\" content=\"@eldiario_net\" \/>\n<meta name=\"twitter:label1\" content=\"Escrito por\" \/>\n\t<meta name=\"twitter:data1\" content=\"Jeanette\" \/>\n\t<meta name=\"twitter:label2\" content=\"Tiempo de lectura\" \/>\n\t<meta name=\"twitter:data2\" content=\"2 minutos\" \/>\n<script type=\"application\/ld+json\" class=\"yoast-schema-graph\">{\"@context\":\"https:\\\/\\\/schema.org\",\"@graph\":[{\"@type\":\"Article\",\"@id\":\"https:\\\/\\\/www.eldiario.net\\\/portal\\\/2021\\\/08\\\/19\\\/andres-costa-cree-que-farias-no-convocara-a-jugadores-de-always-ready\\\/#article\",\"isPartOf\":{\"@id\":\"https:\\\/\\\/www.eldiario.net\\\/portal\\\/2021\\\/08\\\/19\\\/andres-costa-cree-que-farias-no-convocara-a-jugadores-de-always-ready\\\/\"},\"author\":{\"name\":\"Jeanette\",\"@id\":\"https:\\\/\\\/www.eldiario.net\\\/portal\\\/#\\\/schema\\\/person\\\/f46445640444750d7d753ccd04ae01b7\"},\"headline\":\"Andr\u00e9s Costa cree que Far\u00edas no convocar\u00e1 a jugadores de Always Ready\",\"datePublished\":\"2021-08-19T10:18:04+00:00\",\"mainEntityOfPage\":{\"@id\":\"https:\\\/\\\/www.eldiario.net\\\/portal\\\/2021\\\/08\\\/19\\\/andres-costa-cree-que-farias-no-convocara-a-jugadores-de-always-ready\\\/\"},\"wordCount\":316,\"publisher\":{\"@id\":\"https:\\\/\\\/www.eldiario.net\\\/portal\\\/#organization\"},\"image\":{\"@id\":\"https:\\\/\\\/www.eldiario.net\\\/portal\\\/2021\\\/08\\\/19\\\/andres-costa-cree-que-farias-no-convocara-a-jugadores-de-always-ready\\\/#primaryimage\"},\"thumbnailUrl\":\"\",\"articleSection\":[\"Deportes\"],\"inLanguage\":\"es\"},{\"@type\":\"WebPage\",\"@id\":\"https:\\\/\\\/www.eldiario.net\\\/portal\\\/2021\\\/08\\\/19\\\/andres-costa-cree-que-farias-no-convocara-a-jugadores-de-always-ready\\\/\",\"url\":\"https:\\\/\\\/www.eldiario.net\\\/portal\\\/2021\\\/08\\\/19\\\/andres-costa-cree-que-farias-no-convocara-a-jugadores-de-always-ready\\\/\",\"name\":\"Andr\u00e9s Costa cree que Far\u00edas no convocar\u00e1 a jugadores de Always Ready - El Diario - Bolivia\",\"isPartOf\":{\"@id\":\"https:\\\/\\\/www.eldiario.net\\\/portal\\\/#website\"},\"primaryImageOfPage\":{\"@id\":\"https:\\\/\\\/www.eldiario.net\\\/portal\\\/2021\\\/08\\\/19\\\/andres-costa-cree-que-farias-no-convocara-a-jugadores-de-always-ready\\\/#primaryimage\"},\"image\":{\"@id\":\"https:\\\/\\\/www.eldiario.net\\\/portal\\\/2021\\\/08\\\/19\\\/andres-costa-cree-que-farias-no-convocara-a-jugadores-de-always-ready\\\/#primaryimage\"},\"thumbnailUrl\":\"\",\"datePublished\":\"2021-08-19T10:18:04+00:00\",\"breadcrumb\":{\"@id\":\"https:\\\/\\\/www.eldiario.net\\\/portal\\\/2021\\\/08\\\/19\\\/andres-costa-cree-que-farias-no-convocara-a-jugadores-de-always-ready\\\/#breadcrumb\"},\"inLanguage\":\"es\",\"potentialAction\":[{\"@type\":\"ReadAction\",\"target\":[\"https:\\\/\\\/www.eldiario.net\\\/portal\\\/2021\\\/08\\\/19\\\/andres-costa-cree-que-farias-no-convocara-a-jugadores-de-always-ready\\\/\"]}]},{\"@type\":\"ImageObject\",\"inLanguage\":\"es\",\"@id\":\"https:\\\/\\\/www.eldiario.net\\\/portal\\\/2021\\\/08\\\/19\\\/andres-costa-cree-que-farias-no-convocara-a-jugadores-de-always-ready\\\/#primaryimage\",\"url\":\"\",\"contentUrl\":\"\"},{\"@type\":\"BreadcrumbList\",\"@id\":\"https:\\\/\\\/www.eldiario.net\\\/portal\\\/2021\\\/08\\\/19\\\/andres-costa-cree-que-farias-no-convocara-a-jugadores-de-always-ready\\\/#breadcrumb\",\"itemListElement\":[{\"@type\":\"ListItem\",\"position\":1,\"name\":\"Portada\",\"item\":\"https:\\\/\\\/www.eldiario.net\\\/portal\\\/\"},{\"@type\":\"ListItem\",\"position\":2,\"name\":\"Andr\u00e9s Costa cree que Far\u00edas no convocar\u00e1 a jugadores de Always Ready\"}]},{\"@type\":\"WebSite\",\"@id\":\"https:\\\/\\\/www.eldiario.net\\\/portal\\\/#website\",\"url\":\"https:\\\/\\\/www.eldiario.net\\\/portal\\\/\",\"name\":\"El Diario - Decano de la prensa nacional\",\"description\":\"El Diario - Decano de la prensa nacional\",\"publisher\":{\"@id\":\"https:\\\/\\\/www.eldiario.net\\\/portal\\\/#organization\"},\"potentialAction\":[{\"@type\":\"SearchAction\",\"target\":{\"@type\":\"EntryPoint\",\"urlTemplate\":\"https:\\\/\\\/www.eldiario.net\\\/portal\\\/?s={search_term_string}\"},\"query-input\":{\"@type\":\"PropertyValueSpecification\",\"valueRequired\":true,\"valueName\":\"search_term_string\"}}],\"inLanguage\":\"es\"},{\"@type\":\"Organization\",\"@id\":\"https:\\\/\\\/www.eldiario.net\\\/portal\\\/#organization\",\"name\":\"El Diario - Decano de la prensa nacional\",\"url\":\"https:\\\/\\\/www.eldiario.net\\\/portal\\\/\",\"logo\":{\"@type\":\"ImageObject\",\"inLanguage\":\"es\",\"@id\":\"https:\\\/\\\/www.eldiario.net\\\/portal\\\/#\\\/schema\\\/logo\\\/image\\\/\",\"url\":\"https:\\\/\\\/www.eldiario.net\\\/portal\\\/wp-content\\\/uploads\\\/2023\\\/07\\\/logo_ED.jpg\",\"contentUrl\":\"https:\\\/\\\/www.eldiario.net\\\/portal\\\/wp-content\\\/uploads\\\/2023\\\/07\\\/logo_ED.jpg\",\"width\":272,\"height\":52,\"caption\":\"El Diario - Decano de la prensa nacional\"},\"image\":{\"@id\":\"https:\\\/\\\/www.eldiario.net\\\/portal\\\/#\\\/schema\\\/logo\\\/image\\\/\"},\"sameAs\":[\"https:\\\/\\\/www.facebook.com\\\/eldiario.bolivia\\\/\",\"https:\\\/\\\/x.com\\\/eldiario_net\"]},{\"@type\":\"Person\",\"@id\":\"https:\\\/\\\/www.eldiario.net\\\/portal\\\/#\\\/schema\\\/person\\\/f46445640444750d7d753ccd04ae01b7\",\"name\":\"Jeanette\",\"image\":{\"@type\":\"ImageObject\",\"inLanguage\":\"es\",\"@id\":\"https:\\\/\\\/secure.gravatar.com\\\/avatar\\\/3ea2118a5f7dad2b7138b1187a6b7ee55f160b9968b66013c3a3ef39dd7e5798?s=96&d=mm&r=g\",\"url\":\"https:\\\/\\\/secure.gravatar.com\\\/avatar\\\/3ea2118a5f7dad2b7138b1187a6b7ee55f160b9968b66013c3a3ef39dd7e5798?s=96&d=mm&r=g\",\"contentUrl\":\"https:\\\/\\\/secure.gravatar.com\\\/avatar\\\/3ea2118a5f7dad2b7138b1187a6b7ee55f160b9968b66013c3a3ef39dd7e5798?s=96&d=mm&r=g\",\"caption\":\"Jeanette\"},\"sameAs\":[\"https:\\\/\\\/www.eldiario.net\\\/portal\"],\"url\":\"https:\\\/\\\/www.eldiario.net\\\/portal\\\/author\\\/jeanette\\\/\"}]}<\/script>\n<!-- \/ Yoast SEO plugin. -->","yoast_head_json":{"title":"Andr\u00e9s Costa cree que Far\u00edas no convocar\u00e1 a jugadores de Always Ready - El Diario - Bolivia","robots":{"index":"index","follow":"follow","max-snippet":"max-snippet:-1","max-image-preview":"max-image-preview:large","max-video-preview":"max-video-preview:-1"},"canonical":"https:\/\/www.eldiario.net\/portal\/2021\/08\/19\/andres-costa-cree-que-farias-no-convocara-a-jugadores-de-always-ready\/","og_locale":"es_ES","og_type":"article","og_title":"Andr\u00e9s Costa cree que Far\u00edas no convocar\u00e1 a jugadores de Always Ready - El Diario - Bolivia","og_description":"El presidente del club Always Ready, Andr\u00e9s Costa, afirm\u00f3 ayer que duda que el entrenador de la Selecci\u00f3n boliviana de f\u00fatbol, Cesar Far\u00edas, convoque a jugadores de su equipo para las pr\u00f3ximas tres fechas de Eliminatorias Sudamericanas, pero sobre todo se refiri\u00f3 al centrocampista Fernando Saucedo. \u201c\u00bfUstedes creen que van a convocar a jugadores de [&hellip;]","og_url":"https:\/\/www.eldiario.net\/portal\/2021\/08\/19\/andres-costa-cree-que-farias-no-convocara-a-jugadores-de-always-ready\/","og_site_name":"El Diario - Bolivia","article_publisher":"https:\/\/www.facebook.com\/eldiario.bolivia\/","article_published_time":"2021-08-19T10:18:04+00:00","author":"Jeanette","twitter_card":"summary_large_image","twitter_creator":"@eldiario_net","twitter_site":"@eldiario_net","twitter_misc":{"Escrito por":"Jeanette","Tiempo de lectura":"2 minutos"},"schema":{"@context":"https:\/\/schema.org","@graph":[{"@type":"Article","@id":"https:\/\/www.eldiario.net\/portal\/2021\/08\/19\/andres-costa-cree-que-farias-no-convocara-a-jugadores-de-always-ready\/#article","isPartOf":{"@id":"https:\/\/www.eldiario.net\/portal\/2021\/08\/19\/andres-costa-cree-que-farias-no-convocara-a-jugadores-de-always-ready\/"},"author":{"name":"Jeanette","@id":"https:\/\/www.eldiario.net\/portal\/#\/schema\/person\/f46445640444750d7d753ccd04ae01b7"},"headline":"Andr\u00e9s Costa cree que Far\u00edas no convocar\u00e1 a jugadores de Always Ready","datePublished":"2021-08-19T10:18:04+00:00","mainEntityOfPage":{"@id":"https:\/\/www.eldiario.net\/portal\/2021\/08\/19\/andres-costa-cree-que-farias-no-convocara-a-jugadores-de-always-ready\/"},"wordCount":316,"publisher":{"@id":"https:\/\/www.eldiario.net\/portal\/#organization"},"image":{"@id":"https:\/\/www.eldiario.net\/portal\/2021\/08\/19\/andres-costa-cree-que-farias-no-convocara-a-jugadores-de-always-ready\/#primaryimage"},"thumbnailUrl":"","articleSection":["Deportes"],"inLanguage":"es"},{"@type":"WebPage","@id":"https:\/\/www.eldiario.net\/portal\/2021\/08\/19\/andres-costa-cree-que-farias-no-convocara-a-jugadores-de-always-ready\/","url":"https:\/\/www.eldiario.net\/portal\/2021\/08\/19\/andres-costa-cree-que-farias-no-convocara-a-jugadores-de-always-ready\/","name":"Andr\u00e9s Costa cree que Far\u00edas no convocar\u00e1 a jugadores de Always Ready - El Diario - Bolivia","isPartOf":{"@id":"https:\/\/www.eldiario.net\/portal\/#website"},"primaryImageOfPage":{"@id":"https:\/\/www.eldiario.net\/portal\/2021\/08\/19\/andres-costa-cree-que-farias-no-convocara-a-jugadores-de-always-ready\/#primaryimage"},"image":{"@id":"https:\/\/www.eldiario.net\/portal\/2021\/08\/19\/andres-costa-cree-que-farias-no-convocara-a-jugadores-de-always-ready\/#primaryimage"},"thumbnailUrl":"","datePublished":"2021-08-19T10:18:04+00:00","breadcrumb":{"@id":"https:\/\/www.eldiario.net\/portal\/2021\/08\/19\/andres-costa-cree-que-farias-no-convocara-a-jugadores-de-always-ready\/#breadcrumb"},"inLanguage":"es","potentialAction":[{"@type":"ReadAction","target":["https:\/\/www.eldiario.net\/portal\/2021\/08\/19\/andres-costa-cree-que-farias-no-convocara-a-jugadores-de-always-ready\/"]}]},{"@type":"ImageObject","inLanguage":"es","@id":"https:\/\/www.eldiario.net\/portal\/2021\/08\/19\/andres-costa-cree-que-farias-no-convocara-a-jugadores-de-always-ready\/#primaryimage","url":"","contentUrl":""},{"@type":"BreadcrumbList","@id":"https:\/\/www.eldiario.net\/portal\/2021\/08\/19\/andres-costa-cree-que-farias-no-convocara-a-jugadores-de-always-ready\/#breadcrumb","itemListElement":[{"@type":"ListItem","position":1,"name":"Portada","item":"https:\/\/www.eldiario.net\/portal\/"},{"@type":"ListItem","position":2,"name":"Andr\u00e9s Costa cree que Far\u00edas no convocar\u00e1 a jugadores de Always Ready"}]},{"@type":"WebSite","@id":"https:\/\/www.eldiario.net\/portal\/#website","url":"https:\/\/www.eldiario.net\/portal\/","name":"El Diario - Decano de la prensa nacional","description":"El Diario - Decano de la prensa nacional","publisher":{"@id":"https:\/\/www.eldiario.net\/portal\/#organization"},"potentialAction":[{"@type":"SearchAction","target":{"@type":"EntryPoint","urlTemplate":"https:\/\/www.eldiario.net\/portal\/?s={search_term_string}"},"query-input":{"@type":"PropertyValueSpecification","valueRequired":true,"valueName":"search_term_string"}}],"inLanguage":"es"},{"@type":"Organization","@id":"https:\/\/www.eldiario.net\/portal\/#organization","name":"El Diario - Decano de la prensa nacional","url":"https:\/\/www.eldiario.net\/portal\/","logo":{"@type":"ImageObject","inLanguage":"es","@id":"https:\/\/www.eldiario.net\/portal\/#\/schema\/logo\/image\/","url":"https:\/\/www.eldiario.net\/portal\/wp-content\/uploads\/2023\/07\/logo_ED.jpg","contentUrl":"https:\/\/www.eldiario.net\/portal\/wp-content\/uploads\/2023\/07\/logo_ED.jpg","width":272,"height":52,"caption":"El Diario - Decano de la prensa nacional"},"image":{"@id":"https:\/\/www.eldiario.net\/portal\/#\/schema\/logo\/image\/"},"sameAs":["https:\/\/www.facebook.com\/eldiario.bolivia\/","https:\/\/x.com\/eldiario_net"]},{"@type":"Person","@id":"https:\/\/www.eldiario.net\/portal\/#\/schema\/person\/f46445640444750d7d753ccd04ae01b7","name":"Jeanette","image":{"@type":"ImageObject","inLanguage":"es","@id":"https:\/\/secure.gravatar.com\/avatar\/3ea2118a5f7dad2b7138b1187a6b7ee55f160b9968b66013c3a3ef39dd7e5798?s=96&d=mm&r=g","url":"https:\/\/secure.gravatar.com\/avatar\/3ea2118a5f7dad2b7138b1187a6b7ee55f160b9968b66013c3a3ef39dd7e5798?s=96&d=mm&r=g","contentUrl":"https:\/\/secure.gravatar.com\/avatar\/3ea2118a5f7dad2b7138b1187a6b7ee55f160b9968b66013c3a3ef39dd7e5798?s=96&d=mm&r=g","caption":"Jeanette"},"sameAs":["https:\/\/www.eldiario.net\/portal"],"url":"https:\/\/www.eldiario.net\/portal\/author\/jeanette\/"}]}},"_links":{"self":[{"href":"https:\/\/www.eldiario.net\/portal\/wp-json\/wp\/v2\/posts\/24290","targetHints":{"allow":["GET"]}}],"collection":[{"href":"https:\/\/www.eldiario.net\/portal\/wp-json\/wp\/v2\/posts"}],"about":[{"href":"https:\/\/www.eldiario.net\/portal\/wp-json\/wp\/v2\/types\/post"}],"author":[{"embeddable":true,"href":"https:\/\/www.eldiario.net\/portal\/wp-json\/wp\/v2\/users\/1"}],"replies":[{"embeddable":true,"href":"https:\/\/www.eldiario.net\/portal\/wp-json\/wp\/v2\/comments?post=24290"}],"version-history":[{"count":0,"href":"https:\/\/www.eldiario.net\/portal\/wp-json\/wp\/v2\/posts\/24290\/revisions"}],"wp:attachment":[{"href":"https:\/\/www.eldiario.net\/portal\/wp-json\/wp\/v2\/media?parent=24290"}],"wp:term":[{"taxonomy":"category","embeddable":true,"href":"https:\/\/www.eldiario.net\/portal\/wp-json\/wp\/v2\/categories?post=24290"},{"taxonomy":"post_tag","embeddable":true,"href":"https:\/\/www.eldiario.net\/portal\/wp-json\/wp\/v2\/tags?post=24290"}],"curies":[{"name":"wp","href":"https:\/\/api.w.org\/{rel}","templated":true}]}}