{"id":24287,"date":"2021-08-19T06:16:51","date_gmt":"2021-08-19T10:16:51","guid":{"rendered":"https:\/\/www.eldiario.net\/portal\/?p=24287"},"modified":"2021-08-19T06:16:51","modified_gmt":"2021-08-19T10:16:51","slug":"atletico-mineiro-liquida-a-river-y-pasa-a-semifinales","status":"publish","type":"post","link":"https:\/\/www.eldiario.net\/portal\/2021\/08\/19\/atletico-mineiro-liquida-a-river-y-pasa-a-semifinales\/","title":{"rendered":"Atl\u00e9tico Mineiro liquida a River y pasa a semifinales"},"content":{"rendered":"<p>Tan poderoso como en sus a\u00f1os mozos, Hulk meti\u00f3 al Atl\u00e9tico Mineiro a las semifinales de la Copa Libertadores 2021 al liquidar 3-0 al disminuido River Plate de Marcelo Gallardo ayer en Belo Horizonte, un resultado que confirm\u00f3 la superioridad brasile\u00f1a tras la victoria 1-0 en Argentina.<\/p>\n<p>Un globito del delantero, que sobrepas\u00f3 la defensa millonaria, permiti\u00f3 que el argentino Mat\u00edas Zaracho (22) se alzara por los aires del Mineirao, al que los hinchas regresaron tras a\u00f1o y medio de pandemia, para ejecutar una tijera preciosa que vulner\u00f3 a Franco Armani.<\/p>\n<p>El que seguramente ser\u00e1 el mejor gol de la Libertadores-2021 fue la antesala del show del internacional brasile\u00f1o, de 35 a\u00f1os. En el 34, en un contragolpe, Hulk recibi\u00f3 un pase filtrado del venezolano Jefferson Savarino y bombe\u00f3 la pelota ante la salida de Armani.<\/p>\n<p>El exOporto lleg\u00f3 a siete anotaciones en la copa, tres menos que el m\u00e1ximo artillero, Gabriel Barbosa &#8216;Gabigol&#8217;, del Flamengo, y llev\u00f3 al Galo a su primera semifinal desde 2013, cuando alz\u00f3 su \u00fanica Libertadores de la mano de Ronaldinho Ga\u00facho y su actual t\u00e9cnico, Alexi Stival &#8216;Cuca&#8217;.<\/p>\n<p>Zaracho repiti\u00f3 la dosis, en el 62, esta vez de cabeza, al concretar un centro de Savarino por derecha. \u00abVamos partido tras partido, hoy fue una gran final que pudimos aprovechar\u00bb, asegur\u00f3 el argentino.<\/p>\n<p>La exhibici\u00f3n de Hulk puso fin a la aspiraci\u00f3n de River, m\u00e1s liviano que en temporadas pasadas, de clasificarse por quinta vez consecutiva a semis de Libertadores.<\/p>\n<p>Ahora Mineiro se citar\u00e1 con el campe\u00f3n defensor Palmeiras, asegurando un representante brasile\u00f1o en la final.<\/p>\n<p>Horas antes del choque definitivo en Belo Horizonte, Cuca lamentaba la ausencia del argentino Ignacio Fern\u00e1ndez, cerebro de su Galo y suspendido para la vuelta de los cuartos de final tras ver la roja en el Monumental.<\/p>\n<p>Pero lo cierto es que los albinegros no sintieron la baja de &#8216;Nacho&#8217;.<\/p>\n<p>El chileno Eduardo Vargas, a lo &#8216;kamikaze&#8217;, bombarde\u00f3 desde todos los frentes la defensa de cinco hombres alineada por Gallardo ante la baja del mediocampista Enzo P\u00e9rez. La mala punter\u00eda o los reflejos de Armani evitaron que &#8216;Turboman&#8217; festejara.<\/p>\n<p>\u00abNos cost\u00f3 acomodarnos&#8230;hay que seguir, levantar la cabeza y seguir trabajando\u00bb, afirm\u00f3 el golero.<\/p>\n<p>Desde la derecha, Savarino sirvi\u00f3 pelotas a voluntad y entabl\u00f3 con Zaracho una sociedad endiablada que enloqueci\u00f3 a la zaga millonaria, obligando al &#8216;Mu\u00f1eco&#8217; a volver, en el minuto 34, a la l\u00ednea de cuatro defensores al sustituir al veterano y superado Jonatan Maidana.<\/p>\n<p>La modificaci\u00f3n consolid\u00f3 la reanimaci\u00f3n de River, que antes hab\u00eda sacudido a Everson, otra vez determinante, con dos remates violentos de Mat\u00edas Su\u00e1rez (19) y Juli\u00e1n \u00c1lvarez (28).<\/p>\n<p>Mineiro no s\u00f3lo no extra\u00f1\u00f3 a Fern\u00e1ndez, sino que desde las tribunas del Mineirao, adonde asistieron unos 16.000 espectadores, su flamante refuerzo celebraba el espect\u00e1culo de sus nuevos compa\u00f1eros.<\/p>\n<p>El hispano-brasile\u00f1o Diego Costa, de paso laureado por el Atl\u00e9tico de Madrid, podr\u00e1 reforzar a los brasile\u00f1os en las semifinales, aumentando el ya poderoso ataque de una de las mejores n\u00f3minas de Am\u00e9rica.<\/p>\n<p>Ante la mirada del mundialista con Espa\u00f1a, la insaciable ofensiva de los locales mantuvo el acelerador a fondo ante un River que batallaba por despedirse con altura del torneo.<\/p>\n<p>El &#8216;Mu\u00f1eco&#8217; muri\u00f3 en la l\u00ednea del frente con sus muchachos, que integran la n\u00f3mina -desmadejada con el paso de los a\u00f1os- del \u00fanico equipo que plant\u00f3 cara a la recargada supremac\u00eda brasile\u00f1a.<\/p>\n<p>Con las manos en el bolsillo o los brazos cruzados, y el barbijo puesto, el laureado entrenador observ\u00f3 la eliminaci\u00f3n del club de la banda roja cruzada, pero, sobre todo, el posible surgimiento de una nueva hegemon\u00eda, de una hegemon\u00eda que habla portugu\u00e9s.<\/p>\n","protected":false},"excerpt":{"rendered":"<p>Tan poderoso como en sus a\u00f1os mozos, Hulk meti\u00f3 al Atl\u00e9tico Mineiro a las semifinales de la Copa Libertadores 2021 al liquidar 3-0 al disminuido River Plate de Marcelo Gallardo ayer en Belo Horizonte, un resultado que confirm\u00f3 la superioridad brasile\u00f1a tras la victoria 1-0 en Argentina. Un globito del delantero, que sobrepas\u00f3 la defensa [&hellip;]<\/p>\n","protected":false},"author":1,"featured_media":24288,"comment_status":"closed","ping_status":"closed","sticky":false,"template":"","format":"standard","meta":{"_acf_changed":false,"footnotes":""},"categories":[6],"tags":[],"class_list":["post-24287","post","type-post","status-publish","format-standard","has-post-thumbnail","category-deportes"],"acf":{"antetitulo":""},"yoast_head":"<!-- This site is optimized with the Yoast SEO plugin v28.4 - https:\/\/yoast.com\/product\/yoast-seo-wordpress\/ -->\n<title>Atl\u00e9tico Mineiro liquida a River y pasa a semifinales - El Diario - Bolivia<\/title>\n<meta name=\"robots\" content=\"index, follow, max-snippet:-1, max-image-preview:large, max-video-preview:-1\" \/>\n<link rel=\"canonical\" href=\"https:\/\/www.eldiario.net\/portal\/2021\/08\/19\/atletico-mineiro-liquida-a-river-y-pasa-a-semifinales\/\" \/>\n<meta property=\"og:locale\" content=\"es_ES\" \/>\n<meta property=\"og:type\" content=\"article\" \/>\n<meta property=\"og:title\" content=\"Atl\u00e9tico Mineiro liquida a River y pasa a semifinales - El Diario - Bolivia\" \/>\n<meta property=\"og:description\" content=\"Tan poderoso como en sus a\u00f1os mozos, Hulk meti\u00f3 al Atl\u00e9tico Mineiro a las semifinales de la Copa Libertadores 2021 al liquidar 3-0 al disminuido River Plate de Marcelo Gallardo ayer en Belo Horizonte, un resultado que confirm\u00f3 la superioridad brasile\u00f1a tras la victoria 1-0 en Argentina. Un globito del delantero, que sobrepas\u00f3 la defensa [&hellip;]\" \/>\n<meta property=\"og:url\" content=\"https:\/\/www.eldiario.net\/portal\/2021\/08\/19\/atletico-mineiro-liquida-a-river-y-pasa-a-semifinales\/\" \/>\n<meta property=\"og:site_name\" content=\"El Diario - Bolivia\" \/>\n<meta property=\"article:publisher\" content=\"https:\/\/www.facebook.com\/eldiario.bolivia\/\" \/>\n<meta property=\"article:published_time\" content=\"2021-08-19T10:16:51+00:00\" \/>\n<meta name=\"author\" content=\"Jeanette\" \/>\n<meta name=\"twitter:card\" content=\"summary_large_image\" \/>\n<meta name=\"twitter:creator\" content=\"@eldiario_net\" \/>\n<meta name=\"twitter:site\" content=\"@eldiario_net\" \/>\n<meta name=\"twitter:label1\" content=\"Escrito por\" \/>\n\t<meta name=\"twitter:data1\" content=\"Jeanette\" \/>\n\t<meta name=\"twitter:label2\" content=\"Tiempo de lectura\" \/>\n\t<meta name=\"twitter:data2\" content=\"3 minutos\" \/>\n<script type=\"application\/ld+json\" class=\"yoast-schema-graph\">{\"@context\":\"https:\\\/\\\/schema.org\",\"@graph\":[{\"@type\":\"Article\",\"@id\":\"https:\\\/\\\/www.eldiario.net\\\/portal\\\/2021\\\/08\\\/19\\\/atletico-mineiro-liquida-a-river-y-pasa-a-semifinales\\\/#article\",\"isPartOf\":{\"@id\":\"https:\\\/\\\/www.eldiario.net\\\/portal\\\/2021\\\/08\\\/19\\\/atletico-mineiro-liquida-a-river-y-pasa-a-semifinales\\\/\"},\"author\":{\"name\":\"Jeanette\",\"@id\":\"https:\\\/\\\/www.eldiario.net\\\/portal\\\/#\\\/schema\\\/person\\\/f46445640444750d7d753ccd04ae01b7\"},\"headline\":\"Atl\u00e9tico Mineiro liquida a River y pasa a semifinales\",\"datePublished\":\"2021-08-19T10:16:51+00:00\",\"mainEntityOfPage\":{\"@id\":\"https:\\\/\\\/www.eldiario.net\\\/portal\\\/2021\\\/08\\\/19\\\/atletico-mineiro-liquida-a-river-y-pasa-a-semifinales\\\/\"},\"wordCount\":650,\"publisher\":{\"@id\":\"https:\\\/\\\/www.eldiario.net\\\/portal\\\/#organization\"},\"image\":{\"@id\":\"https:\\\/\\\/www.eldiario.net\\\/portal\\\/2021\\\/08\\\/19\\\/atletico-mineiro-liquida-a-river-y-pasa-a-semifinales\\\/#primaryimage\"},\"thumbnailUrl\":\"\",\"articleSection\":[\"Deportes\"],\"inLanguage\":\"es\"},{\"@type\":\"WebPage\",\"@id\":\"https:\\\/\\\/www.eldiario.net\\\/portal\\\/2021\\\/08\\\/19\\\/atletico-mineiro-liquida-a-river-y-pasa-a-semifinales\\\/\",\"url\":\"https:\\\/\\\/www.eldiario.net\\\/portal\\\/2021\\\/08\\\/19\\\/atletico-mineiro-liquida-a-river-y-pasa-a-semifinales\\\/\",\"name\":\"Atl\u00e9tico Mineiro liquida a River y pasa a semifinales - El Diario - Bolivia\",\"isPartOf\":{\"@id\":\"https:\\\/\\\/www.eldiario.net\\\/portal\\\/#website\"},\"primaryImageOfPage\":{\"@id\":\"https:\\\/\\\/www.eldiario.net\\\/portal\\\/2021\\\/08\\\/19\\\/atletico-mineiro-liquida-a-river-y-pasa-a-semifinales\\\/#primaryimage\"},\"image\":{\"@id\":\"https:\\\/\\\/www.eldiario.net\\\/portal\\\/2021\\\/08\\\/19\\\/atletico-mineiro-liquida-a-river-y-pasa-a-semifinales\\\/#primaryimage\"},\"thumbnailUrl\":\"\",\"datePublished\":\"2021-08-19T10:16:51+00:00\",\"breadcrumb\":{\"@id\":\"https:\\\/\\\/www.eldiario.net\\\/portal\\\/2021\\\/08\\\/19\\\/atletico-mineiro-liquida-a-river-y-pasa-a-semifinales\\\/#breadcrumb\"},\"inLanguage\":\"es\",\"potentialAction\":[{\"@type\":\"ReadAction\",\"target\":[\"https:\\\/\\\/www.eldiario.net\\\/portal\\\/2021\\\/08\\\/19\\\/atletico-mineiro-liquida-a-river-y-pasa-a-semifinales\\\/\"]}]},{\"@type\":\"ImageObject\",\"inLanguage\":\"es\",\"@id\":\"https:\\\/\\\/www.eldiario.net\\\/portal\\\/2021\\\/08\\\/19\\\/atletico-mineiro-liquida-a-river-y-pasa-a-semifinales\\\/#primaryimage\",\"url\":\"\",\"contentUrl\":\"\"},{\"@type\":\"BreadcrumbList\",\"@id\":\"https:\\\/\\\/www.eldiario.net\\\/portal\\\/2021\\\/08\\\/19\\\/atletico-mineiro-liquida-a-river-y-pasa-a-semifinales\\\/#breadcrumb\",\"itemListElement\":[{\"@type\":\"ListItem\",\"position\":1,\"name\":\"Portada\",\"item\":\"https:\\\/\\\/www.eldiario.net\\\/portal\\\/\"},{\"@type\":\"ListItem\",\"position\":2,\"name\":\"Atl\u00e9tico Mineiro liquida a River y pasa a semifinales\"}]},{\"@type\":\"WebSite\",\"@id\":\"https:\\\/\\\/www.eldiario.net\\\/portal\\\/#website\",\"url\":\"https:\\\/\\\/www.eldiario.net\\\/portal\\\/\",\"name\":\"El Diario - Decano de la prensa nacional\",\"description\":\"El Diario - Decano de la prensa nacional\",\"publisher\":{\"@id\":\"https:\\\/\\\/www.eldiario.net\\\/portal\\\/#organization\"},\"potentialAction\":[{\"@type\":\"SearchAction\",\"target\":{\"@type\":\"EntryPoint\",\"urlTemplate\":\"https:\\\/\\\/www.eldiario.net\\\/portal\\\/?s={search_term_string}\"},\"query-input\":{\"@type\":\"PropertyValueSpecification\",\"valueRequired\":true,\"valueName\":\"search_term_string\"}}],\"inLanguage\":\"es\"},{\"@type\":\"Organization\",\"@id\":\"https:\\\/\\\/www.eldiario.net\\\/portal\\\/#organization\",\"name\":\"El Diario - Decano de la prensa nacional\",\"url\":\"https:\\\/\\\/www.eldiario.net\\\/portal\\\/\",\"logo\":{\"@type\":\"ImageObject\",\"inLanguage\":\"es\",\"@id\":\"https:\\\/\\\/www.eldiario.net\\\/portal\\\/#\\\/schema\\\/logo\\\/image\\\/\",\"url\":\"https:\\\/\\\/www.eldiario.net\\\/portal\\\/wp-content\\\/uploads\\\/2023\\\/07\\\/logo_ED.jpg\",\"contentUrl\":\"https:\\\/\\\/www.eldiario.net\\\/portal\\\/wp-content\\\/uploads\\\/2023\\\/07\\\/logo_ED.jpg\",\"width\":272,\"height\":52,\"caption\":\"El Diario - Decano de la prensa nacional\"},\"image\":{\"@id\":\"https:\\\/\\\/www.eldiario.net\\\/portal\\\/#\\\/schema\\\/logo\\\/image\\\/\"},\"sameAs\":[\"https:\\\/\\\/www.facebook.com\\\/eldiario.bolivia\\\/\",\"https:\\\/\\\/x.com\\\/eldiario_net\"]},{\"@type\":\"Person\",\"@id\":\"https:\\\/\\\/www.eldiario.net\\\/portal\\\/#\\\/schema\\\/person\\\/f46445640444750d7d753ccd04ae01b7\",\"name\":\"Jeanette\",\"image\":{\"@type\":\"ImageObject\",\"inLanguage\":\"es\",\"@id\":\"https:\\\/\\\/secure.gravatar.com\\\/avatar\\\/3ea2118a5f7dad2b7138b1187a6b7ee55f160b9968b66013c3a3ef39dd7e5798?s=96&d=mm&r=g\",\"url\":\"https:\\\/\\\/secure.gravatar.com\\\/avatar\\\/3ea2118a5f7dad2b7138b1187a6b7ee55f160b9968b66013c3a3ef39dd7e5798?s=96&d=mm&r=g\",\"contentUrl\":\"https:\\\/\\\/secure.gravatar.com\\\/avatar\\\/3ea2118a5f7dad2b7138b1187a6b7ee55f160b9968b66013c3a3ef39dd7e5798?s=96&d=mm&r=g\",\"caption\":\"Jeanette\"},\"sameAs\":[\"https:\\\/\\\/www.eldiario.net\\\/portal\"],\"url\":\"https:\\\/\\\/www.eldiario.net\\\/portal\\\/author\\\/jeanette\\\/\"}]}<\/script>\n<!-- \/ Yoast SEO plugin. -->","yoast_head_json":{"title":"Atl\u00e9tico Mineiro liquida a River y pasa a semifinales - El Diario - Bolivia","robots":{"index":"index","follow":"follow","max-snippet":"max-snippet:-1","max-image-preview":"max-image-preview:large","max-video-preview":"max-video-preview:-1"},"canonical":"https:\/\/www.eldiario.net\/portal\/2021\/08\/19\/atletico-mineiro-liquida-a-river-y-pasa-a-semifinales\/","og_locale":"es_ES","og_type":"article","og_title":"Atl\u00e9tico Mineiro liquida a River y pasa a semifinales - El Diario - Bolivia","og_description":"Tan poderoso como en sus a\u00f1os mozos, Hulk meti\u00f3 al Atl\u00e9tico Mineiro a las semifinales de la Copa Libertadores 2021 al liquidar 3-0 al disminuido River Plate de Marcelo Gallardo ayer en Belo Horizonte, un resultado que confirm\u00f3 la superioridad brasile\u00f1a tras la victoria 1-0 en Argentina. Un globito del delantero, que sobrepas\u00f3 la defensa [&hellip;]","og_url":"https:\/\/www.eldiario.net\/portal\/2021\/08\/19\/atletico-mineiro-liquida-a-river-y-pasa-a-semifinales\/","og_site_name":"El Diario - Bolivia","article_publisher":"https:\/\/www.facebook.com\/eldiario.bolivia\/","article_published_time":"2021-08-19T10:16:51+00:00","author":"Jeanette","twitter_card":"summary_large_image","twitter_creator":"@eldiario_net","twitter_site":"@eldiario_net","twitter_misc":{"Escrito por":"Jeanette","Tiempo de lectura":"3 minutos"},"schema":{"@context":"https:\/\/schema.org","@graph":[{"@type":"Article","@id":"https:\/\/www.eldiario.net\/portal\/2021\/08\/19\/atletico-mineiro-liquida-a-river-y-pasa-a-semifinales\/#article","isPartOf":{"@id":"https:\/\/www.eldiario.net\/portal\/2021\/08\/19\/atletico-mineiro-liquida-a-river-y-pasa-a-semifinales\/"},"author":{"name":"Jeanette","@id":"https:\/\/www.eldiario.net\/portal\/#\/schema\/person\/f46445640444750d7d753ccd04ae01b7"},"headline":"Atl\u00e9tico Mineiro liquida a River y pasa a semifinales","datePublished":"2021-08-19T10:16:51+00:00","mainEntityOfPage":{"@id":"https:\/\/www.eldiario.net\/portal\/2021\/08\/19\/atletico-mineiro-liquida-a-river-y-pasa-a-semifinales\/"},"wordCount":650,"publisher":{"@id":"https:\/\/www.eldiario.net\/portal\/#organization"},"image":{"@id":"https:\/\/www.eldiario.net\/portal\/2021\/08\/19\/atletico-mineiro-liquida-a-river-y-pasa-a-semifinales\/#primaryimage"},"thumbnailUrl":"","articleSection":["Deportes"],"inLanguage":"es"},{"@type":"WebPage","@id":"https:\/\/www.eldiario.net\/portal\/2021\/08\/19\/atletico-mineiro-liquida-a-river-y-pasa-a-semifinales\/","url":"https:\/\/www.eldiario.net\/portal\/2021\/08\/19\/atletico-mineiro-liquida-a-river-y-pasa-a-semifinales\/","name":"Atl\u00e9tico Mineiro liquida a River y pasa a semifinales - El Diario - Bolivia","isPartOf":{"@id":"https:\/\/www.eldiario.net\/portal\/#website"},"primaryImageOfPage":{"@id":"https:\/\/www.eldiario.net\/portal\/2021\/08\/19\/atletico-mineiro-liquida-a-river-y-pasa-a-semifinales\/#primaryimage"},"image":{"@id":"https:\/\/www.eldiario.net\/portal\/2021\/08\/19\/atletico-mineiro-liquida-a-river-y-pasa-a-semifinales\/#primaryimage"},"thumbnailUrl":"","datePublished":"2021-08-19T10:16:51+00:00","breadcrumb":{"@id":"https:\/\/www.eldiario.net\/portal\/2021\/08\/19\/atletico-mineiro-liquida-a-river-y-pasa-a-semifinales\/#breadcrumb"},"inLanguage":"es","potentialAction":[{"@type":"ReadAction","target":["https:\/\/www.eldiario.net\/portal\/2021\/08\/19\/atletico-mineiro-liquida-a-river-y-pasa-a-semifinales\/"]}]},{"@type":"ImageObject","inLanguage":"es","@id":"https:\/\/www.eldiario.net\/portal\/2021\/08\/19\/atletico-mineiro-liquida-a-river-y-pasa-a-semifinales\/#primaryimage","url":"","contentUrl":""},{"@type":"BreadcrumbList","@id":"https:\/\/www.eldiario.net\/portal\/2021\/08\/19\/atletico-mineiro-liquida-a-river-y-pasa-a-semifinales\/#breadcrumb","itemListElement":[{"@type":"ListItem","position":1,"name":"Portada","item":"https:\/\/www.eldiario.net\/portal\/"},{"@type":"ListItem","position":2,"name":"Atl\u00e9tico Mineiro liquida a River y pasa a semifinales"}]},{"@type":"WebSite","@id":"https:\/\/www.eldiario.net\/portal\/#website","url":"https:\/\/www.eldiario.net\/portal\/","name":"El Diario - Decano de la prensa nacional","description":"El Diario - Decano de la prensa nacional","publisher":{"@id":"https:\/\/www.eldiario.net\/portal\/#organization"},"potentialAction":[{"@type":"SearchAction","target":{"@type":"EntryPoint","urlTemplate":"https:\/\/www.eldiario.net\/portal\/?s={search_term_string}"},"query-input":{"@type":"PropertyValueSpecification","valueRequired":true,"valueName":"search_term_string"}}],"inLanguage":"es"},{"@type":"Organization","@id":"https:\/\/www.eldiario.net\/portal\/#organization","name":"El Diario - Decano de la prensa nacional","url":"https:\/\/www.eldiario.net\/portal\/","logo":{"@type":"ImageObject","inLanguage":"es","@id":"https:\/\/www.eldiario.net\/portal\/#\/schema\/logo\/image\/","url":"https:\/\/www.eldiario.net\/portal\/wp-content\/uploads\/2023\/07\/logo_ED.jpg","contentUrl":"https:\/\/www.eldiario.net\/portal\/wp-content\/uploads\/2023\/07\/logo_ED.jpg","width":272,"height":52,"caption":"El Diario - Decano de la prensa nacional"},"image":{"@id":"https:\/\/www.eldiario.net\/portal\/#\/schema\/logo\/image\/"},"sameAs":["https:\/\/www.facebook.com\/eldiario.bolivia\/","https:\/\/x.com\/eldiario_net"]},{"@type":"Person","@id":"https:\/\/www.eldiario.net\/portal\/#\/schema\/person\/f46445640444750d7d753ccd04ae01b7","name":"Jeanette","image":{"@type":"ImageObject","inLanguage":"es","@id":"https:\/\/secure.gravatar.com\/avatar\/3ea2118a5f7dad2b7138b1187a6b7ee55f160b9968b66013c3a3ef39dd7e5798?s=96&d=mm&r=g","url":"https:\/\/secure.gravatar.com\/avatar\/3ea2118a5f7dad2b7138b1187a6b7ee55f160b9968b66013c3a3ef39dd7e5798?s=96&d=mm&r=g","contentUrl":"https:\/\/secure.gravatar.com\/avatar\/3ea2118a5f7dad2b7138b1187a6b7ee55f160b9968b66013c3a3ef39dd7e5798?s=96&d=mm&r=g","caption":"Jeanette"},"sameAs":["https:\/\/www.eldiario.net\/portal"],"url":"https:\/\/www.eldiario.net\/portal\/author\/jeanette\/"}]}},"_links":{"self":[{"href":"https:\/\/www.eldiario.net\/portal\/wp-json\/wp\/v2\/posts\/24287","targetHints":{"allow":["GET"]}}],"collection":[{"href":"https:\/\/www.eldiario.net\/portal\/wp-json\/wp\/v2\/posts"}],"about":[{"href":"https:\/\/www.eldiario.net\/portal\/wp-json\/wp\/v2\/types\/post"}],"author":[{"embeddable":true,"href":"https:\/\/www.eldiario.net\/portal\/wp-json\/wp\/v2\/users\/1"}],"replies":[{"embeddable":true,"href":"https:\/\/www.eldiario.net\/portal\/wp-json\/wp\/v2\/comments?post=24287"}],"version-history":[{"count":0,"href":"https:\/\/www.eldiario.net\/portal\/wp-json\/wp\/v2\/posts\/24287\/revisions"}],"wp:attachment":[{"href":"https:\/\/www.eldiario.net\/portal\/wp-json\/wp\/v2\/media?parent=24287"}],"wp:term":[{"taxonomy":"category","embeddable":true,"href":"https:\/\/www.eldiario.net\/portal\/wp-json\/wp\/v2\/categories?post=24287"},{"taxonomy":"post_tag","embeddable":true,"href":"https:\/\/www.eldiario.net\/portal\/wp-json\/wp\/v2\/tags?post=24287"}],"curies":[{"name":"wp","href":"https:\/\/api.w.org\/{rel}","templated":true}]}}