{"id":24284,"date":"2021-08-19T06:15:54","date_gmt":"2021-08-19T10:15:54","guid":{"rendered":"https:\/\/www.eldiario.net\/portal\/?p=24284"},"modified":"2021-08-19T06:15:54","modified_gmt":"2021-08-19T10:15:54","slug":"el-tigre-se-acordo-de-ganar-y-con-una-goleada-a-nacional","status":"publish","type":"post","link":"https:\/\/www.eldiario.net\/portal\/2021\/08\/19\/el-tigre-se-acordo-de-ganar-y-con-una-goleada-a-nacional\/","title":{"rendered":"El Tigre se acord\u00f3 de ganar y con una goleada a Nacional"},"content":{"rendered":"<p>The Strongest volvi\u00f3 a escapar como puntero del torneo con un triunfo indiscutible sobre Nacional Potos\u00ed por 7-0, la tarde de este mi\u00e9rcoles, en el estadio Hernando Siles, recuperando la compostura que hab\u00eda mostrado en las anteriores fechas.<\/p>\n<p>Con goles de Jair Reinoso, y dobletes de Willie Barbosa, Rolando Blackburn y Gabriel Sotomayor, el Tigre dobleg\u00f3 a Nacional Potos\u00ed quit\u00e1ndose de encima la presi\u00f3n con la cual apareci\u00f3 Always Ready con su triunfo sobre Real Tomayapo (3-1) en el inicio de la d\u00e9cima sexta fecha. Esta victoria permiti\u00f3 que los atigrados sigan como punteros con 37, con cuatro de ventaja frente al campe\u00f3n vigente.<\/p>\n<p>Adem\u00e1s de recuperar la l\u00ednea de efectividad, el elenco pace\u00f1o apart\u00f3 las cr\u00edticas en este partido que dio comienzo al interinato del entrenador Pablo Cabanillas, quien asumi\u00f3 el mando tras la renuncia de Gustavo Florent\u00edn. El director t\u00e9cnico de las reservas apost\u00f3 por un esquema ofensivo con jugadores que colocaron en marcha este planteamiento al ras del campo.<\/p>\n<p>Las ganas de Nacional Potos\u00ed de ser protagonista en el escenario de Miraflores duraron el primer cuarto de hora con dos jugadas de peligro de Cristian \u00c1lvarez y Sebasti\u00e1n Gularte, las \u00fanicas ocasiones que tuvo a lo largo del encuentro. Despu\u00e9s el combustible se acab\u00f3 en el elenco de la banda roja y baj\u00f3 los brazos, dejando su f\u00fatbol en el vestuario.<\/p>\n<p>La goleada fue abierta con la firma de Blackburn, a los 20 minutos, abri\u00e9ndose camino entre la defensa mostrando el camino que resultar\u00eda llano y sin piedras. Barbosa fue el autor del 2-0 con un golpe de cabeza haciendo notar que las fallas del rival tambi\u00e9n estaban en el f\u00fatbol a\u00e9reo.<\/p>\n<p>El complemento fue diagramado a pulso por el Tigre desde los primeros pasajes. El 3-0 lleg\u00f3 a los 51 minutos con una definici\u00f3n de Blackburn en medio de los defensores que estaban clavados al campo sin reaccionar.<\/p>\n<p>La cuarta conquista subi\u00f3 a la cuenta a los 67 minutos en una jugada \u00e1rea en la cual Blackburn dio la asistencia y en el otro palo apareci\u00f3 Reinoso para empujar la pelota. Luego lleg\u00f3 el turno de Sotomayor para convertir su doblete, a los 78\u00b4 y a los 86\u00b4, frente a una defensa entregada a su fortuna.<\/p>\n<p>La banda roja qued\u00f3 opacada, tampoco tuvo el f\u00fatbol ni la actitud para salir adelante y darle consistencia a su juego. Antes de la finalizaci\u00f3n del compromiso, cay\u00f3 el s\u00e9ptimo gol a los 89\u00b4 con un disparo de Barbosa.<\/p>\n<p>El ciclo de Alberto Illanes al mando de Nacional Potos\u00ed sigue sin encontrar la receta para ganar, van tres fechas yendo de la derrota (dos veces) al empate (un cotejo) que lo dejan con 24 unidades en la mitad de la tabla. (APG) (Foto Alberto\u00a0 Valero)<\/p>\n<p>&nbsp;<\/p>\n","protected":false},"excerpt":{"rendered":"<p>The Strongest volvi\u00f3 a escapar como puntero del torneo con un triunfo indiscutible sobre Nacional Potos\u00ed por 7-0, la tarde de este mi\u00e9rcoles, en el estadio Hernando Siles, recuperando la compostura que hab\u00eda mostrado en las anteriores fechas. Con goles de Jair Reinoso, y dobletes de Willie Barbosa, Rolando Blackburn y Gabriel Sotomayor, el Tigre [&hellip;]<\/p>\n","protected":false},"author":1,"featured_media":24285,"comment_status":"closed","ping_status":"closed","sticky":false,"template":"","format":"standard","meta":{"_acf_changed":false,"footnotes":""},"categories":[6],"tags":[],"class_list":["post-24284","post","type-post","status-publish","format-standard","has-post-thumbnail","category-deportes"],"acf":{"antetitulo":""},"yoast_head":"<!-- This site is optimized with the Yoast SEO plugin v28.4 - https:\/\/yoast.com\/product\/yoast-seo-wordpress\/ -->\n<title>El Tigre se acord\u00f3 de ganar y con una goleada a Nacional - El Diario - Bolivia<\/title>\n<meta name=\"robots\" content=\"index, follow, max-snippet:-1, max-image-preview:large, max-video-preview:-1\" \/>\n<link rel=\"canonical\" href=\"https:\/\/www.eldiario.net\/portal\/2021\/08\/19\/el-tigre-se-acordo-de-ganar-y-con-una-goleada-a-nacional\/\" \/>\n<meta property=\"og:locale\" content=\"es_ES\" \/>\n<meta property=\"og:type\" content=\"article\" \/>\n<meta property=\"og:title\" content=\"El Tigre se acord\u00f3 de ganar y con una goleada a Nacional - El Diario - Bolivia\" \/>\n<meta property=\"og:description\" content=\"The Strongest volvi\u00f3 a escapar como puntero del torneo con un triunfo indiscutible sobre Nacional Potos\u00ed por 7-0, la tarde de este mi\u00e9rcoles, en el estadio Hernando Siles, recuperando la compostura que hab\u00eda mostrado en las anteriores fechas. Con goles de Jair Reinoso, y dobletes de Willie Barbosa, Rolando Blackburn y Gabriel Sotomayor, el Tigre [&hellip;]\" \/>\n<meta property=\"og:url\" content=\"https:\/\/www.eldiario.net\/portal\/2021\/08\/19\/el-tigre-se-acordo-de-ganar-y-con-una-goleada-a-nacional\/\" \/>\n<meta property=\"og:site_name\" content=\"El Diario - Bolivia\" \/>\n<meta property=\"article:publisher\" content=\"https:\/\/www.facebook.com\/eldiario.bolivia\/\" \/>\n<meta property=\"article:published_time\" content=\"2021-08-19T10:15:54+00:00\" \/>\n<meta property=\"og:image\" content=\"https:\/\/www.eldiario.net\/portal\/wp-content\/uploads\/2021\/08\/DEPO-El-Tigre-se-acordo-de-ganar-scaled-1.jpg\" \/>\n\t<meta property=\"og:image:width\" content=\"2560\" \/>\n\t<meta property=\"og:image:height\" content=\"1682\" \/>\n\t<meta property=\"og:image:type\" content=\"image\/jpeg\" \/>\n<meta name=\"author\" content=\"Jeanette\" \/>\n<meta name=\"twitter:card\" content=\"summary_large_image\" \/>\n<meta name=\"twitter:creator\" content=\"@eldiario_net\" \/>\n<meta name=\"twitter:site\" content=\"@eldiario_net\" \/>\n<meta name=\"twitter:label1\" content=\"Escrito por\" \/>\n\t<meta name=\"twitter:data1\" content=\"Jeanette\" \/>\n\t<meta name=\"twitter:label2\" content=\"Tiempo de lectura\" \/>\n\t<meta name=\"twitter:data2\" content=\"2 minutos\" \/>\n<script type=\"application\/ld+json\" class=\"yoast-schema-graph\">{\"@context\":\"https:\\\/\\\/schema.org\",\"@graph\":[{\"@type\":\"Article\",\"@id\":\"https:\\\/\\\/www.eldiario.net\\\/portal\\\/2021\\\/08\\\/19\\\/el-tigre-se-acordo-de-ganar-y-con-una-goleada-a-nacional\\\/#article\",\"isPartOf\":{\"@id\":\"https:\\\/\\\/www.eldiario.net\\\/portal\\\/2021\\\/08\\\/19\\\/el-tigre-se-acordo-de-ganar-y-con-una-goleada-a-nacional\\\/\"},\"author\":{\"name\":\"Jeanette\",\"@id\":\"https:\\\/\\\/www.eldiario.net\\\/portal\\\/#\\\/schema\\\/person\\\/f46445640444750d7d753ccd04ae01b7\"},\"headline\":\"El Tigre se acord\u00f3 de ganar y con una goleada a Nacional\",\"datePublished\":\"2021-08-19T10:15:54+00:00\",\"mainEntityOfPage\":{\"@id\":\"https:\\\/\\\/www.eldiario.net\\\/portal\\\/2021\\\/08\\\/19\\\/el-tigre-se-acordo-de-ganar-y-con-una-goleada-a-nacional\\\/\"},\"wordCount\":484,\"publisher\":{\"@id\":\"https:\\\/\\\/www.eldiario.net\\\/portal\\\/#organization\"},\"image\":{\"@id\":\"https:\\\/\\\/www.eldiario.net\\\/portal\\\/2021\\\/08\\\/19\\\/el-tigre-se-acordo-de-ganar-y-con-una-goleada-a-nacional\\\/#primaryimage\"},\"thumbnailUrl\":\"https:\\\/\\\/www.eldiario.net\\\/portal\\\/wp-content\\\/uploads\\\/2021\\\/08\\\/DEPO-El-Tigre-se-acordo-de-ganar-scaled-1.jpg\",\"articleSection\":[\"Deportes\"],\"inLanguage\":\"es\"},{\"@type\":\"WebPage\",\"@id\":\"https:\\\/\\\/www.eldiario.net\\\/portal\\\/2021\\\/08\\\/19\\\/el-tigre-se-acordo-de-ganar-y-con-una-goleada-a-nacional\\\/\",\"url\":\"https:\\\/\\\/www.eldiario.net\\\/portal\\\/2021\\\/08\\\/19\\\/el-tigre-se-acordo-de-ganar-y-con-una-goleada-a-nacional\\\/\",\"name\":\"El Tigre se acord\u00f3 de ganar y con una goleada a Nacional - El Diario - Bolivia\",\"isPartOf\":{\"@id\":\"https:\\\/\\\/www.eldiario.net\\\/portal\\\/#website\"},\"primaryImageOfPage\":{\"@id\":\"https:\\\/\\\/www.eldiario.net\\\/portal\\\/2021\\\/08\\\/19\\\/el-tigre-se-acordo-de-ganar-y-con-una-goleada-a-nacional\\\/#primaryimage\"},\"image\":{\"@id\":\"https:\\\/\\\/www.eldiario.net\\\/portal\\\/2021\\\/08\\\/19\\\/el-tigre-se-acordo-de-ganar-y-con-una-goleada-a-nacional\\\/#primaryimage\"},\"thumbnailUrl\":\"https:\\\/\\\/www.eldiario.net\\\/portal\\\/wp-content\\\/uploads\\\/2021\\\/08\\\/DEPO-El-Tigre-se-acordo-de-ganar-scaled-1.jpg\",\"datePublished\":\"2021-08-19T10:15:54+00:00\",\"breadcrumb\":{\"@id\":\"https:\\\/\\\/www.eldiario.net\\\/portal\\\/2021\\\/08\\\/19\\\/el-tigre-se-acordo-de-ganar-y-con-una-goleada-a-nacional\\\/#breadcrumb\"},\"inLanguage\":\"es\",\"potentialAction\":[{\"@type\":\"ReadAction\",\"target\":[\"https:\\\/\\\/www.eldiario.net\\\/portal\\\/2021\\\/08\\\/19\\\/el-tigre-se-acordo-de-ganar-y-con-una-goleada-a-nacional\\\/\"]}]},{\"@type\":\"ImageObject\",\"inLanguage\":\"es\",\"@id\":\"https:\\\/\\\/www.eldiario.net\\\/portal\\\/2021\\\/08\\\/19\\\/el-tigre-se-acordo-de-ganar-y-con-una-goleada-a-nacional\\\/#primaryimage\",\"url\":\"https:\\\/\\\/www.eldiario.net\\\/portal\\\/wp-content\\\/uploads\\\/2021\\\/08\\\/DEPO-El-Tigre-se-acordo-de-ganar-scaled-1.jpg\",\"contentUrl\":\"https:\\\/\\\/www.eldiario.net\\\/portal\\\/wp-content\\\/uploads\\\/2021\\\/08\\\/DEPO-El-Tigre-se-acordo-de-ganar-scaled-1.jpg\",\"width\":2560,\"height\":1682},{\"@type\":\"BreadcrumbList\",\"@id\":\"https:\\\/\\\/www.eldiario.net\\\/portal\\\/2021\\\/08\\\/19\\\/el-tigre-se-acordo-de-ganar-y-con-una-goleada-a-nacional\\\/#breadcrumb\",\"itemListElement\":[{\"@type\":\"ListItem\",\"position\":1,\"name\":\"Portada\",\"item\":\"https:\\\/\\\/www.eldiario.net\\\/portal\\\/\"},{\"@type\":\"ListItem\",\"position\":2,\"name\":\"El Tigre se acord\u00f3 de ganar y con una goleada a Nacional\"}]},{\"@type\":\"WebSite\",\"@id\":\"https:\\\/\\\/www.eldiario.net\\\/portal\\\/#website\",\"url\":\"https:\\\/\\\/www.eldiario.net\\\/portal\\\/\",\"name\":\"El Diario - Decano de la prensa nacional\",\"description\":\"El Diario - Decano de la prensa nacional\",\"publisher\":{\"@id\":\"https:\\\/\\\/www.eldiario.net\\\/portal\\\/#organization\"},\"potentialAction\":[{\"@type\":\"SearchAction\",\"target\":{\"@type\":\"EntryPoint\",\"urlTemplate\":\"https:\\\/\\\/www.eldiario.net\\\/portal\\\/?s={search_term_string}\"},\"query-input\":{\"@type\":\"PropertyValueSpecification\",\"valueRequired\":true,\"valueName\":\"search_term_string\"}}],\"inLanguage\":\"es\"},{\"@type\":\"Organization\",\"@id\":\"https:\\\/\\\/www.eldiario.net\\\/portal\\\/#organization\",\"name\":\"El Diario - Decano de la prensa nacional\",\"url\":\"https:\\\/\\\/www.eldiario.net\\\/portal\\\/\",\"logo\":{\"@type\":\"ImageObject\",\"inLanguage\":\"es\",\"@id\":\"https:\\\/\\\/www.eldiario.net\\\/portal\\\/#\\\/schema\\\/logo\\\/image\\\/\",\"url\":\"https:\\\/\\\/www.eldiario.net\\\/portal\\\/wp-content\\\/uploads\\\/2023\\\/07\\\/logo_ED.jpg\",\"contentUrl\":\"https:\\\/\\\/www.eldiario.net\\\/portal\\\/wp-content\\\/uploads\\\/2023\\\/07\\\/logo_ED.jpg\",\"width\":272,\"height\":52,\"caption\":\"El Diario - Decano de la prensa nacional\"},\"image\":{\"@id\":\"https:\\\/\\\/www.eldiario.net\\\/portal\\\/#\\\/schema\\\/logo\\\/image\\\/\"},\"sameAs\":[\"https:\\\/\\\/www.facebook.com\\\/eldiario.bolivia\\\/\",\"https:\\\/\\\/x.com\\\/eldiario_net\"]},{\"@type\":\"Person\",\"@id\":\"https:\\\/\\\/www.eldiario.net\\\/portal\\\/#\\\/schema\\\/person\\\/f46445640444750d7d753ccd04ae01b7\",\"name\":\"Jeanette\",\"image\":{\"@type\":\"ImageObject\",\"inLanguage\":\"es\",\"@id\":\"https:\\\/\\\/secure.gravatar.com\\\/avatar\\\/3ea2118a5f7dad2b7138b1187a6b7ee55f160b9968b66013c3a3ef39dd7e5798?s=96&d=mm&r=g\",\"url\":\"https:\\\/\\\/secure.gravatar.com\\\/avatar\\\/3ea2118a5f7dad2b7138b1187a6b7ee55f160b9968b66013c3a3ef39dd7e5798?s=96&d=mm&r=g\",\"contentUrl\":\"https:\\\/\\\/secure.gravatar.com\\\/avatar\\\/3ea2118a5f7dad2b7138b1187a6b7ee55f160b9968b66013c3a3ef39dd7e5798?s=96&d=mm&r=g\",\"caption\":\"Jeanette\"},\"sameAs\":[\"https:\\\/\\\/www.eldiario.net\\\/portal\"],\"url\":\"https:\\\/\\\/www.eldiario.net\\\/portal\\\/author\\\/jeanette\\\/\"}]}<\/script>\n<!-- \/ Yoast SEO plugin. -->","yoast_head_json":{"title":"El Tigre se acord\u00f3 de ganar y con una goleada a Nacional - El Diario - Bolivia","robots":{"index":"index","follow":"follow","max-snippet":"max-snippet:-1","max-image-preview":"max-image-preview:large","max-video-preview":"max-video-preview:-1"},"canonical":"https:\/\/www.eldiario.net\/portal\/2021\/08\/19\/el-tigre-se-acordo-de-ganar-y-con-una-goleada-a-nacional\/","og_locale":"es_ES","og_type":"article","og_title":"El Tigre se acord\u00f3 de ganar y con una goleada a Nacional - El Diario - Bolivia","og_description":"The Strongest volvi\u00f3 a escapar como puntero del torneo con un triunfo indiscutible sobre Nacional Potos\u00ed por 7-0, la tarde de este mi\u00e9rcoles, en el estadio Hernando Siles, recuperando la compostura que hab\u00eda mostrado en las anteriores fechas. Con goles de Jair Reinoso, y dobletes de Willie Barbosa, Rolando Blackburn y Gabriel Sotomayor, el Tigre [&hellip;]","og_url":"https:\/\/www.eldiario.net\/portal\/2021\/08\/19\/el-tigre-se-acordo-de-ganar-y-con-una-goleada-a-nacional\/","og_site_name":"El Diario - Bolivia","article_publisher":"https:\/\/www.facebook.com\/eldiario.bolivia\/","article_published_time":"2021-08-19T10:15:54+00:00","og_image":[{"width":2560,"height":1682,"url":"https:\/\/www.eldiario.net\/portal\/wp-content\/uploads\/2021\/08\/DEPO-El-Tigre-se-acordo-de-ganar-scaled-1.jpg","type":"image\/jpeg"}],"author":"Jeanette","twitter_card":"summary_large_image","twitter_creator":"@eldiario_net","twitter_site":"@eldiario_net","twitter_misc":{"Escrito por":"Jeanette","Tiempo de lectura":"2 minutos"},"schema":{"@context":"https:\/\/schema.org","@graph":[{"@type":"Article","@id":"https:\/\/www.eldiario.net\/portal\/2021\/08\/19\/el-tigre-se-acordo-de-ganar-y-con-una-goleada-a-nacional\/#article","isPartOf":{"@id":"https:\/\/www.eldiario.net\/portal\/2021\/08\/19\/el-tigre-se-acordo-de-ganar-y-con-una-goleada-a-nacional\/"},"author":{"name":"Jeanette","@id":"https:\/\/www.eldiario.net\/portal\/#\/schema\/person\/f46445640444750d7d753ccd04ae01b7"},"headline":"El Tigre se acord\u00f3 de ganar y con una goleada a Nacional","datePublished":"2021-08-19T10:15:54+00:00","mainEntityOfPage":{"@id":"https:\/\/www.eldiario.net\/portal\/2021\/08\/19\/el-tigre-se-acordo-de-ganar-y-con-una-goleada-a-nacional\/"},"wordCount":484,"publisher":{"@id":"https:\/\/www.eldiario.net\/portal\/#organization"},"image":{"@id":"https:\/\/www.eldiario.net\/portal\/2021\/08\/19\/el-tigre-se-acordo-de-ganar-y-con-una-goleada-a-nacional\/#primaryimage"},"thumbnailUrl":"https:\/\/www.eldiario.net\/portal\/wp-content\/uploads\/2021\/08\/DEPO-El-Tigre-se-acordo-de-ganar-scaled-1.jpg","articleSection":["Deportes"],"inLanguage":"es"},{"@type":"WebPage","@id":"https:\/\/www.eldiario.net\/portal\/2021\/08\/19\/el-tigre-se-acordo-de-ganar-y-con-una-goleada-a-nacional\/","url":"https:\/\/www.eldiario.net\/portal\/2021\/08\/19\/el-tigre-se-acordo-de-ganar-y-con-una-goleada-a-nacional\/","name":"El Tigre se acord\u00f3 de ganar y con una goleada a Nacional - El Diario - Bolivia","isPartOf":{"@id":"https:\/\/www.eldiario.net\/portal\/#website"},"primaryImageOfPage":{"@id":"https:\/\/www.eldiario.net\/portal\/2021\/08\/19\/el-tigre-se-acordo-de-ganar-y-con-una-goleada-a-nacional\/#primaryimage"},"image":{"@id":"https:\/\/www.eldiario.net\/portal\/2021\/08\/19\/el-tigre-se-acordo-de-ganar-y-con-una-goleada-a-nacional\/#primaryimage"},"thumbnailUrl":"https:\/\/www.eldiario.net\/portal\/wp-content\/uploads\/2021\/08\/DEPO-El-Tigre-se-acordo-de-ganar-scaled-1.jpg","datePublished":"2021-08-19T10:15:54+00:00","breadcrumb":{"@id":"https:\/\/www.eldiario.net\/portal\/2021\/08\/19\/el-tigre-se-acordo-de-ganar-y-con-una-goleada-a-nacional\/#breadcrumb"},"inLanguage":"es","potentialAction":[{"@type":"ReadAction","target":["https:\/\/www.eldiario.net\/portal\/2021\/08\/19\/el-tigre-se-acordo-de-ganar-y-con-una-goleada-a-nacional\/"]}]},{"@type":"ImageObject","inLanguage":"es","@id":"https:\/\/www.eldiario.net\/portal\/2021\/08\/19\/el-tigre-se-acordo-de-ganar-y-con-una-goleada-a-nacional\/#primaryimage","url":"https:\/\/www.eldiario.net\/portal\/wp-content\/uploads\/2021\/08\/DEPO-El-Tigre-se-acordo-de-ganar-scaled-1.jpg","contentUrl":"https:\/\/www.eldiario.net\/portal\/wp-content\/uploads\/2021\/08\/DEPO-El-Tigre-se-acordo-de-ganar-scaled-1.jpg","width":2560,"height":1682},{"@type":"BreadcrumbList","@id":"https:\/\/www.eldiario.net\/portal\/2021\/08\/19\/el-tigre-se-acordo-de-ganar-y-con-una-goleada-a-nacional\/#breadcrumb","itemListElement":[{"@type":"ListItem","position":1,"name":"Portada","item":"https:\/\/www.eldiario.net\/portal\/"},{"@type":"ListItem","position":2,"name":"El Tigre se acord\u00f3 de ganar y con una goleada a Nacional"}]},{"@type":"WebSite","@id":"https:\/\/www.eldiario.net\/portal\/#website","url":"https:\/\/www.eldiario.net\/portal\/","name":"El Diario - Decano de la prensa nacional","description":"El Diario - Decano de la prensa nacional","publisher":{"@id":"https:\/\/www.eldiario.net\/portal\/#organization"},"potentialAction":[{"@type":"SearchAction","target":{"@type":"EntryPoint","urlTemplate":"https:\/\/www.eldiario.net\/portal\/?s={search_term_string}"},"query-input":{"@type":"PropertyValueSpecification","valueRequired":true,"valueName":"search_term_string"}}],"inLanguage":"es"},{"@type":"Organization","@id":"https:\/\/www.eldiario.net\/portal\/#organization","name":"El Diario - Decano de la prensa nacional","url":"https:\/\/www.eldiario.net\/portal\/","logo":{"@type":"ImageObject","inLanguage":"es","@id":"https:\/\/www.eldiario.net\/portal\/#\/schema\/logo\/image\/","url":"https:\/\/www.eldiario.net\/portal\/wp-content\/uploads\/2023\/07\/logo_ED.jpg","contentUrl":"https:\/\/www.eldiario.net\/portal\/wp-content\/uploads\/2023\/07\/logo_ED.jpg","width":272,"height":52,"caption":"El Diario - Decano de la prensa nacional"},"image":{"@id":"https:\/\/www.eldiario.net\/portal\/#\/schema\/logo\/image\/"},"sameAs":["https:\/\/www.facebook.com\/eldiario.bolivia\/","https:\/\/x.com\/eldiario_net"]},{"@type":"Person","@id":"https:\/\/www.eldiario.net\/portal\/#\/schema\/person\/f46445640444750d7d753ccd04ae01b7","name":"Jeanette","image":{"@type":"ImageObject","inLanguage":"es","@id":"https:\/\/secure.gravatar.com\/avatar\/3ea2118a5f7dad2b7138b1187a6b7ee55f160b9968b66013c3a3ef39dd7e5798?s=96&d=mm&r=g","url":"https:\/\/secure.gravatar.com\/avatar\/3ea2118a5f7dad2b7138b1187a6b7ee55f160b9968b66013c3a3ef39dd7e5798?s=96&d=mm&r=g","contentUrl":"https:\/\/secure.gravatar.com\/avatar\/3ea2118a5f7dad2b7138b1187a6b7ee55f160b9968b66013c3a3ef39dd7e5798?s=96&d=mm&r=g","caption":"Jeanette"},"sameAs":["https:\/\/www.eldiario.net\/portal"],"url":"https:\/\/www.eldiario.net\/portal\/author\/jeanette\/"}]}},"_links":{"self":[{"href":"https:\/\/www.eldiario.net\/portal\/wp-json\/wp\/v2\/posts\/24284","targetHints":{"allow":["GET"]}}],"collection":[{"href":"https:\/\/www.eldiario.net\/portal\/wp-json\/wp\/v2\/posts"}],"about":[{"href":"https:\/\/www.eldiario.net\/portal\/wp-json\/wp\/v2\/types\/post"}],"author":[{"embeddable":true,"href":"https:\/\/www.eldiario.net\/portal\/wp-json\/wp\/v2\/users\/1"}],"replies":[{"embeddable":true,"href":"https:\/\/www.eldiario.net\/portal\/wp-json\/wp\/v2\/comments?post=24284"}],"version-history":[{"count":0,"href":"https:\/\/www.eldiario.net\/portal\/wp-json\/wp\/v2\/posts\/24284\/revisions"}],"wp:featuredmedia":[{"embeddable":true,"href":"https:\/\/www.eldiario.net\/portal\/wp-json\/wp\/v2\/media\/24285"}],"wp:attachment":[{"href":"https:\/\/www.eldiario.net\/portal\/wp-json\/wp\/v2\/media?parent=24284"}],"wp:term":[{"taxonomy":"category","embeddable":true,"href":"https:\/\/www.eldiario.net\/portal\/wp-json\/wp\/v2\/categories?post=24284"},{"taxonomy":"post_tag","embeddable":true,"href":"https:\/\/www.eldiario.net\/portal\/wp-json\/wp\/v2\/tags?post=24284"}],"curies":[{"name":"wp","href":"https:\/\/api.w.org\/{rel}","templated":true}]}}