{"id":242148,"date":"2024-08-21T05:57:05","date_gmt":"2024-08-21T09:57:05","guid":{"rendered":"https:\/\/www.eldiario.net\/portal\/?p=242148"},"modified":"2024-08-21T05:57:05","modified_gmt":"2024-08-21T09:57:05","slug":"crisis-venezolana","status":"publish","type":"post","link":"https:\/\/www.eldiario.net\/portal\/2024\/08\/21\/crisis-venezolana\/","title":{"rendered":"Crisis venezolana"},"content":{"rendered":"<p>Venezuela est\u00e1 en completa miseria desde hace mucho tiempo, algo que es incomprensible, sabiendo que es un pa\u00eds \u201cbendecido\u201d, que podr\u00eda ser una potencia regional. Si la comparamos con los pa\u00edses \u00e1rabes petroleros, \u00e9stos con mucho poder econ\u00f3mico son cada vez m\u00e1s influyentes en el mundo, y est\u00e1n en camino de convertirse en potencias mundiales, principalmente Arabia Saudita. Todo esto es gracias al petr\u00f3leo, cuya principal reserva est\u00e1 en Venezuela, por lo que, en una situaci\u00f3n diferente, ser\u00eda una potencia regional y, sin duda, del pa\u00eds m\u00e1s rico de Sudam\u00e9rica.<br \/>\nTener recursos naturales no sirve si no son bien administrados y aprovechados. Pasan de ser una bendici\u00f3n a una maldici\u00f3n; en Am\u00e9rica Latina somos expertos en esto, claro ejemplo de ello es nuestro pa\u00eds. Bolivia tiene gran cantidad de recursos naturales que jam\u00e1s han podido ser un factor de crecimiento estable. Por el contrario, han causado que nos estanquemos como una econom\u00eda poco productiva y primaria. El responsable es el Estado boliviano, que jam\u00e1s supo administrar sus recursos de manera id\u00f3nea, lo que hoy explica nuestro estancamiento econ\u00f3mico. Por otra parte, tenemos a los Estados \u00e1rabes, que han sabido sacar provecho del petr\u00f3leo hasta \u201cla \u00faltima gota\u201d; eso explica su crecimiento monstruoso.<br \/>\nSi Bolivia y otros pa\u00edses de la regi\u00f3n est\u00e1n \u201cbendecidos\u201d por la gran cantidad de recursos naturales, lo de Venezuela llega a otro nivel. Tienen la reserva m\u00e1s grande de petr\u00f3leo del mundo y cuentan tambi\u00e9n con grandes reservas de oro y gas; es algo monstruoso. Hablamos de un pa\u00eds que podr\u00eda ser una gran potencia si supiera administrar sus recursos; es incomprensible la miseria en la que hoy viven. Esta miseria extrema ha causado una de las olas migratorias m\u00e1s grandes del mundo.<br \/>\nMi respuesta para entender la mala situaci\u00f3n de Venezuela es simple: socialismo. El socialismo instaurado por el nefasto Hugo Ch\u00e1vez es el causante de la deplorable situaci\u00f3n de Venezuela, un modelo econ\u00f3mico fallido que una vez m\u00e1s muestra su capacidad para dejar en la miseria a pa\u00edses \u201cricos\u201d. El Estado venezolano fue perdiendo competitividad en la explotaci\u00f3n de petr\u00f3leo y sus gastos fueron aumentando de manera considerable. Estos dos fen\u00f3menos explican c\u00f3mo, en un momento dado, la econom\u00eda venezolana se estanc\u00f3, y dio paso a una crisis monstruosa en los a\u00f1os m\u00e1s recientes. El modelo socialista explica el freno de la econom\u00eda venezolana; esto, sumado a las sanciones, ha sumido al pa\u00eds en la m\u00e1s profunda miseria. \u00bfCu\u00e1ndo la gente entender\u00e1 que el socialismo es sin\u00f3nimo de fracaso y pobreza?<br \/>\nDe igual forma, hay que hablar del despilfarro venezolano, que lleg\u00f3 a grados alarmantes con Ch\u00e1vez. Se empez\u00f3 a \u201cexpropiar\u201d o subvencionar todo, algo que a la larga es da\u00f1ino para la econom\u00eda. Adem\u00e1s, Venezuela con sus petrod\u00f3lares financi\u00f3 a los movimientos socialistas de la regi\u00f3n. Sin ir m\u00e1s lejos, fue el gran \u201cdonante\u201d del MAS, causante de la actual miseria nacional. As\u00ed como a nosotros, Ch\u00e1vez arruin\u00f3 con sus petrod\u00f3lares a muchos otros pa\u00edses, financiando movimientos de izquierda sumamente da\u00f1inos. Nuestro caso es extremo, ya que seguimos sometidos al socialismo desde el a\u00f1o 2005; Bolivia est\u00e1 \u201cmoribunda\u201d por culpa de esta ideolog\u00eda.<br \/>\nDespilfarro, corrupci\u00f3n, socialismo, escasez, migraci\u00f3n y sanciones econ\u00f3micas son los principales hitos del chavismo, corriente destructora de un pa\u00eds \u201crico\u201d como Venezuela. Hoy, se hace m\u00e1s fuerte el dicho de que si al Estado le das la administraci\u00f3n de un desierto, en unos a\u00f1os no habr\u00e1 arena. Es un dicho ver\u00eddico, pero en vez de Estado usar\u00eda socialismo, ese modelo nefasto, expropiador y rid\u00edculo. El Estado, de tener directrices bien establecidas y una administraci\u00f3n capaz, es \u00fatil en la econom\u00eda; pese a que creo que su rol fundamental es la administraci\u00f3n de justicia y orden.<\/p>\n","protected":false},"excerpt":{"rendered":"<p>Venezuela est\u00e1 en completa miseria desde hace mucho tiempo, algo que es incomprensible, sabiendo que es un pa\u00eds \u201cbendecido\u201d, que podr\u00eda ser una potencia regional. Si la comparamos con los pa\u00edses \u00e1rabes petroleros, \u00e9stos con mucho poder econ\u00f3mico son cada vez m\u00e1s influyentes en el mundo, y est\u00e1n en camino de convertirse en potencias mundiales, [&hellip;]<\/p>\n","protected":false},"author":1,"featured_media":161834,"comment_status":"open","ping_status":"open","sticky":false,"template":"","format":"standard","meta":{"_acf_changed":false,"footnotes":""},"categories":[9],"tags":[],"class_list":["post-242148","post","type-post","status-publish","format-standard","has-post-thumbnail","category-opinion"],"acf":{"antetitulo":""},"yoast_head":"<!-- This site is optimized with the Yoast SEO plugin v28.3 - https:\/\/yoast.com\/product\/yoast-seo-wordpress\/ -->\n<title>Crisis venezolana - El Diario - Bolivia<\/title>\n<meta name=\"robots\" content=\"index, follow, max-snippet:-1, max-image-preview:large, max-video-preview:-1\" \/>\n<link rel=\"canonical\" href=\"https:\/\/www.eldiario.net\/portal\/2024\/08\/21\/crisis-venezolana\/\" \/>\n<meta property=\"og:locale\" content=\"es_ES\" \/>\n<meta property=\"og:type\" content=\"article\" \/>\n<meta property=\"og:title\" content=\"Crisis venezolana - El Diario - Bolivia\" \/>\n<meta property=\"og:description\" content=\"Venezuela est\u00e1 en completa miseria desde hace mucho tiempo, algo que es incomprensible, sabiendo que es un pa\u00eds \u201cbendecido\u201d, que podr\u00eda ser una potencia regional. Si la comparamos con los pa\u00edses \u00e1rabes petroleros, \u00e9stos con mucho poder econ\u00f3mico son cada vez m\u00e1s influyentes en el mundo, y est\u00e1n en camino de convertirse en potencias mundiales, [&hellip;]\" \/>\n<meta property=\"og:url\" content=\"https:\/\/www.eldiario.net\/portal\/2024\/08\/21\/crisis-venezolana\/\" \/>\n<meta property=\"og:site_name\" content=\"El Diario - Bolivia\" \/>\n<meta property=\"article:publisher\" content=\"https:\/\/www.facebook.com\/eldiario.bolivia\/\" \/>\n<meta property=\"article:published_time\" content=\"2024-08-21T09:57:05+00:00\" \/>\n<meta property=\"og:image\" content=\"https:\/\/www.eldiario.net\/portal\/wp-content\/uploads\/2023\/06\/Fabian-Freire.jpg\" \/>\n\t<meta property=\"og:image:width\" content=\"1200\" \/>\n\t<meta property=\"og:image:height\" content=\"628\" \/>\n\t<meta property=\"og:image:type\" content=\"image\/jpeg\" \/>\n<meta name=\"author\" content=\"Jeanette\" \/>\n<meta name=\"twitter:card\" content=\"summary_large_image\" \/>\n<meta name=\"twitter:creator\" content=\"@eldiario_net\" \/>\n<meta name=\"twitter:site\" content=\"@eldiario_net\" \/>\n<meta name=\"twitter:label1\" content=\"Escrito por\" \/>\n\t<meta name=\"twitter:data1\" content=\"Jeanette\" \/>\n\t<meta name=\"twitter:label2\" content=\"Tiempo de lectura\" \/>\n\t<meta name=\"twitter:data2\" content=\"4 minutos\" \/>\n<script type=\"application\/ld+json\" class=\"yoast-schema-graph\">{\"@context\":\"https:\\\/\\\/schema.org\",\"@graph\":[{\"@type\":\"Article\",\"@id\":\"https:\\\/\\\/www.eldiario.net\\\/portal\\\/2024\\\/08\\\/21\\\/crisis-venezolana\\\/#article\",\"isPartOf\":{\"@id\":\"https:\\\/\\\/www.eldiario.net\\\/portal\\\/2024\\\/08\\\/21\\\/crisis-venezolana\\\/\"},\"author\":{\"name\":\"Jeanette\",\"@id\":\"https:\\\/\\\/www.eldiario.net\\\/portal\\\/#\\\/schema\\\/person\\\/f46445640444750d7d753ccd04ae01b7\"},\"headline\":\"Crisis venezolana\",\"datePublished\":\"2024-08-21T09:57:05+00:00\",\"mainEntityOfPage\":{\"@id\":\"https:\\\/\\\/www.eldiario.net\\\/portal\\\/2024\\\/08\\\/21\\\/crisis-venezolana\\\/\"},\"wordCount\":690,\"commentCount\":0,\"publisher\":{\"@id\":\"https:\\\/\\\/www.eldiario.net\\\/portal\\\/#organization\"},\"image\":{\"@id\":\"https:\\\/\\\/www.eldiario.net\\\/portal\\\/2024\\\/08\\\/21\\\/crisis-venezolana\\\/#primaryimage\"},\"thumbnailUrl\":\"https:\\\/\\\/www.eldiario.net\\\/portal\\\/wp-content\\\/uploads\\\/2023\\\/06\\\/Fabian-Freire.jpg\",\"articleSection\":[\"Opini\u00f3n\"],\"inLanguage\":\"es\",\"potentialAction\":[{\"@type\":\"CommentAction\",\"name\":\"Comment\",\"target\":[\"https:\\\/\\\/www.eldiario.net\\\/portal\\\/2024\\\/08\\\/21\\\/crisis-venezolana\\\/#respond\"]}]},{\"@type\":\"WebPage\",\"@id\":\"https:\\\/\\\/www.eldiario.net\\\/portal\\\/2024\\\/08\\\/21\\\/crisis-venezolana\\\/\",\"url\":\"https:\\\/\\\/www.eldiario.net\\\/portal\\\/2024\\\/08\\\/21\\\/crisis-venezolana\\\/\",\"name\":\"Crisis venezolana - El Diario - Bolivia\",\"isPartOf\":{\"@id\":\"https:\\\/\\\/www.eldiario.net\\\/portal\\\/#website\"},\"primaryImageOfPage\":{\"@id\":\"https:\\\/\\\/www.eldiario.net\\\/portal\\\/2024\\\/08\\\/21\\\/crisis-venezolana\\\/#primaryimage\"},\"image\":{\"@id\":\"https:\\\/\\\/www.eldiario.net\\\/portal\\\/2024\\\/08\\\/21\\\/crisis-venezolana\\\/#primaryimage\"},\"thumbnailUrl\":\"https:\\\/\\\/www.eldiario.net\\\/portal\\\/wp-content\\\/uploads\\\/2023\\\/06\\\/Fabian-Freire.jpg\",\"datePublished\":\"2024-08-21T09:57:05+00:00\",\"breadcrumb\":{\"@id\":\"https:\\\/\\\/www.eldiario.net\\\/portal\\\/2024\\\/08\\\/21\\\/crisis-venezolana\\\/#breadcrumb\"},\"inLanguage\":\"es\",\"potentialAction\":[{\"@type\":\"ReadAction\",\"target\":[\"https:\\\/\\\/www.eldiario.net\\\/portal\\\/2024\\\/08\\\/21\\\/crisis-venezolana\\\/\"]}]},{\"@type\":\"ImageObject\",\"inLanguage\":\"es\",\"@id\":\"https:\\\/\\\/www.eldiario.net\\\/portal\\\/2024\\\/08\\\/21\\\/crisis-venezolana\\\/#primaryimage\",\"url\":\"https:\\\/\\\/www.eldiario.net\\\/portal\\\/wp-content\\\/uploads\\\/2023\\\/06\\\/Fabian-Freire.jpg\",\"contentUrl\":\"https:\\\/\\\/www.eldiario.net\\\/portal\\\/wp-content\\\/uploads\\\/2023\\\/06\\\/Fabian-Freire.jpg\",\"width\":1200,\"height\":628,\"caption\":\"Fabian Freire\"},{\"@type\":\"BreadcrumbList\",\"@id\":\"https:\\\/\\\/www.eldiario.net\\\/portal\\\/2024\\\/08\\\/21\\\/crisis-venezolana\\\/#breadcrumb\",\"itemListElement\":[{\"@type\":\"ListItem\",\"position\":1,\"name\":\"Portada\",\"item\":\"https:\\\/\\\/www.eldiario.net\\\/portal\\\/\"},{\"@type\":\"ListItem\",\"position\":2,\"name\":\"Crisis venezolana\"}]},{\"@type\":\"WebSite\",\"@id\":\"https:\\\/\\\/www.eldiario.net\\\/portal\\\/#website\",\"url\":\"https:\\\/\\\/www.eldiario.net\\\/portal\\\/\",\"name\":\"El Diario - Decano de la prensa nacional\",\"description\":\"El Diario - Decano de la prensa nacional\",\"publisher\":{\"@id\":\"https:\\\/\\\/www.eldiario.net\\\/portal\\\/#organization\"},\"potentialAction\":[{\"@type\":\"SearchAction\",\"target\":{\"@type\":\"EntryPoint\",\"urlTemplate\":\"https:\\\/\\\/www.eldiario.net\\\/portal\\\/?s={search_term_string}\"},\"query-input\":{\"@type\":\"PropertyValueSpecification\",\"valueRequired\":true,\"valueName\":\"search_term_string\"}}],\"inLanguage\":\"es\"},{\"@type\":\"Organization\",\"@id\":\"https:\\\/\\\/www.eldiario.net\\\/portal\\\/#organization\",\"name\":\"El Diario - Decano de la prensa nacional\",\"url\":\"https:\\\/\\\/www.eldiario.net\\\/portal\\\/\",\"logo\":{\"@type\":\"ImageObject\",\"inLanguage\":\"es\",\"@id\":\"https:\\\/\\\/www.eldiario.net\\\/portal\\\/#\\\/schema\\\/logo\\\/image\\\/\",\"url\":\"https:\\\/\\\/www.eldiario.net\\\/portal\\\/wp-content\\\/uploads\\\/2023\\\/07\\\/logo_ED.jpg\",\"contentUrl\":\"https:\\\/\\\/www.eldiario.net\\\/portal\\\/wp-content\\\/uploads\\\/2023\\\/07\\\/logo_ED.jpg\",\"width\":272,\"height\":52,\"caption\":\"El Diario - Decano de la prensa nacional\"},\"image\":{\"@id\":\"https:\\\/\\\/www.eldiario.net\\\/portal\\\/#\\\/schema\\\/logo\\\/image\\\/\"},\"sameAs\":[\"https:\\\/\\\/www.facebook.com\\\/eldiario.bolivia\\\/\",\"https:\\\/\\\/x.com\\\/eldiario_net\"]},{\"@type\":\"Person\",\"@id\":\"https:\\\/\\\/www.eldiario.net\\\/portal\\\/#\\\/schema\\\/person\\\/f46445640444750d7d753ccd04ae01b7\",\"name\":\"Jeanette\",\"image\":{\"@type\":\"ImageObject\",\"inLanguage\":\"es\",\"@id\":\"https:\\\/\\\/secure.gravatar.com\\\/avatar\\\/3ea2118a5f7dad2b7138b1187a6b7ee55f160b9968b66013c3a3ef39dd7e5798?s=96&d=mm&r=g\",\"url\":\"https:\\\/\\\/secure.gravatar.com\\\/avatar\\\/3ea2118a5f7dad2b7138b1187a6b7ee55f160b9968b66013c3a3ef39dd7e5798?s=96&d=mm&r=g\",\"contentUrl\":\"https:\\\/\\\/secure.gravatar.com\\\/avatar\\\/3ea2118a5f7dad2b7138b1187a6b7ee55f160b9968b66013c3a3ef39dd7e5798?s=96&d=mm&r=g\",\"caption\":\"Jeanette\"},\"sameAs\":[\"https:\\\/\\\/www.eldiario.net\\\/portal\"],\"url\":\"https:\\\/\\\/www.eldiario.net\\\/portal\\\/author\\\/jeanette\\\/\"}]}<\/script>\n<!-- \/ Yoast SEO plugin. -->","yoast_head_json":{"title":"Crisis venezolana - El Diario - Bolivia","robots":{"index":"index","follow":"follow","max-snippet":"max-snippet:-1","max-image-preview":"max-image-preview:large","max-video-preview":"max-video-preview:-1"},"canonical":"https:\/\/www.eldiario.net\/portal\/2024\/08\/21\/crisis-venezolana\/","og_locale":"es_ES","og_type":"article","og_title":"Crisis venezolana - El Diario - Bolivia","og_description":"Venezuela est\u00e1 en completa miseria desde hace mucho tiempo, algo que es incomprensible, sabiendo que es un pa\u00eds \u201cbendecido\u201d, que podr\u00eda ser una potencia regional. Si la comparamos con los pa\u00edses \u00e1rabes petroleros, \u00e9stos con mucho poder econ\u00f3mico son cada vez m\u00e1s influyentes en el mundo, y est\u00e1n en camino de convertirse en potencias mundiales, [&hellip;]","og_url":"https:\/\/www.eldiario.net\/portal\/2024\/08\/21\/crisis-venezolana\/","og_site_name":"El Diario - Bolivia","article_publisher":"https:\/\/www.facebook.com\/eldiario.bolivia\/","article_published_time":"2024-08-21T09:57:05+00:00","og_image":[{"width":1200,"height":628,"url":"https:\/\/www.eldiario.net\/portal\/wp-content\/uploads\/2023\/06\/Fabian-Freire.jpg","type":"image\/jpeg"}],"author":"Jeanette","twitter_card":"summary_large_image","twitter_creator":"@eldiario_net","twitter_site":"@eldiario_net","twitter_misc":{"Escrito por":"Jeanette","Tiempo de lectura":"4 minutos"},"schema":{"@context":"https:\/\/schema.org","@graph":[{"@type":"Article","@id":"https:\/\/www.eldiario.net\/portal\/2024\/08\/21\/crisis-venezolana\/#article","isPartOf":{"@id":"https:\/\/www.eldiario.net\/portal\/2024\/08\/21\/crisis-venezolana\/"},"author":{"name":"Jeanette","@id":"https:\/\/www.eldiario.net\/portal\/#\/schema\/person\/f46445640444750d7d753ccd04ae01b7"},"headline":"Crisis venezolana","datePublished":"2024-08-21T09:57:05+00:00","mainEntityOfPage":{"@id":"https:\/\/www.eldiario.net\/portal\/2024\/08\/21\/crisis-venezolana\/"},"wordCount":690,"commentCount":0,"publisher":{"@id":"https:\/\/www.eldiario.net\/portal\/#organization"},"image":{"@id":"https:\/\/www.eldiario.net\/portal\/2024\/08\/21\/crisis-venezolana\/#primaryimage"},"thumbnailUrl":"https:\/\/www.eldiario.net\/portal\/wp-content\/uploads\/2023\/06\/Fabian-Freire.jpg","articleSection":["Opini\u00f3n"],"inLanguage":"es","potentialAction":[{"@type":"CommentAction","name":"Comment","target":["https:\/\/www.eldiario.net\/portal\/2024\/08\/21\/crisis-venezolana\/#respond"]}]},{"@type":"WebPage","@id":"https:\/\/www.eldiario.net\/portal\/2024\/08\/21\/crisis-venezolana\/","url":"https:\/\/www.eldiario.net\/portal\/2024\/08\/21\/crisis-venezolana\/","name":"Crisis venezolana - El Diario - Bolivia","isPartOf":{"@id":"https:\/\/www.eldiario.net\/portal\/#website"},"primaryImageOfPage":{"@id":"https:\/\/www.eldiario.net\/portal\/2024\/08\/21\/crisis-venezolana\/#primaryimage"},"image":{"@id":"https:\/\/www.eldiario.net\/portal\/2024\/08\/21\/crisis-venezolana\/#primaryimage"},"thumbnailUrl":"https:\/\/www.eldiario.net\/portal\/wp-content\/uploads\/2023\/06\/Fabian-Freire.jpg","datePublished":"2024-08-21T09:57:05+00:00","breadcrumb":{"@id":"https:\/\/www.eldiario.net\/portal\/2024\/08\/21\/crisis-venezolana\/#breadcrumb"},"inLanguage":"es","potentialAction":[{"@type":"ReadAction","target":["https:\/\/www.eldiario.net\/portal\/2024\/08\/21\/crisis-venezolana\/"]}]},{"@type":"ImageObject","inLanguage":"es","@id":"https:\/\/www.eldiario.net\/portal\/2024\/08\/21\/crisis-venezolana\/#primaryimage","url":"https:\/\/www.eldiario.net\/portal\/wp-content\/uploads\/2023\/06\/Fabian-Freire.jpg","contentUrl":"https:\/\/www.eldiario.net\/portal\/wp-content\/uploads\/2023\/06\/Fabian-Freire.jpg","width":1200,"height":628,"caption":"Fabian Freire"},{"@type":"BreadcrumbList","@id":"https:\/\/www.eldiario.net\/portal\/2024\/08\/21\/crisis-venezolana\/#breadcrumb","itemListElement":[{"@type":"ListItem","position":1,"name":"Portada","item":"https:\/\/www.eldiario.net\/portal\/"},{"@type":"ListItem","position":2,"name":"Crisis venezolana"}]},{"@type":"WebSite","@id":"https:\/\/www.eldiario.net\/portal\/#website","url":"https:\/\/www.eldiario.net\/portal\/","name":"El Diario - Decano de la prensa nacional","description":"El Diario - Decano de la prensa nacional","publisher":{"@id":"https:\/\/www.eldiario.net\/portal\/#organization"},"potentialAction":[{"@type":"SearchAction","target":{"@type":"EntryPoint","urlTemplate":"https:\/\/www.eldiario.net\/portal\/?s={search_term_string}"},"query-input":{"@type":"PropertyValueSpecification","valueRequired":true,"valueName":"search_term_string"}}],"inLanguage":"es"},{"@type":"Organization","@id":"https:\/\/www.eldiario.net\/portal\/#organization","name":"El Diario - Decano de la prensa nacional","url":"https:\/\/www.eldiario.net\/portal\/","logo":{"@type":"ImageObject","inLanguage":"es","@id":"https:\/\/www.eldiario.net\/portal\/#\/schema\/logo\/image\/","url":"https:\/\/www.eldiario.net\/portal\/wp-content\/uploads\/2023\/07\/logo_ED.jpg","contentUrl":"https:\/\/www.eldiario.net\/portal\/wp-content\/uploads\/2023\/07\/logo_ED.jpg","width":272,"height":52,"caption":"El Diario - Decano de la prensa nacional"},"image":{"@id":"https:\/\/www.eldiario.net\/portal\/#\/schema\/logo\/image\/"},"sameAs":["https:\/\/www.facebook.com\/eldiario.bolivia\/","https:\/\/x.com\/eldiario_net"]},{"@type":"Person","@id":"https:\/\/www.eldiario.net\/portal\/#\/schema\/person\/f46445640444750d7d753ccd04ae01b7","name":"Jeanette","image":{"@type":"ImageObject","inLanguage":"es","@id":"https:\/\/secure.gravatar.com\/avatar\/3ea2118a5f7dad2b7138b1187a6b7ee55f160b9968b66013c3a3ef39dd7e5798?s=96&d=mm&r=g","url":"https:\/\/secure.gravatar.com\/avatar\/3ea2118a5f7dad2b7138b1187a6b7ee55f160b9968b66013c3a3ef39dd7e5798?s=96&d=mm&r=g","contentUrl":"https:\/\/secure.gravatar.com\/avatar\/3ea2118a5f7dad2b7138b1187a6b7ee55f160b9968b66013c3a3ef39dd7e5798?s=96&d=mm&r=g","caption":"Jeanette"},"sameAs":["https:\/\/www.eldiario.net\/portal"],"url":"https:\/\/www.eldiario.net\/portal\/author\/jeanette\/"}]}},"_links":{"self":[{"href":"https:\/\/www.eldiario.net\/portal\/wp-json\/wp\/v2\/posts\/242148","targetHints":{"allow":["GET"]}}],"collection":[{"href":"https:\/\/www.eldiario.net\/portal\/wp-json\/wp\/v2\/posts"}],"about":[{"href":"https:\/\/www.eldiario.net\/portal\/wp-json\/wp\/v2\/types\/post"}],"author":[{"embeddable":true,"href":"https:\/\/www.eldiario.net\/portal\/wp-json\/wp\/v2\/users\/1"}],"replies":[{"embeddable":true,"href":"https:\/\/www.eldiario.net\/portal\/wp-json\/wp\/v2\/comments?post=242148"}],"version-history":[{"count":1,"href":"https:\/\/www.eldiario.net\/portal\/wp-json\/wp\/v2\/posts\/242148\/revisions"}],"predecessor-version":[{"id":242149,"href":"https:\/\/www.eldiario.net\/portal\/wp-json\/wp\/v2\/posts\/242148\/revisions\/242149"}],"wp:featuredmedia":[{"embeddable":true,"href":"https:\/\/www.eldiario.net\/portal\/wp-json\/wp\/v2\/media\/161834"}],"wp:attachment":[{"href":"https:\/\/www.eldiario.net\/portal\/wp-json\/wp\/v2\/media?parent=242148"}],"wp:term":[{"taxonomy":"category","embeddable":true,"href":"https:\/\/www.eldiario.net\/portal\/wp-json\/wp\/v2\/categories?post=242148"},{"taxonomy":"post_tag","embeddable":true,"href":"https:\/\/www.eldiario.net\/portal\/wp-json\/wp\/v2\/tags?post=242148"}],"curies":[{"name":"wp","href":"https:\/\/api.w.org\/{rel}","templated":true}]}}