{"id":242145,"date":"2024-08-21T05:56:41","date_gmt":"2024-08-21T09:56:41","guid":{"rendered":"https:\/\/www.eldiario.net\/portal\/?p=242145"},"modified":"2024-08-21T05:56:41","modified_gmt":"2024-08-21T09:56:41","slug":"crisis-de-la-macroeconomica-llego-a-la-microeconomia-toca-bolsillo-de-la-gente","status":"publish","type":"post","link":"https:\/\/www.eldiario.net\/portal\/2024\/08\/21\/crisis-de-la-macroeconomica-llego-a-la-microeconomia-toca-bolsillo-de-la-gente\/","title":{"rendered":"Crisis de la macroecon\u00f3mica lleg\u00f3 a la microeconom\u00eda, toca bolsillo de la gente"},"content":{"rendered":"<p>La crisis macroecon\u00f3mica que se registra en el pa\u00eds, aunque el Gobierno asegura que los indicadores son mejores a la de otros pa\u00edses, como baja inflaci\u00f3n, el crecimiento y desocupaci\u00f3n, lleg\u00f3 a la microeconom\u00eda, es decir, toc\u00f3 el bolsillo de la gente, pues los productos se encarecieron y la falta de empleo se agudiza a\u00fan m\u00e1s. Se requieren recursos para estabilizar la econom\u00eda, entre 3.000 millones a 10.000 millones de d\u00f3lares, que necesariamente deber\u00e1n ser financiados por el Fondo Monetario Internacional (FMI).<br \/>\nEl crecimiento econ\u00f3mico el 2023 lleg\u00f3 a 3,1%, la inflaci\u00f3n a 2,1% y la desocupaci\u00f3n a 3,76%. Los indicadores muestran una econom\u00eda saludable, seg\u00fan el Gobierno. Adem\u00e1s, la deuda externa est\u00e1 menos del 30% con respecto al Producto Interno Bruto (PIB), por lo que tiene margen para seguir prest\u00e1ndose.<br \/>\nSin embargo, para los economistas la desaceleraci\u00f3n de la econom\u00eda es evidente, de 6,1% en 2021, baj\u00f3 a 3,5% en 2022 y en la pasada gesti\u00f3n se registr\u00f3 una cifra de 3,1%. La inversi\u00f3n p\u00fablica tambi\u00e9n baj\u00f3. La deuda p\u00fablica alcanza a 80% del PIB.<br \/>\nComplicada<br \/>\nLa situaci\u00f3n del pa\u00eds es complicado, debido al d\u00e9ficit fiscal, sin reservas y sin ser sujetos de cr\u00e9dito, que se refleja en la microeconom\u00eda, ya que afecta al bolsillo de la gente debido al incremento de precios de los productos por encima del 15%, seg\u00fan el an\u00e1lisis del economista y docente de la Universidad T\u00e9cnica de Oruro (UTO), Ernesto Bernal.<br \/>\nPero no s\u00f3lo hay problemas en el aspecto econ\u00f3mico, sino tambi\u00e9n en el nivel pol\u00edtico, debido al incremento de precios y una escalada de la inflaci\u00f3n, en los principales productos de consumo masivo.<br \/>\nLas protestas se generalizaron, y autoridades desmerecen los reclamos, pero varios sectores de la econom\u00eda salen a las calles para exigir combustibles, divisas y estabilizaci\u00f3n de precios de los productos.<br \/>\nBernal sostiene que la p\u00e9rdida del valor adquisitivo es complicada, y m\u00e1s cuando no hay empleo formal, que no pasa del 15% o 20%. Mientras el resto es informal.<br \/>\nEl Gobierno plantea medidas, que no son soluciones viables ni a corto ni largo plazo, sentenci\u00f3 Bernal a tiempo de indicar que los problemas estructurales requieren medidas estructurales de largo plazo.<br \/>\nCoincide con el economista Dar\u00edo Monasterio y el presidente del Colegio Departamental de Economistas de Tarija, Fernando Romero, que el principal problema a resolver es el d\u00e9ficit fiscal, que implica recortar gasto en funcionarios p\u00fablicos y cerrar empresas p\u00fablicas deficitarias.<br \/>\nTambi\u00e9n se presenta el problema de la balanza de pagos, debido a los d\u00e9ficits comerciales que registra la econom\u00eda al primer semestre de la presente gesti\u00f3n.<br \/>\nTenemos que tener entrada de d\u00f3lares en la econom\u00eda y la \u00fanica manera es a trav\u00e9s de un plan de salvataje, recursos de por lo menos 10.000 millones de d\u00f3lares y recurrir al FMI, plante\u00f3.<br \/>\nSe\u00f1al\u00f3 que por el momento no estamos tan mal como lo estaba Argentina, sino que tenemos espacio para aplicar medidas para que la econom\u00eda se estabilice.<br \/>\nEl financiamiento aumentar\u00eda las reservas netas y generar\u00edan confianza en la moneda nacional, y se podr\u00eda contar con recursos disponibles para comprar di\u00e9sel.<br \/>\n\u201cLa gente se mueve con expectativas racionales\u201d, indic\u00f3 a tiempo de se\u00f1alar que si no se toma medidas, la situaci\u00f3n de la crisis se agudizar\u00eda y los precios seguir\u00edan su tendencia alcista, y afectar m\u00e1s a la gente, pues la devaluaci\u00f3n reducir\u00eda sus compras y provocar\u00eda protestas.<br \/>\nRestricci\u00f3n<br \/>\nPor su parte, Monasterio sostiene que en la econom\u00eda nacional hab\u00eda libre circulaci\u00f3n de divisas, como el d\u00f3lar, uno pod\u00eda pagar en esta moneda, que data del 85, que se enmarca en la oferta monetaria, pero ahora la poca disponibilidad se restringi\u00f3, as\u00ed como su circulaci\u00f3n.<br \/>\nPero eso no es todo, sino que la restricci\u00f3n est\u00e1 acompa\u00f1ada de una ca\u00edda de las expectativas de los inversionistas, hogares y empresas, as\u00ed como de los cuentapropistas, sostuvo el entrevistado.<br \/>\nEse contexto ha provocado una contracci\u00f3n econ\u00f3mica, ca\u00edda de la producci\u00f3n y del consumo, reflexion\u00f3 a tiempo de indicar que la manera de salir de esta situaci\u00f3n ser\u00eda aumentar la oferta monetaria, es decir, el circulante de la divisa extranjera, pero no con la impresi\u00f3n de moneda nacional, sino con el incremento de la producci\u00f3n y la exportaci\u00f3n de los excedentes, mediante incentivos, as\u00ed como liberar la biotecnolog\u00eda y facilitar el acceso a cr\u00e9ditos para la inversi\u00f3n productiva.<br \/>\nAsimismo, tambi\u00e9n se requiere atraer circulante a trav\u00e9s de la Inversi\u00f3n Extranjera Directa (IED) para sectores estrat\u00e9gicos, como el litio, hidrocarburos, agroindustria, servicios y el transporte; adem\u00e1s aprovechar la posici\u00f3n geogr\u00e1fica de Bolivia para ser parte de los corredores bioce\u00e1nicos.<br \/>\nPero para ello se requiere mejorar las expectativas de la gente, de las familias y vendedores; dar se\u00f1ales al mundo, bajando la calificaci\u00f3n de riesgo; y en el corto plazo, eliminar el d\u00e9ficit fiscal.<br \/>\nMonasterio comparte con la opini\u00f3n de otros economistas, al indicar que para reducir el d\u00e9ficit fiscal es necesario cerrar las empresas p\u00fablicas ineficientes, reducir a los funcionarios supernumerarios y que el Estado reduzca su presencia en la econom\u00eda nacional, para eliminar progresivamente la subvenci\u00f3n a los combustibles.<br \/>\nAsimismo, el economista se\u00f1al\u00f3 que los recursos que vengan de organismos internacionales, como el FMI, vendr\u00e1n con planes y programas.<br \/>\nEl Financiamiento del FMI se podr\u00eda complementar con recursos de otros organismos, como la CAF, el Banco Mundial y el Banco Interamericano de Desarrollo (BID). Monasterio proyecta que se necesitar\u00eda 5.033 millones de d\u00f3lares, pero aclara que no vendr\u00e1 el paquete completo, sino empezar\u00eda con 1.200 millones.<br \/>\nDependencia<br \/>\nPor su parte, Romero dijo que si a la macroeconom\u00eda le va mal tambi\u00e9n a la microeconom\u00eda, como se observa actualmente, con el desabastecimiento de carburantes, escasez de d\u00f3lares y un aumento de la inflaci\u00f3n.<br \/>\nLos datos negativos no s\u00f3lo se observan a nivel macro, sino que ya afect\u00f3 al bolsillo de las familias y a los peque\u00f1os emprendimientos.<br \/>\nPor ejemplo, la falta de combustibles perjudica la circulaci\u00f3n de personas en el territorio nacional, ya que se restringen las salidas de los buses interdepartamentales; en el caso de los d\u00f3lares, las familias no pueden realizar transferencias de recursos en el exterior.<br \/>\nA eso se debe sumar la p\u00e9rdida del poder adquisitivo, debido al incremento de precios de productos de la canasta familiar, una situaci\u00f3n compleja, que provoc\u00f3 una ca\u00edda en las compras, sostuvo.<br \/>\nPor ello recomend\u00f3 un reajuste en las familias y empresas; pero tambi\u00e9n en alcald\u00edas, gobernaciones y en el Gobierno Central.<br \/>\nEn ese contexto, sugiere optimizar los recursos, que significa priorizar los gastos; a medida que el precios de los productos suben, el dinero no alcanza; por ello se debe diversificar la cartera y mejorar la inversi\u00f3n.<br \/>\n\u201cEs importante estar informado, tomar decisiones inteligentes y oportunas. No es momento de hacer malas inversiones, no aventurarse en negocios o emprendimientos: perder no es una alternativa\u201d, reflexion\u00f3.<\/p>\n","protected":false},"excerpt":{"rendered":"<p>La crisis macroecon\u00f3mica que se registra en el pa\u00eds, aunque el Gobierno asegura que los indicadores son mejores a la de otros pa\u00edses, como baja inflaci\u00f3n, el crecimiento y desocupaci\u00f3n, lleg\u00f3 a la microeconom\u00eda, es decir, toc\u00f3 el bolsillo de la gente, pues los productos se encarecieron y la falta de empleo se agudiza a\u00fan [&hellip;]<\/p>\n","protected":false},"author":1,"featured_media":242146,"comment_status":"open","ping_status":"open","sticky":false,"template":"","format":"standard","meta":{"_acf_changed":false,"footnotes":""},"categories":[7],"tags":[],"class_list":["post-242145","post","type-post","status-publish","format-standard","has-post-thumbnail","category-economia"],"acf":{"antetitulo":"P\u00e9rdida de valor del boliviano encarece productos"},"yoast_head":"<!-- This site is optimized with the Yoast SEO plugin v28.3 - https:\/\/yoast.com\/product\/yoast-seo-wordpress\/ -->\n<title>Crisis de la macroecon\u00f3mica lleg\u00f3 a la microeconom\u00eda, toca bolsillo de la gente - El Diario - Bolivia<\/title>\n<meta name=\"robots\" content=\"index, follow, max-snippet:-1, max-image-preview:large, max-video-preview:-1\" \/>\n<link rel=\"canonical\" href=\"https:\/\/www.eldiario.net\/portal\/2024\/08\/21\/crisis-de-la-macroeconomica-llego-a-la-microeconomia-toca-bolsillo-de-la-gente\/\" \/>\n<meta property=\"og:locale\" content=\"es_ES\" \/>\n<meta property=\"og:type\" content=\"article\" \/>\n<meta property=\"og:title\" content=\"Crisis de la macroecon\u00f3mica lleg\u00f3 a la microeconom\u00eda, toca bolsillo de la gente - El Diario - Bolivia\" \/>\n<meta property=\"og:description\" content=\"La crisis macroecon\u00f3mica que se registra en el pa\u00eds, aunque el Gobierno asegura que los indicadores son mejores a la de otros pa\u00edses, como baja inflaci\u00f3n, el crecimiento y desocupaci\u00f3n, lleg\u00f3 a la microeconom\u00eda, es decir, toc\u00f3 el bolsillo de la gente, pues los productos se encarecieron y la falta de empleo se agudiza a\u00fan [&hellip;]\" \/>\n<meta property=\"og:url\" content=\"https:\/\/www.eldiario.net\/portal\/2024\/08\/21\/crisis-de-la-macroeconomica-llego-a-la-microeconomia-toca-bolsillo-de-la-gente\/\" \/>\n<meta property=\"og:site_name\" content=\"El Diario - Bolivia\" \/>\n<meta property=\"article:publisher\" content=\"https:\/\/www.facebook.com\/eldiario.bolivia\/\" \/>\n<meta property=\"article:published_time\" content=\"2024-08-21T09:56:41+00:00\" \/>\n<meta property=\"og:image\" content=\"https:\/\/www.eldiario.net\/portal\/wp-content\/uploads\/2024\/08\/crisis.jpg\" \/>\n\t<meta property=\"og:image:width\" content=\"290\" \/>\n\t<meta property=\"og:image:height\" content=\"174\" \/>\n\t<meta property=\"og:image:type\" content=\"image\/jpeg\" \/>\n<meta name=\"author\" content=\"Jeanette\" \/>\n<meta name=\"twitter:card\" content=\"summary_large_image\" \/>\n<meta name=\"twitter:creator\" content=\"@eldiario_net\" \/>\n<meta name=\"twitter:site\" content=\"@eldiario_net\" \/>\n<meta name=\"twitter:label1\" content=\"Escrito por\" \/>\n\t<meta name=\"twitter:data1\" content=\"Jeanette\" \/>\n\t<meta name=\"twitter:label2\" content=\"Tiempo de lectura\" \/>\n\t<meta name=\"twitter:data2\" content=\"6 minutos\" \/>\n<script type=\"application\/ld+json\" class=\"yoast-schema-graph\">{\"@context\":\"https:\\\/\\\/schema.org\",\"@graph\":[{\"@type\":\"Article\",\"@id\":\"https:\\\/\\\/www.eldiario.net\\\/portal\\\/2024\\\/08\\\/21\\\/crisis-de-la-macroeconomica-llego-a-la-microeconomia-toca-bolsillo-de-la-gente\\\/#article\",\"isPartOf\":{\"@id\":\"https:\\\/\\\/www.eldiario.net\\\/portal\\\/2024\\\/08\\\/21\\\/crisis-de-la-macroeconomica-llego-a-la-microeconomia-toca-bolsillo-de-la-gente\\\/\"},\"author\":{\"name\":\"Jeanette\",\"@id\":\"https:\\\/\\\/www.eldiario.net\\\/portal\\\/#\\\/schema\\\/person\\\/f46445640444750d7d753ccd04ae01b7\"},\"headline\":\"Crisis de la macroecon\u00f3mica lleg\u00f3 a la microeconom\u00eda, toca bolsillo de la gente\",\"datePublished\":\"2024-08-21T09:56:41+00:00\",\"mainEntityOfPage\":{\"@id\":\"https:\\\/\\\/www.eldiario.net\\\/portal\\\/2024\\\/08\\\/21\\\/crisis-de-la-macroeconomica-llego-a-la-microeconomia-toca-bolsillo-de-la-gente\\\/\"},\"wordCount\":1241,\"commentCount\":0,\"publisher\":{\"@id\":\"https:\\\/\\\/www.eldiario.net\\\/portal\\\/#organization\"},\"image\":{\"@id\":\"https:\\\/\\\/www.eldiario.net\\\/portal\\\/2024\\\/08\\\/21\\\/crisis-de-la-macroeconomica-llego-a-la-microeconomia-toca-bolsillo-de-la-gente\\\/#primaryimage\"},\"thumbnailUrl\":\"https:\\\/\\\/www.eldiario.net\\\/portal\\\/wp-content\\\/uploads\\\/2024\\\/08\\\/crisis.jpg\",\"articleSection\":[\"Econom\u00eda\"],\"inLanguage\":\"es\",\"potentialAction\":[{\"@type\":\"CommentAction\",\"name\":\"Comment\",\"target\":[\"https:\\\/\\\/www.eldiario.net\\\/portal\\\/2024\\\/08\\\/21\\\/crisis-de-la-macroeconomica-llego-a-la-microeconomia-toca-bolsillo-de-la-gente\\\/#respond\"]}]},{\"@type\":\"WebPage\",\"@id\":\"https:\\\/\\\/www.eldiario.net\\\/portal\\\/2024\\\/08\\\/21\\\/crisis-de-la-macroeconomica-llego-a-la-microeconomia-toca-bolsillo-de-la-gente\\\/\",\"url\":\"https:\\\/\\\/www.eldiario.net\\\/portal\\\/2024\\\/08\\\/21\\\/crisis-de-la-macroeconomica-llego-a-la-microeconomia-toca-bolsillo-de-la-gente\\\/\",\"name\":\"Crisis de la macroecon\u00f3mica lleg\u00f3 a la microeconom\u00eda, toca bolsillo de la gente - El Diario - Bolivia\",\"isPartOf\":{\"@id\":\"https:\\\/\\\/www.eldiario.net\\\/portal\\\/#website\"},\"primaryImageOfPage\":{\"@id\":\"https:\\\/\\\/www.eldiario.net\\\/portal\\\/2024\\\/08\\\/21\\\/crisis-de-la-macroeconomica-llego-a-la-microeconomia-toca-bolsillo-de-la-gente\\\/#primaryimage\"},\"image\":{\"@id\":\"https:\\\/\\\/www.eldiario.net\\\/portal\\\/2024\\\/08\\\/21\\\/crisis-de-la-macroeconomica-llego-a-la-microeconomia-toca-bolsillo-de-la-gente\\\/#primaryimage\"},\"thumbnailUrl\":\"https:\\\/\\\/www.eldiario.net\\\/portal\\\/wp-content\\\/uploads\\\/2024\\\/08\\\/crisis.jpg\",\"datePublished\":\"2024-08-21T09:56:41+00:00\",\"breadcrumb\":{\"@id\":\"https:\\\/\\\/www.eldiario.net\\\/portal\\\/2024\\\/08\\\/21\\\/crisis-de-la-macroeconomica-llego-a-la-microeconomia-toca-bolsillo-de-la-gente\\\/#breadcrumb\"},\"inLanguage\":\"es\",\"potentialAction\":[{\"@type\":\"ReadAction\",\"target\":[\"https:\\\/\\\/www.eldiario.net\\\/portal\\\/2024\\\/08\\\/21\\\/crisis-de-la-macroeconomica-llego-a-la-microeconomia-toca-bolsillo-de-la-gente\\\/\"]}]},{\"@type\":\"ImageObject\",\"inLanguage\":\"es\",\"@id\":\"https:\\\/\\\/www.eldiario.net\\\/portal\\\/2024\\\/08\\\/21\\\/crisis-de-la-macroeconomica-llego-a-la-microeconomia-toca-bolsillo-de-la-gente\\\/#primaryimage\",\"url\":\"https:\\\/\\\/www.eldiario.net\\\/portal\\\/wp-content\\\/uploads\\\/2024\\\/08\\\/crisis.jpg\",\"contentUrl\":\"https:\\\/\\\/www.eldiario.net\\\/portal\\\/wp-content\\\/uploads\\\/2024\\\/08\\\/crisis.jpg\",\"width\":290,\"height\":174},{\"@type\":\"BreadcrumbList\",\"@id\":\"https:\\\/\\\/www.eldiario.net\\\/portal\\\/2024\\\/08\\\/21\\\/crisis-de-la-macroeconomica-llego-a-la-microeconomia-toca-bolsillo-de-la-gente\\\/#breadcrumb\",\"itemListElement\":[{\"@type\":\"ListItem\",\"position\":1,\"name\":\"Portada\",\"item\":\"https:\\\/\\\/www.eldiario.net\\\/portal\\\/\"},{\"@type\":\"ListItem\",\"position\":2,\"name\":\"Crisis de la macroecon\u00f3mica lleg\u00f3 a la microeconom\u00eda, toca bolsillo de la gente\"}]},{\"@type\":\"WebSite\",\"@id\":\"https:\\\/\\\/www.eldiario.net\\\/portal\\\/#website\",\"url\":\"https:\\\/\\\/www.eldiario.net\\\/portal\\\/\",\"name\":\"El Diario - Decano de la prensa nacional\",\"description\":\"El Diario - Decano de la prensa nacional\",\"publisher\":{\"@id\":\"https:\\\/\\\/www.eldiario.net\\\/portal\\\/#organization\"},\"potentialAction\":[{\"@type\":\"SearchAction\",\"target\":{\"@type\":\"EntryPoint\",\"urlTemplate\":\"https:\\\/\\\/www.eldiario.net\\\/portal\\\/?s={search_term_string}\"},\"query-input\":{\"@type\":\"PropertyValueSpecification\",\"valueRequired\":true,\"valueName\":\"search_term_string\"}}],\"inLanguage\":\"es\"},{\"@type\":\"Organization\",\"@id\":\"https:\\\/\\\/www.eldiario.net\\\/portal\\\/#organization\",\"name\":\"El Diario - Decano de la prensa nacional\",\"url\":\"https:\\\/\\\/www.eldiario.net\\\/portal\\\/\",\"logo\":{\"@type\":\"ImageObject\",\"inLanguage\":\"es\",\"@id\":\"https:\\\/\\\/www.eldiario.net\\\/portal\\\/#\\\/schema\\\/logo\\\/image\\\/\",\"url\":\"https:\\\/\\\/www.eldiario.net\\\/portal\\\/wp-content\\\/uploads\\\/2023\\\/07\\\/logo_ED.jpg\",\"contentUrl\":\"https:\\\/\\\/www.eldiario.net\\\/portal\\\/wp-content\\\/uploads\\\/2023\\\/07\\\/logo_ED.jpg\",\"width\":272,\"height\":52,\"caption\":\"El Diario - Decano de la prensa nacional\"},\"image\":{\"@id\":\"https:\\\/\\\/www.eldiario.net\\\/portal\\\/#\\\/schema\\\/logo\\\/image\\\/\"},\"sameAs\":[\"https:\\\/\\\/www.facebook.com\\\/eldiario.bolivia\\\/\",\"https:\\\/\\\/x.com\\\/eldiario_net\"]},{\"@type\":\"Person\",\"@id\":\"https:\\\/\\\/www.eldiario.net\\\/portal\\\/#\\\/schema\\\/person\\\/f46445640444750d7d753ccd04ae01b7\",\"name\":\"Jeanette\",\"image\":{\"@type\":\"ImageObject\",\"inLanguage\":\"es\",\"@id\":\"https:\\\/\\\/secure.gravatar.com\\\/avatar\\\/3ea2118a5f7dad2b7138b1187a6b7ee55f160b9968b66013c3a3ef39dd7e5798?s=96&d=mm&r=g\",\"url\":\"https:\\\/\\\/secure.gravatar.com\\\/avatar\\\/3ea2118a5f7dad2b7138b1187a6b7ee55f160b9968b66013c3a3ef39dd7e5798?s=96&d=mm&r=g\",\"contentUrl\":\"https:\\\/\\\/secure.gravatar.com\\\/avatar\\\/3ea2118a5f7dad2b7138b1187a6b7ee55f160b9968b66013c3a3ef39dd7e5798?s=96&d=mm&r=g\",\"caption\":\"Jeanette\"},\"sameAs\":[\"https:\\\/\\\/www.eldiario.net\\\/portal\"],\"url\":\"https:\\\/\\\/www.eldiario.net\\\/portal\\\/author\\\/jeanette\\\/\"}]}<\/script>\n<!-- \/ Yoast SEO plugin. -->","yoast_head_json":{"title":"Crisis de la macroecon\u00f3mica lleg\u00f3 a la microeconom\u00eda, toca bolsillo de la gente - El Diario - Bolivia","robots":{"index":"index","follow":"follow","max-snippet":"max-snippet:-1","max-image-preview":"max-image-preview:large","max-video-preview":"max-video-preview:-1"},"canonical":"https:\/\/www.eldiario.net\/portal\/2024\/08\/21\/crisis-de-la-macroeconomica-llego-a-la-microeconomia-toca-bolsillo-de-la-gente\/","og_locale":"es_ES","og_type":"article","og_title":"Crisis de la macroecon\u00f3mica lleg\u00f3 a la microeconom\u00eda, toca bolsillo de la gente - El Diario - Bolivia","og_description":"La crisis macroecon\u00f3mica que se registra en el pa\u00eds, aunque el Gobierno asegura que los indicadores son mejores a la de otros pa\u00edses, como baja inflaci\u00f3n, el crecimiento y desocupaci\u00f3n, lleg\u00f3 a la microeconom\u00eda, es decir, toc\u00f3 el bolsillo de la gente, pues los productos se encarecieron y la falta de empleo se agudiza a\u00fan [&hellip;]","og_url":"https:\/\/www.eldiario.net\/portal\/2024\/08\/21\/crisis-de-la-macroeconomica-llego-a-la-microeconomia-toca-bolsillo-de-la-gente\/","og_site_name":"El Diario - Bolivia","article_publisher":"https:\/\/www.facebook.com\/eldiario.bolivia\/","article_published_time":"2024-08-21T09:56:41+00:00","og_image":[{"width":290,"height":174,"url":"https:\/\/www.eldiario.net\/portal\/wp-content\/uploads\/2024\/08\/crisis.jpg","type":"image\/jpeg"}],"author":"Jeanette","twitter_card":"summary_large_image","twitter_creator":"@eldiario_net","twitter_site":"@eldiario_net","twitter_misc":{"Escrito por":"Jeanette","Tiempo de lectura":"6 minutos"},"schema":{"@context":"https:\/\/schema.org","@graph":[{"@type":"Article","@id":"https:\/\/www.eldiario.net\/portal\/2024\/08\/21\/crisis-de-la-macroeconomica-llego-a-la-microeconomia-toca-bolsillo-de-la-gente\/#article","isPartOf":{"@id":"https:\/\/www.eldiario.net\/portal\/2024\/08\/21\/crisis-de-la-macroeconomica-llego-a-la-microeconomia-toca-bolsillo-de-la-gente\/"},"author":{"name":"Jeanette","@id":"https:\/\/www.eldiario.net\/portal\/#\/schema\/person\/f46445640444750d7d753ccd04ae01b7"},"headline":"Crisis de la macroecon\u00f3mica lleg\u00f3 a la microeconom\u00eda, toca bolsillo de la gente","datePublished":"2024-08-21T09:56:41+00:00","mainEntityOfPage":{"@id":"https:\/\/www.eldiario.net\/portal\/2024\/08\/21\/crisis-de-la-macroeconomica-llego-a-la-microeconomia-toca-bolsillo-de-la-gente\/"},"wordCount":1241,"commentCount":0,"publisher":{"@id":"https:\/\/www.eldiario.net\/portal\/#organization"},"image":{"@id":"https:\/\/www.eldiario.net\/portal\/2024\/08\/21\/crisis-de-la-macroeconomica-llego-a-la-microeconomia-toca-bolsillo-de-la-gente\/#primaryimage"},"thumbnailUrl":"https:\/\/www.eldiario.net\/portal\/wp-content\/uploads\/2024\/08\/crisis.jpg","articleSection":["Econom\u00eda"],"inLanguage":"es","potentialAction":[{"@type":"CommentAction","name":"Comment","target":["https:\/\/www.eldiario.net\/portal\/2024\/08\/21\/crisis-de-la-macroeconomica-llego-a-la-microeconomia-toca-bolsillo-de-la-gente\/#respond"]}]},{"@type":"WebPage","@id":"https:\/\/www.eldiario.net\/portal\/2024\/08\/21\/crisis-de-la-macroeconomica-llego-a-la-microeconomia-toca-bolsillo-de-la-gente\/","url":"https:\/\/www.eldiario.net\/portal\/2024\/08\/21\/crisis-de-la-macroeconomica-llego-a-la-microeconomia-toca-bolsillo-de-la-gente\/","name":"Crisis de la macroecon\u00f3mica lleg\u00f3 a la microeconom\u00eda, toca bolsillo de la gente - El Diario - Bolivia","isPartOf":{"@id":"https:\/\/www.eldiario.net\/portal\/#website"},"primaryImageOfPage":{"@id":"https:\/\/www.eldiario.net\/portal\/2024\/08\/21\/crisis-de-la-macroeconomica-llego-a-la-microeconomia-toca-bolsillo-de-la-gente\/#primaryimage"},"image":{"@id":"https:\/\/www.eldiario.net\/portal\/2024\/08\/21\/crisis-de-la-macroeconomica-llego-a-la-microeconomia-toca-bolsillo-de-la-gente\/#primaryimage"},"thumbnailUrl":"https:\/\/www.eldiario.net\/portal\/wp-content\/uploads\/2024\/08\/crisis.jpg","datePublished":"2024-08-21T09:56:41+00:00","breadcrumb":{"@id":"https:\/\/www.eldiario.net\/portal\/2024\/08\/21\/crisis-de-la-macroeconomica-llego-a-la-microeconomia-toca-bolsillo-de-la-gente\/#breadcrumb"},"inLanguage":"es","potentialAction":[{"@type":"ReadAction","target":["https:\/\/www.eldiario.net\/portal\/2024\/08\/21\/crisis-de-la-macroeconomica-llego-a-la-microeconomia-toca-bolsillo-de-la-gente\/"]}]},{"@type":"ImageObject","inLanguage":"es","@id":"https:\/\/www.eldiario.net\/portal\/2024\/08\/21\/crisis-de-la-macroeconomica-llego-a-la-microeconomia-toca-bolsillo-de-la-gente\/#primaryimage","url":"https:\/\/www.eldiario.net\/portal\/wp-content\/uploads\/2024\/08\/crisis.jpg","contentUrl":"https:\/\/www.eldiario.net\/portal\/wp-content\/uploads\/2024\/08\/crisis.jpg","width":290,"height":174},{"@type":"BreadcrumbList","@id":"https:\/\/www.eldiario.net\/portal\/2024\/08\/21\/crisis-de-la-macroeconomica-llego-a-la-microeconomia-toca-bolsillo-de-la-gente\/#breadcrumb","itemListElement":[{"@type":"ListItem","position":1,"name":"Portada","item":"https:\/\/www.eldiario.net\/portal\/"},{"@type":"ListItem","position":2,"name":"Crisis de la macroecon\u00f3mica lleg\u00f3 a la microeconom\u00eda, toca bolsillo de la gente"}]},{"@type":"WebSite","@id":"https:\/\/www.eldiario.net\/portal\/#website","url":"https:\/\/www.eldiario.net\/portal\/","name":"El Diario - Decano de la prensa nacional","description":"El Diario - Decano de la prensa nacional","publisher":{"@id":"https:\/\/www.eldiario.net\/portal\/#organization"},"potentialAction":[{"@type":"SearchAction","target":{"@type":"EntryPoint","urlTemplate":"https:\/\/www.eldiario.net\/portal\/?s={search_term_string}"},"query-input":{"@type":"PropertyValueSpecification","valueRequired":true,"valueName":"search_term_string"}}],"inLanguage":"es"},{"@type":"Organization","@id":"https:\/\/www.eldiario.net\/portal\/#organization","name":"El Diario - Decano de la prensa nacional","url":"https:\/\/www.eldiario.net\/portal\/","logo":{"@type":"ImageObject","inLanguage":"es","@id":"https:\/\/www.eldiario.net\/portal\/#\/schema\/logo\/image\/","url":"https:\/\/www.eldiario.net\/portal\/wp-content\/uploads\/2023\/07\/logo_ED.jpg","contentUrl":"https:\/\/www.eldiario.net\/portal\/wp-content\/uploads\/2023\/07\/logo_ED.jpg","width":272,"height":52,"caption":"El Diario - Decano de la prensa nacional"},"image":{"@id":"https:\/\/www.eldiario.net\/portal\/#\/schema\/logo\/image\/"},"sameAs":["https:\/\/www.facebook.com\/eldiario.bolivia\/","https:\/\/x.com\/eldiario_net"]},{"@type":"Person","@id":"https:\/\/www.eldiario.net\/portal\/#\/schema\/person\/f46445640444750d7d753ccd04ae01b7","name":"Jeanette","image":{"@type":"ImageObject","inLanguage":"es","@id":"https:\/\/secure.gravatar.com\/avatar\/3ea2118a5f7dad2b7138b1187a6b7ee55f160b9968b66013c3a3ef39dd7e5798?s=96&d=mm&r=g","url":"https:\/\/secure.gravatar.com\/avatar\/3ea2118a5f7dad2b7138b1187a6b7ee55f160b9968b66013c3a3ef39dd7e5798?s=96&d=mm&r=g","contentUrl":"https:\/\/secure.gravatar.com\/avatar\/3ea2118a5f7dad2b7138b1187a6b7ee55f160b9968b66013c3a3ef39dd7e5798?s=96&d=mm&r=g","caption":"Jeanette"},"sameAs":["https:\/\/www.eldiario.net\/portal"],"url":"https:\/\/www.eldiario.net\/portal\/author\/jeanette\/"}]}},"_links":{"self":[{"href":"https:\/\/www.eldiario.net\/portal\/wp-json\/wp\/v2\/posts\/242145","targetHints":{"allow":["GET"]}}],"collection":[{"href":"https:\/\/www.eldiario.net\/portal\/wp-json\/wp\/v2\/posts"}],"about":[{"href":"https:\/\/www.eldiario.net\/portal\/wp-json\/wp\/v2\/types\/post"}],"author":[{"embeddable":true,"href":"https:\/\/www.eldiario.net\/portal\/wp-json\/wp\/v2\/users\/1"}],"replies":[{"embeddable":true,"href":"https:\/\/www.eldiario.net\/portal\/wp-json\/wp\/v2\/comments?post=242145"}],"version-history":[{"count":1,"href":"https:\/\/www.eldiario.net\/portal\/wp-json\/wp\/v2\/posts\/242145\/revisions"}],"predecessor-version":[{"id":242147,"href":"https:\/\/www.eldiario.net\/portal\/wp-json\/wp\/v2\/posts\/242145\/revisions\/242147"}],"wp:featuredmedia":[{"embeddable":true,"href":"https:\/\/www.eldiario.net\/portal\/wp-json\/wp\/v2\/media\/242146"}],"wp:attachment":[{"href":"https:\/\/www.eldiario.net\/portal\/wp-json\/wp\/v2\/media?parent=242145"}],"wp:term":[{"taxonomy":"category","embeddable":true,"href":"https:\/\/www.eldiario.net\/portal\/wp-json\/wp\/v2\/categories?post=242145"},{"taxonomy":"post_tag","embeddable":true,"href":"https:\/\/www.eldiario.net\/portal\/wp-json\/wp\/v2\/tags?post=242145"}],"curies":[{"name":"wp","href":"https:\/\/api.w.org\/{rel}","templated":true}]}}