{"id":242141,"date":"2024-08-21T05:55:42","date_gmt":"2024-08-21T09:55:42","guid":{"rendered":"https:\/\/www.eldiario.net\/portal\/?p=242141"},"modified":"2024-08-21T05:55:42","modified_gmt":"2024-08-21T09:55:42","slug":"biotecnologia-es-ahora-o-nunca","status":"publish","type":"post","link":"https:\/\/www.eldiario.net\/portal\/2024\/08\/21\/biotecnologia-es-ahora-o-nunca\/","title":{"rendered":"Biotecnolog\u00eda:  es ahora o nunca"},"content":{"rendered":"<p>A pocas semanas del in\u00e9dito bloqueo de campesinos en San Juli\u00e1n, y a d\u00edas de los acuerdos del Gobierno con el empresariado nacional, el debate por el uso de los transg\u00e9nicos ha llegado a un punto de inflexi\u00f3n que no solo va a definir el futuro de la agroindustria, sino que puede resolver finalmente la contradicci\u00f3n entre la ideolog\u00eda dogm\u00e1tica y la econom\u00eda productiva.<br \/>\nPor a\u00f1os, el Gobierno central se ha empe\u00f1ado en bloquear de manera obcecada, la aplicaci\u00f3n de esta tecnolog\u00eda usada en la mayor parte del mundo, que puede convertir a la producci\u00f3n agr\u00edcola y pecuaria del oriente y el chaco, en un eje predominante de desarrollo, y equilibrar el modelo centenario basado en la explotaci\u00f3n minera afincada en el occidente. Y lo ha hecho sin otro argumento que el discurso desgastado y enga\u00f1oso de las ONGs seudo ambientalistas y en la propuesta ideol\u00f3gica de un pachamamismo retr\u00f3grado que ha conducido a la casi desaparici\u00f3n de 18 pueblos ind\u00edgenas bolivianos y a la mayor degradaci\u00f3n ambiental de las \u00faltimas d\u00e9cadas.<br \/>\nSin embargo y pese a sus esfuerzos, no pudo sustentar alguna raz\u00f3n objetiva que justifique la prohibici\u00f3n al uso de la biotecnolog\u00eda en la agroindustria boliviana. La propia Constituci\u00f3n en su Art. 409 dispone que \u201cla producci\u00f3n, importaci\u00f3n y comercializaci\u00f3n de transg\u00e9nicos ser\u00e1 regulada por Ley\u201d, y en el Art. 255, proh\u00edbe la \u201cimportaci\u00f3n, producci\u00f3n y comercializaci\u00f3n de organismos gen\u00e9ticamente modificados y elementos t\u00f3xicos que da\u00f1en la salud y el medio ambiente\u201d. Es decir que todas las limitaciones legales se aplican a condiciones espec\u00edficas que nunca han ocurrido.<br \/>\nIncluso la oposici\u00f3n a los OGM (organismo gen\u00e9ticamente modificado) contradice a la realidad. Estudios especializados se\u00f1alan que alrededor del 80% de los cultivos de ma\u00edz en Bolivia provienen de semillas transg\u00e9nicas que ingresan de contrabando, y actualmente en los mercados se vende m\u00e1s de una decena de productos alimenticios importados que han sido elaborados con esa tecnolog\u00eda.<br \/>\nEl uso cada vez m\u00e1s intensivo de los OGM en el mundo es otra prueba de su valor. Brasil tiene aprobados 105 eventos de cultivos transg\u00e9nicos que permiten que el 100% de su producci\u00f3n de soya y algod\u00f3n y el 95% del ma\u00edz utilicen esta tecnolog\u00eda; Argentina aprob\u00f3 en 2022 el cultivo del trigo transg\u00e9nico y apunta a generalizar su uso en toda la producci\u00f3n, lo que se sumar\u00eda a la soya, algod\u00f3n y ma\u00edz que en casi su totalidad se siembran con variedades transg\u00e9nicas. Paraguay tiene 41 variedades de transg\u00e9nicos aprobados y casi el 100% de su producci\u00f3n agroindustrial las utiliza. Estos tres pa\u00edses han logrado, gracias a estas pol\u00edticas, convertirse en potencias agr\u00edcolas regionales con ingresos multimillonarios por exportaciones de alimentos a todo el mundo.<br \/>\nLos da\u00f1os que nos ocasiona la prohibici\u00f3n son enormes. La productividad agr\u00edcola es una de las m\u00e1s bajas del continente y no garantiza la producci\u00f3n suficiente de biodiesel; los costos generados por la necesidad de pesticidas y agroqu\u00edmicos castigan duramente la eficiencia de los cultivos; la competitividad, el limitado acceso a mercados internacionales y la escasa atracci\u00f3n de inversi\u00f3n extranjera nos hace perder grandes oportunidades. Quiz\u00e1 lo m\u00e1s tr\u00e1gico es el hecho que este debate est\u00e9ril est\u00e1 bloqueando la \u00fanica manera de enfrentar los desastres clim\u00e1ticos como la sequ\u00eda y el aumento de las plagas, y pone en riesgo la seguridad alimentaria y la estabilidad de la agroindustria y la pecuaria.<br \/>\nNo hace falta estudios ni mesas de negociaci\u00f3n dilatorias, porque la realidad es di\u00e1fana. No hay raz\u00f3n objetiva para seguir impidiendo el uso de la biotecnolog\u00eda, y su prohibici\u00f3n solo puede deberse a una pol\u00edtica tendenciosa que, desde el Estado y las ONGs miopes y funcionales, pretende neutralizar al emergente desarrollo agroindustrial para mantener el control del poder econ\u00f3mico que hoy detentan las cooperativas mineras, el contrabando y la informalidad.<br \/>\nLas nuevas condiciones generadas por la crisis cambiaria, productiva y fiscal han abierto la posibilidad de revertir esta tendencia y modificar las pol\u00edticas que la sustentan, impulsando desde todos los frentes la aprobaci\u00f3n de los OGM, lo que puede permitir un verdadero y sostenible crecimiento de la econom\u00eda. No solo es justo, sino urgente e imprescindible.<\/p>\n<p>El autor es Industrial y ex Presidente de la Confederaci\u00f3n de Empresarios Privados de Bolivia.<\/p>\n","protected":false},"excerpt":{"rendered":"<p>A pocas semanas del in\u00e9dito bloqueo de campesinos en San Juli\u00e1n, y a d\u00edas de los acuerdos del Gobierno con el empresariado nacional, el debate por el uso de los transg\u00e9nicos ha llegado a un punto de inflexi\u00f3n que no solo va a definir el futuro de la agroindustria, sino que puede resolver finalmente la [&hellip;]<\/p>\n","protected":false},"author":1,"featured_media":188324,"comment_status":"open","ping_status":"open","sticky":false,"template":"","format":"standard","meta":{"_acf_changed":false,"footnotes":""},"categories":[9],"tags":[],"class_list":["post-242141","post","type-post","status-publish","format-standard","has-post-thumbnail","category-opinion"],"acf":{"antetitulo":""},"yoast_head":"<!-- This site is optimized with the Yoast SEO plugin v28.4 - https:\/\/yoast.com\/product\/yoast-seo-wordpress\/ -->\n<title>Biotecnolog\u00eda: es ahora o nunca - El Diario - Bolivia<\/title>\n<meta name=\"robots\" content=\"index, follow, max-snippet:-1, max-image-preview:large, max-video-preview:-1\" \/>\n<link rel=\"canonical\" href=\"https:\/\/www.eldiario.net\/portal\/2024\/08\/21\/biotecnologia-es-ahora-o-nunca\/\" \/>\n<meta property=\"og:locale\" content=\"es_ES\" \/>\n<meta property=\"og:type\" content=\"article\" \/>\n<meta property=\"og:title\" content=\"Biotecnolog\u00eda: es ahora o nunca - El Diario - Bolivia\" \/>\n<meta property=\"og:description\" content=\"A pocas semanas del in\u00e9dito bloqueo de campesinos en San Juli\u00e1n, y a d\u00edas de los acuerdos del Gobierno con el empresariado nacional, el debate por el uso de los transg\u00e9nicos ha llegado a un punto de inflexi\u00f3n que no solo va a definir el futuro de la agroindustria, sino que puede resolver finalmente la [&hellip;]\" \/>\n<meta property=\"og:url\" content=\"https:\/\/www.eldiario.net\/portal\/2024\/08\/21\/biotecnologia-es-ahora-o-nunca\/\" \/>\n<meta property=\"og:site_name\" content=\"El Diario - Bolivia\" \/>\n<meta property=\"article:publisher\" content=\"https:\/\/www.facebook.com\/eldiario.bolivia\/\" \/>\n<meta property=\"article:published_time\" content=\"2024-08-21T09:55:42+00:00\" \/>\n<meta property=\"og:image\" content=\"https:\/\/www.eldiario.net\/portal\/wp-content\/uploads\/2023\/11\/Ronald-Nostas-Ardaya.jpg\" \/>\n\t<meta property=\"og:image:width\" content=\"1200\" \/>\n\t<meta property=\"og:image:height\" content=\"628\" \/>\n\t<meta property=\"og:image:type\" content=\"image\/jpeg\" \/>\n<meta name=\"author\" content=\"Jeanette\" \/>\n<meta name=\"twitter:card\" content=\"summary_large_image\" \/>\n<meta name=\"twitter:creator\" content=\"@eldiario_net\" \/>\n<meta name=\"twitter:site\" content=\"@eldiario_net\" \/>\n<meta name=\"twitter:label1\" content=\"Escrito por\" \/>\n\t<meta name=\"twitter:data1\" content=\"Jeanette\" \/>\n\t<meta name=\"twitter:label2\" content=\"Tiempo de lectura\" \/>\n\t<meta name=\"twitter:data2\" content=\"4 minutos\" \/>\n<script type=\"application\/ld+json\" class=\"yoast-schema-graph\">{\"@context\":\"https:\\\/\\\/schema.org\",\"@graph\":[{\"@type\":\"Article\",\"@id\":\"https:\\\/\\\/www.eldiario.net\\\/portal\\\/2024\\\/08\\\/21\\\/biotecnologia-es-ahora-o-nunca\\\/#article\",\"isPartOf\":{\"@id\":\"https:\\\/\\\/www.eldiario.net\\\/portal\\\/2024\\\/08\\\/21\\\/biotecnologia-es-ahora-o-nunca\\\/\"},\"author\":{\"name\":\"Jeanette\",\"@id\":\"https:\\\/\\\/www.eldiario.net\\\/portal\\\/#\\\/schema\\\/person\\\/f46445640444750d7d753ccd04ae01b7\"},\"headline\":\"Biotecnolog\u00eda: es ahora o nunca\",\"datePublished\":\"2024-08-21T09:55:42+00:00\",\"mainEntityOfPage\":{\"@id\":\"https:\\\/\\\/www.eldiario.net\\\/portal\\\/2024\\\/08\\\/21\\\/biotecnologia-es-ahora-o-nunca\\\/\"},\"wordCount\":779,\"commentCount\":0,\"publisher\":{\"@id\":\"https:\\\/\\\/www.eldiario.net\\\/portal\\\/#organization\"},\"image\":{\"@id\":\"https:\\\/\\\/www.eldiario.net\\\/portal\\\/2024\\\/08\\\/21\\\/biotecnologia-es-ahora-o-nunca\\\/#primaryimage\"},\"thumbnailUrl\":\"https:\\\/\\\/www.eldiario.net\\\/portal\\\/wp-content\\\/uploads\\\/2023\\\/11\\\/Ronald-Nostas-Ardaya.jpg\",\"articleSection\":[\"Opini\u00f3n\"],\"inLanguage\":\"es\",\"potentialAction\":[{\"@type\":\"CommentAction\",\"name\":\"Comment\",\"target\":[\"https:\\\/\\\/www.eldiario.net\\\/portal\\\/2024\\\/08\\\/21\\\/biotecnologia-es-ahora-o-nunca\\\/#respond\"]}]},{\"@type\":\"WebPage\",\"@id\":\"https:\\\/\\\/www.eldiario.net\\\/portal\\\/2024\\\/08\\\/21\\\/biotecnologia-es-ahora-o-nunca\\\/\",\"url\":\"https:\\\/\\\/www.eldiario.net\\\/portal\\\/2024\\\/08\\\/21\\\/biotecnologia-es-ahora-o-nunca\\\/\",\"name\":\"Biotecnolog\u00eda: es ahora o nunca - El Diario - Bolivia\",\"isPartOf\":{\"@id\":\"https:\\\/\\\/www.eldiario.net\\\/portal\\\/#website\"},\"primaryImageOfPage\":{\"@id\":\"https:\\\/\\\/www.eldiario.net\\\/portal\\\/2024\\\/08\\\/21\\\/biotecnologia-es-ahora-o-nunca\\\/#primaryimage\"},\"image\":{\"@id\":\"https:\\\/\\\/www.eldiario.net\\\/portal\\\/2024\\\/08\\\/21\\\/biotecnologia-es-ahora-o-nunca\\\/#primaryimage\"},\"thumbnailUrl\":\"https:\\\/\\\/www.eldiario.net\\\/portal\\\/wp-content\\\/uploads\\\/2023\\\/11\\\/Ronald-Nostas-Ardaya.jpg\",\"datePublished\":\"2024-08-21T09:55:42+00:00\",\"breadcrumb\":{\"@id\":\"https:\\\/\\\/www.eldiario.net\\\/portal\\\/2024\\\/08\\\/21\\\/biotecnologia-es-ahora-o-nunca\\\/#breadcrumb\"},\"inLanguage\":\"es\",\"potentialAction\":[{\"@type\":\"ReadAction\",\"target\":[\"https:\\\/\\\/www.eldiario.net\\\/portal\\\/2024\\\/08\\\/21\\\/biotecnologia-es-ahora-o-nunca\\\/\"]}]},{\"@type\":\"ImageObject\",\"inLanguage\":\"es\",\"@id\":\"https:\\\/\\\/www.eldiario.net\\\/portal\\\/2024\\\/08\\\/21\\\/biotecnologia-es-ahora-o-nunca\\\/#primaryimage\",\"url\":\"https:\\\/\\\/www.eldiario.net\\\/portal\\\/wp-content\\\/uploads\\\/2023\\\/11\\\/Ronald-Nostas-Ardaya.jpg\",\"contentUrl\":\"https:\\\/\\\/www.eldiario.net\\\/portal\\\/wp-content\\\/uploads\\\/2023\\\/11\\\/Ronald-Nostas-Ardaya.jpg\",\"width\":1200,\"height\":628,\"caption\":\"Ronald Nostas Ardaya\"},{\"@type\":\"BreadcrumbList\",\"@id\":\"https:\\\/\\\/www.eldiario.net\\\/portal\\\/2024\\\/08\\\/21\\\/biotecnologia-es-ahora-o-nunca\\\/#breadcrumb\",\"itemListElement\":[{\"@type\":\"ListItem\",\"position\":1,\"name\":\"Portada\",\"item\":\"https:\\\/\\\/www.eldiario.net\\\/portal\\\/\"},{\"@type\":\"ListItem\",\"position\":2,\"name\":\"Biotecnolog\u00eda: es ahora o nunca\"}]},{\"@type\":\"WebSite\",\"@id\":\"https:\\\/\\\/www.eldiario.net\\\/portal\\\/#website\",\"url\":\"https:\\\/\\\/www.eldiario.net\\\/portal\\\/\",\"name\":\"El Diario - Decano de la prensa nacional\",\"description\":\"El Diario - Decano de la prensa nacional\",\"publisher\":{\"@id\":\"https:\\\/\\\/www.eldiario.net\\\/portal\\\/#organization\"},\"potentialAction\":[{\"@type\":\"SearchAction\",\"target\":{\"@type\":\"EntryPoint\",\"urlTemplate\":\"https:\\\/\\\/www.eldiario.net\\\/portal\\\/?s={search_term_string}\"},\"query-input\":{\"@type\":\"PropertyValueSpecification\",\"valueRequired\":true,\"valueName\":\"search_term_string\"}}],\"inLanguage\":\"es\"},{\"@type\":\"Organization\",\"@id\":\"https:\\\/\\\/www.eldiario.net\\\/portal\\\/#organization\",\"name\":\"El Diario - Decano de la prensa nacional\",\"url\":\"https:\\\/\\\/www.eldiario.net\\\/portal\\\/\",\"logo\":{\"@type\":\"ImageObject\",\"inLanguage\":\"es\",\"@id\":\"https:\\\/\\\/www.eldiario.net\\\/portal\\\/#\\\/schema\\\/logo\\\/image\\\/\",\"url\":\"https:\\\/\\\/www.eldiario.net\\\/portal\\\/wp-content\\\/uploads\\\/2023\\\/07\\\/logo_ED.jpg\",\"contentUrl\":\"https:\\\/\\\/www.eldiario.net\\\/portal\\\/wp-content\\\/uploads\\\/2023\\\/07\\\/logo_ED.jpg\",\"width\":272,\"height\":52,\"caption\":\"El Diario - Decano de la prensa nacional\"},\"image\":{\"@id\":\"https:\\\/\\\/www.eldiario.net\\\/portal\\\/#\\\/schema\\\/logo\\\/image\\\/\"},\"sameAs\":[\"https:\\\/\\\/www.facebook.com\\\/eldiario.bolivia\\\/\",\"https:\\\/\\\/x.com\\\/eldiario_net\"]},{\"@type\":\"Person\",\"@id\":\"https:\\\/\\\/www.eldiario.net\\\/portal\\\/#\\\/schema\\\/person\\\/f46445640444750d7d753ccd04ae01b7\",\"name\":\"Jeanette\",\"image\":{\"@type\":\"ImageObject\",\"inLanguage\":\"es\",\"@id\":\"https:\\\/\\\/secure.gravatar.com\\\/avatar\\\/3ea2118a5f7dad2b7138b1187a6b7ee55f160b9968b66013c3a3ef39dd7e5798?s=96&d=mm&r=g\",\"url\":\"https:\\\/\\\/secure.gravatar.com\\\/avatar\\\/3ea2118a5f7dad2b7138b1187a6b7ee55f160b9968b66013c3a3ef39dd7e5798?s=96&d=mm&r=g\",\"contentUrl\":\"https:\\\/\\\/secure.gravatar.com\\\/avatar\\\/3ea2118a5f7dad2b7138b1187a6b7ee55f160b9968b66013c3a3ef39dd7e5798?s=96&d=mm&r=g\",\"caption\":\"Jeanette\"},\"sameAs\":[\"https:\\\/\\\/www.eldiario.net\\\/portal\"],\"url\":\"https:\\\/\\\/www.eldiario.net\\\/portal\\\/author\\\/jeanette\\\/\"}]}<\/script>\n<!-- \/ Yoast SEO plugin. -->","yoast_head_json":{"title":"Biotecnolog\u00eda: es ahora o nunca - El Diario - Bolivia","robots":{"index":"index","follow":"follow","max-snippet":"max-snippet:-1","max-image-preview":"max-image-preview:large","max-video-preview":"max-video-preview:-1"},"canonical":"https:\/\/www.eldiario.net\/portal\/2024\/08\/21\/biotecnologia-es-ahora-o-nunca\/","og_locale":"es_ES","og_type":"article","og_title":"Biotecnolog\u00eda: es ahora o nunca - El Diario - Bolivia","og_description":"A pocas semanas del in\u00e9dito bloqueo de campesinos en San Juli\u00e1n, y a d\u00edas de los acuerdos del Gobierno con el empresariado nacional, el debate por el uso de los transg\u00e9nicos ha llegado a un punto de inflexi\u00f3n que no solo va a definir el futuro de la agroindustria, sino que puede resolver finalmente la [&hellip;]","og_url":"https:\/\/www.eldiario.net\/portal\/2024\/08\/21\/biotecnologia-es-ahora-o-nunca\/","og_site_name":"El Diario - Bolivia","article_publisher":"https:\/\/www.facebook.com\/eldiario.bolivia\/","article_published_time":"2024-08-21T09:55:42+00:00","og_image":[{"width":1200,"height":628,"url":"https:\/\/www.eldiario.net\/portal\/wp-content\/uploads\/2023\/11\/Ronald-Nostas-Ardaya.jpg","type":"image\/jpeg"}],"author":"Jeanette","twitter_card":"summary_large_image","twitter_creator":"@eldiario_net","twitter_site":"@eldiario_net","twitter_misc":{"Escrito por":"Jeanette","Tiempo de lectura":"4 minutos"},"schema":{"@context":"https:\/\/schema.org","@graph":[{"@type":"Article","@id":"https:\/\/www.eldiario.net\/portal\/2024\/08\/21\/biotecnologia-es-ahora-o-nunca\/#article","isPartOf":{"@id":"https:\/\/www.eldiario.net\/portal\/2024\/08\/21\/biotecnologia-es-ahora-o-nunca\/"},"author":{"name":"Jeanette","@id":"https:\/\/www.eldiario.net\/portal\/#\/schema\/person\/f46445640444750d7d753ccd04ae01b7"},"headline":"Biotecnolog\u00eda: es ahora o nunca","datePublished":"2024-08-21T09:55:42+00:00","mainEntityOfPage":{"@id":"https:\/\/www.eldiario.net\/portal\/2024\/08\/21\/biotecnologia-es-ahora-o-nunca\/"},"wordCount":779,"commentCount":0,"publisher":{"@id":"https:\/\/www.eldiario.net\/portal\/#organization"},"image":{"@id":"https:\/\/www.eldiario.net\/portal\/2024\/08\/21\/biotecnologia-es-ahora-o-nunca\/#primaryimage"},"thumbnailUrl":"https:\/\/www.eldiario.net\/portal\/wp-content\/uploads\/2023\/11\/Ronald-Nostas-Ardaya.jpg","articleSection":["Opini\u00f3n"],"inLanguage":"es","potentialAction":[{"@type":"CommentAction","name":"Comment","target":["https:\/\/www.eldiario.net\/portal\/2024\/08\/21\/biotecnologia-es-ahora-o-nunca\/#respond"]}]},{"@type":"WebPage","@id":"https:\/\/www.eldiario.net\/portal\/2024\/08\/21\/biotecnologia-es-ahora-o-nunca\/","url":"https:\/\/www.eldiario.net\/portal\/2024\/08\/21\/biotecnologia-es-ahora-o-nunca\/","name":"Biotecnolog\u00eda: es ahora o nunca - El Diario - Bolivia","isPartOf":{"@id":"https:\/\/www.eldiario.net\/portal\/#website"},"primaryImageOfPage":{"@id":"https:\/\/www.eldiario.net\/portal\/2024\/08\/21\/biotecnologia-es-ahora-o-nunca\/#primaryimage"},"image":{"@id":"https:\/\/www.eldiario.net\/portal\/2024\/08\/21\/biotecnologia-es-ahora-o-nunca\/#primaryimage"},"thumbnailUrl":"https:\/\/www.eldiario.net\/portal\/wp-content\/uploads\/2023\/11\/Ronald-Nostas-Ardaya.jpg","datePublished":"2024-08-21T09:55:42+00:00","breadcrumb":{"@id":"https:\/\/www.eldiario.net\/portal\/2024\/08\/21\/biotecnologia-es-ahora-o-nunca\/#breadcrumb"},"inLanguage":"es","potentialAction":[{"@type":"ReadAction","target":["https:\/\/www.eldiario.net\/portal\/2024\/08\/21\/biotecnologia-es-ahora-o-nunca\/"]}]},{"@type":"ImageObject","inLanguage":"es","@id":"https:\/\/www.eldiario.net\/portal\/2024\/08\/21\/biotecnologia-es-ahora-o-nunca\/#primaryimage","url":"https:\/\/www.eldiario.net\/portal\/wp-content\/uploads\/2023\/11\/Ronald-Nostas-Ardaya.jpg","contentUrl":"https:\/\/www.eldiario.net\/portal\/wp-content\/uploads\/2023\/11\/Ronald-Nostas-Ardaya.jpg","width":1200,"height":628,"caption":"Ronald Nostas Ardaya"},{"@type":"BreadcrumbList","@id":"https:\/\/www.eldiario.net\/portal\/2024\/08\/21\/biotecnologia-es-ahora-o-nunca\/#breadcrumb","itemListElement":[{"@type":"ListItem","position":1,"name":"Portada","item":"https:\/\/www.eldiario.net\/portal\/"},{"@type":"ListItem","position":2,"name":"Biotecnolog\u00eda: es ahora o nunca"}]},{"@type":"WebSite","@id":"https:\/\/www.eldiario.net\/portal\/#website","url":"https:\/\/www.eldiario.net\/portal\/","name":"El Diario - Decano de la prensa nacional","description":"El Diario - Decano de la prensa nacional","publisher":{"@id":"https:\/\/www.eldiario.net\/portal\/#organization"},"potentialAction":[{"@type":"SearchAction","target":{"@type":"EntryPoint","urlTemplate":"https:\/\/www.eldiario.net\/portal\/?s={search_term_string}"},"query-input":{"@type":"PropertyValueSpecification","valueRequired":true,"valueName":"search_term_string"}}],"inLanguage":"es"},{"@type":"Organization","@id":"https:\/\/www.eldiario.net\/portal\/#organization","name":"El Diario - Decano de la prensa nacional","url":"https:\/\/www.eldiario.net\/portal\/","logo":{"@type":"ImageObject","inLanguage":"es","@id":"https:\/\/www.eldiario.net\/portal\/#\/schema\/logo\/image\/","url":"https:\/\/www.eldiario.net\/portal\/wp-content\/uploads\/2023\/07\/logo_ED.jpg","contentUrl":"https:\/\/www.eldiario.net\/portal\/wp-content\/uploads\/2023\/07\/logo_ED.jpg","width":272,"height":52,"caption":"El Diario - Decano de la prensa nacional"},"image":{"@id":"https:\/\/www.eldiario.net\/portal\/#\/schema\/logo\/image\/"},"sameAs":["https:\/\/www.facebook.com\/eldiario.bolivia\/","https:\/\/x.com\/eldiario_net"]},{"@type":"Person","@id":"https:\/\/www.eldiario.net\/portal\/#\/schema\/person\/f46445640444750d7d753ccd04ae01b7","name":"Jeanette","image":{"@type":"ImageObject","inLanguage":"es","@id":"https:\/\/secure.gravatar.com\/avatar\/3ea2118a5f7dad2b7138b1187a6b7ee55f160b9968b66013c3a3ef39dd7e5798?s=96&d=mm&r=g","url":"https:\/\/secure.gravatar.com\/avatar\/3ea2118a5f7dad2b7138b1187a6b7ee55f160b9968b66013c3a3ef39dd7e5798?s=96&d=mm&r=g","contentUrl":"https:\/\/secure.gravatar.com\/avatar\/3ea2118a5f7dad2b7138b1187a6b7ee55f160b9968b66013c3a3ef39dd7e5798?s=96&d=mm&r=g","caption":"Jeanette"},"sameAs":["https:\/\/www.eldiario.net\/portal"],"url":"https:\/\/www.eldiario.net\/portal\/author\/jeanette\/"}]}},"_links":{"self":[{"href":"https:\/\/www.eldiario.net\/portal\/wp-json\/wp\/v2\/posts\/242141","targetHints":{"allow":["GET"]}}],"collection":[{"href":"https:\/\/www.eldiario.net\/portal\/wp-json\/wp\/v2\/posts"}],"about":[{"href":"https:\/\/www.eldiario.net\/portal\/wp-json\/wp\/v2\/types\/post"}],"author":[{"embeddable":true,"href":"https:\/\/www.eldiario.net\/portal\/wp-json\/wp\/v2\/users\/1"}],"replies":[{"embeddable":true,"href":"https:\/\/www.eldiario.net\/portal\/wp-json\/wp\/v2\/comments?post=242141"}],"version-history":[{"count":1,"href":"https:\/\/www.eldiario.net\/portal\/wp-json\/wp\/v2\/posts\/242141\/revisions"}],"predecessor-version":[{"id":242142,"href":"https:\/\/www.eldiario.net\/portal\/wp-json\/wp\/v2\/posts\/242141\/revisions\/242142"}],"wp:featuredmedia":[{"embeddable":true,"href":"https:\/\/www.eldiario.net\/portal\/wp-json\/wp\/v2\/media\/188324"}],"wp:attachment":[{"href":"https:\/\/www.eldiario.net\/portal\/wp-json\/wp\/v2\/media?parent=242141"}],"wp:term":[{"taxonomy":"category","embeddable":true,"href":"https:\/\/www.eldiario.net\/portal\/wp-json\/wp\/v2\/categories?post=242141"},{"taxonomy":"post_tag","embeddable":true,"href":"https:\/\/www.eldiario.net\/portal\/wp-json\/wp\/v2\/tags?post=242141"}],"curies":[{"name":"wp","href":"https:\/\/api.w.org\/{rel}","templated":true}]}}