{"id":242139,"date":"2024-08-21T05:55:19","date_gmt":"2024-08-21T09:55:19","guid":{"rendered":"https:\/\/www.eldiario.net\/portal\/?p=242139"},"modified":"2024-08-21T05:55:19","modified_gmt":"2024-08-21T09:55:19","slug":"la-profesion-mas-respetada","status":"publish","type":"post","link":"https:\/\/www.eldiario.net\/portal\/2024\/08\/21\/la-profesion-mas-respetada\/","title":{"rendered":"La profesi\u00f3n m\u00e1s respetada"},"content":{"rendered":"<p>Revisando las redes sociales, encontramos el siguiente texto, an\u00f3nimo, que se refiere a la consideraci\u00f3n de la que es objeto cada docente en el Jap\u00f3n, un pa\u00eds desarrollado y de elevado nivel cultural. El texto mencionado dice lo siguiente:<br \/>\n\u201cUna vez le pregunt\u00e9 a mi colega japon\u00e9s, el profesor Yamamoto:<br \/>\n\u00bfCu\u00e1ndo se celebra el D\u00eda del Maestro en Jap\u00f3n y c\u00f3mo se celebra?<br \/>\nSorprendido por mi pregunta, respondi\u00f3: No tenemos ninguna celebraci\u00f3n del D\u00eda del Maestro.<br \/>\nAl escuchar su respuesta, no supe si creerle o no. Me pregunt\u00e9: \u00bfPor qu\u00e9 un pa\u00eds con una econom\u00eda, ciencia y tecnolog\u00eda desarrolladas muestra tal falta de respeto hacia los docentes y su trabajo?<br \/>\nUn d\u00eda despu\u00e9s del trabajo, Yamamoto me invit\u00f3 a su casa. Como viv\u00eda lejos de la escuela, tomamos el metro. Los vagones del metro estaban abarrotados durante la hora punta de la tarde. Logr\u00e9 meterme y me puse de pie, agarr\u00e1ndome con fuerza de los pasamanos.<br \/>\nDe repente, un anciano sentado a mi lado me ofreci\u00f3 su asiento. Al no entender tal comportamiento respetuoso por parte del hombre mayor, no pude aceptar su oferta, pero \u00e9l insisti\u00f3 y tuve que sentarme. Despu\u00e9s de salir del metro, le ped\u00ed a Yamamoto que explicara la acci\u00f3n del anciano. Yamamoto sonri\u00f3 y se\u00f1al\u00f3 mi placa de maestro, diciendo: Este anciano vio tu placa de maestro y te ofreci\u00f3 su asiento en se\u00f1al de respeto a tu estatus.<br \/>\nComo era la primera vez que visitaba al profesor Yamamoto, me sent\u00eda inc\u00f3modo yendo con las manos vac\u00edas, as\u00ed que decid\u00ed comprar un regalo. Compart\u00ed mis pensamientos con Yamamoto y \u00e9l me apoy\u00f3, diciendo que \u201cm\u00e1s adelante hay una tienda para profesores donde puedes comprar art\u00edculos con precios reducidos\u201d.<br \/>\nUna vez m\u00e1s, no pude contener mis emociones: \u00bfEstos descuentos son s\u00f3lo para profesores?, yo pregunt\u00e9.<br \/>\nConfirmando mis palabras, Yamamoto dijo: En Jap\u00f3n, educar es la profesi\u00f3n m\u00e1s respetada, el profesor es la persona m\u00e1s respetada.<br \/>\nLos empresarios japoneses se alegran cuando los profesores visitan sus tiendas; lo consideran un honor.<br \/>\nDurante mi estancia en Jap\u00f3n, vi repetidamente c\u00f3mo los japoneses respetan profundamente a los profesores. Hay asientos separados para ellos en el metro, tiendas exclusivas y los profesores no hacen cola para comprar billetes en ning\u00fan medio de transporte.<br \/>\n\u00bfPor qu\u00e9 los profesores japoneses necesitan un d\u00eda festivo aparte cuando cada d\u00eda de sus vidas es como una celebraci\u00f3n?<br \/>\nMientras vuelvo a contar esta historia, deseo de todo coraz\u00f3n que nuestra sociedad crezca hasta tal nivel de reverencia por los docentes, \u00a1y que los docentes sean dignos de un t\u00edtulo tan alto! \u00a1Que el orgullo lata en todos nuestros corazones!<br \/>\nMaestro, me inclino ante tu nombre\u201d.<br \/>\nRealmente una de las profesiones m\u00e1s respetadas en el mundo debiera ser la de ense\u00f1ar, pues significa dotar de caudales de conocimientos a ni\u00f1os y j\u00f3venes, para que durante varias etapas puedan finalmente egresar de los centros superiores de estudios con las profesiones que hayan elegido. Es que brindar una buena educaci\u00f3n a las nuevas generaciones es el mejor camino para contar en el futuro con capital humano indispensable para conseguir el ansiado desarrollo de cada pa\u00eds.<\/p>\n","protected":false},"excerpt":{"rendered":"<p>Revisando las redes sociales, encontramos el siguiente texto, an\u00f3nimo, que se refiere a la consideraci\u00f3n de la que es objeto cada docente en el Jap\u00f3n, un pa\u00eds desarrollado y de elevado nivel cultural. El texto mencionado dice lo siguiente: \u201cUna vez le pregunt\u00e9 a mi colega japon\u00e9s, el profesor Yamamoto: \u00bfCu\u00e1ndo se celebra el D\u00eda [&hellip;]<\/p>\n","protected":false},"author":1,"featured_media":194790,"comment_status":"open","ping_status":"open","sticky":false,"template":"","format":"standard","meta":{"_acf_changed":false,"footnotes":""},"categories":[9],"tags":[],"class_list":["post-242139","post","type-post","status-publish","format-standard","has-post-thumbnail","category-opinion"],"acf":{"antetitulo":""},"yoast_head":"<!-- This site is optimized with the Yoast SEO plugin v28.4 - https:\/\/yoast.com\/product\/yoast-seo-wordpress\/ -->\n<title>La profesi\u00f3n m\u00e1s respetada - El Diario - Bolivia<\/title>\n<meta name=\"robots\" content=\"index, follow, max-snippet:-1, max-image-preview:large, max-video-preview:-1\" \/>\n<link rel=\"canonical\" href=\"https:\/\/www.eldiario.net\/portal\/2024\/08\/21\/la-profesion-mas-respetada\/\" \/>\n<meta property=\"og:locale\" content=\"es_ES\" \/>\n<meta property=\"og:type\" content=\"article\" \/>\n<meta property=\"og:title\" content=\"La profesi\u00f3n m\u00e1s respetada - El Diario - Bolivia\" \/>\n<meta property=\"og:description\" content=\"Revisando las redes sociales, encontramos el siguiente texto, an\u00f3nimo, que se refiere a la consideraci\u00f3n de la que es objeto cada docente en el Jap\u00f3n, un pa\u00eds desarrollado y de elevado nivel cultural. El texto mencionado dice lo siguiente: \u201cUna vez le pregunt\u00e9 a mi colega japon\u00e9s, el profesor Yamamoto: \u00bfCu\u00e1ndo se celebra el D\u00eda [&hellip;]\" \/>\n<meta property=\"og:url\" content=\"https:\/\/www.eldiario.net\/portal\/2024\/08\/21\/la-profesion-mas-respetada\/\" \/>\n<meta property=\"og:site_name\" content=\"El Diario - Bolivia\" \/>\n<meta property=\"article:publisher\" content=\"https:\/\/www.facebook.com\/eldiario.bolivia\/\" \/>\n<meta property=\"article:published_time\" content=\"2024-08-21T09:55:19+00:00\" \/>\n<meta property=\"og:image\" content=\"https:\/\/www.eldiario.net\/portal\/wp-content\/uploads\/2023\/12\/Opinion.jpg\" \/>\n\t<meta property=\"og:image:width\" content=\"800\" \/>\n\t<meta property=\"og:image:height\" content=\"500\" \/>\n\t<meta property=\"og:image:type\" content=\"image\/jpeg\" \/>\n<meta name=\"author\" content=\"Jeanette\" \/>\n<meta name=\"twitter:card\" content=\"summary_large_image\" \/>\n<meta name=\"twitter:creator\" content=\"@eldiario_net\" \/>\n<meta name=\"twitter:site\" content=\"@eldiario_net\" \/>\n<meta name=\"twitter:label1\" content=\"Escrito por\" \/>\n\t<meta name=\"twitter:data1\" content=\"Jeanette\" \/>\n\t<meta name=\"twitter:label2\" content=\"Tiempo de lectura\" \/>\n\t<meta name=\"twitter:data2\" content=\"3 minutos\" \/>\n<script type=\"application\/ld+json\" class=\"yoast-schema-graph\">{\"@context\":\"https:\\\/\\\/schema.org\",\"@graph\":[{\"@type\":\"Article\",\"@id\":\"https:\\\/\\\/www.eldiario.net\\\/portal\\\/2024\\\/08\\\/21\\\/la-profesion-mas-respetada\\\/#article\",\"isPartOf\":{\"@id\":\"https:\\\/\\\/www.eldiario.net\\\/portal\\\/2024\\\/08\\\/21\\\/la-profesion-mas-respetada\\\/\"},\"author\":{\"name\":\"Jeanette\",\"@id\":\"https:\\\/\\\/www.eldiario.net\\\/portal\\\/#\\\/schema\\\/person\\\/f46445640444750d7d753ccd04ae01b7\"},\"headline\":\"La profesi\u00f3n m\u00e1s respetada\",\"datePublished\":\"2024-08-21T09:55:19+00:00\",\"mainEntityOfPage\":{\"@id\":\"https:\\\/\\\/www.eldiario.net\\\/portal\\\/2024\\\/08\\\/21\\\/la-profesion-mas-respetada\\\/\"},\"wordCount\":570,\"commentCount\":0,\"publisher\":{\"@id\":\"https:\\\/\\\/www.eldiario.net\\\/portal\\\/#organization\"},\"image\":{\"@id\":\"https:\\\/\\\/www.eldiario.net\\\/portal\\\/2024\\\/08\\\/21\\\/la-profesion-mas-respetada\\\/#primaryimage\"},\"thumbnailUrl\":\"https:\\\/\\\/www.eldiario.net\\\/portal\\\/wp-content\\\/uploads\\\/2023\\\/12\\\/Opinion.jpg\",\"articleSection\":[\"Opini\u00f3n\"],\"inLanguage\":\"es\",\"potentialAction\":[{\"@type\":\"CommentAction\",\"name\":\"Comment\",\"target\":[\"https:\\\/\\\/www.eldiario.net\\\/portal\\\/2024\\\/08\\\/21\\\/la-profesion-mas-respetada\\\/#respond\"]}]},{\"@type\":\"WebPage\",\"@id\":\"https:\\\/\\\/www.eldiario.net\\\/portal\\\/2024\\\/08\\\/21\\\/la-profesion-mas-respetada\\\/\",\"url\":\"https:\\\/\\\/www.eldiario.net\\\/portal\\\/2024\\\/08\\\/21\\\/la-profesion-mas-respetada\\\/\",\"name\":\"La profesi\u00f3n m\u00e1s respetada - El Diario - Bolivia\",\"isPartOf\":{\"@id\":\"https:\\\/\\\/www.eldiario.net\\\/portal\\\/#website\"},\"primaryImageOfPage\":{\"@id\":\"https:\\\/\\\/www.eldiario.net\\\/portal\\\/2024\\\/08\\\/21\\\/la-profesion-mas-respetada\\\/#primaryimage\"},\"image\":{\"@id\":\"https:\\\/\\\/www.eldiario.net\\\/portal\\\/2024\\\/08\\\/21\\\/la-profesion-mas-respetada\\\/#primaryimage\"},\"thumbnailUrl\":\"https:\\\/\\\/www.eldiario.net\\\/portal\\\/wp-content\\\/uploads\\\/2023\\\/12\\\/Opinion.jpg\",\"datePublished\":\"2024-08-21T09:55:19+00:00\",\"breadcrumb\":{\"@id\":\"https:\\\/\\\/www.eldiario.net\\\/portal\\\/2024\\\/08\\\/21\\\/la-profesion-mas-respetada\\\/#breadcrumb\"},\"inLanguage\":\"es\",\"potentialAction\":[{\"@type\":\"ReadAction\",\"target\":[\"https:\\\/\\\/www.eldiario.net\\\/portal\\\/2024\\\/08\\\/21\\\/la-profesion-mas-respetada\\\/\"]}]},{\"@type\":\"ImageObject\",\"inLanguage\":\"es\",\"@id\":\"https:\\\/\\\/www.eldiario.net\\\/portal\\\/2024\\\/08\\\/21\\\/la-profesion-mas-respetada\\\/#primaryimage\",\"url\":\"https:\\\/\\\/www.eldiario.net\\\/portal\\\/wp-content\\\/uploads\\\/2023\\\/12\\\/Opinion.jpg\",\"contentUrl\":\"https:\\\/\\\/www.eldiario.net\\\/portal\\\/wp-content\\\/uploads\\\/2023\\\/12\\\/Opinion.jpg\",\"width\":800,\"height\":500},{\"@type\":\"BreadcrumbList\",\"@id\":\"https:\\\/\\\/www.eldiario.net\\\/portal\\\/2024\\\/08\\\/21\\\/la-profesion-mas-respetada\\\/#breadcrumb\",\"itemListElement\":[{\"@type\":\"ListItem\",\"position\":1,\"name\":\"Portada\",\"item\":\"https:\\\/\\\/www.eldiario.net\\\/portal\\\/\"},{\"@type\":\"ListItem\",\"position\":2,\"name\":\"La profesi\u00f3n m\u00e1s respetada\"}]},{\"@type\":\"WebSite\",\"@id\":\"https:\\\/\\\/www.eldiario.net\\\/portal\\\/#website\",\"url\":\"https:\\\/\\\/www.eldiario.net\\\/portal\\\/\",\"name\":\"El Diario - Decano de la prensa nacional\",\"description\":\"El Diario - Decano de la prensa nacional\",\"publisher\":{\"@id\":\"https:\\\/\\\/www.eldiario.net\\\/portal\\\/#organization\"},\"potentialAction\":[{\"@type\":\"SearchAction\",\"target\":{\"@type\":\"EntryPoint\",\"urlTemplate\":\"https:\\\/\\\/www.eldiario.net\\\/portal\\\/?s={search_term_string}\"},\"query-input\":{\"@type\":\"PropertyValueSpecification\",\"valueRequired\":true,\"valueName\":\"search_term_string\"}}],\"inLanguage\":\"es\"},{\"@type\":\"Organization\",\"@id\":\"https:\\\/\\\/www.eldiario.net\\\/portal\\\/#organization\",\"name\":\"El Diario - Decano de la prensa nacional\",\"url\":\"https:\\\/\\\/www.eldiario.net\\\/portal\\\/\",\"logo\":{\"@type\":\"ImageObject\",\"inLanguage\":\"es\",\"@id\":\"https:\\\/\\\/www.eldiario.net\\\/portal\\\/#\\\/schema\\\/logo\\\/image\\\/\",\"url\":\"https:\\\/\\\/www.eldiario.net\\\/portal\\\/wp-content\\\/uploads\\\/2023\\\/07\\\/logo_ED.jpg\",\"contentUrl\":\"https:\\\/\\\/www.eldiario.net\\\/portal\\\/wp-content\\\/uploads\\\/2023\\\/07\\\/logo_ED.jpg\",\"width\":272,\"height\":52,\"caption\":\"El Diario - Decano de la prensa nacional\"},\"image\":{\"@id\":\"https:\\\/\\\/www.eldiario.net\\\/portal\\\/#\\\/schema\\\/logo\\\/image\\\/\"},\"sameAs\":[\"https:\\\/\\\/www.facebook.com\\\/eldiario.bolivia\\\/\",\"https:\\\/\\\/x.com\\\/eldiario_net\"]},{\"@type\":\"Person\",\"@id\":\"https:\\\/\\\/www.eldiario.net\\\/portal\\\/#\\\/schema\\\/person\\\/f46445640444750d7d753ccd04ae01b7\",\"name\":\"Jeanette\",\"image\":{\"@type\":\"ImageObject\",\"inLanguage\":\"es\",\"@id\":\"https:\\\/\\\/secure.gravatar.com\\\/avatar\\\/3ea2118a5f7dad2b7138b1187a6b7ee55f160b9968b66013c3a3ef39dd7e5798?s=96&d=mm&r=g\",\"url\":\"https:\\\/\\\/secure.gravatar.com\\\/avatar\\\/3ea2118a5f7dad2b7138b1187a6b7ee55f160b9968b66013c3a3ef39dd7e5798?s=96&d=mm&r=g\",\"contentUrl\":\"https:\\\/\\\/secure.gravatar.com\\\/avatar\\\/3ea2118a5f7dad2b7138b1187a6b7ee55f160b9968b66013c3a3ef39dd7e5798?s=96&d=mm&r=g\",\"caption\":\"Jeanette\"},\"sameAs\":[\"https:\\\/\\\/www.eldiario.net\\\/portal\"],\"url\":\"https:\\\/\\\/www.eldiario.net\\\/portal\\\/author\\\/jeanette\\\/\"}]}<\/script>\n<!-- \/ Yoast SEO plugin. -->","yoast_head_json":{"title":"La profesi\u00f3n m\u00e1s respetada - El Diario - Bolivia","robots":{"index":"index","follow":"follow","max-snippet":"max-snippet:-1","max-image-preview":"max-image-preview:large","max-video-preview":"max-video-preview:-1"},"canonical":"https:\/\/www.eldiario.net\/portal\/2024\/08\/21\/la-profesion-mas-respetada\/","og_locale":"es_ES","og_type":"article","og_title":"La profesi\u00f3n m\u00e1s respetada - El Diario - Bolivia","og_description":"Revisando las redes sociales, encontramos el siguiente texto, an\u00f3nimo, que se refiere a la consideraci\u00f3n de la que es objeto cada docente en el Jap\u00f3n, un pa\u00eds desarrollado y de elevado nivel cultural. El texto mencionado dice lo siguiente: \u201cUna vez le pregunt\u00e9 a mi colega japon\u00e9s, el profesor Yamamoto: \u00bfCu\u00e1ndo se celebra el D\u00eda [&hellip;]","og_url":"https:\/\/www.eldiario.net\/portal\/2024\/08\/21\/la-profesion-mas-respetada\/","og_site_name":"El Diario - Bolivia","article_publisher":"https:\/\/www.facebook.com\/eldiario.bolivia\/","article_published_time":"2024-08-21T09:55:19+00:00","og_image":[{"width":800,"height":500,"url":"https:\/\/www.eldiario.net\/portal\/wp-content\/uploads\/2023\/12\/Opinion.jpg","type":"image\/jpeg"}],"author":"Jeanette","twitter_card":"summary_large_image","twitter_creator":"@eldiario_net","twitter_site":"@eldiario_net","twitter_misc":{"Escrito por":"Jeanette","Tiempo de lectura":"3 minutos"},"schema":{"@context":"https:\/\/schema.org","@graph":[{"@type":"Article","@id":"https:\/\/www.eldiario.net\/portal\/2024\/08\/21\/la-profesion-mas-respetada\/#article","isPartOf":{"@id":"https:\/\/www.eldiario.net\/portal\/2024\/08\/21\/la-profesion-mas-respetada\/"},"author":{"name":"Jeanette","@id":"https:\/\/www.eldiario.net\/portal\/#\/schema\/person\/f46445640444750d7d753ccd04ae01b7"},"headline":"La profesi\u00f3n m\u00e1s respetada","datePublished":"2024-08-21T09:55:19+00:00","mainEntityOfPage":{"@id":"https:\/\/www.eldiario.net\/portal\/2024\/08\/21\/la-profesion-mas-respetada\/"},"wordCount":570,"commentCount":0,"publisher":{"@id":"https:\/\/www.eldiario.net\/portal\/#organization"},"image":{"@id":"https:\/\/www.eldiario.net\/portal\/2024\/08\/21\/la-profesion-mas-respetada\/#primaryimage"},"thumbnailUrl":"https:\/\/www.eldiario.net\/portal\/wp-content\/uploads\/2023\/12\/Opinion.jpg","articleSection":["Opini\u00f3n"],"inLanguage":"es","potentialAction":[{"@type":"CommentAction","name":"Comment","target":["https:\/\/www.eldiario.net\/portal\/2024\/08\/21\/la-profesion-mas-respetada\/#respond"]}]},{"@type":"WebPage","@id":"https:\/\/www.eldiario.net\/portal\/2024\/08\/21\/la-profesion-mas-respetada\/","url":"https:\/\/www.eldiario.net\/portal\/2024\/08\/21\/la-profesion-mas-respetada\/","name":"La profesi\u00f3n m\u00e1s respetada - El Diario - Bolivia","isPartOf":{"@id":"https:\/\/www.eldiario.net\/portal\/#website"},"primaryImageOfPage":{"@id":"https:\/\/www.eldiario.net\/portal\/2024\/08\/21\/la-profesion-mas-respetada\/#primaryimage"},"image":{"@id":"https:\/\/www.eldiario.net\/portal\/2024\/08\/21\/la-profesion-mas-respetada\/#primaryimage"},"thumbnailUrl":"https:\/\/www.eldiario.net\/portal\/wp-content\/uploads\/2023\/12\/Opinion.jpg","datePublished":"2024-08-21T09:55:19+00:00","breadcrumb":{"@id":"https:\/\/www.eldiario.net\/portal\/2024\/08\/21\/la-profesion-mas-respetada\/#breadcrumb"},"inLanguage":"es","potentialAction":[{"@type":"ReadAction","target":["https:\/\/www.eldiario.net\/portal\/2024\/08\/21\/la-profesion-mas-respetada\/"]}]},{"@type":"ImageObject","inLanguage":"es","@id":"https:\/\/www.eldiario.net\/portal\/2024\/08\/21\/la-profesion-mas-respetada\/#primaryimage","url":"https:\/\/www.eldiario.net\/portal\/wp-content\/uploads\/2023\/12\/Opinion.jpg","contentUrl":"https:\/\/www.eldiario.net\/portal\/wp-content\/uploads\/2023\/12\/Opinion.jpg","width":800,"height":500},{"@type":"BreadcrumbList","@id":"https:\/\/www.eldiario.net\/portal\/2024\/08\/21\/la-profesion-mas-respetada\/#breadcrumb","itemListElement":[{"@type":"ListItem","position":1,"name":"Portada","item":"https:\/\/www.eldiario.net\/portal\/"},{"@type":"ListItem","position":2,"name":"La profesi\u00f3n m\u00e1s respetada"}]},{"@type":"WebSite","@id":"https:\/\/www.eldiario.net\/portal\/#website","url":"https:\/\/www.eldiario.net\/portal\/","name":"El Diario - Decano de la prensa nacional","description":"El Diario - Decano de la prensa nacional","publisher":{"@id":"https:\/\/www.eldiario.net\/portal\/#organization"},"potentialAction":[{"@type":"SearchAction","target":{"@type":"EntryPoint","urlTemplate":"https:\/\/www.eldiario.net\/portal\/?s={search_term_string}"},"query-input":{"@type":"PropertyValueSpecification","valueRequired":true,"valueName":"search_term_string"}}],"inLanguage":"es"},{"@type":"Organization","@id":"https:\/\/www.eldiario.net\/portal\/#organization","name":"El Diario - Decano de la prensa nacional","url":"https:\/\/www.eldiario.net\/portal\/","logo":{"@type":"ImageObject","inLanguage":"es","@id":"https:\/\/www.eldiario.net\/portal\/#\/schema\/logo\/image\/","url":"https:\/\/www.eldiario.net\/portal\/wp-content\/uploads\/2023\/07\/logo_ED.jpg","contentUrl":"https:\/\/www.eldiario.net\/portal\/wp-content\/uploads\/2023\/07\/logo_ED.jpg","width":272,"height":52,"caption":"El Diario - Decano de la prensa nacional"},"image":{"@id":"https:\/\/www.eldiario.net\/portal\/#\/schema\/logo\/image\/"},"sameAs":["https:\/\/www.facebook.com\/eldiario.bolivia\/","https:\/\/x.com\/eldiario_net"]},{"@type":"Person","@id":"https:\/\/www.eldiario.net\/portal\/#\/schema\/person\/f46445640444750d7d753ccd04ae01b7","name":"Jeanette","image":{"@type":"ImageObject","inLanguage":"es","@id":"https:\/\/secure.gravatar.com\/avatar\/3ea2118a5f7dad2b7138b1187a6b7ee55f160b9968b66013c3a3ef39dd7e5798?s=96&d=mm&r=g","url":"https:\/\/secure.gravatar.com\/avatar\/3ea2118a5f7dad2b7138b1187a6b7ee55f160b9968b66013c3a3ef39dd7e5798?s=96&d=mm&r=g","contentUrl":"https:\/\/secure.gravatar.com\/avatar\/3ea2118a5f7dad2b7138b1187a6b7ee55f160b9968b66013c3a3ef39dd7e5798?s=96&d=mm&r=g","caption":"Jeanette"},"sameAs":["https:\/\/www.eldiario.net\/portal"],"url":"https:\/\/www.eldiario.net\/portal\/author\/jeanette\/"}]}},"_links":{"self":[{"href":"https:\/\/www.eldiario.net\/portal\/wp-json\/wp\/v2\/posts\/242139","targetHints":{"allow":["GET"]}}],"collection":[{"href":"https:\/\/www.eldiario.net\/portal\/wp-json\/wp\/v2\/posts"}],"about":[{"href":"https:\/\/www.eldiario.net\/portal\/wp-json\/wp\/v2\/types\/post"}],"author":[{"embeddable":true,"href":"https:\/\/www.eldiario.net\/portal\/wp-json\/wp\/v2\/users\/1"}],"replies":[{"embeddable":true,"href":"https:\/\/www.eldiario.net\/portal\/wp-json\/wp\/v2\/comments?post=242139"}],"version-history":[{"count":1,"href":"https:\/\/www.eldiario.net\/portal\/wp-json\/wp\/v2\/posts\/242139\/revisions"}],"predecessor-version":[{"id":242140,"href":"https:\/\/www.eldiario.net\/portal\/wp-json\/wp\/v2\/posts\/242139\/revisions\/242140"}],"wp:featuredmedia":[{"embeddable":true,"href":"https:\/\/www.eldiario.net\/portal\/wp-json\/wp\/v2\/media\/194790"}],"wp:attachment":[{"href":"https:\/\/www.eldiario.net\/portal\/wp-json\/wp\/v2\/media?parent=242139"}],"wp:term":[{"taxonomy":"category","embeddable":true,"href":"https:\/\/www.eldiario.net\/portal\/wp-json\/wp\/v2\/categories?post=242139"},{"taxonomy":"post_tag","embeddable":true,"href":"https:\/\/www.eldiario.net\/portal\/wp-json\/wp\/v2\/tags?post=242139"}],"curies":[{"name":"wp","href":"https:\/\/api.w.org\/{rel}","templated":true}]}}