{"id":242123,"date":"2024-08-21T05:51:44","date_gmt":"2024-08-21T09:51:44","guid":{"rendered":"https:\/\/www.eldiario.net\/portal\/?p=242123"},"modified":"2024-08-21T05:51:44","modified_gmt":"2024-08-21T09:51:44","slug":"opositores-deben-trabajar-en-generar-la-unidad-que-vence","status":"publish","type":"post","link":"https:\/\/www.eldiario.net\/portal\/2024\/08\/21\/opositores-deben-trabajar-en-generar-la-unidad-que-vence\/","title":{"rendered":"Opositores deben trabajar en  generar la \u201cunidad que vence\u201d"},"content":{"rendered":"<p>Advirtiendo por un posible escenario en que acercamientos y acuerdos permitan al Movimiento al Socialismo (MAS) superar su divisi\u00f3n interna para participar de las elecciones generales, el senador por Comunidad Ciudadana (CC), Rodrigo Paz Pereira, sostuvo que el problema en la oposici\u00f3n es que, los llamados a generar una alternativa, no logran consolidar una \u201cunidad que vence\u201d, como ocurri\u00f3 en Venezuela.<br \/>\nEn declaraciones a medios de prensa, Paz rechaz\u00f3 los criterios que apuntan a que el partido oficialista haya dejado de ser una opci\u00f3n electoral para futuros comicios, por el contrario, advirti\u00f3 sobre la urgencia de que fuerzas de oposici\u00f3n alcancen acuerdos para construir una verdadera alternativa al masismo.<br \/>\n\u201cEl MAS siempre es una opci\u00f3n, el problema es que la oposici\u00f3n no genera una verdadera opci\u00f3n\u201d, dijo.<br \/>\nEn ese sentido, observ\u00f3 la posibilidad de que las actuales diferencias internas en el partido oficialista lleguen a solucionarse y nuevamente se genere una unidad que perjudique las aspiraciones electorales de la oposici\u00f3n.<br \/>\n\u201cEl MAS va hacer lo que el MAS tenga que hacer. Este triunvirato de divorcio que es Evo, Arce, y ahora Andr\u00f3nico, tarde o temprano puede llegar a acomodarse y resolver sus temas, \u00bfqui\u00e9n sabe?\u201d, advirti\u00f3 el asamble\u00edsta representante de Tarija.<br \/>\nAsimismo, puntualiz\u00f3 que, en la actual coyuntura, el mayor problema de la oposici\u00f3n es que, los llamados a generar una alternativa al masismo, para ponerla a consideraci\u00f3n de la poblaci\u00f3n, no hayan terminado de comprender la importancia de crear la \u201cunidad que vence\u201d y generar una mayor conciencia sobre la importancia de defender el voto.<br \/>\nPara el senador de oposici\u00f3n, lo primero es crear esta unidad, tal como ocurri\u00f3 recientemente en Venezuela, \u201cdonde fue el pueblo el que quer\u00eda ganar, no los liderazgos\u201d.<br \/>\n\u201cSi en Bolivia no se genera el deseo de la unidad que vence desde el pueblo, no vamos a ganar y esto no se hace con los nombres de los famosos sino con la base social\u201d, sostuvo.<br \/>\nEn relaci\u00f3n a la defensa del voto popular, Paz cuestion\u00f3 el proceder del actual Tribunal Electoral, alertando sobre la urgente necesidad de inducir a la poblaci\u00f3n, a trav\u00e9s de medios de comunicaci\u00f3n y otras plataformas, para que se organice una verdadera defensa de la voluntad popular, \u201cm\u00e1s all\u00e1 de qui\u00e9n sea el candidato\u201d, esto con la finalidad de que en el pa\u00eds no se genere otro fraude electoral.<br \/>\nPaz tambi\u00e9n expres\u00f3 su desconfianza al hecho que desde el \u00d3rgano Electoral se priorice la defensa de los intereses para siglas pol\u00edticas vigentes, desplazando a posibles liderazgos que, de momento, analizan su participaci\u00f3n en los pr\u00f3ximos comicios de 2025. \u201cMe sorprende que el Tribunal quiera obligar que en octubre haya alianzas pol\u00edticas cuando la convocatoria sale en abril\u201d, concluy\u00f3.<br \/>\nAyer, sum\u00e1ndose a las sospechas de su colega parlamentario, la diputada Mar\u00eda Jos\u00e9 Salazar, de Comunidad Ciudadana, se refiri\u00f3 a las declaraciones e invitaci\u00f3n p\u00fablica por parte de dirigentes de organizaciones sociales \u201carcistas\u201d para que el actual presidente del Senado, Andr\u00f3nico Rodr\u00edguez, sea candidato a la vicepresidencia en las Elecciones Generales 2025.<br \/>\nEn criterio de la asamble\u00edsta de oposici\u00f3n, este tipo de declaraciones generan sospechas por un posible acercamiento entre el \u201carcismo\u201d y el \u201cevismo\u201d, con miras a las pr\u00f3ximas justas electorales.<br \/>\n\u201cAl parecer, ya han llegado a ciertos acuerdos, que no nos madruguen el d\u00eda de ma\u00f1ana con que la pelea del MAS haya sido un teatro que nos tiene en una mec\u00e1nica distractiva para que la poblaci\u00f3n no se levante en contra de todas las injusticias que estamos viviendo los bolivianos\u201d, asever\u00f3.<br \/>\nEl pasado lunes, seg\u00fan reporte de la red DTV, el representante de los interculturales, afines al \u201carcismo\u201d, Vidal G\u00f3mez, hizo p\u00fablica una invitaci\u00f3n a Rodr\u00edguez, para que la autoridad legislativa se una al bloque renovador en esta organizaci\u00f3n pol\u00edtica, dejando atr\u00e1s a los exministros y parlamentarios que responden a Evo Morales, quienes lo llamaron \u201ctraidor\u201d por haber aprobado y sancionado la ley que suspende las elecciones primarias, misma que finalmente fue promulgada por el Ejecutivo.<br \/>\n\u201cAl hermano Andr\u00f3nico, las organizaciones sociales lo hemos nombrado para que sea candidato a vicepresidente y hoy las organizaciones sociales mantenemos esa invitaci\u00f3n seguros de que puede ser un l\u00edder y puede conducir, pero no se equivoque, el evismo, el ala radical, nunca lo ha querido a Andr\u00f3nico para que conduzca y sea nuevo l\u00edder pol\u00edtico a nivel nacional\u201d, dijo G\u00f3mez en contacto con medios de prensa.<\/p>\n","protected":false},"excerpt":{"rendered":"<p>Advirtiendo por un posible escenario en que acercamientos y acuerdos permitan al Movimiento al Socialismo (MAS) superar su divisi\u00f3n interna para participar de las elecciones generales, el senador por Comunidad Ciudadana (CC), Rodrigo Paz Pereira, sostuvo que el problema en la oposici\u00f3n es que, los llamados a generar una alternativa, no logran consolidar una \u201cunidad [&hellip;]<\/p>\n","protected":false},"author":1,"featured_media":242124,"comment_status":"open","ping_status":"open","sticky":false,"template":"","format":"standard","meta":{"_acf_changed":false,"footnotes":""},"categories":[14],"tags":[],"class_list":["post-242123","post","type-post","status-publish","format-standard","has-post-thumbnail","category-politica"],"acf":{"antetitulo":"Uni\u00f3n y defensa del voto"},"yoast_head":"<!-- This site is optimized with the Yoast SEO plugin v28.4 - https:\/\/yoast.com\/product\/yoast-seo-wordpress\/ -->\n<title>Opositores deben trabajar en generar la \u201cunidad que vence\u201d - El Diario - Bolivia<\/title>\n<meta name=\"robots\" content=\"index, follow, max-snippet:-1, max-image-preview:large, max-video-preview:-1\" \/>\n<link rel=\"canonical\" href=\"https:\/\/www.eldiario.net\/portal\/2024\/08\/21\/opositores-deben-trabajar-en-generar-la-unidad-que-vence\/\" \/>\n<meta property=\"og:locale\" content=\"es_ES\" \/>\n<meta property=\"og:type\" content=\"article\" \/>\n<meta property=\"og:title\" content=\"Opositores deben trabajar en generar la \u201cunidad que vence\u201d - El Diario - Bolivia\" \/>\n<meta property=\"og:description\" content=\"Advirtiendo por un posible escenario en que acercamientos y acuerdos permitan al Movimiento al Socialismo (MAS) superar su divisi\u00f3n interna para participar de las elecciones generales, el senador por Comunidad Ciudadana (CC), Rodrigo Paz Pereira, sostuvo que el problema en la oposici\u00f3n es que, los llamados a generar una alternativa, no logran consolidar una \u201cunidad [&hellip;]\" \/>\n<meta property=\"og:url\" content=\"https:\/\/www.eldiario.net\/portal\/2024\/08\/21\/opositores-deben-trabajar-en-generar-la-unidad-que-vence\/\" \/>\n<meta property=\"og:site_name\" content=\"El Diario - Bolivia\" \/>\n<meta property=\"article:publisher\" content=\"https:\/\/www.facebook.com\/eldiario.bolivia\/\" \/>\n<meta property=\"article:published_time\" content=\"2024-08-21T09:51:44+00:00\" \/>\n<meta property=\"og:image\" content=\"https:\/\/www.eldiario.net\/portal\/wp-content\/uploads\/2024\/08\/40-POL-9.jpg\" \/>\n\t<meta property=\"og:image:width\" content=\"1161\" \/>\n\t<meta property=\"og:image:height\" content=\"959\" \/>\n\t<meta property=\"og:image:type\" content=\"image\/jpeg\" \/>\n<meta name=\"author\" content=\"Jeanette\" \/>\n<meta name=\"twitter:card\" content=\"summary_large_image\" \/>\n<meta name=\"twitter:creator\" content=\"@eldiario_net\" \/>\n<meta name=\"twitter:site\" content=\"@eldiario_net\" \/>\n<meta name=\"twitter:label1\" content=\"Escrito por\" \/>\n\t<meta name=\"twitter:data1\" content=\"Jeanette\" \/>\n\t<meta name=\"twitter:label2\" content=\"Tiempo de lectura\" \/>\n\t<meta name=\"twitter:data2\" content=\"4 minutos\" \/>\n<script type=\"application\/ld+json\" class=\"yoast-schema-graph\">{\"@context\":\"https:\\\/\\\/schema.org\",\"@graph\":[{\"@type\":\"Article\",\"@id\":\"https:\\\/\\\/www.eldiario.net\\\/portal\\\/2024\\\/08\\\/21\\\/opositores-deben-trabajar-en-generar-la-unidad-que-vence\\\/#article\",\"isPartOf\":{\"@id\":\"https:\\\/\\\/www.eldiario.net\\\/portal\\\/2024\\\/08\\\/21\\\/opositores-deben-trabajar-en-generar-la-unidad-que-vence\\\/\"},\"author\":{\"name\":\"Jeanette\",\"@id\":\"https:\\\/\\\/www.eldiario.net\\\/portal\\\/#\\\/schema\\\/person\\\/f46445640444750d7d753ccd04ae01b7\"},\"headline\":\"Opositores deben trabajar en generar la \u201cunidad que vence\u201d\",\"datePublished\":\"2024-08-21T09:51:44+00:00\",\"mainEntityOfPage\":{\"@id\":\"https:\\\/\\\/www.eldiario.net\\\/portal\\\/2024\\\/08\\\/21\\\/opositores-deben-trabajar-en-generar-la-unidad-que-vence\\\/\"},\"wordCount\":787,\"commentCount\":0,\"publisher\":{\"@id\":\"https:\\\/\\\/www.eldiario.net\\\/portal\\\/#organization\"},\"image\":{\"@id\":\"https:\\\/\\\/www.eldiario.net\\\/portal\\\/2024\\\/08\\\/21\\\/opositores-deben-trabajar-en-generar-la-unidad-que-vence\\\/#primaryimage\"},\"thumbnailUrl\":\"https:\\\/\\\/www.eldiario.net\\\/portal\\\/wp-content\\\/uploads\\\/2024\\\/08\\\/40-POL-9.jpg\",\"articleSection\":[\"Pol\u00edtica\"],\"inLanguage\":\"es\",\"potentialAction\":[{\"@type\":\"CommentAction\",\"name\":\"Comment\",\"target\":[\"https:\\\/\\\/www.eldiario.net\\\/portal\\\/2024\\\/08\\\/21\\\/opositores-deben-trabajar-en-generar-la-unidad-que-vence\\\/#respond\"]}]},{\"@type\":\"WebPage\",\"@id\":\"https:\\\/\\\/www.eldiario.net\\\/portal\\\/2024\\\/08\\\/21\\\/opositores-deben-trabajar-en-generar-la-unidad-que-vence\\\/\",\"url\":\"https:\\\/\\\/www.eldiario.net\\\/portal\\\/2024\\\/08\\\/21\\\/opositores-deben-trabajar-en-generar-la-unidad-que-vence\\\/\",\"name\":\"Opositores deben trabajar en generar la \u201cunidad que vence\u201d - El Diario - Bolivia\",\"isPartOf\":{\"@id\":\"https:\\\/\\\/www.eldiario.net\\\/portal\\\/#website\"},\"primaryImageOfPage\":{\"@id\":\"https:\\\/\\\/www.eldiario.net\\\/portal\\\/2024\\\/08\\\/21\\\/opositores-deben-trabajar-en-generar-la-unidad-que-vence\\\/#primaryimage\"},\"image\":{\"@id\":\"https:\\\/\\\/www.eldiario.net\\\/portal\\\/2024\\\/08\\\/21\\\/opositores-deben-trabajar-en-generar-la-unidad-que-vence\\\/#primaryimage\"},\"thumbnailUrl\":\"https:\\\/\\\/www.eldiario.net\\\/portal\\\/wp-content\\\/uploads\\\/2024\\\/08\\\/40-POL-9.jpg\",\"datePublished\":\"2024-08-21T09:51:44+00:00\",\"breadcrumb\":{\"@id\":\"https:\\\/\\\/www.eldiario.net\\\/portal\\\/2024\\\/08\\\/21\\\/opositores-deben-trabajar-en-generar-la-unidad-que-vence\\\/#breadcrumb\"},\"inLanguage\":\"es\",\"potentialAction\":[{\"@type\":\"ReadAction\",\"target\":[\"https:\\\/\\\/www.eldiario.net\\\/portal\\\/2024\\\/08\\\/21\\\/opositores-deben-trabajar-en-generar-la-unidad-que-vence\\\/\"]}]},{\"@type\":\"ImageObject\",\"inLanguage\":\"es\",\"@id\":\"https:\\\/\\\/www.eldiario.net\\\/portal\\\/2024\\\/08\\\/21\\\/opositores-deben-trabajar-en-generar-la-unidad-que-vence\\\/#primaryimage\",\"url\":\"https:\\\/\\\/www.eldiario.net\\\/portal\\\/wp-content\\\/uploads\\\/2024\\\/08\\\/40-POL-9.jpg\",\"contentUrl\":\"https:\\\/\\\/www.eldiario.net\\\/portal\\\/wp-content\\\/uploads\\\/2024\\\/08\\\/40-POL-9.jpg\",\"width\":1161,\"height\":959,\"caption\":\"el Senador, Rodrigo Paz Pereira (CC).\"},{\"@type\":\"BreadcrumbList\",\"@id\":\"https:\\\/\\\/www.eldiario.net\\\/portal\\\/2024\\\/08\\\/21\\\/opositores-deben-trabajar-en-generar-la-unidad-que-vence\\\/#breadcrumb\",\"itemListElement\":[{\"@type\":\"ListItem\",\"position\":1,\"name\":\"Portada\",\"item\":\"https:\\\/\\\/www.eldiario.net\\\/portal\\\/\"},{\"@type\":\"ListItem\",\"position\":2,\"name\":\"Opositores deben trabajar en generar la \u201cunidad que vence\u201d\"}]},{\"@type\":\"WebSite\",\"@id\":\"https:\\\/\\\/www.eldiario.net\\\/portal\\\/#website\",\"url\":\"https:\\\/\\\/www.eldiario.net\\\/portal\\\/\",\"name\":\"El Diario - Decano de la prensa nacional\",\"description\":\"El Diario - Decano de la prensa nacional\",\"publisher\":{\"@id\":\"https:\\\/\\\/www.eldiario.net\\\/portal\\\/#organization\"},\"potentialAction\":[{\"@type\":\"SearchAction\",\"target\":{\"@type\":\"EntryPoint\",\"urlTemplate\":\"https:\\\/\\\/www.eldiario.net\\\/portal\\\/?s={search_term_string}\"},\"query-input\":{\"@type\":\"PropertyValueSpecification\",\"valueRequired\":true,\"valueName\":\"search_term_string\"}}],\"inLanguage\":\"es\"},{\"@type\":\"Organization\",\"@id\":\"https:\\\/\\\/www.eldiario.net\\\/portal\\\/#organization\",\"name\":\"El Diario - Decano de la prensa nacional\",\"url\":\"https:\\\/\\\/www.eldiario.net\\\/portal\\\/\",\"logo\":{\"@type\":\"ImageObject\",\"inLanguage\":\"es\",\"@id\":\"https:\\\/\\\/www.eldiario.net\\\/portal\\\/#\\\/schema\\\/logo\\\/image\\\/\",\"url\":\"https:\\\/\\\/www.eldiario.net\\\/portal\\\/wp-content\\\/uploads\\\/2023\\\/07\\\/logo_ED.jpg\",\"contentUrl\":\"https:\\\/\\\/www.eldiario.net\\\/portal\\\/wp-content\\\/uploads\\\/2023\\\/07\\\/logo_ED.jpg\",\"width\":272,\"height\":52,\"caption\":\"El Diario - Decano de la prensa nacional\"},\"image\":{\"@id\":\"https:\\\/\\\/www.eldiario.net\\\/portal\\\/#\\\/schema\\\/logo\\\/image\\\/\"},\"sameAs\":[\"https:\\\/\\\/www.facebook.com\\\/eldiario.bolivia\\\/\",\"https:\\\/\\\/x.com\\\/eldiario_net\"]},{\"@type\":\"Person\",\"@id\":\"https:\\\/\\\/www.eldiario.net\\\/portal\\\/#\\\/schema\\\/person\\\/f46445640444750d7d753ccd04ae01b7\",\"name\":\"Jeanette\",\"image\":{\"@type\":\"ImageObject\",\"inLanguage\":\"es\",\"@id\":\"https:\\\/\\\/secure.gravatar.com\\\/avatar\\\/3ea2118a5f7dad2b7138b1187a6b7ee55f160b9968b66013c3a3ef39dd7e5798?s=96&d=mm&r=g\",\"url\":\"https:\\\/\\\/secure.gravatar.com\\\/avatar\\\/3ea2118a5f7dad2b7138b1187a6b7ee55f160b9968b66013c3a3ef39dd7e5798?s=96&d=mm&r=g\",\"contentUrl\":\"https:\\\/\\\/secure.gravatar.com\\\/avatar\\\/3ea2118a5f7dad2b7138b1187a6b7ee55f160b9968b66013c3a3ef39dd7e5798?s=96&d=mm&r=g\",\"caption\":\"Jeanette\"},\"sameAs\":[\"https:\\\/\\\/www.eldiario.net\\\/portal\"],\"url\":\"https:\\\/\\\/www.eldiario.net\\\/portal\\\/author\\\/jeanette\\\/\"}]}<\/script>\n<!-- \/ Yoast SEO plugin. -->","yoast_head_json":{"title":"Opositores deben trabajar en generar la \u201cunidad que vence\u201d - El Diario - Bolivia","robots":{"index":"index","follow":"follow","max-snippet":"max-snippet:-1","max-image-preview":"max-image-preview:large","max-video-preview":"max-video-preview:-1"},"canonical":"https:\/\/www.eldiario.net\/portal\/2024\/08\/21\/opositores-deben-trabajar-en-generar-la-unidad-que-vence\/","og_locale":"es_ES","og_type":"article","og_title":"Opositores deben trabajar en generar la \u201cunidad que vence\u201d - El Diario - Bolivia","og_description":"Advirtiendo por un posible escenario en que acercamientos y acuerdos permitan al Movimiento al Socialismo (MAS) superar su divisi\u00f3n interna para participar de las elecciones generales, el senador por Comunidad Ciudadana (CC), Rodrigo Paz Pereira, sostuvo que el problema en la oposici\u00f3n es que, los llamados a generar una alternativa, no logran consolidar una \u201cunidad [&hellip;]","og_url":"https:\/\/www.eldiario.net\/portal\/2024\/08\/21\/opositores-deben-trabajar-en-generar-la-unidad-que-vence\/","og_site_name":"El Diario - Bolivia","article_publisher":"https:\/\/www.facebook.com\/eldiario.bolivia\/","article_published_time":"2024-08-21T09:51:44+00:00","og_image":[{"width":1161,"height":959,"url":"https:\/\/www.eldiario.net\/portal\/wp-content\/uploads\/2024\/08\/40-POL-9.jpg","type":"image\/jpeg"}],"author":"Jeanette","twitter_card":"summary_large_image","twitter_creator":"@eldiario_net","twitter_site":"@eldiario_net","twitter_misc":{"Escrito por":"Jeanette","Tiempo de lectura":"4 minutos"},"schema":{"@context":"https:\/\/schema.org","@graph":[{"@type":"Article","@id":"https:\/\/www.eldiario.net\/portal\/2024\/08\/21\/opositores-deben-trabajar-en-generar-la-unidad-que-vence\/#article","isPartOf":{"@id":"https:\/\/www.eldiario.net\/portal\/2024\/08\/21\/opositores-deben-trabajar-en-generar-la-unidad-que-vence\/"},"author":{"name":"Jeanette","@id":"https:\/\/www.eldiario.net\/portal\/#\/schema\/person\/f46445640444750d7d753ccd04ae01b7"},"headline":"Opositores deben trabajar en generar la \u201cunidad que vence\u201d","datePublished":"2024-08-21T09:51:44+00:00","mainEntityOfPage":{"@id":"https:\/\/www.eldiario.net\/portal\/2024\/08\/21\/opositores-deben-trabajar-en-generar-la-unidad-que-vence\/"},"wordCount":787,"commentCount":0,"publisher":{"@id":"https:\/\/www.eldiario.net\/portal\/#organization"},"image":{"@id":"https:\/\/www.eldiario.net\/portal\/2024\/08\/21\/opositores-deben-trabajar-en-generar-la-unidad-que-vence\/#primaryimage"},"thumbnailUrl":"https:\/\/www.eldiario.net\/portal\/wp-content\/uploads\/2024\/08\/40-POL-9.jpg","articleSection":["Pol\u00edtica"],"inLanguage":"es","potentialAction":[{"@type":"CommentAction","name":"Comment","target":["https:\/\/www.eldiario.net\/portal\/2024\/08\/21\/opositores-deben-trabajar-en-generar-la-unidad-que-vence\/#respond"]}]},{"@type":"WebPage","@id":"https:\/\/www.eldiario.net\/portal\/2024\/08\/21\/opositores-deben-trabajar-en-generar-la-unidad-que-vence\/","url":"https:\/\/www.eldiario.net\/portal\/2024\/08\/21\/opositores-deben-trabajar-en-generar-la-unidad-que-vence\/","name":"Opositores deben trabajar en generar la \u201cunidad que vence\u201d - El Diario - Bolivia","isPartOf":{"@id":"https:\/\/www.eldiario.net\/portal\/#website"},"primaryImageOfPage":{"@id":"https:\/\/www.eldiario.net\/portal\/2024\/08\/21\/opositores-deben-trabajar-en-generar-la-unidad-que-vence\/#primaryimage"},"image":{"@id":"https:\/\/www.eldiario.net\/portal\/2024\/08\/21\/opositores-deben-trabajar-en-generar-la-unidad-que-vence\/#primaryimage"},"thumbnailUrl":"https:\/\/www.eldiario.net\/portal\/wp-content\/uploads\/2024\/08\/40-POL-9.jpg","datePublished":"2024-08-21T09:51:44+00:00","breadcrumb":{"@id":"https:\/\/www.eldiario.net\/portal\/2024\/08\/21\/opositores-deben-trabajar-en-generar-la-unidad-que-vence\/#breadcrumb"},"inLanguage":"es","potentialAction":[{"@type":"ReadAction","target":["https:\/\/www.eldiario.net\/portal\/2024\/08\/21\/opositores-deben-trabajar-en-generar-la-unidad-que-vence\/"]}]},{"@type":"ImageObject","inLanguage":"es","@id":"https:\/\/www.eldiario.net\/portal\/2024\/08\/21\/opositores-deben-trabajar-en-generar-la-unidad-que-vence\/#primaryimage","url":"https:\/\/www.eldiario.net\/portal\/wp-content\/uploads\/2024\/08\/40-POL-9.jpg","contentUrl":"https:\/\/www.eldiario.net\/portal\/wp-content\/uploads\/2024\/08\/40-POL-9.jpg","width":1161,"height":959,"caption":"el Senador, Rodrigo Paz Pereira (CC)."},{"@type":"BreadcrumbList","@id":"https:\/\/www.eldiario.net\/portal\/2024\/08\/21\/opositores-deben-trabajar-en-generar-la-unidad-que-vence\/#breadcrumb","itemListElement":[{"@type":"ListItem","position":1,"name":"Portada","item":"https:\/\/www.eldiario.net\/portal\/"},{"@type":"ListItem","position":2,"name":"Opositores deben trabajar en generar la \u201cunidad que vence\u201d"}]},{"@type":"WebSite","@id":"https:\/\/www.eldiario.net\/portal\/#website","url":"https:\/\/www.eldiario.net\/portal\/","name":"El Diario - Decano de la prensa nacional","description":"El Diario - Decano de la prensa nacional","publisher":{"@id":"https:\/\/www.eldiario.net\/portal\/#organization"},"potentialAction":[{"@type":"SearchAction","target":{"@type":"EntryPoint","urlTemplate":"https:\/\/www.eldiario.net\/portal\/?s={search_term_string}"},"query-input":{"@type":"PropertyValueSpecification","valueRequired":true,"valueName":"search_term_string"}}],"inLanguage":"es"},{"@type":"Organization","@id":"https:\/\/www.eldiario.net\/portal\/#organization","name":"El Diario - Decano de la prensa nacional","url":"https:\/\/www.eldiario.net\/portal\/","logo":{"@type":"ImageObject","inLanguage":"es","@id":"https:\/\/www.eldiario.net\/portal\/#\/schema\/logo\/image\/","url":"https:\/\/www.eldiario.net\/portal\/wp-content\/uploads\/2023\/07\/logo_ED.jpg","contentUrl":"https:\/\/www.eldiario.net\/portal\/wp-content\/uploads\/2023\/07\/logo_ED.jpg","width":272,"height":52,"caption":"El Diario - Decano de la prensa nacional"},"image":{"@id":"https:\/\/www.eldiario.net\/portal\/#\/schema\/logo\/image\/"},"sameAs":["https:\/\/www.facebook.com\/eldiario.bolivia\/","https:\/\/x.com\/eldiario_net"]},{"@type":"Person","@id":"https:\/\/www.eldiario.net\/portal\/#\/schema\/person\/f46445640444750d7d753ccd04ae01b7","name":"Jeanette","image":{"@type":"ImageObject","inLanguage":"es","@id":"https:\/\/secure.gravatar.com\/avatar\/3ea2118a5f7dad2b7138b1187a6b7ee55f160b9968b66013c3a3ef39dd7e5798?s=96&d=mm&r=g","url":"https:\/\/secure.gravatar.com\/avatar\/3ea2118a5f7dad2b7138b1187a6b7ee55f160b9968b66013c3a3ef39dd7e5798?s=96&d=mm&r=g","contentUrl":"https:\/\/secure.gravatar.com\/avatar\/3ea2118a5f7dad2b7138b1187a6b7ee55f160b9968b66013c3a3ef39dd7e5798?s=96&d=mm&r=g","caption":"Jeanette"},"sameAs":["https:\/\/www.eldiario.net\/portal"],"url":"https:\/\/www.eldiario.net\/portal\/author\/jeanette\/"}]}},"_links":{"self":[{"href":"https:\/\/www.eldiario.net\/portal\/wp-json\/wp\/v2\/posts\/242123","targetHints":{"allow":["GET"]}}],"collection":[{"href":"https:\/\/www.eldiario.net\/portal\/wp-json\/wp\/v2\/posts"}],"about":[{"href":"https:\/\/www.eldiario.net\/portal\/wp-json\/wp\/v2\/types\/post"}],"author":[{"embeddable":true,"href":"https:\/\/www.eldiario.net\/portal\/wp-json\/wp\/v2\/users\/1"}],"replies":[{"embeddable":true,"href":"https:\/\/www.eldiario.net\/portal\/wp-json\/wp\/v2\/comments?post=242123"}],"version-history":[{"count":1,"href":"https:\/\/www.eldiario.net\/portal\/wp-json\/wp\/v2\/posts\/242123\/revisions"}],"predecessor-version":[{"id":242125,"href":"https:\/\/www.eldiario.net\/portal\/wp-json\/wp\/v2\/posts\/242123\/revisions\/242125"}],"wp:featuredmedia":[{"embeddable":true,"href":"https:\/\/www.eldiario.net\/portal\/wp-json\/wp\/v2\/media\/242124"}],"wp:attachment":[{"href":"https:\/\/www.eldiario.net\/portal\/wp-json\/wp\/v2\/media?parent=242123"}],"wp:term":[{"taxonomy":"category","embeddable":true,"href":"https:\/\/www.eldiario.net\/portal\/wp-json\/wp\/v2\/categories?post=242123"},{"taxonomy":"post_tag","embeddable":true,"href":"https:\/\/www.eldiario.net\/portal\/wp-json\/wp\/v2\/tags?post=242123"}],"curies":[{"name":"wp","href":"https:\/\/api.w.org\/{rel}","templated":true}]}}