{"id":242120,"date":"2024-08-21T05:51:13","date_gmt":"2024-08-21T09:51:13","guid":{"rendered":"https:\/\/www.eldiario.net\/portal\/?p=242120"},"modified":"2024-08-21T05:51:13","modified_gmt":"2024-08-21T09:51:13","slug":"comienza-empadronamiento-y-se-prolongara-hasta-el-30","status":"publish","type":"post","link":"https:\/\/www.eldiario.net\/portal\/2024\/08\/21\/comienza-empadronamiento-y-se-prolongara-hasta-el-30\/","title":{"rendered":"Comienza empadronamiento y se prolongar\u00e1 hasta el 30"},"content":{"rendered":"<p>El empadronamiento masivo para las elecciones judiciales comienza hoy en todo el pa\u00eds y se prolongar\u00e1 hasta el 30 de este mes, seg\u00fan se confirm\u00f3 desde el Servicio de Registro C\u00edvico (Serec\u00ed).<br \/>\nTodas las personas que cumplan mayor\u00eda de edad hasta el 1 de diciembre, as\u00ed como aquellas que hayan cambiado su direcci\u00f3n o residencia, deben empadronarse con miras a las elecciones judiciales.<br \/>\n\u201cEl requisito esencial para realizar su registro es la presentaci\u00f3n de la c\u00e9dula de identidad vigente\u201d, indic\u00f3 el director nacional del Servicio de Registro C\u00edvico, David D\u00e1vila.<br \/>\nEl empadronamiento se llevar\u00e1 a cabo durante 10 d\u00edas continuos, incluyendo fines de semana. En el \u00e1rea urbana, la atenci\u00f3n ser\u00e1 de 8:30 a 16:30 horas y en el \u00e1rea rural de 07:30 a 18:30 horas. Son m\u00e1s de mil puntos en todo el pa\u00eds.<br \/>\nEn el departamento de La Paz, hay 11 puntos fijos de empadronamiento. En el municipio de La Paz habr\u00e1 tres: en la avenida Venezuela, en la estaci\u00f3n del Telef\u00e9rico Celeste de El Prado y en la calle 25 de Los Pinos.<br \/>\nEn El Alto, los puntos est\u00e1n en las 16 de Julio, en la estaci\u00f3n del Telef\u00e9rico Azul; en la Terminal Metropolitana; y en la zona Santiago Segundo, en la plaza del Minero.<br \/>\nLos municipios de Caranavi, Huarina, Patacamaya, Achacachi y San Buenaventura tienen un punto de empadronamiento fijo cada uno.<br \/>\nD\u00e1vila inform\u00f3 que la fecha de empadronamiento no ser\u00e1 ampliada, ya que est\u00e1 estipulada en el calendario electoral, \u201cpor tanto, es importante recordar a los ciudadanos que deben empadronarse hasta el treinta de agosto\u201d.<br \/>\nAsegur\u00f3 que, el 30 de agosto, se atender\u00e1 hasta el \u00faltimo ciudadano que se encuentre en cualquiera de los puntos de empadronamiento. (Br\u00fajula Digital)<\/p>\n","protected":false},"excerpt":{"rendered":"<p>El empadronamiento masivo para las elecciones judiciales comienza hoy en todo el pa\u00eds y se prolongar\u00e1 hasta el 30 de este mes, seg\u00fan se confirm\u00f3 desde el Servicio de Registro C\u00edvico (Serec\u00ed). Todas las personas que cumplan mayor\u00eda de edad hasta el 1 de diciembre, as\u00ed como aquellas que hayan cambiado su direcci\u00f3n o residencia, [&hellip;]<\/p>\n","protected":false},"author":1,"featured_media":242121,"comment_status":"open","ping_status":"open","sticky":false,"template":"","format":"standard","meta":{"_acf_changed":false,"footnotes":""},"categories":[14],"tags":[],"class_list":["post-242120","post","type-post","status-publish","format-standard","has-post-thumbnail","category-politica"],"acf":{"antetitulo":"En todo el pa\u00eds"},"yoast_head":"<!-- This site is optimized with the Yoast SEO plugin v28.4 - https:\/\/yoast.com\/product\/yoast-seo-wordpress\/ -->\n<title>Comienza empadronamiento y se prolongar\u00e1 hasta el 30 - El Diario - Bolivia<\/title>\n<meta name=\"robots\" content=\"index, follow, max-snippet:-1, max-image-preview:large, max-video-preview:-1\" \/>\n<link rel=\"canonical\" href=\"https:\/\/www.eldiario.net\/portal\/2024\/08\/21\/comienza-empadronamiento-y-se-prolongara-hasta-el-30\/\" \/>\n<meta property=\"og:locale\" content=\"es_ES\" \/>\n<meta property=\"og:type\" content=\"article\" \/>\n<meta property=\"og:title\" content=\"Comienza empadronamiento y se prolongar\u00e1 hasta el 30 - El Diario - Bolivia\" \/>\n<meta property=\"og:description\" content=\"El empadronamiento masivo para las elecciones judiciales comienza hoy en todo el pa\u00eds y se prolongar\u00e1 hasta el 30 de este mes, seg\u00fan se confirm\u00f3 desde el Servicio de Registro C\u00edvico (Serec\u00ed). Todas las personas que cumplan mayor\u00eda de edad hasta el 1 de diciembre, as\u00ed como aquellas que hayan cambiado su direcci\u00f3n o residencia, [&hellip;]\" \/>\n<meta property=\"og:url\" content=\"https:\/\/www.eldiario.net\/portal\/2024\/08\/21\/comienza-empadronamiento-y-se-prolongara-hasta-el-30\/\" \/>\n<meta property=\"og:site_name\" content=\"El Diario - Bolivia\" \/>\n<meta property=\"article:publisher\" content=\"https:\/\/www.facebook.com\/eldiario.bolivia\/\" \/>\n<meta property=\"article:published_time\" content=\"2024-08-21T09:51:13+00:00\" \/>\n<meta property=\"og:image\" content=\"https:\/\/www.eldiario.net\/portal\/wp-content\/uploads\/2024\/08\/41-POL.jpeg\" \/>\n\t<meta property=\"og:image:width\" content=\"720\" \/>\n\t<meta property=\"og:image:height\" content=\"399\" \/>\n\t<meta property=\"og:image:type\" content=\"image\/jpeg\" \/>\n<meta name=\"author\" content=\"Jeanette\" \/>\n<meta name=\"twitter:card\" content=\"summary_large_image\" \/>\n<meta name=\"twitter:creator\" content=\"@eldiario_net\" \/>\n<meta name=\"twitter:site\" content=\"@eldiario_net\" \/>\n<meta name=\"twitter:label1\" content=\"Escrito por\" \/>\n\t<meta name=\"twitter:data1\" content=\"Jeanette\" \/>\n\t<meta name=\"twitter:label2\" content=\"Tiempo de lectura\" \/>\n\t<meta name=\"twitter:data2\" content=\"2 minutos\" \/>\n<script type=\"application\/ld+json\" class=\"yoast-schema-graph\">{\"@context\":\"https:\\\/\\\/schema.org\",\"@graph\":[{\"@type\":\"Article\",\"@id\":\"https:\\\/\\\/www.eldiario.net\\\/portal\\\/2024\\\/08\\\/21\\\/comienza-empadronamiento-y-se-prolongara-hasta-el-30\\\/#article\",\"isPartOf\":{\"@id\":\"https:\\\/\\\/www.eldiario.net\\\/portal\\\/2024\\\/08\\\/21\\\/comienza-empadronamiento-y-se-prolongara-hasta-el-30\\\/\"},\"author\":{\"name\":\"Jeanette\",\"@id\":\"https:\\\/\\\/www.eldiario.net\\\/portal\\\/#\\\/schema\\\/person\\\/f46445640444750d7d753ccd04ae01b7\"},\"headline\":\"Comienza empadronamiento y se prolongar\u00e1 hasta el 30\",\"datePublished\":\"2024-08-21T09:51:13+00:00\",\"mainEntityOfPage\":{\"@id\":\"https:\\\/\\\/www.eldiario.net\\\/portal\\\/2024\\\/08\\\/21\\\/comienza-empadronamiento-y-se-prolongara-hasta-el-30\\\/\"},\"wordCount\":300,\"commentCount\":0,\"publisher\":{\"@id\":\"https:\\\/\\\/www.eldiario.net\\\/portal\\\/#organization\"},\"image\":{\"@id\":\"https:\\\/\\\/www.eldiario.net\\\/portal\\\/2024\\\/08\\\/21\\\/comienza-empadronamiento-y-se-prolongara-hasta-el-30\\\/#primaryimage\"},\"thumbnailUrl\":\"https:\\\/\\\/www.eldiario.net\\\/portal\\\/wp-content\\\/uploads\\\/2024\\\/08\\\/41-POL.jpeg\",\"articleSection\":[\"Pol\u00edtica\"],\"inLanguage\":\"es\",\"potentialAction\":[{\"@type\":\"CommentAction\",\"name\":\"Comment\",\"target\":[\"https:\\\/\\\/www.eldiario.net\\\/portal\\\/2024\\\/08\\\/21\\\/comienza-empadronamiento-y-se-prolongara-hasta-el-30\\\/#respond\"]}]},{\"@type\":\"WebPage\",\"@id\":\"https:\\\/\\\/www.eldiario.net\\\/portal\\\/2024\\\/08\\\/21\\\/comienza-empadronamiento-y-se-prolongara-hasta-el-30\\\/\",\"url\":\"https:\\\/\\\/www.eldiario.net\\\/portal\\\/2024\\\/08\\\/21\\\/comienza-empadronamiento-y-se-prolongara-hasta-el-30\\\/\",\"name\":\"Comienza empadronamiento y se prolongar\u00e1 hasta el 30 - El Diario - Bolivia\",\"isPartOf\":{\"@id\":\"https:\\\/\\\/www.eldiario.net\\\/portal\\\/#website\"},\"primaryImageOfPage\":{\"@id\":\"https:\\\/\\\/www.eldiario.net\\\/portal\\\/2024\\\/08\\\/21\\\/comienza-empadronamiento-y-se-prolongara-hasta-el-30\\\/#primaryimage\"},\"image\":{\"@id\":\"https:\\\/\\\/www.eldiario.net\\\/portal\\\/2024\\\/08\\\/21\\\/comienza-empadronamiento-y-se-prolongara-hasta-el-30\\\/#primaryimage\"},\"thumbnailUrl\":\"https:\\\/\\\/www.eldiario.net\\\/portal\\\/wp-content\\\/uploads\\\/2024\\\/08\\\/41-POL.jpeg\",\"datePublished\":\"2024-08-21T09:51:13+00:00\",\"breadcrumb\":{\"@id\":\"https:\\\/\\\/www.eldiario.net\\\/portal\\\/2024\\\/08\\\/21\\\/comienza-empadronamiento-y-se-prolongara-hasta-el-30\\\/#breadcrumb\"},\"inLanguage\":\"es\",\"potentialAction\":[{\"@type\":\"ReadAction\",\"target\":[\"https:\\\/\\\/www.eldiario.net\\\/portal\\\/2024\\\/08\\\/21\\\/comienza-empadronamiento-y-se-prolongara-hasta-el-30\\\/\"]}]},{\"@type\":\"ImageObject\",\"inLanguage\":\"es\",\"@id\":\"https:\\\/\\\/www.eldiario.net\\\/portal\\\/2024\\\/08\\\/21\\\/comienza-empadronamiento-y-se-prolongara-hasta-el-30\\\/#primaryimage\",\"url\":\"https:\\\/\\\/www.eldiario.net\\\/portal\\\/wp-content\\\/uploads\\\/2024\\\/08\\\/41-POL.jpeg\",\"contentUrl\":\"https:\\\/\\\/www.eldiario.net\\\/portal\\\/wp-content\\\/uploads\\\/2024\\\/08\\\/41-POL.jpeg\",\"width\":720,\"height\":399,\"caption\":\"Capacitaci\u00f3n para empadronamiento del Serec\u00ed.\"},{\"@type\":\"BreadcrumbList\",\"@id\":\"https:\\\/\\\/www.eldiario.net\\\/portal\\\/2024\\\/08\\\/21\\\/comienza-empadronamiento-y-se-prolongara-hasta-el-30\\\/#breadcrumb\",\"itemListElement\":[{\"@type\":\"ListItem\",\"position\":1,\"name\":\"Portada\",\"item\":\"https:\\\/\\\/www.eldiario.net\\\/portal\\\/\"},{\"@type\":\"ListItem\",\"position\":2,\"name\":\"Comienza empadronamiento y se prolongar\u00e1 hasta el 30\"}]},{\"@type\":\"WebSite\",\"@id\":\"https:\\\/\\\/www.eldiario.net\\\/portal\\\/#website\",\"url\":\"https:\\\/\\\/www.eldiario.net\\\/portal\\\/\",\"name\":\"El Diario - Decano de la prensa nacional\",\"description\":\"El Diario - Decano de la prensa nacional\",\"publisher\":{\"@id\":\"https:\\\/\\\/www.eldiario.net\\\/portal\\\/#organization\"},\"potentialAction\":[{\"@type\":\"SearchAction\",\"target\":{\"@type\":\"EntryPoint\",\"urlTemplate\":\"https:\\\/\\\/www.eldiario.net\\\/portal\\\/?s={search_term_string}\"},\"query-input\":{\"@type\":\"PropertyValueSpecification\",\"valueRequired\":true,\"valueName\":\"search_term_string\"}}],\"inLanguage\":\"es\"},{\"@type\":\"Organization\",\"@id\":\"https:\\\/\\\/www.eldiario.net\\\/portal\\\/#organization\",\"name\":\"El Diario - Decano de la prensa nacional\",\"url\":\"https:\\\/\\\/www.eldiario.net\\\/portal\\\/\",\"logo\":{\"@type\":\"ImageObject\",\"inLanguage\":\"es\",\"@id\":\"https:\\\/\\\/www.eldiario.net\\\/portal\\\/#\\\/schema\\\/logo\\\/image\\\/\",\"url\":\"https:\\\/\\\/www.eldiario.net\\\/portal\\\/wp-content\\\/uploads\\\/2023\\\/07\\\/logo_ED.jpg\",\"contentUrl\":\"https:\\\/\\\/www.eldiario.net\\\/portal\\\/wp-content\\\/uploads\\\/2023\\\/07\\\/logo_ED.jpg\",\"width\":272,\"height\":52,\"caption\":\"El Diario - Decano de la prensa nacional\"},\"image\":{\"@id\":\"https:\\\/\\\/www.eldiario.net\\\/portal\\\/#\\\/schema\\\/logo\\\/image\\\/\"},\"sameAs\":[\"https:\\\/\\\/www.facebook.com\\\/eldiario.bolivia\\\/\",\"https:\\\/\\\/x.com\\\/eldiario_net\"]},{\"@type\":\"Person\",\"@id\":\"https:\\\/\\\/www.eldiario.net\\\/portal\\\/#\\\/schema\\\/person\\\/f46445640444750d7d753ccd04ae01b7\",\"name\":\"Jeanette\",\"image\":{\"@type\":\"ImageObject\",\"inLanguage\":\"es\",\"@id\":\"https:\\\/\\\/secure.gravatar.com\\\/avatar\\\/3ea2118a5f7dad2b7138b1187a6b7ee55f160b9968b66013c3a3ef39dd7e5798?s=96&d=mm&r=g\",\"url\":\"https:\\\/\\\/secure.gravatar.com\\\/avatar\\\/3ea2118a5f7dad2b7138b1187a6b7ee55f160b9968b66013c3a3ef39dd7e5798?s=96&d=mm&r=g\",\"contentUrl\":\"https:\\\/\\\/secure.gravatar.com\\\/avatar\\\/3ea2118a5f7dad2b7138b1187a6b7ee55f160b9968b66013c3a3ef39dd7e5798?s=96&d=mm&r=g\",\"caption\":\"Jeanette\"},\"sameAs\":[\"https:\\\/\\\/www.eldiario.net\\\/portal\"],\"url\":\"https:\\\/\\\/www.eldiario.net\\\/portal\\\/author\\\/jeanette\\\/\"}]}<\/script>\n<!-- \/ Yoast SEO plugin. -->","yoast_head_json":{"title":"Comienza empadronamiento y se prolongar\u00e1 hasta el 30 - El Diario - Bolivia","robots":{"index":"index","follow":"follow","max-snippet":"max-snippet:-1","max-image-preview":"max-image-preview:large","max-video-preview":"max-video-preview:-1"},"canonical":"https:\/\/www.eldiario.net\/portal\/2024\/08\/21\/comienza-empadronamiento-y-se-prolongara-hasta-el-30\/","og_locale":"es_ES","og_type":"article","og_title":"Comienza empadronamiento y se prolongar\u00e1 hasta el 30 - El Diario - Bolivia","og_description":"El empadronamiento masivo para las elecciones judiciales comienza hoy en todo el pa\u00eds y se prolongar\u00e1 hasta el 30 de este mes, seg\u00fan se confirm\u00f3 desde el Servicio de Registro C\u00edvico (Serec\u00ed). Todas las personas que cumplan mayor\u00eda de edad hasta el 1 de diciembre, as\u00ed como aquellas que hayan cambiado su direcci\u00f3n o residencia, [&hellip;]","og_url":"https:\/\/www.eldiario.net\/portal\/2024\/08\/21\/comienza-empadronamiento-y-se-prolongara-hasta-el-30\/","og_site_name":"El Diario - Bolivia","article_publisher":"https:\/\/www.facebook.com\/eldiario.bolivia\/","article_published_time":"2024-08-21T09:51:13+00:00","og_image":[{"width":720,"height":399,"url":"https:\/\/www.eldiario.net\/portal\/wp-content\/uploads\/2024\/08\/41-POL.jpeg","type":"image\/jpeg"}],"author":"Jeanette","twitter_card":"summary_large_image","twitter_creator":"@eldiario_net","twitter_site":"@eldiario_net","twitter_misc":{"Escrito por":"Jeanette","Tiempo de lectura":"2 minutos"},"schema":{"@context":"https:\/\/schema.org","@graph":[{"@type":"Article","@id":"https:\/\/www.eldiario.net\/portal\/2024\/08\/21\/comienza-empadronamiento-y-se-prolongara-hasta-el-30\/#article","isPartOf":{"@id":"https:\/\/www.eldiario.net\/portal\/2024\/08\/21\/comienza-empadronamiento-y-se-prolongara-hasta-el-30\/"},"author":{"name":"Jeanette","@id":"https:\/\/www.eldiario.net\/portal\/#\/schema\/person\/f46445640444750d7d753ccd04ae01b7"},"headline":"Comienza empadronamiento y se prolongar\u00e1 hasta el 30","datePublished":"2024-08-21T09:51:13+00:00","mainEntityOfPage":{"@id":"https:\/\/www.eldiario.net\/portal\/2024\/08\/21\/comienza-empadronamiento-y-se-prolongara-hasta-el-30\/"},"wordCount":300,"commentCount":0,"publisher":{"@id":"https:\/\/www.eldiario.net\/portal\/#organization"},"image":{"@id":"https:\/\/www.eldiario.net\/portal\/2024\/08\/21\/comienza-empadronamiento-y-se-prolongara-hasta-el-30\/#primaryimage"},"thumbnailUrl":"https:\/\/www.eldiario.net\/portal\/wp-content\/uploads\/2024\/08\/41-POL.jpeg","articleSection":["Pol\u00edtica"],"inLanguage":"es","potentialAction":[{"@type":"CommentAction","name":"Comment","target":["https:\/\/www.eldiario.net\/portal\/2024\/08\/21\/comienza-empadronamiento-y-se-prolongara-hasta-el-30\/#respond"]}]},{"@type":"WebPage","@id":"https:\/\/www.eldiario.net\/portal\/2024\/08\/21\/comienza-empadronamiento-y-se-prolongara-hasta-el-30\/","url":"https:\/\/www.eldiario.net\/portal\/2024\/08\/21\/comienza-empadronamiento-y-se-prolongara-hasta-el-30\/","name":"Comienza empadronamiento y se prolongar\u00e1 hasta el 30 - El Diario - Bolivia","isPartOf":{"@id":"https:\/\/www.eldiario.net\/portal\/#website"},"primaryImageOfPage":{"@id":"https:\/\/www.eldiario.net\/portal\/2024\/08\/21\/comienza-empadronamiento-y-se-prolongara-hasta-el-30\/#primaryimage"},"image":{"@id":"https:\/\/www.eldiario.net\/portal\/2024\/08\/21\/comienza-empadronamiento-y-se-prolongara-hasta-el-30\/#primaryimage"},"thumbnailUrl":"https:\/\/www.eldiario.net\/portal\/wp-content\/uploads\/2024\/08\/41-POL.jpeg","datePublished":"2024-08-21T09:51:13+00:00","breadcrumb":{"@id":"https:\/\/www.eldiario.net\/portal\/2024\/08\/21\/comienza-empadronamiento-y-se-prolongara-hasta-el-30\/#breadcrumb"},"inLanguage":"es","potentialAction":[{"@type":"ReadAction","target":["https:\/\/www.eldiario.net\/portal\/2024\/08\/21\/comienza-empadronamiento-y-se-prolongara-hasta-el-30\/"]}]},{"@type":"ImageObject","inLanguage":"es","@id":"https:\/\/www.eldiario.net\/portal\/2024\/08\/21\/comienza-empadronamiento-y-se-prolongara-hasta-el-30\/#primaryimage","url":"https:\/\/www.eldiario.net\/portal\/wp-content\/uploads\/2024\/08\/41-POL.jpeg","contentUrl":"https:\/\/www.eldiario.net\/portal\/wp-content\/uploads\/2024\/08\/41-POL.jpeg","width":720,"height":399,"caption":"Capacitaci\u00f3n para empadronamiento del Serec\u00ed."},{"@type":"BreadcrumbList","@id":"https:\/\/www.eldiario.net\/portal\/2024\/08\/21\/comienza-empadronamiento-y-se-prolongara-hasta-el-30\/#breadcrumb","itemListElement":[{"@type":"ListItem","position":1,"name":"Portada","item":"https:\/\/www.eldiario.net\/portal\/"},{"@type":"ListItem","position":2,"name":"Comienza empadronamiento y se prolongar\u00e1 hasta el 30"}]},{"@type":"WebSite","@id":"https:\/\/www.eldiario.net\/portal\/#website","url":"https:\/\/www.eldiario.net\/portal\/","name":"El Diario - Decano de la prensa nacional","description":"El Diario - Decano de la prensa nacional","publisher":{"@id":"https:\/\/www.eldiario.net\/portal\/#organization"},"potentialAction":[{"@type":"SearchAction","target":{"@type":"EntryPoint","urlTemplate":"https:\/\/www.eldiario.net\/portal\/?s={search_term_string}"},"query-input":{"@type":"PropertyValueSpecification","valueRequired":true,"valueName":"search_term_string"}}],"inLanguage":"es"},{"@type":"Organization","@id":"https:\/\/www.eldiario.net\/portal\/#organization","name":"El Diario - Decano de la prensa nacional","url":"https:\/\/www.eldiario.net\/portal\/","logo":{"@type":"ImageObject","inLanguage":"es","@id":"https:\/\/www.eldiario.net\/portal\/#\/schema\/logo\/image\/","url":"https:\/\/www.eldiario.net\/portal\/wp-content\/uploads\/2023\/07\/logo_ED.jpg","contentUrl":"https:\/\/www.eldiario.net\/portal\/wp-content\/uploads\/2023\/07\/logo_ED.jpg","width":272,"height":52,"caption":"El Diario - Decano de la prensa nacional"},"image":{"@id":"https:\/\/www.eldiario.net\/portal\/#\/schema\/logo\/image\/"},"sameAs":["https:\/\/www.facebook.com\/eldiario.bolivia\/","https:\/\/x.com\/eldiario_net"]},{"@type":"Person","@id":"https:\/\/www.eldiario.net\/portal\/#\/schema\/person\/f46445640444750d7d753ccd04ae01b7","name":"Jeanette","image":{"@type":"ImageObject","inLanguage":"es","@id":"https:\/\/secure.gravatar.com\/avatar\/3ea2118a5f7dad2b7138b1187a6b7ee55f160b9968b66013c3a3ef39dd7e5798?s=96&d=mm&r=g","url":"https:\/\/secure.gravatar.com\/avatar\/3ea2118a5f7dad2b7138b1187a6b7ee55f160b9968b66013c3a3ef39dd7e5798?s=96&d=mm&r=g","contentUrl":"https:\/\/secure.gravatar.com\/avatar\/3ea2118a5f7dad2b7138b1187a6b7ee55f160b9968b66013c3a3ef39dd7e5798?s=96&d=mm&r=g","caption":"Jeanette"},"sameAs":["https:\/\/www.eldiario.net\/portal"],"url":"https:\/\/www.eldiario.net\/portal\/author\/jeanette\/"}]}},"_links":{"self":[{"href":"https:\/\/www.eldiario.net\/portal\/wp-json\/wp\/v2\/posts\/242120","targetHints":{"allow":["GET"]}}],"collection":[{"href":"https:\/\/www.eldiario.net\/portal\/wp-json\/wp\/v2\/posts"}],"about":[{"href":"https:\/\/www.eldiario.net\/portal\/wp-json\/wp\/v2\/types\/post"}],"author":[{"embeddable":true,"href":"https:\/\/www.eldiario.net\/portal\/wp-json\/wp\/v2\/users\/1"}],"replies":[{"embeddable":true,"href":"https:\/\/www.eldiario.net\/portal\/wp-json\/wp\/v2\/comments?post=242120"}],"version-history":[{"count":1,"href":"https:\/\/www.eldiario.net\/portal\/wp-json\/wp\/v2\/posts\/242120\/revisions"}],"predecessor-version":[{"id":242122,"href":"https:\/\/www.eldiario.net\/portal\/wp-json\/wp\/v2\/posts\/242120\/revisions\/242122"}],"wp:featuredmedia":[{"embeddable":true,"href":"https:\/\/www.eldiario.net\/portal\/wp-json\/wp\/v2\/media\/242121"}],"wp:attachment":[{"href":"https:\/\/www.eldiario.net\/portal\/wp-json\/wp\/v2\/media?parent=242120"}],"wp:term":[{"taxonomy":"category","embeddable":true,"href":"https:\/\/www.eldiario.net\/portal\/wp-json\/wp\/v2\/categories?post=242120"},{"taxonomy":"post_tag","embeddable":true,"href":"https:\/\/www.eldiario.net\/portal\/wp-json\/wp\/v2\/tags?post=242120"}],"curies":[{"name":"wp","href":"https:\/\/api.w.org\/{rel}","templated":true}]}}