{"id":242117,"date":"2024-08-21T05:50:44","date_gmt":"2024-08-21T09:50:44","guid":{"rendered":"https:\/\/www.eldiario.net\/portal\/?p=242117"},"modified":"2024-08-21T05:50:44","modified_gmt":"2024-08-21T09:50:44","slug":"diputados-trata-hoy-ley-para-designacion-de-fiscal-general","status":"publish","type":"post","link":"https:\/\/www.eldiario.net\/portal\/2024\/08\/21\/diputados-trata-hoy-ley-para-designacion-de-fiscal-general\/","title":{"rendered":"Diputados trata hoy ley para  designaci\u00f3n de Fiscal General"},"content":{"rendered":"<p>Luego de haber recibido el respectivo informe de la Comisi\u00f3n de Justicia, la presidencia de la C\u00e1mara de Diputados convoc\u00f3 para esta jornada a sesi\u00f3n plenaria de esta instancia, con la finalidad de tratar el proyecto de ley para la designaci\u00f3n del nuevo Fiscal General del Estado, el titular de la C\u00e1mara Baja, Israel Huaytari, inform\u00f3 que esta normativa ser\u00e1 analizada con prioridad y obligatoriedad.<br \/>\nAyer, mediante un comunicado emitido por la presidencia de la C\u00e1mara de Diputados, se convoc\u00f3 para esta jornada a la 167 sesi\u00f3n ordinaria de esta instancia, a partir de las 16:00 horas.<br \/>\nSeg\u00fan el orden del D\u00eda planteado, se tiene previsto tratar un proyecto de transferencia en favor del Gobierno Aut\u00f3nomo Municipal de Warnes y el proyecto de \u201cLey Transitoria para la Selecci\u00f3n y Designaci\u00f3n del Fiscal General del Estado\u201d, adem\u00e1s de otros \u201cAsuntos en Mesa\u201d.<br \/>\n\u201cLa anterior semana nos ha remitido la Comisi\u00f3n de Justicia, el Proyecto de Ley, en este sentido nos obliga a convocar a nosotros esta semana tomando en cuenta que esto tiene plazos correspondientes (\u2026), consideramos que esto se debe consensuar con todos los parlamentarios por ser un mandato y tuici\u00f3n de la Asamblea de designar al nuevo fiscal\u201d, afirm\u00f3 el presidente de Diputados, Israel Huaytari.<br \/>\nLa autoridad detall\u00f3 que, seg\u00fan los plazos, la Comisi\u00f3n Mixta de Justicia Plural, Ministerio P\u00fablico y Defensa Legal del Estado, tiene 45 d\u00edas para llevar adelante la elecci\u00f3n de los postulantes, lo que marca que hasta el 22 de octubre, debe tratarse el informe en la Asamblea Legislativa, y as\u00ed cumplir con la designaci\u00f3n de esta autoridad.<br \/>\nAdem\u00e1s, consider\u00f3 que para evitar estancamientos en la elecci\u00f3n y designaci\u00f3n del nuevo Fiscal, se debe consensuar con los parlamentarios, para as\u00ed acelerar y apoyar a la organizaci\u00f3n de la Comisi\u00f3n Mixta de Justicia Plural.<\/p>\n","protected":false},"excerpt":{"rendered":"<p>Luego de haber recibido el respectivo informe de la Comisi\u00f3n de Justicia, la presidencia de la C\u00e1mara de Diputados convoc\u00f3 para esta jornada a sesi\u00f3n plenaria de esta instancia, con la finalidad de tratar el proyecto de ley para la designaci\u00f3n del nuevo Fiscal General del Estado, el titular de la C\u00e1mara Baja, Israel Huaytari, [&hellip;]<\/p>\n","protected":false},"author":1,"featured_media":242118,"comment_status":"open","ping_status":"open","sticky":false,"template":"","format":"standard","meta":{"_acf_changed":false,"footnotes":""},"categories":[14],"tags":[],"class_list":["post-242117","post","type-post","status-publish","format-standard","has-post-thumbnail","category-politica"],"acf":{"antetitulo":"Adelantan an\u00e1lisis prioritario"},"yoast_head":"<!-- This site is optimized with the Yoast SEO plugin v28.4 - https:\/\/yoast.com\/product\/yoast-seo-wordpress\/ -->\n<title>Diputados trata hoy ley para designaci\u00f3n de Fiscal General - El Diario - Bolivia<\/title>\n<meta name=\"robots\" content=\"index, follow, max-snippet:-1, max-image-preview:large, max-video-preview:-1\" \/>\n<link rel=\"canonical\" href=\"https:\/\/www.eldiario.net\/portal\/2024\/08\/21\/diputados-trata-hoy-ley-para-designacion-de-fiscal-general\/\" \/>\n<meta property=\"og:locale\" content=\"es_ES\" \/>\n<meta property=\"og:type\" content=\"article\" \/>\n<meta property=\"og:title\" content=\"Diputados trata hoy ley para designaci\u00f3n de Fiscal General - El Diario - Bolivia\" \/>\n<meta property=\"og:description\" content=\"Luego de haber recibido el respectivo informe de la Comisi\u00f3n de Justicia, la presidencia de la C\u00e1mara de Diputados convoc\u00f3 para esta jornada a sesi\u00f3n plenaria de esta instancia, con la finalidad de tratar el proyecto de ley para la designaci\u00f3n del nuevo Fiscal General del Estado, el titular de la C\u00e1mara Baja, Israel Huaytari, [&hellip;]\" \/>\n<meta property=\"og:url\" content=\"https:\/\/www.eldiario.net\/portal\/2024\/08\/21\/diputados-trata-hoy-ley-para-designacion-de-fiscal-general\/\" \/>\n<meta property=\"og:site_name\" content=\"El Diario - Bolivia\" \/>\n<meta property=\"article:publisher\" content=\"https:\/\/www.facebook.com\/eldiario.bolivia\/\" \/>\n<meta property=\"article:published_time\" content=\"2024-08-21T09:50:44+00:00\" \/>\n<meta property=\"og:image\" content=\"https:\/\/www.eldiario.net\/portal\/wp-content\/uploads\/2024\/08\/42-POL-6.jpg\" \/>\n\t<meta property=\"og:image:width\" content=\"1280\" \/>\n\t<meta property=\"og:image:height\" content=\"853\" \/>\n\t<meta property=\"og:image:type\" content=\"image\/jpeg\" \/>\n<meta name=\"author\" content=\"Jeanette\" \/>\n<meta name=\"twitter:card\" content=\"summary_large_image\" \/>\n<meta name=\"twitter:creator\" content=\"@eldiario_net\" \/>\n<meta name=\"twitter:site\" content=\"@eldiario_net\" \/>\n<meta name=\"twitter:label1\" content=\"Escrito por\" \/>\n\t<meta name=\"twitter:data1\" content=\"Jeanette\" \/>\n\t<meta name=\"twitter:label2\" content=\"Tiempo de lectura\" \/>\n\t<meta name=\"twitter:data2\" content=\"2 minutos\" \/>\n<script type=\"application\/ld+json\" class=\"yoast-schema-graph\">{\"@context\":\"https:\\\/\\\/schema.org\",\"@graph\":[{\"@type\":\"Article\",\"@id\":\"https:\\\/\\\/www.eldiario.net\\\/portal\\\/2024\\\/08\\\/21\\\/diputados-trata-hoy-ley-para-designacion-de-fiscal-general\\\/#article\",\"isPartOf\":{\"@id\":\"https:\\\/\\\/www.eldiario.net\\\/portal\\\/2024\\\/08\\\/21\\\/diputados-trata-hoy-ley-para-designacion-de-fiscal-general\\\/\"},\"author\":{\"name\":\"Jeanette\",\"@id\":\"https:\\\/\\\/www.eldiario.net\\\/portal\\\/#\\\/schema\\\/person\\\/f46445640444750d7d753ccd04ae01b7\"},\"headline\":\"Diputados trata hoy ley para designaci\u00f3n de Fiscal General\",\"datePublished\":\"2024-08-21T09:50:44+00:00\",\"mainEntityOfPage\":{\"@id\":\"https:\\\/\\\/www.eldiario.net\\\/portal\\\/2024\\\/08\\\/21\\\/diputados-trata-hoy-ley-para-designacion-de-fiscal-general\\\/\"},\"wordCount\":329,\"commentCount\":0,\"publisher\":{\"@id\":\"https:\\\/\\\/www.eldiario.net\\\/portal\\\/#organization\"},\"image\":{\"@id\":\"https:\\\/\\\/www.eldiario.net\\\/portal\\\/2024\\\/08\\\/21\\\/diputados-trata-hoy-ley-para-designacion-de-fiscal-general\\\/#primaryimage\"},\"thumbnailUrl\":\"https:\\\/\\\/www.eldiario.net\\\/portal\\\/wp-content\\\/uploads\\\/2024\\\/08\\\/42-POL-6.jpg\",\"articleSection\":[\"Pol\u00edtica\"],\"inLanguage\":\"es\",\"potentialAction\":[{\"@type\":\"CommentAction\",\"name\":\"Comment\",\"target\":[\"https:\\\/\\\/www.eldiario.net\\\/portal\\\/2024\\\/08\\\/21\\\/diputados-trata-hoy-ley-para-designacion-de-fiscal-general\\\/#respond\"]}]},{\"@type\":\"WebPage\",\"@id\":\"https:\\\/\\\/www.eldiario.net\\\/portal\\\/2024\\\/08\\\/21\\\/diputados-trata-hoy-ley-para-designacion-de-fiscal-general\\\/\",\"url\":\"https:\\\/\\\/www.eldiario.net\\\/portal\\\/2024\\\/08\\\/21\\\/diputados-trata-hoy-ley-para-designacion-de-fiscal-general\\\/\",\"name\":\"Diputados trata hoy ley para designaci\u00f3n de Fiscal General - El Diario - Bolivia\",\"isPartOf\":{\"@id\":\"https:\\\/\\\/www.eldiario.net\\\/portal\\\/#website\"},\"primaryImageOfPage\":{\"@id\":\"https:\\\/\\\/www.eldiario.net\\\/portal\\\/2024\\\/08\\\/21\\\/diputados-trata-hoy-ley-para-designacion-de-fiscal-general\\\/#primaryimage\"},\"image\":{\"@id\":\"https:\\\/\\\/www.eldiario.net\\\/portal\\\/2024\\\/08\\\/21\\\/diputados-trata-hoy-ley-para-designacion-de-fiscal-general\\\/#primaryimage\"},\"thumbnailUrl\":\"https:\\\/\\\/www.eldiario.net\\\/portal\\\/wp-content\\\/uploads\\\/2024\\\/08\\\/42-POL-6.jpg\",\"datePublished\":\"2024-08-21T09:50:44+00:00\",\"breadcrumb\":{\"@id\":\"https:\\\/\\\/www.eldiario.net\\\/portal\\\/2024\\\/08\\\/21\\\/diputados-trata-hoy-ley-para-designacion-de-fiscal-general\\\/#breadcrumb\"},\"inLanguage\":\"es\",\"potentialAction\":[{\"@type\":\"ReadAction\",\"target\":[\"https:\\\/\\\/www.eldiario.net\\\/portal\\\/2024\\\/08\\\/21\\\/diputados-trata-hoy-ley-para-designacion-de-fiscal-general\\\/\"]}]},{\"@type\":\"ImageObject\",\"inLanguage\":\"es\",\"@id\":\"https:\\\/\\\/www.eldiario.net\\\/portal\\\/2024\\\/08\\\/21\\\/diputados-trata-hoy-ley-para-designacion-de-fiscal-general\\\/#primaryimage\",\"url\":\"https:\\\/\\\/www.eldiario.net\\\/portal\\\/wp-content\\\/uploads\\\/2024\\\/08\\\/42-POL-6.jpg\",\"contentUrl\":\"https:\\\/\\\/www.eldiario.net\\\/portal\\\/wp-content\\\/uploads\\\/2024\\\/08\\\/42-POL-6.jpg\",\"width\":1280,\"height\":853,\"caption\":\"C\u00e1mara de Diputados (referencial)\"},{\"@type\":\"BreadcrumbList\",\"@id\":\"https:\\\/\\\/www.eldiario.net\\\/portal\\\/2024\\\/08\\\/21\\\/diputados-trata-hoy-ley-para-designacion-de-fiscal-general\\\/#breadcrumb\",\"itemListElement\":[{\"@type\":\"ListItem\",\"position\":1,\"name\":\"Portada\",\"item\":\"https:\\\/\\\/www.eldiario.net\\\/portal\\\/\"},{\"@type\":\"ListItem\",\"position\":2,\"name\":\"Diputados trata hoy ley para designaci\u00f3n de Fiscal General\"}]},{\"@type\":\"WebSite\",\"@id\":\"https:\\\/\\\/www.eldiario.net\\\/portal\\\/#website\",\"url\":\"https:\\\/\\\/www.eldiario.net\\\/portal\\\/\",\"name\":\"El Diario - Decano de la prensa nacional\",\"description\":\"El Diario - Decano de la prensa nacional\",\"publisher\":{\"@id\":\"https:\\\/\\\/www.eldiario.net\\\/portal\\\/#organization\"},\"potentialAction\":[{\"@type\":\"SearchAction\",\"target\":{\"@type\":\"EntryPoint\",\"urlTemplate\":\"https:\\\/\\\/www.eldiario.net\\\/portal\\\/?s={search_term_string}\"},\"query-input\":{\"@type\":\"PropertyValueSpecification\",\"valueRequired\":true,\"valueName\":\"search_term_string\"}}],\"inLanguage\":\"es\"},{\"@type\":\"Organization\",\"@id\":\"https:\\\/\\\/www.eldiario.net\\\/portal\\\/#organization\",\"name\":\"El Diario - Decano de la prensa nacional\",\"url\":\"https:\\\/\\\/www.eldiario.net\\\/portal\\\/\",\"logo\":{\"@type\":\"ImageObject\",\"inLanguage\":\"es\",\"@id\":\"https:\\\/\\\/www.eldiario.net\\\/portal\\\/#\\\/schema\\\/logo\\\/image\\\/\",\"url\":\"https:\\\/\\\/www.eldiario.net\\\/portal\\\/wp-content\\\/uploads\\\/2023\\\/07\\\/logo_ED.jpg\",\"contentUrl\":\"https:\\\/\\\/www.eldiario.net\\\/portal\\\/wp-content\\\/uploads\\\/2023\\\/07\\\/logo_ED.jpg\",\"width\":272,\"height\":52,\"caption\":\"El Diario - Decano de la prensa nacional\"},\"image\":{\"@id\":\"https:\\\/\\\/www.eldiario.net\\\/portal\\\/#\\\/schema\\\/logo\\\/image\\\/\"},\"sameAs\":[\"https:\\\/\\\/www.facebook.com\\\/eldiario.bolivia\\\/\",\"https:\\\/\\\/x.com\\\/eldiario_net\"]},{\"@type\":\"Person\",\"@id\":\"https:\\\/\\\/www.eldiario.net\\\/portal\\\/#\\\/schema\\\/person\\\/f46445640444750d7d753ccd04ae01b7\",\"name\":\"Jeanette\",\"image\":{\"@type\":\"ImageObject\",\"inLanguage\":\"es\",\"@id\":\"https:\\\/\\\/secure.gravatar.com\\\/avatar\\\/3ea2118a5f7dad2b7138b1187a6b7ee55f160b9968b66013c3a3ef39dd7e5798?s=96&d=mm&r=g\",\"url\":\"https:\\\/\\\/secure.gravatar.com\\\/avatar\\\/3ea2118a5f7dad2b7138b1187a6b7ee55f160b9968b66013c3a3ef39dd7e5798?s=96&d=mm&r=g\",\"contentUrl\":\"https:\\\/\\\/secure.gravatar.com\\\/avatar\\\/3ea2118a5f7dad2b7138b1187a6b7ee55f160b9968b66013c3a3ef39dd7e5798?s=96&d=mm&r=g\",\"caption\":\"Jeanette\"},\"sameAs\":[\"https:\\\/\\\/www.eldiario.net\\\/portal\"],\"url\":\"https:\\\/\\\/www.eldiario.net\\\/portal\\\/author\\\/jeanette\\\/\"}]}<\/script>\n<!-- \/ Yoast SEO plugin. -->","yoast_head_json":{"title":"Diputados trata hoy ley para designaci\u00f3n de Fiscal General - El Diario - Bolivia","robots":{"index":"index","follow":"follow","max-snippet":"max-snippet:-1","max-image-preview":"max-image-preview:large","max-video-preview":"max-video-preview:-1"},"canonical":"https:\/\/www.eldiario.net\/portal\/2024\/08\/21\/diputados-trata-hoy-ley-para-designacion-de-fiscal-general\/","og_locale":"es_ES","og_type":"article","og_title":"Diputados trata hoy ley para designaci\u00f3n de Fiscal General - El Diario - Bolivia","og_description":"Luego de haber recibido el respectivo informe de la Comisi\u00f3n de Justicia, la presidencia de la C\u00e1mara de Diputados convoc\u00f3 para esta jornada a sesi\u00f3n plenaria de esta instancia, con la finalidad de tratar el proyecto de ley para la designaci\u00f3n del nuevo Fiscal General del Estado, el titular de la C\u00e1mara Baja, Israel Huaytari, [&hellip;]","og_url":"https:\/\/www.eldiario.net\/portal\/2024\/08\/21\/diputados-trata-hoy-ley-para-designacion-de-fiscal-general\/","og_site_name":"El Diario - Bolivia","article_publisher":"https:\/\/www.facebook.com\/eldiario.bolivia\/","article_published_time":"2024-08-21T09:50:44+00:00","og_image":[{"width":1280,"height":853,"url":"https:\/\/www.eldiario.net\/portal\/wp-content\/uploads\/2024\/08\/42-POL-6.jpg","type":"image\/jpeg"}],"author":"Jeanette","twitter_card":"summary_large_image","twitter_creator":"@eldiario_net","twitter_site":"@eldiario_net","twitter_misc":{"Escrito por":"Jeanette","Tiempo de lectura":"2 minutos"},"schema":{"@context":"https:\/\/schema.org","@graph":[{"@type":"Article","@id":"https:\/\/www.eldiario.net\/portal\/2024\/08\/21\/diputados-trata-hoy-ley-para-designacion-de-fiscal-general\/#article","isPartOf":{"@id":"https:\/\/www.eldiario.net\/portal\/2024\/08\/21\/diputados-trata-hoy-ley-para-designacion-de-fiscal-general\/"},"author":{"name":"Jeanette","@id":"https:\/\/www.eldiario.net\/portal\/#\/schema\/person\/f46445640444750d7d753ccd04ae01b7"},"headline":"Diputados trata hoy ley para designaci\u00f3n de Fiscal General","datePublished":"2024-08-21T09:50:44+00:00","mainEntityOfPage":{"@id":"https:\/\/www.eldiario.net\/portal\/2024\/08\/21\/diputados-trata-hoy-ley-para-designacion-de-fiscal-general\/"},"wordCount":329,"commentCount":0,"publisher":{"@id":"https:\/\/www.eldiario.net\/portal\/#organization"},"image":{"@id":"https:\/\/www.eldiario.net\/portal\/2024\/08\/21\/diputados-trata-hoy-ley-para-designacion-de-fiscal-general\/#primaryimage"},"thumbnailUrl":"https:\/\/www.eldiario.net\/portal\/wp-content\/uploads\/2024\/08\/42-POL-6.jpg","articleSection":["Pol\u00edtica"],"inLanguage":"es","potentialAction":[{"@type":"CommentAction","name":"Comment","target":["https:\/\/www.eldiario.net\/portal\/2024\/08\/21\/diputados-trata-hoy-ley-para-designacion-de-fiscal-general\/#respond"]}]},{"@type":"WebPage","@id":"https:\/\/www.eldiario.net\/portal\/2024\/08\/21\/diputados-trata-hoy-ley-para-designacion-de-fiscal-general\/","url":"https:\/\/www.eldiario.net\/portal\/2024\/08\/21\/diputados-trata-hoy-ley-para-designacion-de-fiscal-general\/","name":"Diputados trata hoy ley para designaci\u00f3n de Fiscal General - El Diario - Bolivia","isPartOf":{"@id":"https:\/\/www.eldiario.net\/portal\/#website"},"primaryImageOfPage":{"@id":"https:\/\/www.eldiario.net\/portal\/2024\/08\/21\/diputados-trata-hoy-ley-para-designacion-de-fiscal-general\/#primaryimage"},"image":{"@id":"https:\/\/www.eldiario.net\/portal\/2024\/08\/21\/diputados-trata-hoy-ley-para-designacion-de-fiscal-general\/#primaryimage"},"thumbnailUrl":"https:\/\/www.eldiario.net\/portal\/wp-content\/uploads\/2024\/08\/42-POL-6.jpg","datePublished":"2024-08-21T09:50:44+00:00","breadcrumb":{"@id":"https:\/\/www.eldiario.net\/portal\/2024\/08\/21\/diputados-trata-hoy-ley-para-designacion-de-fiscal-general\/#breadcrumb"},"inLanguage":"es","potentialAction":[{"@type":"ReadAction","target":["https:\/\/www.eldiario.net\/portal\/2024\/08\/21\/diputados-trata-hoy-ley-para-designacion-de-fiscal-general\/"]}]},{"@type":"ImageObject","inLanguage":"es","@id":"https:\/\/www.eldiario.net\/portal\/2024\/08\/21\/diputados-trata-hoy-ley-para-designacion-de-fiscal-general\/#primaryimage","url":"https:\/\/www.eldiario.net\/portal\/wp-content\/uploads\/2024\/08\/42-POL-6.jpg","contentUrl":"https:\/\/www.eldiario.net\/portal\/wp-content\/uploads\/2024\/08\/42-POL-6.jpg","width":1280,"height":853,"caption":"C\u00e1mara de Diputados (referencial)"},{"@type":"BreadcrumbList","@id":"https:\/\/www.eldiario.net\/portal\/2024\/08\/21\/diputados-trata-hoy-ley-para-designacion-de-fiscal-general\/#breadcrumb","itemListElement":[{"@type":"ListItem","position":1,"name":"Portada","item":"https:\/\/www.eldiario.net\/portal\/"},{"@type":"ListItem","position":2,"name":"Diputados trata hoy ley para designaci\u00f3n de Fiscal General"}]},{"@type":"WebSite","@id":"https:\/\/www.eldiario.net\/portal\/#website","url":"https:\/\/www.eldiario.net\/portal\/","name":"El Diario - Decano de la prensa nacional","description":"El Diario - Decano de la prensa nacional","publisher":{"@id":"https:\/\/www.eldiario.net\/portal\/#organization"},"potentialAction":[{"@type":"SearchAction","target":{"@type":"EntryPoint","urlTemplate":"https:\/\/www.eldiario.net\/portal\/?s={search_term_string}"},"query-input":{"@type":"PropertyValueSpecification","valueRequired":true,"valueName":"search_term_string"}}],"inLanguage":"es"},{"@type":"Organization","@id":"https:\/\/www.eldiario.net\/portal\/#organization","name":"El Diario - Decano de la prensa nacional","url":"https:\/\/www.eldiario.net\/portal\/","logo":{"@type":"ImageObject","inLanguage":"es","@id":"https:\/\/www.eldiario.net\/portal\/#\/schema\/logo\/image\/","url":"https:\/\/www.eldiario.net\/portal\/wp-content\/uploads\/2023\/07\/logo_ED.jpg","contentUrl":"https:\/\/www.eldiario.net\/portal\/wp-content\/uploads\/2023\/07\/logo_ED.jpg","width":272,"height":52,"caption":"El Diario - Decano de la prensa nacional"},"image":{"@id":"https:\/\/www.eldiario.net\/portal\/#\/schema\/logo\/image\/"},"sameAs":["https:\/\/www.facebook.com\/eldiario.bolivia\/","https:\/\/x.com\/eldiario_net"]},{"@type":"Person","@id":"https:\/\/www.eldiario.net\/portal\/#\/schema\/person\/f46445640444750d7d753ccd04ae01b7","name":"Jeanette","image":{"@type":"ImageObject","inLanguage":"es","@id":"https:\/\/secure.gravatar.com\/avatar\/3ea2118a5f7dad2b7138b1187a6b7ee55f160b9968b66013c3a3ef39dd7e5798?s=96&d=mm&r=g","url":"https:\/\/secure.gravatar.com\/avatar\/3ea2118a5f7dad2b7138b1187a6b7ee55f160b9968b66013c3a3ef39dd7e5798?s=96&d=mm&r=g","contentUrl":"https:\/\/secure.gravatar.com\/avatar\/3ea2118a5f7dad2b7138b1187a6b7ee55f160b9968b66013c3a3ef39dd7e5798?s=96&d=mm&r=g","caption":"Jeanette"},"sameAs":["https:\/\/www.eldiario.net\/portal"],"url":"https:\/\/www.eldiario.net\/portal\/author\/jeanette\/"}]}},"_links":{"self":[{"href":"https:\/\/www.eldiario.net\/portal\/wp-json\/wp\/v2\/posts\/242117","targetHints":{"allow":["GET"]}}],"collection":[{"href":"https:\/\/www.eldiario.net\/portal\/wp-json\/wp\/v2\/posts"}],"about":[{"href":"https:\/\/www.eldiario.net\/portal\/wp-json\/wp\/v2\/types\/post"}],"author":[{"embeddable":true,"href":"https:\/\/www.eldiario.net\/portal\/wp-json\/wp\/v2\/users\/1"}],"replies":[{"embeddable":true,"href":"https:\/\/www.eldiario.net\/portal\/wp-json\/wp\/v2\/comments?post=242117"}],"version-history":[{"count":1,"href":"https:\/\/www.eldiario.net\/portal\/wp-json\/wp\/v2\/posts\/242117\/revisions"}],"predecessor-version":[{"id":242119,"href":"https:\/\/www.eldiario.net\/portal\/wp-json\/wp\/v2\/posts\/242117\/revisions\/242119"}],"wp:featuredmedia":[{"embeddable":true,"href":"https:\/\/www.eldiario.net\/portal\/wp-json\/wp\/v2\/media\/242118"}],"wp:attachment":[{"href":"https:\/\/www.eldiario.net\/portal\/wp-json\/wp\/v2\/media?parent=242117"}],"wp:term":[{"taxonomy":"category","embeddable":true,"href":"https:\/\/www.eldiario.net\/portal\/wp-json\/wp\/v2\/categories?post=242117"},{"taxonomy":"post_tag","embeddable":true,"href":"https:\/\/www.eldiario.net\/portal\/wp-json\/wp\/v2\/tags?post=242117"}],"curies":[{"name":"wp","href":"https:\/\/api.w.org\/{rel}","templated":true}]}}