{"id":242114,"date":"2024-08-21T05:49:58","date_gmt":"2024-08-21T09:49:58","guid":{"rendered":"https:\/\/www.eldiario.net\/portal\/?p=242114"},"modified":"2024-08-21T05:49:58","modified_gmt":"2024-08-21T09:49:58","slug":"senalan-que-tse-debe-rechazar-referendo-planteado-por-arce","status":"publish","type":"post","link":"https:\/\/www.eldiario.net\/portal\/2024\/08\/21\/senalan-que-tse-debe-rechazar-referendo-planteado-por-arce\/","title":{"rendered":"Se\u00f1alan que TSE debe rechazar referendo planteado por Arce"},"content":{"rendered":"<p>Asegurando que desde el Gobierno se intentar\u00e1 manipular el resultado de una Acci\u00f3n Constitucional interpuesta con la finalidad de viabilizar el referendo planteado por el presidente Luis Arce, la diputada por Comunidad Ciudadana (CC), Luisa Nayar, se\u00f1al\u00f3 que el Tribunal Supremo Electoral (TSE) debe rechazar esta posibilidad.<br \/>\nEn conferencia de prensa, Nayar indic\u00f3 que el \u00d3rgano Electoral deber\u00eda rechazar las preguntas que remita el \u00d3rgano Ejecutivo, asegurando que se gesta una manipulaci\u00f3n sobre el resultado de la acci\u00f3n planteada ante el TCP para viabilizar el refer\u00e9ndum anunciado por el presidente Arce para consultar sobre la asignaci\u00f3n de esca\u00f1os, la reelecci\u00f3n presidencial y la subvenci\u00f3n a los hidrocarburos.<br \/>\n\u201cEl Tribunal Supremo Electoral debe rechazar la misma, puesto que seguramente se buscar\u00e1 manipular el resultado de la Acci\u00f3n Constitucional presentada por el diputado J\u00e1uregui\u201d, dijo la diputada.<br \/>\nSobre este recurso, se\u00f1al\u00f3 que no existe confianza en una justicia que es manipulada por un Gobierno interesado en consolidar sus intereses pol\u00edticos y su permanencia en el poder.<br \/>\n\u201cSabemos que act\u00faan a instrucciones de la mal llamada Casa Grande del Pueblo y seguramente querr\u00e1n, de una u otra manera, llevar adelante las acciones que son inducidas, manejadas y direccionadas por el presidente Luis Arce y el ministro Lima que es su operador\u201d, concluy\u00f3.<br \/>\nAyer, el diputado \u201carcista\u201d, Juan Jos\u00e9 J\u00e1uregui, inform\u00f3 que se espera conocer el resultado de esta acci\u00f3n en el lapso de dos semanas, tomando en cuenta que se deben cumplir los plazos procesales establecidos por el C\u00f3digo Procesal Constitucional.<br \/>\nLa realizaci\u00f3n de un referendo para consultar a la poblaci\u00f3n temas como la continuidad de la subvenci\u00f3n a los hidrocarburos, la reelecci\u00f3n presidencial y la asignaci\u00f3n de esca\u00f1os parlamentarios en base a los resultados del Censo 2024, fue anunciada por el presidente Luis Arce, durante su discurso por los 199 a\u00f1os de independencia de Bolivia, el pasado 6 de agosto en Sucre.<\/p>\n","protected":false},"excerpt":{"rendered":"<p>Asegurando que desde el Gobierno se intentar\u00e1 manipular el resultado de una Acci\u00f3n Constitucional interpuesta con la finalidad de viabilizar el referendo planteado por el presidente Luis Arce, la diputada por Comunidad Ciudadana (CC), Luisa Nayar, se\u00f1al\u00f3 que el Tribunal Supremo Electoral (TSE) debe rechazar esta posibilidad. En conferencia de prensa, Nayar indic\u00f3 que el [&hellip;]<\/p>\n","protected":false},"author":1,"featured_media":242115,"comment_status":"open","ping_status":"open","sticky":false,"template":"","format":"standard","meta":{"_acf_changed":false,"footnotes":""},"categories":[14],"tags":[],"class_list":["post-242114","post","type-post","status-publish","format-standard","has-post-thumbnail","category-politica"],"acf":{"antetitulo":"Adelantan manipulaci\u00f3n de recurso"},"yoast_head":"<!-- This site is optimized with the Yoast SEO plugin v28.4 - https:\/\/yoast.com\/product\/yoast-seo-wordpress\/ -->\n<title>Se\u00f1alan que TSE debe rechazar referendo planteado por Arce - El Diario - Bolivia<\/title>\n<meta name=\"robots\" content=\"index, follow, max-snippet:-1, max-image-preview:large, max-video-preview:-1\" \/>\n<link rel=\"canonical\" href=\"https:\/\/www.eldiario.net\/portal\/2024\/08\/21\/senalan-que-tse-debe-rechazar-referendo-planteado-por-arce\/\" \/>\n<meta property=\"og:locale\" content=\"es_ES\" \/>\n<meta property=\"og:type\" content=\"article\" \/>\n<meta property=\"og:title\" content=\"Se\u00f1alan que TSE debe rechazar referendo planteado por Arce - El Diario - Bolivia\" \/>\n<meta property=\"og:description\" content=\"Asegurando que desde el Gobierno se intentar\u00e1 manipular el resultado de una Acci\u00f3n Constitucional interpuesta con la finalidad de viabilizar el referendo planteado por el presidente Luis Arce, la diputada por Comunidad Ciudadana (CC), Luisa Nayar, se\u00f1al\u00f3 que el Tribunal Supremo Electoral (TSE) debe rechazar esta posibilidad. En conferencia de prensa, Nayar indic\u00f3 que el [&hellip;]\" \/>\n<meta property=\"og:url\" content=\"https:\/\/www.eldiario.net\/portal\/2024\/08\/21\/senalan-que-tse-debe-rechazar-referendo-planteado-por-arce\/\" \/>\n<meta property=\"og:site_name\" content=\"El Diario - Bolivia\" \/>\n<meta property=\"article:publisher\" content=\"https:\/\/www.facebook.com\/eldiario.bolivia\/\" \/>\n<meta property=\"article:published_time\" content=\"2024-08-21T09:49:58+00:00\" \/>\n<meta property=\"og:image\" content=\"https:\/\/www.eldiario.net\/portal\/wp-content\/uploads\/2024\/08\/44-POL.jpg\" \/>\n\t<meta property=\"og:image:width\" content=\"981\" \/>\n\t<meta property=\"og:image:height\" content=\"599\" \/>\n\t<meta property=\"og:image:type\" content=\"image\/jpeg\" \/>\n<meta name=\"author\" content=\"Jeanette\" \/>\n<meta name=\"twitter:card\" content=\"summary_large_image\" \/>\n<meta name=\"twitter:creator\" content=\"@eldiario_net\" \/>\n<meta name=\"twitter:site\" content=\"@eldiario_net\" \/>\n<meta name=\"twitter:label1\" content=\"Escrito por\" \/>\n\t<meta name=\"twitter:data1\" content=\"Jeanette\" \/>\n\t<meta name=\"twitter:label2\" content=\"Tiempo de lectura\" \/>\n\t<meta name=\"twitter:data2\" content=\"2 minutos\" \/>\n<script type=\"application\/ld+json\" class=\"yoast-schema-graph\">{\"@context\":\"https:\\\/\\\/schema.org\",\"@graph\":[{\"@type\":\"Article\",\"@id\":\"https:\\\/\\\/www.eldiario.net\\\/portal\\\/2024\\\/08\\\/21\\\/senalan-que-tse-debe-rechazar-referendo-planteado-por-arce\\\/#article\",\"isPartOf\":{\"@id\":\"https:\\\/\\\/www.eldiario.net\\\/portal\\\/2024\\\/08\\\/21\\\/senalan-que-tse-debe-rechazar-referendo-planteado-por-arce\\\/\"},\"author\":{\"name\":\"Jeanette\",\"@id\":\"https:\\\/\\\/www.eldiario.net\\\/portal\\\/#\\\/schema\\\/person\\\/f46445640444750d7d753ccd04ae01b7\"},\"headline\":\"Se\u00f1alan que TSE debe rechazar referendo planteado por Arce\",\"datePublished\":\"2024-08-21T09:49:58+00:00\",\"mainEntityOfPage\":{\"@id\":\"https:\\\/\\\/www.eldiario.net\\\/portal\\\/2024\\\/08\\\/21\\\/senalan-que-tse-debe-rechazar-referendo-planteado-por-arce\\\/\"},\"wordCount\":343,\"commentCount\":0,\"publisher\":{\"@id\":\"https:\\\/\\\/www.eldiario.net\\\/portal\\\/#organization\"},\"image\":{\"@id\":\"https:\\\/\\\/www.eldiario.net\\\/portal\\\/2024\\\/08\\\/21\\\/senalan-que-tse-debe-rechazar-referendo-planteado-por-arce\\\/#primaryimage\"},\"thumbnailUrl\":\"https:\\\/\\\/www.eldiario.net\\\/portal\\\/wp-content\\\/uploads\\\/2024\\\/08\\\/44-POL.jpg\",\"articleSection\":[\"Pol\u00edtica\"],\"inLanguage\":\"es\",\"potentialAction\":[{\"@type\":\"CommentAction\",\"name\":\"Comment\",\"target\":[\"https:\\\/\\\/www.eldiario.net\\\/portal\\\/2024\\\/08\\\/21\\\/senalan-que-tse-debe-rechazar-referendo-planteado-por-arce\\\/#respond\"]}]},{\"@type\":\"WebPage\",\"@id\":\"https:\\\/\\\/www.eldiario.net\\\/portal\\\/2024\\\/08\\\/21\\\/senalan-que-tse-debe-rechazar-referendo-planteado-por-arce\\\/\",\"url\":\"https:\\\/\\\/www.eldiario.net\\\/portal\\\/2024\\\/08\\\/21\\\/senalan-que-tse-debe-rechazar-referendo-planteado-por-arce\\\/\",\"name\":\"Se\u00f1alan que TSE debe rechazar referendo planteado por Arce - El Diario - Bolivia\",\"isPartOf\":{\"@id\":\"https:\\\/\\\/www.eldiario.net\\\/portal\\\/#website\"},\"primaryImageOfPage\":{\"@id\":\"https:\\\/\\\/www.eldiario.net\\\/portal\\\/2024\\\/08\\\/21\\\/senalan-que-tse-debe-rechazar-referendo-planteado-por-arce\\\/#primaryimage\"},\"image\":{\"@id\":\"https:\\\/\\\/www.eldiario.net\\\/portal\\\/2024\\\/08\\\/21\\\/senalan-que-tse-debe-rechazar-referendo-planteado-por-arce\\\/#primaryimage\"},\"thumbnailUrl\":\"https:\\\/\\\/www.eldiario.net\\\/portal\\\/wp-content\\\/uploads\\\/2024\\\/08\\\/44-POL.jpg\",\"datePublished\":\"2024-08-21T09:49:58+00:00\",\"breadcrumb\":{\"@id\":\"https:\\\/\\\/www.eldiario.net\\\/portal\\\/2024\\\/08\\\/21\\\/senalan-que-tse-debe-rechazar-referendo-planteado-por-arce\\\/#breadcrumb\"},\"inLanguage\":\"es\",\"potentialAction\":[{\"@type\":\"ReadAction\",\"target\":[\"https:\\\/\\\/www.eldiario.net\\\/portal\\\/2024\\\/08\\\/21\\\/senalan-que-tse-debe-rechazar-referendo-planteado-por-arce\\\/\"]}]},{\"@type\":\"ImageObject\",\"inLanguage\":\"es\",\"@id\":\"https:\\\/\\\/www.eldiario.net\\\/portal\\\/2024\\\/08\\\/21\\\/senalan-que-tse-debe-rechazar-referendo-planteado-por-arce\\\/#primaryimage\",\"url\":\"https:\\\/\\\/www.eldiario.net\\\/portal\\\/wp-content\\\/uploads\\\/2024\\\/08\\\/44-POL.jpg\",\"contentUrl\":\"https:\\\/\\\/www.eldiario.net\\\/portal\\\/wp-content\\\/uploads\\\/2024\\\/08\\\/44-POL.jpg\",\"width\":981,\"height\":599,\"caption\":\"Diputada Luisa Nayar (CC)\"},{\"@type\":\"BreadcrumbList\",\"@id\":\"https:\\\/\\\/www.eldiario.net\\\/portal\\\/2024\\\/08\\\/21\\\/senalan-que-tse-debe-rechazar-referendo-planteado-por-arce\\\/#breadcrumb\",\"itemListElement\":[{\"@type\":\"ListItem\",\"position\":1,\"name\":\"Portada\",\"item\":\"https:\\\/\\\/www.eldiario.net\\\/portal\\\/\"},{\"@type\":\"ListItem\",\"position\":2,\"name\":\"Se\u00f1alan que TSE debe rechazar referendo planteado por Arce\"}]},{\"@type\":\"WebSite\",\"@id\":\"https:\\\/\\\/www.eldiario.net\\\/portal\\\/#website\",\"url\":\"https:\\\/\\\/www.eldiario.net\\\/portal\\\/\",\"name\":\"El Diario - Decano de la prensa nacional\",\"description\":\"El Diario - Decano de la prensa nacional\",\"publisher\":{\"@id\":\"https:\\\/\\\/www.eldiario.net\\\/portal\\\/#organization\"},\"potentialAction\":[{\"@type\":\"SearchAction\",\"target\":{\"@type\":\"EntryPoint\",\"urlTemplate\":\"https:\\\/\\\/www.eldiario.net\\\/portal\\\/?s={search_term_string}\"},\"query-input\":{\"@type\":\"PropertyValueSpecification\",\"valueRequired\":true,\"valueName\":\"search_term_string\"}}],\"inLanguage\":\"es\"},{\"@type\":\"Organization\",\"@id\":\"https:\\\/\\\/www.eldiario.net\\\/portal\\\/#organization\",\"name\":\"El Diario - Decano de la prensa nacional\",\"url\":\"https:\\\/\\\/www.eldiario.net\\\/portal\\\/\",\"logo\":{\"@type\":\"ImageObject\",\"inLanguage\":\"es\",\"@id\":\"https:\\\/\\\/www.eldiario.net\\\/portal\\\/#\\\/schema\\\/logo\\\/image\\\/\",\"url\":\"https:\\\/\\\/www.eldiario.net\\\/portal\\\/wp-content\\\/uploads\\\/2023\\\/07\\\/logo_ED.jpg\",\"contentUrl\":\"https:\\\/\\\/www.eldiario.net\\\/portal\\\/wp-content\\\/uploads\\\/2023\\\/07\\\/logo_ED.jpg\",\"width\":272,\"height\":52,\"caption\":\"El Diario - Decano de la prensa nacional\"},\"image\":{\"@id\":\"https:\\\/\\\/www.eldiario.net\\\/portal\\\/#\\\/schema\\\/logo\\\/image\\\/\"},\"sameAs\":[\"https:\\\/\\\/www.facebook.com\\\/eldiario.bolivia\\\/\",\"https:\\\/\\\/x.com\\\/eldiario_net\"]},{\"@type\":\"Person\",\"@id\":\"https:\\\/\\\/www.eldiario.net\\\/portal\\\/#\\\/schema\\\/person\\\/f46445640444750d7d753ccd04ae01b7\",\"name\":\"Jeanette\",\"image\":{\"@type\":\"ImageObject\",\"inLanguage\":\"es\",\"@id\":\"https:\\\/\\\/secure.gravatar.com\\\/avatar\\\/3ea2118a5f7dad2b7138b1187a6b7ee55f160b9968b66013c3a3ef39dd7e5798?s=96&d=mm&r=g\",\"url\":\"https:\\\/\\\/secure.gravatar.com\\\/avatar\\\/3ea2118a5f7dad2b7138b1187a6b7ee55f160b9968b66013c3a3ef39dd7e5798?s=96&d=mm&r=g\",\"contentUrl\":\"https:\\\/\\\/secure.gravatar.com\\\/avatar\\\/3ea2118a5f7dad2b7138b1187a6b7ee55f160b9968b66013c3a3ef39dd7e5798?s=96&d=mm&r=g\",\"caption\":\"Jeanette\"},\"sameAs\":[\"https:\\\/\\\/www.eldiario.net\\\/portal\"],\"url\":\"https:\\\/\\\/www.eldiario.net\\\/portal\\\/author\\\/jeanette\\\/\"}]}<\/script>\n<!-- \/ Yoast SEO plugin. -->","yoast_head_json":{"title":"Se\u00f1alan que TSE debe rechazar referendo planteado por Arce - El Diario - Bolivia","robots":{"index":"index","follow":"follow","max-snippet":"max-snippet:-1","max-image-preview":"max-image-preview:large","max-video-preview":"max-video-preview:-1"},"canonical":"https:\/\/www.eldiario.net\/portal\/2024\/08\/21\/senalan-que-tse-debe-rechazar-referendo-planteado-por-arce\/","og_locale":"es_ES","og_type":"article","og_title":"Se\u00f1alan que TSE debe rechazar referendo planteado por Arce - El Diario - Bolivia","og_description":"Asegurando que desde el Gobierno se intentar\u00e1 manipular el resultado de una Acci\u00f3n Constitucional interpuesta con la finalidad de viabilizar el referendo planteado por el presidente Luis Arce, la diputada por Comunidad Ciudadana (CC), Luisa Nayar, se\u00f1al\u00f3 que el Tribunal Supremo Electoral (TSE) debe rechazar esta posibilidad. En conferencia de prensa, Nayar indic\u00f3 que el [&hellip;]","og_url":"https:\/\/www.eldiario.net\/portal\/2024\/08\/21\/senalan-que-tse-debe-rechazar-referendo-planteado-por-arce\/","og_site_name":"El Diario - Bolivia","article_publisher":"https:\/\/www.facebook.com\/eldiario.bolivia\/","article_published_time":"2024-08-21T09:49:58+00:00","og_image":[{"width":981,"height":599,"url":"https:\/\/www.eldiario.net\/portal\/wp-content\/uploads\/2024\/08\/44-POL.jpg","type":"image\/jpeg"}],"author":"Jeanette","twitter_card":"summary_large_image","twitter_creator":"@eldiario_net","twitter_site":"@eldiario_net","twitter_misc":{"Escrito por":"Jeanette","Tiempo de lectura":"2 minutos"},"schema":{"@context":"https:\/\/schema.org","@graph":[{"@type":"Article","@id":"https:\/\/www.eldiario.net\/portal\/2024\/08\/21\/senalan-que-tse-debe-rechazar-referendo-planteado-por-arce\/#article","isPartOf":{"@id":"https:\/\/www.eldiario.net\/portal\/2024\/08\/21\/senalan-que-tse-debe-rechazar-referendo-planteado-por-arce\/"},"author":{"name":"Jeanette","@id":"https:\/\/www.eldiario.net\/portal\/#\/schema\/person\/f46445640444750d7d753ccd04ae01b7"},"headline":"Se\u00f1alan que TSE debe rechazar referendo planteado por Arce","datePublished":"2024-08-21T09:49:58+00:00","mainEntityOfPage":{"@id":"https:\/\/www.eldiario.net\/portal\/2024\/08\/21\/senalan-que-tse-debe-rechazar-referendo-planteado-por-arce\/"},"wordCount":343,"commentCount":0,"publisher":{"@id":"https:\/\/www.eldiario.net\/portal\/#organization"},"image":{"@id":"https:\/\/www.eldiario.net\/portal\/2024\/08\/21\/senalan-que-tse-debe-rechazar-referendo-planteado-por-arce\/#primaryimage"},"thumbnailUrl":"https:\/\/www.eldiario.net\/portal\/wp-content\/uploads\/2024\/08\/44-POL.jpg","articleSection":["Pol\u00edtica"],"inLanguage":"es","potentialAction":[{"@type":"CommentAction","name":"Comment","target":["https:\/\/www.eldiario.net\/portal\/2024\/08\/21\/senalan-que-tse-debe-rechazar-referendo-planteado-por-arce\/#respond"]}]},{"@type":"WebPage","@id":"https:\/\/www.eldiario.net\/portal\/2024\/08\/21\/senalan-que-tse-debe-rechazar-referendo-planteado-por-arce\/","url":"https:\/\/www.eldiario.net\/portal\/2024\/08\/21\/senalan-que-tse-debe-rechazar-referendo-planteado-por-arce\/","name":"Se\u00f1alan que TSE debe rechazar referendo planteado por Arce - El Diario - Bolivia","isPartOf":{"@id":"https:\/\/www.eldiario.net\/portal\/#website"},"primaryImageOfPage":{"@id":"https:\/\/www.eldiario.net\/portal\/2024\/08\/21\/senalan-que-tse-debe-rechazar-referendo-planteado-por-arce\/#primaryimage"},"image":{"@id":"https:\/\/www.eldiario.net\/portal\/2024\/08\/21\/senalan-que-tse-debe-rechazar-referendo-planteado-por-arce\/#primaryimage"},"thumbnailUrl":"https:\/\/www.eldiario.net\/portal\/wp-content\/uploads\/2024\/08\/44-POL.jpg","datePublished":"2024-08-21T09:49:58+00:00","breadcrumb":{"@id":"https:\/\/www.eldiario.net\/portal\/2024\/08\/21\/senalan-que-tse-debe-rechazar-referendo-planteado-por-arce\/#breadcrumb"},"inLanguage":"es","potentialAction":[{"@type":"ReadAction","target":["https:\/\/www.eldiario.net\/portal\/2024\/08\/21\/senalan-que-tse-debe-rechazar-referendo-planteado-por-arce\/"]}]},{"@type":"ImageObject","inLanguage":"es","@id":"https:\/\/www.eldiario.net\/portal\/2024\/08\/21\/senalan-que-tse-debe-rechazar-referendo-planteado-por-arce\/#primaryimage","url":"https:\/\/www.eldiario.net\/portal\/wp-content\/uploads\/2024\/08\/44-POL.jpg","contentUrl":"https:\/\/www.eldiario.net\/portal\/wp-content\/uploads\/2024\/08\/44-POL.jpg","width":981,"height":599,"caption":"Diputada Luisa Nayar (CC)"},{"@type":"BreadcrumbList","@id":"https:\/\/www.eldiario.net\/portal\/2024\/08\/21\/senalan-que-tse-debe-rechazar-referendo-planteado-por-arce\/#breadcrumb","itemListElement":[{"@type":"ListItem","position":1,"name":"Portada","item":"https:\/\/www.eldiario.net\/portal\/"},{"@type":"ListItem","position":2,"name":"Se\u00f1alan que TSE debe rechazar referendo planteado por Arce"}]},{"@type":"WebSite","@id":"https:\/\/www.eldiario.net\/portal\/#website","url":"https:\/\/www.eldiario.net\/portal\/","name":"El Diario - Decano de la prensa nacional","description":"El Diario - Decano de la prensa nacional","publisher":{"@id":"https:\/\/www.eldiario.net\/portal\/#organization"},"potentialAction":[{"@type":"SearchAction","target":{"@type":"EntryPoint","urlTemplate":"https:\/\/www.eldiario.net\/portal\/?s={search_term_string}"},"query-input":{"@type":"PropertyValueSpecification","valueRequired":true,"valueName":"search_term_string"}}],"inLanguage":"es"},{"@type":"Organization","@id":"https:\/\/www.eldiario.net\/portal\/#organization","name":"El Diario - Decano de la prensa nacional","url":"https:\/\/www.eldiario.net\/portal\/","logo":{"@type":"ImageObject","inLanguage":"es","@id":"https:\/\/www.eldiario.net\/portal\/#\/schema\/logo\/image\/","url":"https:\/\/www.eldiario.net\/portal\/wp-content\/uploads\/2023\/07\/logo_ED.jpg","contentUrl":"https:\/\/www.eldiario.net\/portal\/wp-content\/uploads\/2023\/07\/logo_ED.jpg","width":272,"height":52,"caption":"El Diario - Decano de la prensa nacional"},"image":{"@id":"https:\/\/www.eldiario.net\/portal\/#\/schema\/logo\/image\/"},"sameAs":["https:\/\/www.facebook.com\/eldiario.bolivia\/","https:\/\/x.com\/eldiario_net"]},{"@type":"Person","@id":"https:\/\/www.eldiario.net\/portal\/#\/schema\/person\/f46445640444750d7d753ccd04ae01b7","name":"Jeanette","image":{"@type":"ImageObject","inLanguage":"es","@id":"https:\/\/secure.gravatar.com\/avatar\/3ea2118a5f7dad2b7138b1187a6b7ee55f160b9968b66013c3a3ef39dd7e5798?s=96&d=mm&r=g","url":"https:\/\/secure.gravatar.com\/avatar\/3ea2118a5f7dad2b7138b1187a6b7ee55f160b9968b66013c3a3ef39dd7e5798?s=96&d=mm&r=g","contentUrl":"https:\/\/secure.gravatar.com\/avatar\/3ea2118a5f7dad2b7138b1187a6b7ee55f160b9968b66013c3a3ef39dd7e5798?s=96&d=mm&r=g","caption":"Jeanette"},"sameAs":["https:\/\/www.eldiario.net\/portal"],"url":"https:\/\/www.eldiario.net\/portal\/author\/jeanette\/"}]}},"_links":{"self":[{"href":"https:\/\/www.eldiario.net\/portal\/wp-json\/wp\/v2\/posts\/242114","targetHints":{"allow":["GET"]}}],"collection":[{"href":"https:\/\/www.eldiario.net\/portal\/wp-json\/wp\/v2\/posts"}],"about":[{"href":"https:\/\/www.eldiario.net\/portal\/wp-json\/wp\/v2\/types\/post"}],"author":[{"embeddable":true,"href":"https:\/\/www.eldiario.net\/portal\/wp-json\/wp\/v2\/users\/1"}],"replies":[{"embeddable":true,"href":"https:\/\/www.eldiario.net\/portal\/wp-json\/wp\/v2\/comments?post=242114"}],"version-history":[{"count":1,"href":"https:\/\/www.eldiario.net\/portal\/wp-json\/wp\/v2\/posts\/242114\/revisions"}],"predecessor-version":[{"id":242116,"href":"https:\/\/www.eldiario.net\/portal\/wp-json\/wp\/v2\/posts\/242114\/revisions\/242116"}],"wp:featuredmedia":[{"embeddable":true,"href":"https:\/\/www.eldiario.net\/portal\/wp-json\/wp\/v2\/media\/242115"}],"wp:attachment":[{"href":"https:\/\/www.eldiario.net\/portal\/wp-json\/wp\/v2\/media?parent=242114"}],"wp:term":[{"taxonomy":"category","embeddable":true,"href":"https:\/\/www.eldiario.net\/portal\/wp-json\/wp\/v2\/categories?post=242114"},{"taxonomy":"post_tag","embeddable":true,"href":"https:\/\/www.eldiario.net\/portal\/wp-json\/wp\/v2\/tags?post=242114"}],"curies":[{"name":"wp","href":"https:\/\/api.w.org\/{rel}","templated":true}]}}