{"id":242112,"date":"2024-08-21T05:49:27","date_gmt":"2024-08-21T09:49:27","guid":{"rendered":"https:\/\/www.eldiario.net\/portal\/?p=242112"},"modified":"2024-08-21T05:49:27","modified_gmt":"2024-08-21T09:49:27","slug":"esperar-que-creditos-solucionen-crisis-es-un-embuste-gigantesco","status":"publish","type":"post","link":"https:\/\/www.eldiario.net\/portal\/2024\/08\/21\/esperar-que-creditos-solucionen-crisis-es-un-embuste-gigantesco\/","title":{"rendered":"Esperar que cr\u00e9ditos solucionen crisis es un \u201cembuste gigantesco\u201d"},"content":{"rendered":"<p>Ante la insistencia del Gobierno en apostar por la aprobaci\u00f3n de cr\u00e9ditos internacionales para salir de la crisis, el diputado por Comunidad Ciudadana (CC), Carlos Alarc\u00f3n, calific\u00f3 esta postura como un \u201cembuste gigantesco\u201d, recordando adem\u00e1s que, otros recursos provenientes de pr\u00e9stamos ya aprobados por la Asamblea Legislativa Plurinacional (ALP) fueron malgastados.<br \/>\nA trav\u00e9s de sus redes sociales, el asamble\u00edsta pace\u00f1o record\u00f3 que el Parlamento ya aprob\u00f3 para la actual administraci\u00f3n, un total de 35 pr\u00e9stamos internacionales por un monto que asciende a los 4.654 millones de d\u00f3lares, lo que provoc\u00f3 una mayor cantidad de recursos \u201cmal gastados\u201d y de los que no se rindieron cuentas.<br \/>\n\u201cEl embuste de Luis Arce sobre los pr\u00e9stamos para salir de la crisis econ\u00f3mica es gigantesco\u201d, asever\u00f3.<br \/>\nAsimismo, puntualizando que solo instancias como el Fondo Monetario Internacional (FMI) otorgan cr\u00e9ditos de libre disponibilidad, Alarc\u00f3n cuestion\u00f3 que el presidente Arce no haya gestionado ning\u00fan cr\u00e9dito de estas caracter\u00edsticas, si la intensi\u00f3n es ingresar los recursos en cuesti\u00f3n en la econom\u00eda nacional.<br \/>\nOtro aspecto observado por el asamble\u00edsta de oposici\u00f3n tiene que ver con que se haya rechazado desconocido la validez de la sesi\u00f3n plenaria de la ALP, convocada y presidida por el titular del Senado, tomando en cuenta que en dicho encuentro tambi\u00e9n se aprob\u00f3 un pr\u00e9stamo de 176 millones de d\u00f3lares para la construcci\u00f3n de la doble v\u00eda Bombeo-Confital.<br \/>\n\u201cTodo por desconocer la hist\u00f3rica sesi\u00f3n de la ALP en la que se aprob\u00f3 la ley 075 antipr\u00f3rroga para que los usurpadores judiciales dejen el ejercicio ilegal de funciones\u201d, cuestion\u00f3 Alarc\u00f3n.<br \/>\nLa semana pasada, tras dos jornadas de reuniones, el presidente Luis Arce Catacora y representantes del empresariado privado nacional, acordaron impulsar las exportaciones con la creaci\u00f3n de una agencia y un fondo de Bs 2.500 millones para el sector, asimismo, se acord\u00f3 gestionar la aprobaci\u00f3n de cr\u00e9ditos pendientes en el \u00d3rgano Legislativo y tramitar el acceso a m\u00e1s prestamos ante organismos internacionales para superar el contexto actual de la econom\u00eda.<br \/>\nLas iniciativas son parte de los 17 acuerdos alcanzados en el marco del Di\u00e1logo Nacional por la Econom\u00eda y la Producci\u00f3n, mismos que fueron comunicados por el presidente y el empresariado en conferencia de prensa conjunta.<br \/>\nEl presidente de la Confederaci\u00f3n de Empresarios Privados de Bolivia (CEPB), Giovanni Ortu\u00f1o, destac\u00f3 el encuentro y las medidas asumidas, afirmando que, el \u201cmejor mecanismo para enfrentar los problemas es el di\u00e1logo, la coordinaci\u00f3n y el consenso que no acaban en esta reuni\u00f3n, sino que proseguir\u00e1n para hacer seguimiento, ajustar y sugerir y, si es necesario, incorporar nuevas medidas\u201d.<br \/>\nPrecisando que los acuerdos alcanzados no solucionan de inmediato todos los problemas que afectan a las empresas y a la ciudadan\u00eda, Ortu\u00f1o enfatiz\u00f3 que \u201cse los encara de una forma diferente, conjunta y con medidas concretas, lo peor es la inacci\u00f3n\u201d, dijo.<\/p>\n","protected":false},"excerpt":{"rendered":"<p>Ante la insistencia del Gobierno en apostar por la aprobaci\u00f3n de cr\u00e9ditos internacionales para salir de la crisis, el diputado por Comunidad Ciudadana (CC), Carlos Alarc\u00f3n, calific\u00f3 esta postura como un \u201cembuste gigantesco\u201d, recordando adem\u00e1s que, otros recursos provenientes de pr\u00e9stamos ya aprobados por la Asamblea Legislativa Plurinacional (ALP) fueron malgastados. A trav\u00e9s de sus [&hellip;]<\/p>\n","protected":false},"author":1,"featured_media":194754,"comment_status":"open","ping_status":"open","sticky":false,"template":"","format":"standard","meta":{"_acf_changed":false,"footnotes":""},"categories":[14],"tags":[],"class_list":["post-242112","post","type-post","status-publish","format-standard","has-post-thumbnail","category-politica"],"acf":{"antetitulo":"Otros recursos fueron malgastados"},"yoast_head":"<!-- This site is optimized with the Yoast SEO plugin v28.4 - https:\/\/yoast.com\/product\/yoast-seo-wordpress\/ -->\n<title>Esperar que cr\u00e9ditos solucionen crisis es un \u201cembuste gigantesco\u201d - El Diario - Bolivia<\/title>\n<meta name=\"robots\" content=\"index, follow, max-snippet:-1, max-image-preview:large, max-video-preview:-1\" \/>\n<link rel=\"canonical\" href=\"https:\/\/www.eldiario.net\/portal\/2024\/08\/21\/esperar-que-creditos-solucionen-crisis-es-un-embuste-gigantesco\/\" \/>\n<meta property=\"og:locale\" content=\"es_ES\" \/>\n<meta property=\"og:type\" content=\"article\" \/>\n<meta property=\"og:title\" content=\"Esperar que cr\u00e9ditos solucionen crisis es un \u201cembuste gigantesco\u201d - El Diario - Bolivia\" \/>\n<meta property=\"og:description\" content=\"Ante la insistencia del Gobierno en apostar por la aprobaci\u00f3n de cr\u00e9ditos internacionales para salir de la crisis, el diputado por Comunidad Ciudadana (CC), Carlos Alarc\u00f3n, calific\u00f3 esta postura como un \u201cembuste gigantesco\u201d, recordando adem\u00e1s que, otros recursos provenientes de pr\u00e9stamos ya aprobados por la Asamblea Legislativa Plurinacional (ALP) fueron malgastados. A trav\u00e9s de sus [&hellip;]\" \/>\n<meta property=\"og:url\" content=\"https:\/\/www.eldiario.net\/portal\/2024\/08\/21\/esperar-que-creditos-solucionen-crisis-es-un-embuste-gigantesco\/\" \/>\n<meta property=\"og:site_name\" content=\"El Diario - Bolivia\" \/>\n<meta property=\"article:publisher\" content=\"https:\/\/www.facebook.com\/eldiario.bolivia\/\" \/>\n<meta property=\"article:published_time\" content=\"2024-08-21T09:49:27+00:00\" \/>\n<meta property=\"og:image\" content=\"https:\/\/www.eldiario.net\/portal\/wp-content\/uploads\/2023\/12\/Politica.jpg\" \/>\n\t<meta property=\"og:image:width\" content=\"800\" \/>\n\t<meta property=\"og:image:height\" content=\"500\" \/>\n\t<meta property=\"og:image:type\" content=\"image\/jpeg\" \/>\n<meta name=\"author\" content=\"Jeanette\" \/>\n<meta name=\"twitter:card\" content=\"summary_large_image\" \/>\n<meta name=\"twitter:creator\" content=\"@eldiario_net\" \/>\n<meta name=\"twitter:site\" content=\"@eldiario_net\" \/>\n<meta name=\"twitter:label1\" content=\"Escrito por\" \/>\n\t<meta name=\"twitter:data1\" content=\"Jeanette\" \/>\n\t<meta name=\"twitter:label2\" content=\"Tiempo de lectura\" \/>\n\t<meta name=\"twitter:data2\" content=\"3 minutos\" \/>\n<script type=\"application\/ld+json\" class=\"yoast-schema-graph\">{\"@context\":\"https:\\\/\\\/schema.org\",\"@graph\":[{\"@type\":\"Article\",\"@id\":\"https:\\\/\\\/www.eldiario.net\\\/portal\\\/2024\\\/08\\\/21\\\/esperar-que-creditos-solucionen-crisis-es-un-embuste-gigantesco\\\/#article\",\"isPartOf\":{\"@id\":\"https:\\\/\\\/www.eldiario.net\\\/portal\\\/2024\\\/08\\\/21\\\/esperar-que-creditos-solucionen-crisis-es-un-embuste-gigantesco\\\/\"},\"author\":{\"name\":\"Jeanette\",\"@id\":\"https:\\\/\\\/www.eldiario.net\\\/portal\\\/#\\\/schema\\\/person\\\/f46445640444750d7d753ccd04ae01b7\"},\"headline\":\"Esperar que cr\u00e9ditos solucionen crisis es un \u201cembuste gigantesco\u201d\",\"datePublished\":\"2024-08-21T09:49:27+00:00\",\"mainEntityOfPage\":{\"@id\":\"https:\\\/\\\/www.eldiario.net\\\/portal\\\/2024\\\/08\\\/21\\\/esperar-que-creditos-solucionen-crisis-es-un-embuste-gigantesco\\\/\"},\"wordCount\":516,\"commentCount\":0,\"publisher\":{\"@id\":\"https:\\\/\\\/www.eldiario.net\\\/portal\\\/#organization\"},\"image\":{\"@id\":\"https:\\\/\\\/www.eldiario.net\\\/portal\\\/2024\\\/08\\\/21\\\/esperar-que-creditos-solucionen-crisis-es-un-embuste-gigantesco\\\/#primaryimage\"},\"thumbnailUrl\":\"https:\\\/\\\/www.eldiario.net\\\/portal\\\/wp-content\\\/uploads\\\/2023\\\/12\\\/Politica.jpg\",\"articleSection\":[\"Pol\u00edtica\"],\"inLanguage\":\"es\",\"potentialAction\":[{\"@type\":\"CommentAction\",\"name\":\"Comment\",\"target\":[\"https:\\\/\\\/www.eldiario.net\\\/portal\\\/2024\\\/08\\\/21\\\/esperar-que-creditos-solucionen-crisis-es-un-embuste-gigantesco\\\/#respond\"]}]},{\"@type\":\"WebPage\",\"@id\":\"https:\\\/\\\/www.eldiario.net\\\/portal\\\/2024\\\/08\\\/21\\\/esperar-que-creditos-solucionen-crisis-es-un-embuste-gigantesco\\\/\",\"url\":\"https:\\\/\\\/www.eldiario.net\\\/portal\\\/2024\\\/08\\\/21\\\/esperar-que-creditos-solucionen-crisis-es-un-embuste-gigantesco\\\/\",\"name\":\"Esperar que cr\u00e9ditos solucionen crisis es un \u201cembuste gigantesco\u201d - El Diario - Bolivia\",\"isPartOf\":{\"@id\":\"https:\\\/\\\/www.eldiario.net\\\/portal\\\/#website\"},\"primaryImageOfPage\":{\"@id\":\"https:\\\/\\\/www.eldiario.net\\\/portal\\\/2024\\\/08\\\/21\\\/esperar-que-creditos-solucionen-crisis-es-un-embuste-gigantesco\\\/#primaryimage\"},\"image\":{\"@id\":\"https:\\\/\\\/www.eldiario.net\\\/portal\\\/2024\\\/08\\\/21\\\/esperar-que-creditos-solucionen-crisis-es-un-embuste-gigantesco\\\/#primaryimage\"},\"thumbnailUrl\":\"https:\\\/\\\/www.eldiario.net\\\/portal\\\/wp-content\\\/uploads\\\/2023\\\/12\\\/Politica.jpg\",\"datePublished\":\"2024-08-21T09:49:27+00:00\",\"breadcrumb\":{\"@id\":\"https:\\\/\\\/www.eldiario.net\\\/portal\\\/2024\\\/08\\\/21\\\/esperar-que-creditos-solucionen-crisis-es-un-embuste-gigantesco\\\/#breadcrumb\"},\"inLanguage\":\"es\",\"potentialAction\":[{\"@type\":\"ReadAction\",\"target\":[\"https:\\\/\\\/www.eldiario.net\\\/portal\\\/2024\\\/08\\\/21\\\/esperar-que-creditos-solucionen-crisis-es-un-embuste-gigantesco\\\/\"]}]},{\"@type\":\"ImageObject\",\"inLanguage\":\"es\",\"@id\":\"https:\\\/\\\/www.eldiario.net\\\/portal\\\/2024\\\/08\\\/21\\\/esperar-que-creditos-solucionen-crisis-es-un-embuste-gigantesco\\\/#primaryimage\",\"url\":\"https:\\\/\\\/www.eldiario.net\\\/portal\\\/wp-content\\\/uploads\\\/2023\\\/12\\\/Politica.jpg\",\"contentUrl\":\"https:\\\/\\\/www.eldiario.net\\\/portal\\\/wp-content\\\/uploads\\\/2023\\\/12\\\/Politica.jpg\",\"width\":800,\"height\":500},{\"@type\":\"BreadcrumbList\",\"@id\":\"https:\\\/\\\/www.eldiario.net\\\/portal\\\/2024\\\/08\\\/21\\\/esperar-que-creditos-solucionen-crisis-es-un-embuste-gigantesco\\\/#breadcrumb\",\"itemListElement\":[{\"@type\":\"ListItem\",\"position\":1,\"name\":\"Portada\",\"item\":\"https:\\\/\\\/www.eldiario.net\\\/portal\\\/\"},{\"@type\":\"ListItem\",\"position\":2,\"name\":\"Esperar que cr\u00e9ditos solucionen crisis es un \u201cembuste gigantesco\u201d\"}]},{\"@type\":\"WebSite\",\"@id\":\"https:\\\/\\\/www.eldiario.net\\\/portal\\\/#website\",\"url\":\"https:\\\/\\\/www.eldiario.net\\\/portal\\\/\",\"name\":\"El Diario - Decano de la prensa nacional\",\"description\":\"El Diario - Decano de la prensa nacional\",\"publisher\":{\"@id\":\"https:\\\/\\\/www.eldiario.net\\\/portal\\\/#organization\"},\"potentialAction\":[{\"@type\":\"SearchAction\",\"target\":{\"@type\":\"EntryPoint\",\"urlTemplate\":\"https:\\\/\\\/www.eldiario.net\\\/portal\\\/?s={search_term_string}\"},\"query-input\":{\"@type\":\"PropertyValueSpecification\",\"valueRequired\":true,\"valueName\":\"search_term_string\"}}],\"inLanguage\":\"es\"},{\"@type\":\"Organization\",\"@id\":\"https:\\\/\\\/www.eldiario.net\\\/portal\\\/#organization\",\"name\":\"El Diario - Decano de la prensa nacional\",\"url\":\"https:\\\/\\\/www.eldiario.net\\\/portal\\\/\",\"logo\":{\"@type\":\"ImageObject\",\"inLanguage\":\"es\",\"@id\":\"https:\\\/\\\/www.eldiario.net\\\/portal\\\/#\\\/schema\\\/logo\\\/image\\\/\",\"url\":\"https:\\\/\\\/www.eldiario.net\\\/portal\\\/wp-content\\\/uploads\\\/2023\\\/07\\\/logo_ED.jpg\",\"contentUrl\":\"https:\\\/\\\/www.eldiario.net\\\/portal\\\/wp-content\\\/uploads\\\/2023\\\/07\\\/logo_ED.jpg\",\"width\":272,\"height\":52,\"caption\":\"El Diario - Decano de la prensa nacional\"},\"image\":{\"@id\":\"https:\\\/\\\/www.eldiario.net\\\/portal\\\/#\\\/schema\\\/logo\\\/image\\\/\"},\"sameAs\":[\"https:\\\/\\\/www.facebook.com\\\/eldiario.bolivia\\\/\",\"https:\\\/\\\/x.com\\\/eldiario_net\"]},{\"@type\":\"Person\",\"@id\":\"https:\\\/\\\/www.eldiario.net\\\/portal\\\/#\\\/schema\\\/person\\\/f46445640444750d7d753ccd04ae01b7\",\"name\":\"Jeanette\",\"image\":{\"@type\":\"ImageObject\",\"inLanguage\":\"es\",\"@id\":\"https:\\\/\\\/secure.gravatar.com\\\/avatar\\\/3ea2118a5f7dad2b7138b1187a6b7ee55f160b9968b66013c3a3ef39dd7e5798?s=96&d=mm&r=g\",\"url\":\"https:\\\/\\\/secure.gravatar.com\\\/avatar\\\/3ea2118a5f7dad2b7138b1187a6b7ee55f160b9968b66013c3a3ef39dd7e5798?s=96&d=mm&r=g\",\"contentUrl\":\"https:\\\/\\\/secure.gravatar.com\\\/avatar\\\/3ea2118a5f7dad2b7138b1187a6b7ee55f160b9968b66013c3a3ef39dd7e5798?s=96&d=mm&r=g\",\"caption\":\"Jeanette\"},\"sameAs\":[\"https:\\\/\\\/www.eldiario.net\\\/portal\"],\"url\":\"https:\\\/\\\/www.eldiario.net\\\/portal\\\/author\\\/jeanette\\\/\"}]}<\/script>\n<!-- \/ Yoast SEO plugin. -->","yoast_head_json":{"title":"Esperar que cr\u00e9ditos solucionen crisis es un \u201cembuste gigantesco\u201d - El Diario - Bolivia","robots":{"index":"index","follow":"follow","max-snippet":"max-snippet:-1","max-image-preview":"max-image-preview:large","max-video-preview":"max-video-preview:-1"},"canonical":"https:\/\/www.eldiario.net\/portal\/2024\/08\/21\/esperar-que-creditos-solucionen-crisis-es-un-embuste-gigantesco\/","og_locale":"es_ES","og_type":"article","og_title":"Esperar que cr\u00e9ditos solucionen crisis es un \u201cembuste gigantesco\u201d - El Diario - Bolivia","og_description":"Ante la insistencia del Gobierno en apostar por la aprobaci\u00f3n de cr\u00e9ditos internacionales para salir de la crisis, el diputado por Comunidad Ciudadana (CC), Carlos Alarc\u00f3n, calific\u00f3 esta postura como un \u201cembuste gigantesco\u201d, recordando adem\u00e1s que, otros recursos provenientes de pr\u00e9stamos ya aprobados por la Asamblea Legislativa Plurinacional (ALP) fueron malgastados. A trav\u00e9s de sus [&hellip;]","og_url":"https:\/\/www.eldiario.net\/portal\/2024\/08\/21\/esperar-que-creditos-solucionen-crisis-es-un-embuste-gigantesco\/","og_site_name":"El Diario - Bolivia","article_publisher":"https:\/\/www.facebook.com\/eldiario.bolivia\/","article_published_time":"2024-08-21T09:49:27+00:00","og_image":[{"width":800,"height":500,"url":"https:\/\/www.eldiario.net\/portal\/wp-content\/uploads\/2023\/12\/Politica.jpg","type":"image\/jpeg"}],"author":"Jeanette","twitter_card":"summary_large_image","twitter_creator":"@eldiario_net","twitter_site":"@eldiario_net","twitter_misc":{"Escrito por":"Jeanette","Tiempo de lectura":"3 minutos"},"schema":{"@context":"https:\/\/schema.org","@graph":[{"@type":"Article","@id":"https:\/\/www.eldiario.net\/portal\/2024\/08\/21\/esperar-que-creditos-solucionen-crisis-es-un-embuste-gigantesco\/#article","isPartOf":{"@id":"https:\/\/www.eldiario.net\/portal\/2024\/08\/21\/esperar-que-creditos-solucionen-crisis-es-un-embuste-gigantesco\/"},"author":{"name":"Jeanette","@id":"https:\/\/www.eldiario.net\/portal\/#\/schema\/person\/f46445640444750d7d753ccd04ae01b7"},"headline":"Esperar que cr\u00e9ditos solucionen crisis es un \u201cembuste gigantesco\u201d","datePublished":"2024-08-21T09:49:27+00:00","mainEntityOfPage":{"@id":"https:\/\/www.eldiario.net\/portal\/2024\/08\/21\/esperar-que-creditos-solucionen-crisis-es-un-embuste-gigantesco\/"},"wordCount":516,"commentCount":0,"publisher":{"@id":"https:\/\/www.eldiario.net\/portal\/#organization"},"image":{"@id":"https:\/\/www.eldiario.net\/portal\/2024\/08\/21\/esperar-que-creditos-solucionen-crisis-es-un-embuste-gigantesco\/#primaryimage"},"thumbnailUrl":"https:\/\/www.eldiario.net\/portal\/wp-content\/uploads\/2023\/12\/Politica.jpg","articleSection":["Pol\u00edtica"],"inLanguage":"es","potentialAction":[{"@type":"CommentAction","name":"Comment","target":["https:\/\/www.eldiario.net\/portal\/2024\/08\/21\/esperar-que-creditos-solucionen-crisis-es-un-embuste-gigantesco\/#respond"]}]},{"@type":"WebPage","@id":"https:\/\/www.eldiario.net\/portal\/2024\/08\/21\/esperar-que-creditos-solucionen-crisis-es-un-embuste-gigantesco\/","url":"https:\/\/www.eldiario.net\/portal\/2024\/08\/21\/esperar-que-creditos-solucionen-crisis-es-un-embuste-gigantesco\/","name":"Esperar que cr\u00e9ditos solucionen crisis es un \u201cembuste gigantesco\u201d - El Diario - Bolivia","isPartOf":{"@id":"https:\/\/www.eldiario.net\/portal\/#website"},"primaryImageOfPage":{"@id":"https:\/\/www.eldiario.net\/portal\/2024\/08\/21\/esperar-que-creditos-solucionen-crisis-es-un-embuste-gigantesco\/#primaryimage"},"image":{"@id":"https:\/\/www.eldiario.net\/portal\/2024\/08\/21\/esperar-que-creditos-solucionen-crisis-es-un-embuste-gigantesco\/#primaryimage"},"thumbnailUrl":"https:\/\/www.eldiario.net\/portal\/wp-content\/uploads\/2023\/12\/Politica.jpg","datePublished":"2024-08-21T09:49:27+00:00","breadcrumb":{"@id":"https:\/\/www.eldiario.net\/portal\/2024\/08\/21\/esperar-que-creditos-solucionen-crisis-es-un-embuste-gigantesco\/#breadcrumb"},"inLanguage":"es","potentialAction":[{"@type":"ReadAction","target":["https:\/\/www.eldiario.net\/portal\/2024\/08\/21\/esperar-que-creditos-solucionen-crisis-es-un-embuste-gigantesco\/"]}]},{"@type":"ImageObject","inLanguage":"es","@id":"https:\/\/www.eldiario.net\/portal\/2024\/08\/21\/esperar-que-creditos-solucionen-crisis-es-un-embuste-gigantesco\/#primaryimage","url":"https:\/\/www.eldiario.net\/portal\/wp-content\/uploads\/2023\/12\/Politica.jpg","contentUrl":"https:\/\/www.eldiario.net\/portal\/wp-content\/uploads\/2023\/12\/Politica.jpg","width":800,"height":500},{"@type":"BreadcrumbList","@id":"https:\/\/www.eldiario.net\/portal\/2024\/08\/21\/esperar-que-creditos-solucionen-crisis-es-un-embuste-gigantesco\/#breadcrumb","itemListElement":[{"@type":"ListItem","position":1,"name":"Portada","item":"https:\/\/www.eldiario.net\/portal\/"},{"@type":"ListItem","position":2,"name":"Esperar que cr\u00e9ditos solucionen crisis es un \u201cembuste gigantesco\u201d"}]},{"@type":"WebSite","@id":"https:\/\/www.eldiario.net\/portal\/#website","url":"https:\/\/www.eldiario.net\/portal\/","name":"El Diario - Decano de la prensa nacional","description":"El Diario - Decano de la prensa nacional","publisher":{"@id":"https:\/\/www.eldiario.net\/portal\/#organization"},"potentialAction":[{"@type":"SearchAction","target":{"@type":"EntryPoint","urlTemplate":"https:\/\/www.eldiario.net\/portal\/?s={search_term_string}"},"query-input":{"@type":"PropertyValueSpecification","valueRequired":true,"valueName":"search_term_string"}}],"inLanguage":"es"},{"@type":"Organization","@id":"https:\/\/www.eldiario.net\/portal\/#organization","name":"El Diario - Decano de la prensa nacional","url":"https:\/\/www.eldiario.net\/portal\/","logo":{"@type":"ImageObject","inLanguage":"es","@id":"https:\/\/www.eldiario.net\/portal\/#\/schema\/logo\/image\/","url":"https:\/\/www.eldiario.net\/portal\/wp-content\/uploads\/2023\/07\/logo_ED.jpg","contentUrl":"https:\/\/www.eldiario.net\/portal\/wp-content\/uploads\/2023\/07\/logo_ED.jpg","width":272,"height":52,"caption":"El Diario - Decano de la prensa nacional"},"image":{"@id":"https:\/\/www.eldiario.net\/portal\/#\/schema\/logo\/image\/"},"sameAs":["https:\/\/www.facebook.com\/eldiario.bolivia\/","https:\/\/x.com\/eldiario_net"]},{"@type":"Person","@id":"https:\/\/www.eldiario.net\/portal\/#\/schema\/person\/f46445640444750d7d753ccd04ae01b7","name":"Jeanette","image":{"@type":"ImageObject","inLanguage":"es","@id":"https:\/\/secure.gravatar.com\/avatar\/3ea2118a5f7dad2b7138b1187a6b7ee55f160b9968b66013c3a3ef39dd7e5798?s=96&d=mm&r=g","url":"https:\/\/secure.gravatar.com\/avatar\/3ea2118a5f7dad2b7138b1187a6b7ee55f160b9968b66013c3a3ef39dd7e5798?s=96&d=mm&r=g","contentUrl":"https:\/\/secure.gravatar.com\/avatar\/3ea2118a5f7dad2b7138b1187a6b7ee55f160b9968b66013c3a3ef39dd7e5798?s=96&d=mm&r=g","caption":"Jeanette"},"sameAs":["https:\/\/www.eldiario.net\/portal"],"url":"https:\/\/www.eldiario.net\/portal\/author\/jeanette\/"}]}},"_links":{"self":[{"href":"https:\/\/www.eldiario.net\/portal\/wp-json\/wp\/v2\/posts\/242112","targetHints":{"allow":["GET"]}}],"collection":[{"href":"https:\/\/www.eldiario.net\/portal\/wp-json\/wp\/v2\/posts"}],"about":[{"href":"https:\/\/www.eldiario.net\/portal\/wp-json\/wp\/v2\/types\/post"}],"author":[{"embeddable":true,"href":"https:\/\/www.eldiario.net\/portal\/wp-json\/wp\/v2\/users\/1"}],"replies":[{"embeddable":true,"href":"https:\/\/www.eldiario.net\/portal\/wp-json\/wp\/v2\/comments?post=242112"}],"version-history":[{"count":1,"href":"https:\/\/www.eldiario.net\/portal\/wp-json\/wp\/v2\/posts\/242112\/revisions"}],"predecessor-version":[{"id":242113,"href":"https:\/\/www.eldiario.net\/portal\/wp-json\/wp\/v2\/posts\/242112\/revisions\/242113"}],"wp:featuredmedia":[{"embeddable":true,"href":"https:\/\/www.eldiario.net\/portal\/wp-json\/wp\/v2\/media\/194754"}],"wp:attachment":[{"href":"https:\/\/www.eldiario.net\/portal\/wp-json\/wp\/v2\/media?parent=242112"}],"wp:term":[{"taxonomy":"category","embeddable":true,"href":"https:\/\/www.eldiario.net\/portal\/wp-json\/wp\/v2\/categories?post=242112"},{"taxonomy":"post_tag","embeddable":true,"href":"https:\/\/www.eldiario.net\/portal\/wp-json\/wp\/v2\/tags?post=242112"}],"curies":[{"name":"wp","href":"https:\/\/api.w.org\/{rel}","templated":true}]}}