{"id":242109,"date":"2024-08-21T05:48:57","date_gmt":"2024-08-21T09:48:57","guid":{"rendered":"https:\/\/www.eldiario.net\/portal\/?p=242109"},"modified":"2024-08-21T05:48:57","modified_gmt":"2024-08-21T09:48:57","slug":"israel-recupera-seis-cuerpos-de-rehenes-en-franja-de-gaza","status":"publish","type":"post","link":"https:\/\/www.eldiario.net\/portal\/2024\/08\/21\/israel-recupera-seis-cuerpos-de-rehenes-en-franja-de-gaza\/","title":{"rendered":"Israel recupera seis cuerpos de rehenes en Franja de Gaza"},"content":{"rendered":"<p>Las autoridades israel\u00edes confirmaron ayer haber recuperado los cuerpos de seis rehenes de Ham\u00e1s, en los t\u00faneles del \u00e1rea de Khan Younis, en el sur del enclave.<br \/>\nLos cautivos cuyos restos fueron rescatados son: Yagev Buchshtab, Alexander Dancyg, Avraham Munder, Yoram Metzger, Nadav Popplewell y Chaim Perri, seg\u00fan inform\u00f3 el Ej\u00e9rcito israel\u00ed, que llev\u00f3 a cabo la operaci\u00f3n junto con la agencia de inteligencia Shin Bet.<br \/>\n\u201cEl Estado de Israel seguir\u00e1 haciendo todos los esfuerzos posibles para devolver a todos nuestros secuestrados, vivos y muertos\u201d, indic\u00f3 el comunicado del primer ministro israel\u00ed, Benjam\u00edn Netanyahu.<br \/>\nEl primer ministro agradeci\u00f3 \u201csu valent\u00eda y acci\u00f3n decidida\u201d a los soldados del Ej\u00e9rcito y agentes del Shin Bet, y envi\u00f3 su \u201csentido p\u00e9same\u201d a las familias.<br \/>\nLos respectivos kibutz de Nirim, de donde eran Popplewell y Buchshtab, y Nir Oz, hogar del resto de los secuestrados, hab\u00edan informado antes del rescate de cinco de ellos, pero quedaba por confirmar Alezander Dancyg.<br \/>\n\u201cLa operaci\u00f3n fue posible gracias a la informaci\u00f3n precisa del Shin Bet, y de las unidades de inteligencia de las Fuerzas de Defensa de Israel (FDI) y el Cuartel General de Rehenes de la Direcci\u00f3n de Inteligencia de las FDI\u201d, informaron los cuerpos de seguridad en un comunicado conjunto.<br \/>\nEl ej\u00e9rcito explic\u00f3 que tras hallar durante la noche los cuerpos de los rehenes en los t\u00faneles de Khan Younis, sus restos fueron identificados por el Instituto Nacional de Medicina Forense y la Polic\u00eda de Israel, que inmediatamente informaron a las familias.<br \/>\nCon el rescate de estos cuerpos, de los 251 secuestrados el 7 de octubre, quedan dentro de la Franja 105 rehenes, de los que 34 estar\u00edan confirmados muertos; mientras que se recuperaron y fueron llevados de vuelta a Israel los cad\u00e1veres de 30 secuestrados.<br \/>\nAdem\u00e1s, 116 cautivos salieron con vida de la Franja, la mayor\u00eda en el \u00fanico acuerdo de tregua de una semana el pasado noviembre, 105 rehenes fueron intercambiados por 240 presos palestinos, y siete rescatados en operaciones militares del Ej\u00e9rcito.<br \/>\nLa comunidad internacional se afana por lograr otro acuerdo de alto al fuego, que permita la liberaci\u00f3n del resto de rehenes, y con ese fin est\u00e1 de visita en Israel, el secretario de Estado de EEUU, Antony Blinken, quien ayer por la noche adelant\u00f3 que Netanyahu acept\u00f3 la nueva propuesta de acuerdo e inst\u00f3 a Ham\u00e1s a hacer lo mismo. Aunque el grupo mostr\u00f3 sus reticencias hacia este nuevo borrador que, seg\u00fan dicen, sirve a las exigencias de Israel.<br \/>\n\u201cNo debemos dejar de actuar de ninguna manera ni por un momento para devolver a todos los secuestrados a su patria: los vivos con sus familias y los muertos a la tumba en Israel. Es una obligaci\u00f3n moral suprema del Estado de Israel\u201d, expres\u00f3 el presidente Isaac Herzog.<br \/>\nEl ministro israel\u00ed de Defensa, Yoav Gallant, elogi\u00f3 la \u201cdeterminaci\u00f3n y coraje\u201d de las tropas israel\u00edes, que lograron este rescate gracias a la \u201clibertad de acci\u00f3n operativa\u201d conseguida con la presi\u00f3n militar y se comprometi\u00f3 a lograr los objetivos de la guerra: la disoluci\u00f3n de Ham\u00e1s y el retorno de todos los secuestrados. (Infobae y Efe)<\/p>\n","protected":false},"excerpt":{"rendered":"<p>Las autoridades israel\u00edes confirmaron ayer haber recuperado los cuerpos de seis rehenes de Ham\u00e1s, en los t\u00faneles del \u00e1rea de Khan Younis, en el sur del enclave. Los cautivos cuyos restos fueron rescatados son: Yagev Buchshtab, Alexander Dancyg, Avraham Munder, Yoram Metzger, Nadav Popplewell y Chaim Perri, seg\u00fan inform\u00f3 el Ej\u00e9rcito israel\u00ed, que llev\u00f3 a [&hellip;]<\/p>\n","protected":false},"author":1,"featured_media":242110,"comment_status":"open","ping_status":"open","sticky":false,"template":"","format":"standard","meta":{"_acf_changed":false,"footnotes":""},"categories":[3],"tags":[],"class_list":["post-242109","post","type-post","status-publish","format-standard","has-post-thumbnail","category-internacional"],"acf":{"antetitulo":"Tras operativo militar"},"yoast_head":"<!-- This site is optimized with the Yoast SEO plugin v28.4 - https:\/\/yoast.com\/product\/yoast-seo-wordpress\/ -->\n<title>Israel recupera seis cuerpos de rehenes en Franja de Gaza - El Diario - Bolivia<\/title>\n<meta name=\"robots\" content=\"index, follow, max-snippet:-1, max-image-preview:large, max-video-preview:-1\" \/>\n<link rel=\"canonical\" href=\"https:\/\/www.eldiario.net\/portal\/2024\/08\/21\/israel-recupera-seis-cuerpos-de-rehenes-en-franja-de-gaza\/\" \/>\n<meta property=\"og:locale\" content=\"es_ES\" \/>\n<meta property=\"og:type\" content=\"article\" \/>\n<meta property=\"og:title\" content=\"Israel recupera seis cuerpos de rehenes en Franja de Gaza - El Diario - Bolivia\" \/>\n<meta property=\"og:description\" content=\"Las autoridades israel\u00edes confirmaron ayer haber recuperado los cuerpos de seis rehenes de Ham\u00e1s, en los t\u00faneles del \u00e1rea de Khan Younis, en el sur del enclave. Los cautivos cuyos restos fueron rescatados son: Yagev Buchshtab, Alexander Dancyg, Avraham Munder, Yoram Metzger, Nadav Popplewell y Chaim Perri, seg\u00fan inform\u00f3 el Ej\u00e9rcito israel\u00ed, que llev\u00f3 a [&hellip;]\" \/>\n<meta property=\"og:url\" content=\"https:\/\/www.eldiario.net\/portal\/2024\/08\/21\/israel-recupera-seis-cuerpos-de-rehenes-en-franja-de-gaza\/\" \/>\n<meta property=\"og:site_name\" content=\"El Diario - Bolivia\" \/>\n<meta property=\"article:publisher\" content=\"https:\/\/www.facebook.com\/eldiario.bolivia\/\" \/>\n<meta property=\"article:published_time\" content=\"2024-08-21T09:48:57+00:00\" \/>\n<meta property=\"og:image\" content=\"https:\/\/www.eldiario.net\/portal\/wp-content\/uploads\/2024\/08\/CUERPOS-Infobae.jpg\" \/>\n\t<meta property=\"og:image:width\" content=\"768\" \/>\n\t<meta property=\"og:image:height\" content=\"512\" \/>\n\t<meta property=\"og:image:type\" content=\"image\/jpeg\" \/>\n<meta name=\"author\" content=\"Jeanette\" \/>\n<meta name=\"twitter:card\" content=\"summary_large_image\" \/>\n<meta name=\"twitter:creator\" content=\"@eldiario_net\" \/>\n<meta name=\"twitter:site\" content=\"@eldiario_net\" \/>\n<meta name=\"twitter:label1\" content=\"Escrito por\" \/>\n\t<meta name=\"twitter:data1\" content=\"Jeanette\" \/>\n\t<meta name=\"twitter:label2\" content=\"Tiempo de lectura\" \/>\n\t<meta name=\"twitter:data2\" content=\"3 minutos\" \/>\n<script type=\"application\/ld+json\" class=\"yoast-schema-graph\">{\"@context\":\"https:\\\/\\\/schema.org\",\"@graph\":[{\"@type\":\"Article\",\"@id\":\"https:\\\/\\\/www.eldiario.net\\\/portal\\\/2024\\\/08\\\/21\\\/israel-recupera-seis-cuerpos-de-rehenes-en-franja-de-gaza\\\/#article\",\"isPartOf\":{\"@id\":\"https:\\\/\\\/www.eldiario.net\\\/portal\\\/2024\\\/08\\\/21\\\/israel-recupera-seis-cuerpos-de-rehenes-en-franja-de-gaza\\\/\"},\"author\":{\"name\":\"Jeanette\",\"@id\":\"https:\\\/\\\/www.eldiario.net\\\/portal\\\/#\\\/schema\\\/person\\\/2c57cf2b7a7ae032e449e4c9b1019eac\"},\"headline\":\"Israel recupera seis cuerpos de rehenes en Franja de Gaza\",\"datePublished\":\"2024-08-21T09:48:57+00:00\",\"mainEntityOfPage\":{\"@id\":\"https:\\\/\\\/www.eldiario.net\\\/portal\\\/2024\\\/08\\\/21\\\/israel-recupera-seis-cuerpos-de-rehenes-en-franja-de-gaza\\\/\"},\"wordCount\":548,\"commentCount\":0,\"publisher\":{\"@id\":\"https:\\\/\\\/www.eldiario.net\\\/portal\\\/#organization\"},\"image\":{\"@id\":\"https:\\\/\\\/www.eldiario.net\\\/portal\\\/2024\\\/08\\\/21\\\/israel-recupera-seis-cuerpos-de-rehenes-en-franja-de-gaza\\\/#primaryimage\"},\"thumbnailUrl\":\"https:\\\/\\\/www.eldiario.net\\\/portal\\\/wp-content\\\/uploads\\\/2024\\\/08\\\/CUERPOS-Infobae.jpg\",\"articleSection\":[\"Internacional\"],\"inLanguage\":\"es\",\"potentialAction\":[{\"@type\":\"CommentAction\",\"name\":\"Comment\",\"target\":[\"https:\\\/\\\/www.eldiario.net\\\/portal\\\/2024\\\/08\\\/21\\\/israel-recupera-seis-cuerpos-de-rehenes-en-franja-de-gaza\\\/#respond\"]}]},{\"@type\":\"WebPage\",\"@id\":\"https:\\\/\\\/www.eldiario.net\\\/portal\\\/2024\\\/08\\\/21\\\/israel-recupera-seis-cuerpos-de-rehenes-en-franja-de-gaza\\\/\",\"url\":\"https:\\\/\\\/www.eldiario.net\\\/portal\\\/2024\\\/08\\\/21\\\/israel-recupera-seis-cuerpos-de-rehenes-en-franja-de-gaza\\\/\",\"name\":\"Israel recupera seis cuerpos de rehenes en Franja de Gaza - El Diario - Bolivia\",\"isPartOf\":{\"@id\":\"https:\\\/\\\/www.eldiario.net\\\/portal\\\/#website\"},\"primaryImageOfPage\":{\"@id\":\"https:\\\/\\\/www.eldiario.net\\\/portal\\\/2024\\\/08\\\/21\\\/israel-recupera-seis-cuerpos-de-rehenes-en-franja-de-gaza\\\/#primaryimage\"},\"image\":{\"@id\":\"https:\\\/\\\/www.eldiario.net\\\/portal\\\/2024\\\/08\\\/21\\\/israel-recupera-seis-cuerpos-de-rehenes-en-franja-de-gaza\\\/#primaryimage\"},\"thumbnailUrl\":\"https:\\\/\\\/www.eldiario.net\\\/portal\\\/wp-content\\\/uploads\\\/2024\\\/08\\\/CUERPOS-Infobae.jpg\",\"datePublished\":\"2024-08-21T09:48:57+00:00\",\"breadcrumb\":{\"@id\":\"https:\\\/\\\/www.eldiario.net\\\/portal\\\/2024\\\/08\\\/21\\\/israel-recupera-seis-cuerpos-de-rehenes-en-franja-de-gaza\\\/#breadcrumb\"},\"inLanguage\":\"es\",\"potentialAction\":[{\"@type\":\"ReadAction\",\"target\":[\"https:\\\/\\\/www.eldiario.net\\\/portal\\\/2024\\\/08\\\/21\\\/israel-recupera-seis-cuerpos-de-rehenes-en-franja-de-gaza\\\/\"]}]},{\"@type\":\"ImageObject\",\"inLanguage\":\"es\",\"@id\":\"https:\\\/\\\/www.eldiario.net\\\/portal\\\/2024\\\/08\\\/21\\\/israel-recupera-seis-cuerpos-de-rehenes-en-franja-de-gaza\\\/#primaryimage\",\"url\":\"https:\\\/\\\/www.eldiario.net\\\/portal\\\/wp-content\\\/uploads\\\/2024\\\/08\\\/CUERPOS-Infobae.jpg\",\"contentUrl\":\"https:\\\/\\\/www.eldiario.net\\\/portal\\\/wp-content\\\/uploads\\\/2024\\\/08\\\/CUERPOS-Infobae.jpg\",\"width\":768,\"height\":512,\"caption\":\"Los rehenes israel\u00edes Alexander Dancyg, Yoram Metzger, Yagev Buchshtab, Chaim Perri y Avraham Munder y del reh\u00e9n Nadav Popplewell, secuestrados el 7 de octubre por Ham\u00e1s.\"},{\"@type\":\"BreadcrumbList\",\"@id\":\"https:\\\/\\\/www.eldiario.net\\\/portal\\\/2024\\\/08\\\/21\\\/israel-recupera-seis-cuerpos-de-rehenes-en-franja-de-gaza\\\/#breadcrumb\",\"itemListElement\":[{\"@type\":\"ListItem\",\"position\":1,\"name\":\"Portada\",\"item\":\"https:\\\/\\\/www.eldiario.net\\\/portal\\\/\"},{\"@type\":\"ListItem\",\"position\":2,\"name\":\"Israel recupera seis cuerpos de rehenes en Franja de Gaza\"}]},{\"@type\":\"WebSite\",\"@id\":\"https:\\\/\\\/www.eldiario.net\\\/portal\\\/#website\",\"url\":\"https:\\\/\\\/www.eldiario.net\\\/portal\\\/\",\"name\":\"El Diario - Decano de la prensa nacional\",\"description\":\"El Diario - Decano de la prensa nacional\",\"publisher\":{\"@id\":\"https:\\\/\\\/www.eldiario.net\\\/portal\\\/#organization\"},\"potentialAction\":[{\"@type\":\"SearchAction\",\"target\":{\"@type\":\"EntryPoint\",\"urlTemplate\":\"https:\\\/\\\/www.eldiario.net\\\/portal\\\/?s={search_term_string}\"},\"query-input\":{\"@type\":\"PropertyValueSpecification\",\"valueRequired\":true,\"valueName\":\"search_term_string\"}}],\"inLanguage\":\"es\"},{\"@type\":\"Organization\",\"@id\":\"https:\\\/\\\/www.eldiario.net\\\/portal\\\/#organization\",\"name\":\"El Diario - Decano de la prensa nacional\",\"url\":\"https:\\\/\\\/www.eldiario.net\\\/portal\\\/\",\"logo\":{\"@type\":\"ImageObject\",\"inLanguage\":\"es\",\"@id\":\"https:\\\/\\\/www.eldiario.net\\\/portal\\\/#\\\/schema\\\/logo\\\/image\\\/\",\"url\":\"https:\\\/\\\/www.eldiario.net\\\/portal\\\/wp-content\\\/uploads\\\/2023\\\/07\\\/logo_ED.jpg\",\"contentUrl\":\"https:\\\/\\\/www.eldiario.net\\\/portal\\\/wp-content\\\/uploads\\\/2023\\\/07\\\/logo_ED.jpg\",\"width\":272,\"height\":52,\"caption\":\"El Diario - Decano de la prensa nacional\"},\"image\":{\"@id\":\"https:\\\/\\\/www.eldiario.net\\\/portal\\\/#\\\/schema\\\/logo\\\/image\\\/\"},\"sameAs\":[\"https:\\\/\\\/www.facebook.com\\\/eldiario.bolivia\\\/\",\"https:\\\/\\\/x.com\\\/eldiario_net\"]},{\"@type\":\"Person\",\"@id\":\"https:\\\/\\\/www.eldiario.net\\\/portal\\\/#\\\/schema\\\/person\\\/2c57cf2b7a7ae032e449e4c9b1019eac\",\"name\":\"Jeanette\",\"image\":{\"@type\":\"ImageObject\",\"inLanguage\":\"es\",\"@id\":\"https:\\\/\\\/secure.gravatar.com\\\/avatar\\\/3ea2118a5f7dad2b7138b1187a6b7ee55f160b9968b66013c3a3ef39dd7e5798?s=96&d=mm&r=g\",\"url\":\"https:\\\/\\\/secure.gravatar.com\\\/avatar\\\/3ea2118a5f7dad2b7138b1187a6b7ee55f160b9968b66013c3a3ef39dd7e5798?s=96&d=mm&r=g\",\"contentUrl\":\"https:\\\/\\\/secure.gravatar.com\\\/avatar\\\/3ea2118a5f7dad2b7138b1187a6b7ee55f160b9968b66013c3a3ef39dd7e5798?s=96&d=mm&r=g\",\"caption\":\"Jeanette\"},\"sameAs\":[\"https:\\\/\\\/www.eldiario.net\\\/portal\"],\"url\":\"https:\\\/\\\/www.eldiario.net\\\/portal\\\/author\\\/jeanette\\\/\"}]}<\/script>\n<!-- \/ Yoast SEO plugin. -->","yoast_head_json":{"title":"Israel recupera seis cuerpos de rehenes en Franja de Gaza - El Diario - Bolivia","robots":{"index":"index","follow":"follow","max-snippet":"max-snippet:-1","max-image-preview":"max-image-preview:large","max-video-preview":"max-video-preview:-1"},"canonical":"https:\/\/www.eldiario.net\/portal\/2024\/08\/21\/israel-recupera-seis-cuerpos-de-rehenes-en-franja-de-gaza\/","og_locale":"es_ES","og_type":"article","og_title":"Israel recupera seis cuerpos de rehenes en Franja de Gaza - El Diario - Bolivia","og_description":"Las autoridades israel\u00edes confirmaron ayer haber recuperado los cuerpos de seis rehenes de Ham\u00e1s, en los t\u00faneles del \u00e1rea de Khan Younis, en el sur del enclave. Los cautivos cuyos restos fueron rescatados son: Yagev Buchshtab, Alexander Dancyg, Avraham Munder, Yoram Metzger, Nadav Popplewell y Chaim Perri, seg\u00fan inform\u00f3 el Ej\u00e9rcito israel\u00ed, que llev\u00f3 a [&hellip;]","og_url":"https:\/\/www.eldiario.net\/portal\/2024\/08\/21\/israel-recupera-seis-cuerpos-de-rehenes-en-franja-de-gaza\/","og_site_name":"El Diario - Bolivia","article_publisher":"https:\/\/www.facebook.com\/eldiario.bolivia\/","article_published_time":"2024-08-21T09:48:57+00:00","og_image":[{"width":768,"height":512,"url":"https:\/\/www.eldiario.net\/portal\/wp-content\/uploads\/2024\/08\/CUERPOS-Infobae.jpg","type":"image\/jpeg"}],"author":"Jeanette","twitter_card":"summary_large_image","twitter_creator":"@eldiario_net","twitter_site":"@eldiario_net","twitter_misc":{"Escrito por":"Jeanette","Tiempo de lectura":"3 minutos"},"schema":{"@context":"https:\/\/schema.org","@graph":[{"@type":"Article","@id":"https:\/\/www.eldiario.net\/portal\/2024\/08\/21\/israel-recupera-seis-cuerpos-de-rehenes-en-franja-de-gaza\/#article","isPartOf":{"@id":"https:\/\/www.eldiario.net\/portal\/2024\/08\/21\/israel-recupera-seis-cuerpos-de-rehenes-en-franja-de-gaza\/"},"author":{"name":"Jeanette","@id":"https:\/\/www.eldiario.net\/portal\/#\/schema\/person\/2c57cf2b7a7ae032e449e4c9b1019eac"},"headline":"Israel recupera seis cuerpos de rehenes en Franja de Gaza","datePublished":"2024-08-21T09:48:57+00:00","mainEntityOfPage":{"@id":"https:\/\/www.eldiario.net\/portal\/2024\/08\/21\/israel-recupera-seis-cuerpos-de-rehenes-en-franja-de-gaza\/"},"wordCount":548,"commentCount":0,"publisher":{"@id":"https:\/\/www.eldiario.net\/portal\/#organization"},"image":{"@id":"https:\/\/www.eldiario.net\/portal\/2024\/08\/21\/israel-recupera-seis-cuerpos-de-rehenes-en-franja-de-gaza\/#primaryimage"},"thumbnailUrl":"https:\/\/www.eldiario.net\/portal\/wp-content\/uploads\/2024\/08\/CUERPOS-Infobae.jpg","articleSection":["Internacional"],"inLanguage":"es","potentialAction":[{"@type":"CommentAction","name":"Comment","target":["https:\/\/www.eldiario.net\/portal\/2024\/08\/21\/israel-recupera-seis-cuerpos-de-rehenes-en-franja-de-gaza\/#respond"]}]},{"@type":"WebPage","@id":"https:\/\/www.eldiario.net\/portal\/2024\/08\/21\/israel-recupera-seis-cuerpos-de-rehenes-en-franja-de-gaza\/","url":"https:\/\/www.eldiario.net\/portal\/2024\/08\/21\/israel-recupera-seis-cuerpos-de-rehenes-en-franja-de-gaza\/","name":"Israel recupera seis cuerpos de rehenes en Franja de Gaza - El Diario - Bolivia","isPartOf":{"@id":"https:\/\/www.eldiario.net\/portal\/#website"},"primaryImageOfPage":{"@id":"https:\/\/www.eldiario.net\/portal\/2024\/08\/21\/israel-recupera-seis-cuerpos-de-rehenes-en-franja-de-gaza\/#primaryimage"},"image":{"@id":"https:\/\/www.eldiario.net\/portal\/2024\/08\/21\/israel-recupera-seis-cuerpos-de-rehenes-en-franja-de-gaza\/#primaryimage"},"thumbnailUrl":"https:\/\/www.eldiario.net\/portal\/wp-content\/uploads\/2024\/08\/CUERPOS-Infobae.jpg","datePublished":"2024-08-21T09:48:57+00:00","breadcrumb":{"@id":"https:\/\/www.eldiario.net\/portal\/2024\/08\/21\/israel-recupera-seis-cuerpos-de-rehenes-en-franja-de-gaza\/#breadcrumb"},"inLanguage":"es","potentialAction":[{"@type":"ReadAction","target":["https:\/\/www.eldiario.net\/portal\/2024\/08\/21\/israel-recupera-seis-cuerpos-de-rehenes-en-franja-de-gaza\/"]}]},{"@type":"ImageObject","inLanguage":"es","@id":"https:\/\/www.eldiario.net\/portal\/2024\/08\/21\/israel-recupera-seis-cuerpos-de-rehenes-en-franja-de-gaza\/#primaryimage","url":"https:\/\/www.eldiario.net\/portal\/wp-content\/uploads\/2024\/08\/CUERPOS-Infobae.jpg","contentUrl":"https:\/\/www.eldiario.net\/portal\/wp-content\/uploads\/2024\/08\/CUERPOS-Infobae.jpg","width":768,"height":512,"caption":"Los rehenes israel\u00edes Alexander Dancyg, Yoram Metzger, Yagev Buchshtab, Chaim Perri y Avraham Munder y del reh\u00e9n Nadav Popplewell, secuestrados el 7 de octubre por Ham\u00e1s."},{"@type":"BreadcrumbList","@id":"https:\/\/www.eldiario.net\/portal\/2024\/08\/21\/israel-recupera-seis-cuerpos-de-rehenes-en-franja-de-gaza\/#breadcrumb","itemListElement":[{"@type":"ListItem","position":1,"name":"Portada","item":"https:\/\/www.eldiario.net\/portal\/"},{"@type":"ListItem","position":2,"name":"Israel recupera seis cuerpos de rehenes en Franja de Gaza"}]},{"@type":"WebSite","@id":"https:\/\/www.eldiario.net\/portal\/#website","url":"https:\/\/www.eldiario.net\/portal\/","name":"El Diario - Decano de la prensa nacional","description":"El Diario - Decano de la prensa nacional","publisher":{"@id":"https:\/\/www.eldiario.net\/portal\/#organization"},"potentialAction":[{"@type":"SearchAction","target":{"@type":"EntryPoint","urlTemplate":"https:\/\/www.eldiario.net\/portal\/?s={search_term_string}"},"query-input":{"@type":"PropertyValueSpecification","valueRequired":true,"valueName":"search_term_string"}}],"inLanguage":"es"},{"@type":"Organization","@id":"https:\/\/www.eldiario.net\/portal\/#organization","name":"El Diario - Decano de la prensa nacional","url":"https:\/\/www.eldiario.net\/portal\/","logo":{"@type":"ImageObject","inLanguage":"es","@id":"https:\/\/www.eldiario.net\/portal\/#\/schema\/logo\/image\/","url":"https:\/\/www.eldiario.net\/portal\/wp-content\/uploads\/2023\/07\/logo_ED.jpg","contentUrl":"https:\/\/www.eldiario.net\/portal\/wp-content\/uploads\/2023\/07\/logo_ED.jpg","width":272,"height":52,"caption":"El Diario - Decano de la prensa nacional"},"image":{"@id":"https:\/\/www.eldiario.net\/portal\/#\/schema\/logo\/image\/"},"sameAs":["https:\/\/www.facebook.com\/eldiario.bolivia\/","https:\/\/x.com\/eldiario_net"]},{"@type":"Person","@id":"https:\/\/www.eldiario.net\/portal\/#\/schema\/person\/2c57cf2b7a7ae032e449e4c9b1019eac","name":"Jeanette","image":{"@type":"ImageObject","inLanguage":"es","@id":"https:\/\/secure.gravatar.com\/avatar\/3ea2118a5f7dad2b7138b1187a6b7ee55f160b9968b66013c3a3ef39dd7e5798?s=96&d=mm&r=g","url":"https:\/\/secure.gravatar.com\/avatar\/3ea2118a5f7dad2b7138b1187a6b7ee55f160b9968b66013c3a3ef39dd7e5798?s=96&d=mm&r=g","contentUrl":"https:\/\/secure.gravatar.com\/avatar\/3ea2118a5f7dad2b7138b1187a6b7ee55f160b9968b66013c3a3ef39dd7e5798?s=96&d=mm&r=g","caption":"Jeanette"},"sameAs":["https:\/\/www.eldiario.net\/portal"],"url":"https:\/\/www.eldiario.net\/portal\/author\/jeanette\/"}]}},"_links":{"self":[{"href":"https:\/\/www.eldiario.net\/portal\/wp-json\/wp\/v2\/posts\/242109","targetHints":{"allow":["GET"]}}],"collection":[{"href":"https:\/\/www.eldiario.net\/portal\/wp-json\/wp\/v2\/posts"}],"about":[{"href":"https:\/\/www.eldiario.net\/portal\/wp-json\/wp\/v2\/types\/post"}],"author":[{"embeddable":true,"href":"https:\/\/www.eldiario.net\/portal\/wp-json\/wp\/v2\/users\/1"}],"replies":[{"embeddable":true,"href":"https:\/\/www.eldiario.net\/portal\/wp-json\/wp\/v2\/comments?post=242109"}],"version-history":[{"count":1,"href":"https:\/\/www.eldiario.net\/portal\/wp-json\/wp\/v2\/posts\/242109\/revisions"}],"predecessor-version":[{"id":242111,"href":"https:\/\/www.eldiario.net\/portal\/wp-json\/wp\/v2\/posts\/242109\/revisions\/242111"}],"wp:featuredmedia":[{"embeddable":true,"href":"https:\/\/www.eldiario.net\/portal\/wp-json\/wp\/v2\/media\/242110"}],"wp:attachment":[{"href":"https:\/\/www.eldiario.net\/portal\/wp-json\/wp\/v2\/media?parent=242109"}],"wp:term":[{"taxonomy":"category","embeddable":true,"href":"https:\/\/www.eldiario.net\/portal\/wp-json\/wp\/v2\/categories?post=242109"},{"taxonomy":"post_tag","embeddable":true,"href":"https:\/\/www.eldiario.net\/portal\/wp-json\/wp\/v2\/tags?post=242109"}],"curies":[{"name":"wp","href":"https:\/\/api.w.org\/{rel}","templated":true}]}}