{"id":242106,"date":"2024-08-21T05:48:21","date_gmt":"2024-08-21T09:48:21","guid":{"rendered":"https:\/\/www.eldiario.net\/portal\/?p=242106"},"modified":"2024-08-21T05:48:21","modified_gmt":"2024-08-21T09:48:21","slug":"onu-alarmada-por-cierre-de-1-500-ong-en-nicaragua","status":"publish","type":"post","link":"https:\/\/www.eldiario.net\/portal\/2024\/08\/21\/onu-alarmada-por-cierre-de-1-500-ong-en-nicaragua\/","title":{"rendered":"ONU alarmada por cierre  de 1.500 ONG en Nicaragua"},"content":{"rendered":"<p>La Organizaci\u00f3n de las Naciones Unidas (ONU) calific\u00f3 ayer como \u201cprofundamente alarmante\u201d el cierre en Nicaragua de 1.500 ONG, en su mayor\u00eda religiosas, ordenado por el gobierno del presidente Daniel Ortega en la mayor disoluci\u00f3n de entidades sociales desde las protestas de 2018. La semana pasada ya anunci\u00f3 el cierre de 15 ONG. Desde 2022, la cifra de organizaciones, medios y universidades privadas prohibidas en el pa\u00eds asciende a m\u00e1s de 5.000.<br \/>\nSe trata de una decisi\u00f3n \u201cprofundamente alarmante, m\u00e1s a\u00fan en un pa\u00eds que ha visto el espacio c\u00edvico severamente erosionado en los \u00faltimos a\u00f1os y restricciones indebidas a la libertad religiosa\u201d, afirm\u00f3 en un comunicado la portavoz de la Oficina del Alto Comisionado de Naciones Unidas para los Derechos Humanos (Acnudh), Liz Throssell.<br \/>\n\u201cEl grave impacto de estas medidas sobre los derechos a la libertad de asociaci\u00f3n y expresi\u00f3n, as\u00ed como sobre la libertad religiosa, hace cada vez m\u00e1s dif\u00edcil la defensa de los derechos humanos en Nicaragua\u201d, agreg\u00f3.<br \/>\nSeg\u00fan el propio Ministerio del Interior nicarag\u00fcense, las 1.500 organizaciones sin fines de lucro clausuradas incumplieron sus obligaciones, pues \u201cno reportaron por periodos de entre uno hasta 35 a\u00f1os sus estados financieros\u201d.<br \/>\nEn la lista de entidades, cuyos bienes ser\u00e1n confiscados, figuran cientos de asociaciones cat\u00f3licas y evang\u00e9licas, adem\u00e1s de sociedades o fundaciones ben\u00e9ficas, deportivas, de peque\u00f1os comerciantes, rurales y de jubilados.<br \/>\nTambi\u00e9n fueron clausuradas organizaciones ind\u00edgenas y de excombatientes de la lucha entre el gobierno sandinista y los \u201ccontras\u201d en los a\u00f1os 80.<br \/>\n\u201cHacemos un nuevo llamado a las autoridades nicarag\u00fcenses a que dejen de imponer severas restricciones a los espacios c\u00edvicos y democr\u00e1ticos en el pa\u00eds y a que garanticen el respeto a los derechos humanos, de conformidad con las obligaciones internacionales de Nicaragua en materia de derechos humanos\u201d, destac\u00f3 la portavoz de Acnudh, con sede en Ginebra y dirigida por el alto comisionado, Volker T\u00fcrk.<br \/>\nEl gobierno de Ortega y de su esposa, la vicepresidenta Rosario Murillo, endureci\u00f3 las leyes contra las organizaciones no gubernamentales tras las protestas de 2018, que en tres meses dejaron m\u00e1s de 300 muertos, seg\u00fan informes de las Naciones Unidas.<br \/>\nOrtega, exguerrillero de 78 a\u00f1os que gobern\u00f3 Nicaragua en la d\u00e9cada de 1980 y volvi\u00f3 al poder en forma ininterrumpida desde 2007, sostiene que las ONG y sobre todo la Iglesia Cat\u00f3lica apoyaron esas protestas, a las que considera como un intento de golpe de Estado patrocinado por Washington. (Dw, Afp y Efe)<\/p>\n","protected":false},"excerpt":{"rendered":"<p>La Organizaci\u00f3n de las Naciones Unidas (ONU) calific\u00f3 ayer como \u201cprofundamente alarmante\u201d el cierre en Nicaragua de 1.500 ONG, en su mayor\u00eda religiosas, ordenado por el gobierno del presidente Daniel Ortega en la mayor disoluci\u00f3n de entidades sociales desde las protestas de 2018. La semana pasada ya anunci\u00f3 el cierre de 15 ONG. Desde 2022, [&hellip;]<\/p>\n","protected":false},"author":1,"featured_media":242107,"comment_status":"open","ping_status":"open","sticky":false,"template":"","format":"standard","meta":{"_acf_changed":false,"footnotes":""},"categories":[3],"tags":[],"class_list":["post-242106","post","type-post","status-publish","format-standard","has-post-thumbnail","category-internacional"],"acf":{"antetitulo":"Tras las protestas en 2018"},"yoast_head":"<!-- This site is optimized with the Yoast SEO plugin v28.4 - https:\/\/yoast.com\/product\/yoast-seo-wordpress\/ -->\n<title>ONU alarmada por cierre de 1.500 ONG en Nicaragua - El Diario - Bolivia<\/title>\n<meta name=\"robots\" content=\"index, follow, max-snippet:-1, max-image-preview:large, max-video-preview:-1\" \/>\n<link rel=\"canonical\" href=\"https:\/\/www.eldiario.net\/portal\/2024\/08\/21\/onu-alarmada-por-cierre-de-1-500-ong-en-nicaragua\/\" \/>\n<meta property=\"og:locale\" content=\"es_ES\" \/>\n<meta property=\"og:type\" content=\"article\" \/>\n<meta property=\"og:title\" content=\"ONU alarmada por cierre de 1.500 ONG en Nicaragua - El Diario - Bolivia\" \/>\n<meta property=\"og:description\" content=\"La Organizaci\u00f3n de las Naciones Unidas (ONU) calific\u00f3 ayer como \u201cprofundamente alarmante\u201d el cierre en Nicaragua de 1.500 ONG, en su mayor\u00eda religiosas, ordenado por el gobierno del presidente Daniel Ortega en la mayor disoluci\u00f3n de entidades sociales desde las protestas de 2018. La semana pasada ya anunci\u00f3 el cierre de 15 ONG. Desde 2022, [&hellip;]\" \/>\n<meta property=\"og:url\" content=\"https:\/\/www.eldiario.net\/portal\/2024\/08\/21\/onu-alarmada-por-cierre-de-1-500-ong-en-nicaragua\/\" \/>\n<meta property=\"og:site_name\" content=\"El Diario - Bolivia\" \/>\n<meta property=\"article:publisher\" content=\"https:\/\/www.facebook.com\/eldiario.bolivia\/\" \/>\n<meta property=\"article:published_time\" content=\"2024-08-21T09:48:21+00:00\" \/>\n<meta property=\"og:image\" content=\"https:\/\/www.eldiario.net\/portal\/wp-content\/uploads\/2024\/08\/ORTEGA-RTVE.jpg\" \/>\n\t<meta property=\"og:image:width\" content=\"1600\" \/>\n\t<meta property=\"og:image:height\" content=\"900\" \/>\n\t<meta property=\"og:image:type\" content=\"image\/jpeg\" \/>\n<meta name=\"author\" content=\"Jeanette\" \/>\n<meta name=\"twitter:card\" content=\"summary_large_image\" \/>\n<meta name=\"twitter:creator\" content=\"@eldiario_net\" \/>\n<meta name=\"twitter:site\" content=\"@eldiario_net\" \/>\n<meta name=\"twitter:label1\" content=\"Escrito por\" \/>\n\t<meta name=\"twitter:data1\" content=\"Jeanette\" \/>\n\t<meta name=\"twitter:label2\" content=\"Tiempo de lectura\" \/>\n\t<meta name=\"twitter:data2\" content=\"3 minutos\" \/>\n<script type=\"application\/ld+json\" class=\"yoast-schema-graph\">{\"@context\":\"https:\\\/\\\/schema.org\",\"@graph\":[{\"@type\":\"Article\",\"@id\":\"https:\\\/\\\/www.eldiario.net\\\/portal\\\/2024\\\/08\\\/21\\\/onu-alarmada-por-cierre-de-1-500-ong-en-nicaragua\\\/#article\",\"isPartOf\":{\"@id\":\"https:\\\/\\\/www.eldiario.net\\\/portal\\\/2024\\\/08\\\/21\\\/onu-alarmada-por-cierre-de-1-500-ong-en-nicaragua\\\/\"},\"author\":{\"name\":\"Jeanette\",\"@id\":\"https:\\\/\\\/www.eldiario.net\\\/portal\\\/#\\\/schema\\\/person\\\/2c57cf2b7a7ae032e449e4c9b1019eac\"},\"headline\":\"ONU alarmada por cierre de 1.500 ONG en Nicaragua\",\"datePublished\":\"2024-08-21T09:48:21+00:00\",\"mainEntityOfPage\":{\"@id\":\"https:\\\/\\\/www.eldiario.net\\\/portal\\\/2024\\\/08\\\/21\\\/onu-alarmada-por-cierre-de-1-500-ong-en-nicaragua\\\/\"},\"wordCount\":434,\"commentCount\":0,\"publisher\":{\"@id\":\"https:\\\/\\\/www.eldiario.net\\\/portal\\\/#organization\"},\"image\":{\"@id\":\"https:\\\/\\\/www.eldiario.net\\\/portal\\\/2024\\\/08\\\/21\\\/onu-alarmada-por-cierre-de-1-500-ong-en-nicaragua\\\/#primaryimage\"},\"thumbnailUrl\":\"https:\\\/\\\/www.eldiario.net\\\/portal\\\/wp-content\\\/uploads\\\/2024\\\/08\\\/ORTEGA-RTVE.jpg\",\"articleSection\":[\"Internacional\"],\"inLanguage\":\"es\",\"potentialAction\":[{\"@type\":\"CommentAction\",\"name\":\"Comment\",\"target\":[\"https:\\\/\\\/www.eldiario.net\\\/portal\\\/2024\\\/08\\\/21\\\/onu-alarmada-por-cierre-de-1-500-ong-en-nicaragua\\\/#respond\"]}]},{\"@type\":\"WebPage\",\"@id\":\"https:\\\/\\\/www.eldiario.net\\\/portal\\\/2024\\\/08\\\/21\\\/onu-alarmada-por-cierre-de-1-500-ong-en-nicaragua\\\/\",\"url\":\"https:\\\/\\\/www.eldiario.net\\\/portal\\\/2024\\\/08\\\/21\\\/onu-alarmada-por-cierre-de-1-500-ong-en-nicaragua\\\/\",\"name\":\"ONU alarmada por cierre de 1.500 ONG en Nicaragua - El Diario - Bolivia\",\"isPartOf\":{\"@id\":\"https:\\\/\\\/www.eldiario.net\\\/portal\\\/#website\"},\"primaryImageOfPage\":{\"@id\":\"https:\\\/\\\/www.eldiario.net\\\/portal\\\/2024\\\/08\\\/21\\\/onu-alarmada-por-cierre-de-1-500-ong-en-nicaragua\\\/#primaryimage\"},\"image\":{\"@id\":\"https:\\\/\\\/www.eldiario.net\\\/portal\\\/2024\\\/08\\\/21\\\/onu-alarmada-por-cierre-de-1-500-ong-en-nicaragua\\\/#primaryimage\"},\"thumbnailUrl\":\"https:\\\/\\\/www.eldiario.net\\\/portal\\\/wp-content\\\/uploads\\\/2024\\\/08\\\/ORTEGA-RTVE.jpg\",\"datePublished\":\"2024-08-21T09:48:21+00:00\",\"breadcrumb\":{\"@id\":\"https:\\\/\\\/www.eldiario.net\\\/portal\\\/2024\\\/08\\\/21\\\/onu-alarmada-por-cierre-de-1-500-ong-en-nicaragua\\\/#breadcrumb\"},\"inLanguage\":\"es\",\"potentialAction\":[{\"@type\":\"ReadAction\",\"target\":[\"https:\\\/\\\/www.eldiario.net\\\/portal\\\/2024\\\/08\\\/21\\\/onu-alarmada-por-cierre-de-1-500-ong-en-nicaragua\\\/\"]}]},{\"@type\":\"ImageObject\",\"inLanguage\":\"es\",\"@id\":\"https:\\\/\\\/www.eldiario.net\\\/portal\\\/2024\\\/08\\\/21\\\/onu-alarmada-por-cierre-de-1-500-ong-en-nicaragua\\\/#primaryimage\",\"url\":\"https:\\\/\\\/www.eldiario.net\\\/portal\\\/wp-content\\\/uploads\\\/2024\\\/08\\\/ORTEGA-RTVE.jpg\",\"contentUrl\":\"https:\\\/\\\/www.eldiario.net\\\/portal\\\/wp-content\\\/uploads\\\/2024\\\/08\\\/ORTEGA-RTVE.jpg\",\"width\":1600,\"height\":900,\"caption\":\"El presidente de Nicaragua, Daniel Ortega.\"},{\"@type\":\"BreadcrumbList\",\"@id\":\"https:\\\/\\\/www.eldiario.net\\\/portal\\\/2024\\\/08\\\/21\\\/onu-alarmada-por-cierre-de-1-500-ong-en-nicaragua\\\/#breadcrumb\",\"itemListElement\":[{\"@type\":\"ListItem\",\"position\":1,\"name\":\"Portada\",\"item\":\"https:\\\/\\\/www.eldiario.net\\\/portal\\\/\"},{\"@type\":\"ListItem\",\"position\":2,\"name\":\"ONU alarmada por cierre de 1.500 ONG en Nicaragua\"}]},{\"@type\":\"WebSite\",\"@id\":\"https:\\\/\\\/www.eldiario.net\\\/portal\\\/#website\",\"url\":\"https:\\\/\\\/www.eldiario.net\\\/portal\\\/\",\"name\":\"El Diario - Decano de la prensa nacional\",\"description\":\"El Diario - Decano de la prensa nacional\",\"publisher\":{\"@id\":\"https:\\\/\\\/www.eldiario.net\\\/portal\\\/#organization\"},\"potentialAction\":[{\"@type\":\"SearchAction\",\"target\":{\"@type\":\"EntryPoint\",\"urlTemplate\":\"https:\\\/\\\/www.eldiario.net\\\/portal\\\/?s={search_term_string}\"},\"query-input\":{\"@type\":\"PropertyValueSpecification\",\"valueRequired\":true,\"valueName\":\"search_term_string\"}}],\"inLanguage\":\"es\"},{\"@type\":\"Organization\",\"@id\":\"https:\\\/\\\/www.eldiario.net\\\/portal\\\/#organization\",\"name\":\"El Diario - Decano de la prensa nacional\",\"url\":\"https:\\\/\\\/www.eldiario.net\\\/portal\\\/\",\"logo\":{\"@type\":\"ImageObject\",\"inLanguage\":\"es\",\"@id\":\"https:\\\/\\\/www.eldiario.net\\\/portal\\\/#\\\/schema\\\/logo\\\/image\\\/\",\"url\":\"https:\\\/\\\/www.eldiario.net\\\/portal\\\/wp-content\\\/uploads\\\/2023\\\/07\\\/logo_ED.jpg\",\"contentUrl\":\"https:\\\/\\\/www.eldiario.net\\\/portal\\\/wp-content\\\/uploads\\\/2023\\\/07\\\/logo_ED.jpg\",\"width\":272,\"height\":52,\"caption\":\"El Diario - Decano de la prensa nacional\"},\"image\":{\"@id\":\"https:\\\/\\\/www.eldiario.net\\\/portal\\\/#\\\/schema\\\/logo\\\/image\\\/\"},\"sameAs\":[\"https:\\\/\\\/www.facebook.com\\\/eldiario.bolivia\\\/\",\"https:\\\/\\\/x.com\\\/eldiario_net\"]},{\"@type\":\"Person\",\"@id\":\"https:\\\/\\\/www.eldiario.net\\\/portal\\\/#\\\/schema\\\/person\\\/2c57cf2b7a7ae032e449e4c9b1019eac\",\"name\":\"Jeanette\",\"image\":{\"@type\":\"ImageObject\",\"inLanguage\":\"es\",\"@id\":\"https:\\\/\\\/secure.gravatar.com\\\/avatar\\\/3ea2118a5f7dad2b7138b1187a6b7ee55f160b9968b66013c3a3ef39dd7e5798?s=96&d=mm&r=g\",\"url\":\"https:\\\/\\\/secure.gravatar.com\\\/avatar\\\/3ea2118a5f7dad2b7138b1187a6b7ee55f160b9968b66013c3a3ef39dd7e5798?s=96&d=mm&r=g\",\"contentUrl\":\"https:\\\/\\\/secure.gravatar.com\\\/avatar\\\/3ea2118a5f7dad2b7138b1187a6b7ee55f160b9968b66013c3a3ef39dd7e5798?s=96&d=mm&r=g\",\"caption\":\"Jeanette\"},\"sameAs\":[\"https:\\\/\\\/www.eldiario.net\\\/portal\"],\"url\":\"https:\\\/\\\/www.eldiario.net\\\/portal\\\/author\\\/jeanette\\\/\"}]}<\/script>\n<!-- \/ Yoast SEO plugin. -->","yoast_head_json":{"title":"ONU alarmada por cierre de 1.500 ONG en Nicaragua - El Diario - Bolivia","robots":{"index":"index","follow":"follow","max-snippet":"max-snippet:-1","max-image-preview":"max-image-preview:large","max-video-preview":"max-video-preview:-1"},"canonical":"https:\/\/www.eldiario.net\/portal\/2024\/08\/21\/onu-alarmada-por-cierre-de-1-500-ong-en-nicaragua\/","og_locale":"es_ES","og_type":"article","og_title":"ONU alarmada por cierre de 1.500 ONG en Nicaragua - El Diario - Bolivia","og_description":"La Organizaci\u00f3n de las Naciones Unidas (ONU) calific\u00f3 ayer como \u201cprofundamente alarmante\u201d el cierre en Nicaragua de 1.500 ONG, en su mayor\u00eda religiosas, ordenado por el gobierno del presidente Daniel Ortega en la mayor disoluci\u00f3n de entidades sociales desde las protestas de 2018. La semana pasada ya anunci\u00f3 el cierre de 15 ONG. Desde 2022, [&hellip;]","og_url":"https:\/\/www.eldiario.net\/portal\/2024\/08\/21\/onu-alarmada-por-cierre-de-1-500-ong-en-nicaragua\/","og_site_name":"El Diario - Bolivia","article_publisher":"https:\/\/www.facebook.com\/eldiario.bolivia\/","article_published_time":"2024-08-21T09:48:21+00:00","og_image":[{"width":1600,"height":900,"url":"https:\/\/www.eldiario.net\/portal\/wp-content\/uploads\/2024\/08\/ORTEGA-RTVE.jpg","type":"image\/jpeg"}],"author":"Jeanette","twitter_card":"summary_large_image","twitter_creator":"@eldiario_net","twitter_site":"@eldiario_net","twitter_misc":{"Escrito por":"Jeanette","Tiempo de lectura":"3 minutos"},"schema":{"@context":"https:\/\/schema.org","@graph":[{"@type":"Article","@id":"https:\/\/www.eldiario.net\/portal\/2024\/08\/21\/onu-alarmada-por-cierre-de-1-500-ong-en-nicaragua\/#article","isPartOf":{"@id":"https:\/\/www.eldiario.net\/portal\/2024\/08\/21\/onu-alarmada-por-cierre-de-1-500-ong-en-nicaragua\/"},"author":{"name":"Jeanette","@id":"https:\/\/www.eldiario.net\/portal\/#\/schema\/person\/2c57cf2b7a7ae032e449e4c9b1019eac"},"headline":"ONU alarmada por cierre de 1.500 ONG en Nicaragua","datePublished":"2024-08-21T09:48:21+00:00","mainEntityOfPage":{"@id":"https:\/\/www.eldiario.net\/portal\/2024\/08\/21\/onu-alarmada-por-cierre-de-1-500-ong-en-nicaragua\/"},"wordCount":434,"commentCount":0,"publisher":{"@id":"https:\/\/www.eldiario.net\/portal\/#organization"},"image":{"@id":"https:\/\/www.eldiario.net\/portal\/2024\/08\/21\/onu-alarmada-por-cierre-de-1-500-ong-en-nicaragua\/#primaryimage"},"thumbnailUrl":"https:\/\/www.eldiario.net\/portal\/wp-content\/uploads\/2024\/08\/ORTEGA-RTVE.jpg","articleSection":["Internacional"],"inLanguage":"es","potentialAction":[{"@type":"CommentAction","name":"Comment","target":["https:\/\/www.eldiario.net\/portal\/2024\/08\/21\/onu-alarmada-por-cierre-de-1-500-ong-en-nicaragua\/#respond"]}]},{"@type":"WebPage","@id":"https:\/\/www.eldiario.net\/portal\/2024\/08\/21\/onu-alarmada-por-cierre-de-1-500-ong-en-nicaragua\/","url":"https:\/\/www.eldiario.net\/portal\/2024\/08\/21\/onu-alarmada-por-cierre-de-1-500-ong-en-nicaragua\/","name":"ONU alarmada por cierre de 1.500 ONG en Nicaragua - El Diario - Bolivia","isPartOf":{"@id":"https:\/\/www.eldiario.net\/portal\/#website"},"primaryImageOfPage":{"@id":"https:\/\/www.eldiario.net\/portal\/2024\/08\/21\/onu-alarmada-por-cierre-de-1-500-ong-en-nicaragua\/#primaryimage"},"image":{"@id":"https:\/\/www.eldiario.net\/portal\/2024\/08\/21\/onu-alarmada-por-cierre-de-1-500-ong-en-nicaragua\/#primaryimage"},"thumbnailUrl":"https:\/\/www.eldiario.net\/portal\/wp-content\/uploads\/2024\/08\/ORTEGA-RTVE.jpg","datePublished":"2024-08-21T09:48:21+00:00","breadcrumb":{"@id":"https:\/\/www.eldiario.net\/portal\/2024\/08\/21\/onu-alarmada-por-cierre-de-1-500-ong-en-nicaragua\/#breadcrumb"},"inLanguage":"es","potentialAction":[{"@type":"ReadAction","target":["https:\/\/www.eldiario.net\/portal\/2024\/08\/21\/onu-alarmada-por-cierre-de-1-500-ong-en-nicaragua\/"]}]},{"@type":"ImageObject","inLanguage":"es","@id":"https:\/\/www.eldiario.net\/portal\/2024\/08\/21\/onu-alarmada-por-cierre-de-1-500-ong-en-nicaragua\/#primaryimage","url":"https:\/\/www.eldiario.net\/portal\/wp-content\/uploads\/2024\/08\/ORTEGA-RTVE.jpg","contentUrl":"https:\/\/www.eldiario.net\/portal\/wp-content\/uploads\/2024\/08\/ORTEGA-RTVE.jpg","width":1600,"height":900,"caption":"El presidente de Nicaragua, Daniel Ortega."},{"@type":"BreadcrumbList","@id":"https:\/\/www.eldiario.net\/portal\/2024\/08\/21\/onu-alarmada-por-cierre-de-1-500-ong-en-nicaragua\/#breadcrumb","itemListElement":[{"@type":"ListItem","position":1,"name":"Portada","item":"https:\/\/www.eldiario.net\/portal\/"},{"@type":"ListItem","position":2,"name":"ONU alarmada por cierre de 1.500 ONG en Nicaragua"}]},{"@type":"WebSite","@id":"https:\/\/www.eldiario.net\/portal\/#website","url":"https:\/\/www.eldiario.net\/portal\/","name":"El Diario - Decano de la prensa nacional","description":"El Diario - Decano de la prensa nacional","publisher":{"@id":"https:\/\/www.eldiario.net\/portal\/#organization"},"potentialAction":[{"@type":"SearchAction","target":{"@type":"EntryPoint","urlTemplate":"https:\/\/www.eldiario.net\/portal\/?s={search_term_string}"},"query-input":{"@type":"PropertyValueSpecification","valueRequired":true,"valueName":"search_term_string"}}],"inLanguage":"es"},{"@type":"Organization","@id":"https:\/\/www.eldiario.net\/portal\/#organization","name":"El Diario - Decano de la prensa nacional","url":"https:\/\/www.eldiario.net\/portal\/","logo":{"@type":"ImageObject","inLanguage":"es","@id":"https:\/\/www.eldiario.net\/portal\/#\/schema\/logo\/image\/","url":"https:\/\/www.eldiario.net\/portal\/wp-content\/uploads\/2023\/07\/logo_ED.jpg","contentUrl":"https:\/\/www.eldiario.net\/portal\/wp-content\/uploads\/2023\/07\/logo_ED.jpg","width":272,"height":52,"caption":"El Diario - Decano de la prensa nacional"},"image":{"@id":"https:\/\/www.eldiario.net\/portal\/#\/schema\/logo\/image\/"},"sameAs":["https:\/\/www.facebook.com\/eldiario.bolivia\/","https:\/\/x.com\/eldiario_net"]},{"@type":"Person","@id":"https:\/\/www.eldiario.net\/portal\/#\/schema\/person\/2c57cf2b7a7ae032e449e4c9b1019eac","name":"Jeanette","image":{"@type":"ImageObject","inLanguage":"es","@id":"https:\/\/secure.gravatar.com\/avatar\/3ea2118a5f7dad2b7138b1187a6b7ee55f160b9968b66013c3a3ef39dd7e5798?s=96&d=mm&r=g","url":"https:\/\/secure.gravatar.com\/avatar\/3ea2118a5f7dad2b7138b1187a6b7ee55f160b9968b66013c3a3ef39dd7e5798?s=96&d=mm&r=g","contentUrl":"https:\/\/secure.gravatar.com\/avatar\/3ea2118a5f7dad2b7138b1187a6b7ee55f160b9968b66013c3a3ef39dd7e5798?s=96&d=mm&r=g","caption":"Jeanette"},"sameAs":["https:\/\/www.eldiario.net\/portal"],"url":"https:\/\/www.eldiario.net\/portal\/author\/jeanette\/"}]}},"_links":{"self":[{"href":"https:\/\/www.eldiario.net\/portal\/wp-json\/wp\/v2\/posts\/242106","targetHints":{"allow":["GET"]}}],"collection":[{"href":"https:\/\/www.eldiario.net\/portal\/wp-json\/wp\/v2\/posts"}],"about":[{"href":"https:\/\/www.eldiario.net\/portal\/wp-json\/wp\/v2\/types\/post"}],"author":[{"embeddable":true,"href":"https:\/\/www.eldiario.net\/portal\/wp-json\/wp\/v2\/users\/1"}],"replies":[{"embeddable":true,"href":"https:\/\/www.eldiario.net\/portal\/wp-json\/wp\/v2\/comments?post=242106"}],"version-history":[{"count":1,"href":"https:\/\/www.eldiario.net\/portal\/wp-json\/wp\/v2\/posts\/242106\/revisions"}],"predecessor-version":[{"id":242108,"href":"https:\/\/www.eldiario.net\/portal\/wp-json\/wp\/v2\/posts\/242106\/revisions\/242108"}],"wp:featuredmedia":[{"embeddable":true,"href":"https:\/\/www.eldiario.net\/portal\/wp-json\/wp\/v2\/media\/242107"}],"wp:attachment":[{"href":"https:\/\/www.eldiario.net\/portal\/wp-json\/wp\/v2\/media?parent=242106"}],"wp:term":[{"taxonomy":"category","embeddable":true,"href":"https:\/\/www.eldiario.net\/portal\/wp-json\/wp\/v2\/categories?post=242106"},{"taxonomy":"post_tag","embeddable":true,"href":"https:\/\/www.eldiario.net\/portal\/wp-json\/wp\/v2\/tags?post=242106"}],"curies":[{"name":"wp","href":"https:\/\/api.w.org\/{rel}","templated":true}]}}