{"id":242103,"date":"2024-08-21T05:47:33","date_gmt":"2024-08-21T09:47:33","guid":{"rendered":"https:\/\/www.eldiario.net\/portal\/?p=242103"},"modified":"2024-08-21T05:47:33","modified_gmt":"2024-08-21T09:47:33","slug":"iran-estuvo-tras-ciberataque-a-campana-de-donald-trump","status":"publish","type":"post","link":"https:\/\/www.eldiario.net\/portal\/2024\/08\/21\/iran-estuvo-tras-ciberataque-a-campana-de-donald-trump\/","title":{"rendered":"Ir\u00e1n estuvo tras ciberataque  a campa\u00f1a de Donald Trump"},"content":{"rendered":"<p>La oficina Federal de Investigaci\u00f3n de Estados Unidos (FBI), junto con otras agencias de Inteligencia, concluyeron ayer que, el Gobierno de Ir\u00e1n estuvo detr\u00e1s del ciberataque contra la campa\u00f1a del expresidente y candidato republicano a las elecciones presidenciales de Donald Trump, asimismo se\u00f1al\u00f3 que Teher\u00e1n intent\u00f3 hackear la campa\u00f1a del partido Dem\u00f3crata.<br \/>\n\u201cHemos observado una actividad iran\u00ed cada vez m\u00e1s agresiva durante este ciclo electoral, que incluye espec\u00edficamente operaciones de influencia dirigidas al p\u00fablico estadounidense y operaciones cibern\u00e9ticas dirigidas a las campa\u00f1as presidenciales\u201d, se\u00f1ala un comunicado conjunto con la Oficina del Director de Inteligencia Nacional (ODNI) y la Agencia de Seguridad Cibern\u00e9tica y de Infraestructura (CISA).<br \/>\nEn particular, la Inteligencia estadounidense se\u00f1al\u00f3 que atribuye a Ir\u00e1n tanto las \u201cactividades informadas recientemente para comprometer la campa\u00f1a\u201d de Trump como intentos \u201cmediante ingenier\u00eda social y otros esfuerzos\u201d para acceder a personas con acceso directo a las campa\u00f1as presidenciales de ambos partidos pol\u00edticos. \u201cEsa actividad, incluidos los robos y revelaciones, tiene como objetivo influir en el proceso electoral estadounidense\u201d, apunt\u00f3.<br \/>\n\u201cEs importante se\u00f1alar que este enfoque no es nuevo. Ir\u00e1n y Rusia emplean estas t\u00e1cticas no solo en Estados Unidos durante este y anteriores ciclos electorales federales, sino tambi\u00e9n en otros pa\u00edses del mundo\u201d, destac\u00f3.<br \/>\nLas mencionadas agencias han hecho hincapi\u00e9 en que las declaraciones p\u00fablicas anteriores indicaron que \u201cIr\u00e1n busca avivar la discordia y socavar la confianza\u201d de las instituciones democr\u00e1ticas del pa\u00eds. \u201cAdem\u00e1s demostr\u00f3 un inter\u00e9s de larga data en explotar las tensiones sociales a trav\u00e9s de diversos medios, incluido el uso de operaciones cibern\u00e9ticas para intentar obtener acceso a informaci\u00f3n sensible relacionada con las elecciones estadounidenses\u201d, asever\u00f3.<br \/>\nEn este sentido, considera que, adem\u00e1s de estos \u201cesfuerzos sostenidos para complicar la capacidad de cualquier administraci\u00f3n\u201d de seguir una pol\u00edtica exterior en desacuerdo con sus intereses, \u201cIr\u00e1n percibe las elecciones de este a\u00f1o como particularmente trascendentales en t\u00e9rminos de impacto que podr\u00edan tener en sus intereses de seguridad nacional, lo que aumenta la inclinaci\u00f3n de Teher\u00e1n a tratar de moldear el resultado\u201d. (Europa Press)<\/p>\n","protected":false},"excerpt":{"rendered":"<p>La oficina Federal de Investigaci\u00f3n de Estados Unidos (FBI), junto con otras agencias de Inteligencia, concluyeron ayer que, el Gobierno de Ir\u00e1n estuvo detr\u00e1s del ciberataque contra la campa\u00f1a del expresidente y candidato republicano a las elecciones presidenciales de Donald Trump, asimismo se\u00f1al\u00f3 que Teher\u00e1n intent\u00f3 hackear la campa\u00f1a del partido Dem\u00f3crata. \u201cHemos observado una [&hellip;]<\/p>\n","protected":false},"author":1,"featured_media":242104,"comment_status":"open","ping_status":"open","sticky":false,"template":"","format":"standard","meta":{"_acf_changed":false,"footnotes":""},"categories":[3],"tags":[],"class_list":["post-242103","post","type-post","status-publish","format-standard","has-post-thumbnail","category-internacional"],"acf":{"antetitulo":"FBI concluye"},"yoast_head":"<!-- This site is optimized with the Yoast SEO plugin v28.4 - https:\/\/yoast.com\/product\/yoast-seo-wordpress\/ -->\n<title>Ir\u00e1n estuvo tras ciberataque a campa\u00f1a de Donald Trump - El Diario - Bolivia<\/title>\n<meta name=\"robots\" content=\"index, follow, max-snippet:-1, max-image-preview:large, max-video-preview:-1\" \/>\n<link rel=\"canonical\" href=\"https:\/\/www.eldiario.net\/portal\/2024\/08\/21\/iran-estuvo-tras-ciberataque-a-campana-de-donald-trump\/\" \/>\n<meta property=\"og:locale\" content=\"es_ES\" \/>\n<meta property=\"og:type\" content=\"article\" \/>\n<meta property=\"og:title\" content=\"Ir\u00e1n estuvo tras ciberataque a campa\u00f1a de Donald Trump - El Diario - Bolivia\" \/>\n<meta property=\"og:description\" content=\"La oficina Federal de Investigaci\u00f3n de Estados Unidos (FBI), junto con otras agencias de Inteligencia, concluyeron ayer que, el Gobierno de Ir\u00e1n estuvo detr\u00e1s del ciberataque contra la campa\u00f1a del expresidente y candidato republicano a las elecciones presidenciales de Donald Trump, asimismo se\u00f1al\u00f3 que Teher\u00e1n intent\u00f3 hackear la campa\u00f1a del partido Dem\u00f3crata. \u201cHemos observado una [&hellip;]\" \/>\n<meta property=\"og:url\" content=\"https:\/\/www.eldiario.net\/portal\/2024\/08\/21\/iran-estuvo-tras-ciberataque-a-campana-de-donald-trump\/\" \/>\n<meta property=\"og:site_name\" content=\"El Diario - Bolivia\" \/>\n<meta property=\"article:publisher\" content=\"https:\/\/www.facebook.com\/eldiario.bolivia\/\" \/>\n<meta property=\"article:published_time\" content=\"2024-08-21T09:47:33+00:00\" \/>\n<meta property=\"og:image\" content=\"https:\/\/www.eldiario.net\/portal\/wp-content\/uploads\/2024\/08\/TRUMP-nmas.webp\" \/>\n\t<meta property=\"og:image:width\" content=\"1920\" \/>\n\t<meta property=\"og:image:height\" content=\"1080\" \/>\n\t<meta property=\"og:image:type\" content=\"image\/webp\" \/>\n<meta name=\"author\" content=\"Jeanette\" \/>\n<meta name=\"twitter:card\" content=\"summary_large_image\" \/>\n<meta name=\"twitter:creator\" content=\"@eldiario_net\" \/>\n<meta name=\"twitter:site\" content=\"@eldiario_net\" \/>\n<meta name=\"twitter:label1\" content=\"Escrito por\" \/>\n\t<meta name=\"twitter:data1\" content=\"Jeanette\" \/>\n\t<meta name=\"twitter:label2\" content=\"Tiempo de lectura\" \/>\n\t<meta name=\"twitter:data2\" content=\"2 minutos\" \/>\n<script type=\"application\/ld+json\" class=\"yoast-schema-graph\">{\"@context\":\"https:\\\/\\\/schema.org\",\"@graph\":[{\"@type\":\"Article\",\"@id\":\"https:\\\/\\\/www.eldiario.net\\\/portal\\\/2024\\\/08\\\/21\\\/iran-estuvo-tras-ciberataque-a-campana-de-donald-trump\\\/#article\",\"isPartOf\":{\"@id\":\"https:\\\/\\\/www.eldiario.net\\\/portal\\\/2024\\\/08\\\/21\\\/iran-estuvo-tras-ciberataque-a-campana-de-donald-trump\\\/\"},\"author\":{\"name\":\"Jeanette\",\"@id\":\"https:\\\/\\\/www.eldiario.net\\\/portal\\\/#\\\/schema\\\/person\\\/2c57cf2b7a7ae032e449e4c9b1019eac\"},\"headline\":\"Ir\u00e1n estuvo tras ciberataque a campa\u00f1a de Donald Trump\",\"datePublished\":\"2024-08-21T09:47:33+00:00\",\"mainEntityOfPage\":{\"@id\":\"https:\\\/\\\/www.eldiario.net\\\/portal\\\/2024\\\/08\\\/21\\\/iran-estuvo-tras-ciberataque-a-campana-de-donald-trump\\\/\"},\"wordCount\":387,\"commentCount\":0,\"publisher\":{\"@id\":\"https:\\\/\\\/www.eldiario.net\\\/portal\\\/#organization\"},\"image\":{\"@id\":\"https:\\\/\\\/www.eldiario.net\\\/portal\\\/2024\\\/08\\\/21\\\/iran-estuvo-tras-ciberataque-a-campana-de-donald-trump\\\/#primaryimage\"},\"thumbnailUrl\":\"https:\\\/\\\/www.eldiario.net\\\/portal\\\/wp-content\\\/uploads\\\/2024\\\/08\\\/TRUMP-nmas.webp\",\"articleSection\":[\"Internacional\"],\"inLanguage\":\"es\",\"potentialAction\":[{\"@type\":\"CommentAction\",\"name\":\"Comment\",\"target\":[\"https:\\\/\\\/www.eldiario.net\\\/portal\\\/2024\\\/08\\\/21\\\/iran-estuvo-tras-ciberataque-a-campana-de-donald-trump\\\/#respond\"]}]},{\"@type\":\"WebPage\",\"@id\":\"https:\\\/\\\/www.eldiario.net\\\/portal\\\/2024\\\/08\\\/21\\\/iran-estuvo-tras-ciberataque-a-campana-de-donald-trump\\\/\",\"url\":\"https:\\\/\\\/www.eldiario.net\\\/portal\\\/2024\\\/08\\\/21\\\/iran-estuvo-tras-ciberataque-a-campana-de-donald-trump\\\/\",\"name\":\"Ir\u00e1n estuvo tras ciberataque a campa\u00f1a de Donald Trump - El Diario - Bolivia\",\"isPartOf\":{\"@id\":\"https:\\\/\\\/www.eldiario.net\\\/portal\\\/#website\"},\"primaryImageOfPage\":{\"@id\":\"https:\\\/\\\/www.eldiario.net\\\/portal\\\/2024\\\/08\\\/21\\\/iran-estuvo-tras-ciberataque-a-campana-de-donald-trump\\\/#primaryimage\"},\"image\":{\"@id\":\"https:\\\/\\\/www.eldiario.net\\\/portal\\\/2024\\\/08\\\/21\\\/iran-estuvo-tras-ciberataque-a-campana-de-donald-trump\\\/#primaryimage\"},\"thumbnailUrl\":\"https:\\\/\\\/www.eldiario.net\\\/portal\\\/wp-content\\\/uploads\\\/2024\\\/08\\\/TRUMP-nmas.webp\",\"datePublished\":\"2024-08-21T09:47:33+00:00\",\"breadcrumb\":{\"@id\":\"https:\\\/\\\/www.eldiario.net\\\/portal\\\/2024\\\/08\\\/21\\\/iran-estuvo-tras-ciberataque-a-campana-de-donald-trump\\\/#breadcrumb\"},\"inLanguage\":\"es\",\"potentialAction\":[{\"@type\":\"ReadAction\",\"target\":[\"https:\\\/\\\/www.eldiario.net\\\/portal\\\/2024\\\/08\\\/21\\\/iran-estuvo-tras-ciberataque-a-campana-de-donald-trump\\\/\"]}]},{\"@type\":\"ImageObject\",\"inLanguage\":\"es\",\"@id\":\"https:\\\/\\\/www.eldiario.net\\\/portal\\\/2024\\\/08\\\/21\\\/iran-estuvo-tras-ciberataque-a-campana-de-donald-trump\\\/#primaryimage\",\"url\":\"https:\\\/\\\/www.eldiario.net\\\/portal\\\/wp-content\\\/uploads\\\/2024\\\/08\\\/TRUMP-nmas.webp\",\"contentUrl\":\"https:\\\/\\\/www.eldiario.net\\\/portal\\\/wp-content\\\/uploads\\\/2024\\\/08\\\/TRUMP-nmas.webp\",\"width\":1920,\"height\":1080,\"caption\":\"El expresidente y candidato republicano a las elecciones presidenciales, Donald Trump.\"},{\"@type\":\"BreadcrumbList\",\"@id\":\"https:\\\/\\\/www.eldiario.net\\\/portal\\\/2024\\\/08\\\/21\\\/iran-estuvo-tras-ciberataque-a-campana-de-donald-trump\\\/#breadcrumb\",\"itemListElement\":[{\"@type\":\"ListItem\",\"position\":1,\"name\":\"Portada\",\"item\":\"https:\\\/\\\/www.eldiario.net\\\/portal\\\/\"},{\"@type\":\"ListItem\",\"position\":2,\"name\":\"Ir\u00e1n estuvo tras ciberataque a campa\u00f1a de Donald Trump\"}]},{\"@type\":\"WebSite\",\"@id\":\"https:\\\/\\\/www.eldiario.net\\\/portal\\\/#website\",\"url\":\"https:\\\/\\\/www.eldiario.net\\\/portal\\\/\",\"name\":\"El Diario - Decano de la prensa nacional\",\"description\":\"El Diario - Decano de la prensa nacional\",\"publisher\":{\"@id\":\"https:\\\/\\\/www.eldiario.net\\\/portal\\\/#organization\"},\"potentialAction\":[{\"@type\":\"SearchAction\",\"target\":{\"@type\":\"EntryPoint\",\"urlTemplate\":\"https:\\\/\\\/www.eldiario.net\\\/portal\\\/?s={search_term_string}\"},\"query-input\":{\"@type\":\"PropertyValueSpecification\",\"valueRequired\":true,\"valueName\":\"search_term_string\"}}],\"inLanguage\":\"es\"},{\"@type\":\"Organization\",\"@id\":\"https:\\\/\\\/www.eldiario.net\\\/portal\\\/#organization\",\"name\":\"El Diario - Decano de la prensa nacional\",\"url\":\"https:\\\/\\\/www.eldiario.net\\\/portal\\\/\",\"logo\":{\"@type\":\"ImageObject\",\"inLanguage\":\"es\",\"@id\":\"https:\\\/\\\/www.eldiario.net\\\/portal\\\/#\\\/schema\\\/logo\\\/image\\\/\",\"url\":\"https:\\\/\\\/www.eldiario.net\\\/portal\\\/wp-content\\\/uploads\\\/2023\\\/07\\\/logo_ED.jpg\",\"contentUrl\":\"https:\\\/\\\/www.eldiario.net\\\/portal\\\/wp-content\\\/uploads\\\/2023\\\/07\\\/logo_ED.jpg\",\"width\":272,\"height\":52,\"caption\":\"El Diario - Decano de la prensa nacional\"},\"image\":{\"@id\":\"https:\\\/\\\/www.eldiario.net\\\/portal\\\/#\\\/schema\\\/logo\\\/image\\\/\"},\"sameAs\":[\"https:\\\/\\\/www.facebook.com\\\/eldiario.bolivia\\\/\",\"https:\\\/\\\/x.com\\\/eldiario_net\"]},{\"@type\":\"Person\",\"@id\":\"https:\\\/\\\/www.eldiario.net\\\/portal\\\/#\\\/schema\\\/person\\\/2c57cf2b7a7ae032e449e4c9b1019eac\",\"name\":\"Jeanette\",\"image\":{\"@type\":\"ImageObject\",\"inLanguage\":\"es\",\"@id\":\"https:\\\/\\\/secure.gravatar.com\\\/avatar\\\/3ea2118a5f7dad2b7138b1187a6b7ee55f160b9968b66013c3a3ef39dd7e5798?s=96&d=mm&r=g\",\"url\":\"https:\\\/\\\/secure.gravatar.com\\\/avatar\\\/3ea2118a5f7dad2b7138b1187a6b7ee55f160b9968b66013c3a3ef39dd7e5798?s=96&d=mm&r=g\",\"contentUrl\":\"https:\\\/\\\/secure.gravatar.com\\\/avatar\\\/3ea2118a5f7dad2b7138b1187a6b7ee55f160b9968b66013c3a3ef39dd7e5798?s=96&d=mm&r=g\",\"caption\":\"Jeanette\"},\"sameAs\":[\"https:\\\/\\\/www.eldiario.net\\\/portal\"],\"url\":\"https:\\\/\\\/www.eldiario.net\\\/portal\\\/author\\\/jeanette\\\/\"}]}<\/script>\n<!-- \/ Yoast SEO plugin. -->","yoast_head_json":{"title":"Ir\u00e1n estuvo tras ciberataque a campa\u00f1a de Donald Trump - El Diario - Bolivia","robots":{"index":"index","follow":"follow","max-snippet":"max-snippet:-1","max-image-preview":"max-image-preview:large","max-video-preview":"max-video-preview:-1"},"canonical":"https:\/\/www.eldiario.net\/portal\/2024\/08\/21\/iran-estuvo-tras-ciberataque-a-campana-de-donald-trump\/","og_locale":"es_ES","og_type":"article","og_title":"Ir\u00e1n estuvo tras ciberataque a campa\u00f1a de Donald Trump - El Diario - Bolivia","og_description":"La oficina Federal de Investigaci\u00f3n de Estados Unidos (FBI), junto con otras agencias de Inteligencia, concluyeron ayer que, el Gobierno de Ir\u00e1n estuvo detr\u00e1s del ciberataque contra la campa\u00f1a del expresidente y candidato republicano a las elecciones presidenciales de Donald Trump, asimismo se\u00f1al\u00f3 que Teher\u00e1n intent\u00f3 hackear la campa\u00f1a del partido Dem\u00f3crata. \u201cHemos observado una [&hellip;]","og_url":"https:\/\/www.eldiario.net\/portal\/2024\/08\/21\/iran-estuvo-tras-ciberataque-a-campana-de-donald-trump\/","og_site_name":"El Diario - Bolivia","article_publisher":"https:\/\/www.facebook.com\/eldiario.bolivia\/","article_published_time":"2024-08-21T09:47:33+00:00","og_image":[{"width":1920,"height":1080,"url":"https:\/\/www.eldiario.net\/portal\/wp-content\/uploads\/2024\/08\/TRUMP-nmas.webp","type":"image\/webp"}],"author":"Jeanette","twitter_card":"summary_large_image","twitter_creator":"@eldiario_net","twitter_site":"@eldiario_net","twitter_misc":{"Escrito por":"Jeanette","Tiempo de lectura":"2 minutos"},"schema":{"@context":"https:\/\/schema.org","@graph":[{"@type":"Article","@id":"https:\/\/www.eldiario.net\/portal\/2024\/08\/21\/iran-estuvo-tras-ciberataque-a-campana-de-donald-trump\/#article","isPartOf":{"@id":"https:\/\/www.eldiario.net\/portal\/2024\/08\/21\/iran-estuvo-tras-ciberataque-a-campana-de-donald-trump\/"},"author":{"name":"Jeanette","@id":"https:\/\/www.eldiario.net\/portal\/#\/schema\/person\/2c57cf2b7a7ae032e449e4c9b1019eac"},"headline":"Ir\u00e1n estuvo tras ciberataque a campa\u00f1a de Donald Trump","datePublished":"2024-08-21T09:47:33+00:00","mainEntityOfPage":{"@id":"https:\/\/www.eldiario.net\/portal\/2024\/08\/21\/iran-estuvo-tras-ciberataque-a-campana-de-donald-trump\/"},"wordCount":387,"commentCount":0,"publisher":{"@id":"https:\/\/www.eldiario.net\/portal\/#organization"},"image":{"@id":"https:\/\/www.eldiario.net\/portal\/2024\/08\/21\/iran-estuvo-tras-ciberataque-a-campana-de-donald-trump\/#primaryimage"},"thumbnailUrl":"https:\/\/www.eldiario.net\/portal\/wp-content\/uploads\/2024\/08\/TRUMP-nmas.webp","articleSection":["Internacional"],"inLanguage":"es","potentialAction":[{"@type":"CommentAction","name":"Comment","target":["https:\/\/www.eldiario.net\/portal\/2024\/08\/21\/iran-estuvo-tras-ciberataque-a-campana-de-donald-trump\/#respond"]}]},{"@type":"WebPage","@id":"https:\/\/www.eldiario.net\/portal\/2024\/08\/21\/iran-estuvo-tras-ciberataque-a-campana-de-donald-trump\/","url":"https:\/\/www.eldiario.net\/portal\/2024\/08\/21\/iran-estuvo-tras-ciberataque-a-campana-de-donald-trump\/","name":"Ir\u00e1n estuvo tras ciberataque a campa\u00f1a de Donald Trump - El Diario - Bolivia","isPartOf":{"@id":"https:\/\/www.eldiario.net\/portal\/#website"},"primaryImageOfPage":{"@id":"https:\/\/www.eldiario.net\/portal\/2024\/08\/21\/iran-estuvo-tras-ciberataque-a-campana-de-donald-trump\/#primaryimage"},"image":{"@id":"https:\/\/www.eldiario.net\/portal\/2024\/08\/21\/iran-estuvo-tras-ciberataque-a-campana-de-donald-trump\/#primaryimage"},"thumbnailUrl":"https:\/\/www.eldiario.net\/portal\/wp-content\/uploads\/2024\/08\/TRUMP-nmas.webp","datePublished":"2024-08-21T09:47:33+00:00","breadcrumb":{"@id":"https:\/\/www.eldiario.net\/portal\/2024\/08\/21\/iran-estuvo-tras-ciberataque-a-campana-de-donald-trump\/#breadcrumb"},"inLanguage":"es","potentialAction":[{"@type":"ReadAction","target":["https:\/\/www.eldiario.net\/portal\/2024\/08\/21\/iran-estuvo-tras-ciberataque-a-campana-de-donald-trump\/"]}]},{"@type":"ImageObject","inLanguage":"es","@id":"https:\/\/www.eldiario.net\/portal\/2024\/08\/21\/iran-estuvo-tras-ciberataque-a-campana-de-donald-trump\/#primaryimage","url":"https:\/\/www.eldiario.net\/portal\/wp-content\/uploads\/2024\/08\/TRUMP-nmas.webp","contentUrl":"https:\/\/www.eldiario.net\/portal\/wp-content\/uploads\/2024\/08\/TRUMP-nmas.webp","width":1920,"height":1080,"caption":"El expresidente y candidato republicano a las elecciones presidenciales, Donald Trump."},{"@type":"BreadcrumbList","@id":"https:\/\/www.eldiario.net\/portal\/2024\/08\/21\/iran-estuvo-tras-ciberataque-a-campana-de-donald-trump\/#breadcrumb","itemListElement":[{"@type":"ListItem","position":1,"name":"Portada","item":"https:\/\/www.eldiario.net\/portal\/"},{"@type":"ListItem","position":2,"name":"Ir\u00e1n estuvo tras ciberataque a campa\u00f1a de Donald Trump"}]},{"@type":"WebSite","@id":"https:\/\/www.eldiario.net\/portal\/#website","url":"https:\/\/www.eldiario.net\/portal\/","name":"El Diario - Decano de la prensa nacional","description":"El Diario - Decano de la prensa nacional","publisher":{"@id":"https:\/\/www.eldiario.net\/portal\/#organization"},"potentialAction":[{"@type":"SearchAction","target":{"@type":"EntryPoint","urlTemplate":"https:\/\/www.eldiario.net\/portal\/?s={search_term_string}"},"query-input":{"@type":"PropertyValueSpecification","valueRequired":true,"valueName":"search_term_string"}}],"inLanguage":"es"},{"@type":"Organization","@id":"https:\/\/www.eldiario.net\/portal\/#organization","name":"El Diario - Decano de la prensa nacional","url":"https:\/\/www.eldiario.net\/portal\/","logo":{"@type":"ImageObject","inLanguage":"es","@id":"https:\/\/www.eldiario.net\/portal\/#\/schema\/logo\/image\/","url":"https:\/\/www.eldiario.net\/portal\/wp-content\/uploads\/2023\/07\/logo_ED.jpg","contentUrl":"https:\/\/www.eldiario.net\/portal\/wp-content\/uploads\/2023\/07\/logo_ED.jpg","width":272,"height":52,"caption":"El Diario - Decano de la prensa nacional"},"image":{"@id":"https:\/\/www.eldiario.net\/portal\/#\/schema\/logo\/image\/"},"sameAs":["https:\/\/www.facebook.com\/eldiario.bolivia\/","https:\/\/x.com\/eldiario_net"]},{"@type":"Person","@id":"https:\/\/www.eldiario.net\/portal\/#\/schema\/person\/2c57cf2b7a7ae032e449e4c9b1019eac","name":"Jeanette","image":{"@type":"ImageObject","inLanguage":"es","@id":"https:\/\/secure.gravatar.com\/avatar\/3ea2118a5f7dad2b7138b1187a6b7ee55f160b9968b66013c3a3ef39dd7e5798?s=96&d=mm&r=g","url":"https:\/\/secure.gravatar.com\/avatar\/3ea2118a5f7dad2b7138b1187a6b7ee55f160b9968b66013c3a3ef39dd7e5798?s=96&d=mm&r=g","contentUrl":"https:\/\/secure.gravatar.com\/avatar\/3ea2118a5f7dad2b7138b1187a6b7ee55f160b9968b66013c3a3ef39dd7e5798?s=96&d=mm&r=g","caption":"Jeanette"},"sameAs":["https:\/\/www.eldiario.net\/portal"],"url":"https:\/\/www.eldiario.net\/portal\/author\/jeanette\/"}]}},"_links":{"self":[{"href":"https:\/\/www.eldiario.net\/portal\/wp-json\/wp\/v2\/posts\/242103","targetHints":{"allow":["GET"]}}],"collection":[{"href":"https:\/\/www.eldiario.net\/portal\/wp-json\/wp\/v2\/posts"}],"about":[{"href":"https:\/\/www.eldiario.net\/portal\/wp-json\/wp\/v2\/types\/post"}],"author":[{"embeddable":true,"href":"https:\/\/www.eldiario.net\/portal\/wp-json\/wp\/v2\/users\/1"}],"replies":[{"embeddable":true,"href":"https:\/\/www.eldiario.net\/portal\/wp-json\/wp\/v2\/comments?post=242103"}],"version-history":[{"count":1,"href":"https:\/\/www.eldiario.net\/portal\/wp-json\/wp\/v2\/posts\/242103\/revisions"}],"predecessor-version":[{"id":242105,"href":"https:\/\/www.eldiario.net\/portal\/wp-json\/wp\/v2\/posts\/242103\/revisions\/242105"}],"wp:featuredmedia":[{"embeddable":true,"href":"https:\/\/www.eldiario.net\/portal\/wp-json\/wp\/v2\/media\/242104"}],"wp:attachment":[{"href":"https:\/\/www.eldiario.net\/portal\/wp-json\/wp\/v2\/media?parent=242103"}],"wp:term":[{"taxonomy":"category","embeddable":true,"href":"https:\/\/www.eldiario.net\/portal\/wp-json\/wp\/v2\/categories?post=242103"},{"taxonomy":"post_tag","embeddable":true,"href":"https:\/\/www.eldiario.net\/portal\/wp-json\/wp\/v2\/tags?post=242103"}],"curies":[{"name":"wp","href":"https:\/\/api.w.org\/{rel}","templated":true}]}}