{"id":242095,"date":"2024-08-21T05:45:24","date_gmt":"2024-08-21T09:45:24","guid":{"rendered":"https:\/\/www.eldiario.net\/portal\/?p=242095"},"modified":"2024-08-21T05:45:24","modified_gmt":"2024-08-21T09:45:24","slug":"denuncian-a-funcionaria-edil-por-supuesta-venta-de-cargos","status":"publish","type":"post","link":"https:\/\/www.eldiario.net\/portal\/2024\/08\/21\/denuncian-a-funcionaria-edil-por-supuesta-venta-de-cargos\/","title":{"rendered":"Denuncian a funcionaria edil por supuesta venta de cargos"},"content":{"rendered":"<p>La directora jur\u00eddica de la Alcald\u00eda pace\u00f1a, Amparo Morales, inform\u00f3 que denunciaron por los delitos de cohecho pasivo, uso de influencias y coacci\u00f3n a una servidora p\u00fablica que supuestamente vende cargos en el Gobierno Aut\u00f3nomo Municipal de La Paz (Gamlp). La acusada fue aprehendida.<br \/>\n\u201cFuncionarios de la Unidad de Transparencia recibieron una denuncia, de que una funcionaria estaba ofreciendo cargos para diferentes unidades del Gobierno Municipal de La Paz\u201d, manifest\u00f3 la funcionaria edil.<br \/>\nEn contacto con los medios de comunicaci\u00f3n, Morales apunt\u00f3 que la acusada tendr\u00eda m\u00e1s de 15 a\u00f1os de antig\u00fcedad como funcionaria municipal y que una de las v\u00edctimas es una m\u00e9dica, a quien le pidi\u00f3 Bs 7.000. El cargo ofrecido estar\u00eda en dependencias de la Secretaria de Salud del Gamlp por su profesi\u00f3n de m\u00e9dico.<br \/>\nLa cantidad de dinero ser\u00eda el sueldo con el que supuestamente entrar\u00eda a trabajar la galena, quien entreg\u00f3 la mitad del monto, como acordaron, al inicio del tr\u00e1mite de la incorporaci\u00f3n y deb\u00eda terminar de pagar el resto cuando ingrese a trabajar, pero no se concret\u00f3 la oferta.<br \/>\n\u201cHa pedido m\u00e1s de siete mil bolivianos, pero se le ha entregado tres mil y algo m\u00e1s, la mitad del monto que iba a ser el sueldo. Inclusive, en estos d\u00edas, ha hecho la devoluci\u00f3n de una parte, por lo que le convocaba a la v\u00edctima para hacer la devoluci\u00f3n del dinero\u201d, relat\u00f3 la autoridad municipal.<br \/>\nDe acuerdo con Morales, la denunciada pertenece al sindicato de trabajadores municipales, por lo que conocer\u00eda todo el movimiento y funcionamiento de la instituci\u00f3n edil y \u201csu cargo era de asistente administrativo\u201d.<br \/>\nPor otro lado, inst\u00f3 a otras v\u00edctimas a denunciar este tipo de hechos. \u201cSi hay otras personas que han sido enga\u00f1adas por esta persona, hagan conocimiento a la Unidad de Transparencia\u201d, recomend\u00f3 la directora.<br \/>\nPRUEBA<br \/>\nMediante sus redes sociales, el alcalde de La Paz, Iv\u00e1n Arias, comparti\u00f3 un video en el que se observa el momento en que la denunciada es abordada para su traslado a instalaciones de la Fuerza Especial de Lucha Contra el Crimen (Felcc) de La Paz y su posterior aprehensi\u00f3n en celdas policiales.<br \/>\nEn las im\u00e1genes, adem\u00e1s, se escucha que la presunta v\u00edctima reconoce a la mujer como la persona que le pidi\u00f3 el dinero para obtener un trabajo.<br \/>\n\u201c\u00a1Cero tolerancia a la corrupci\u00f3n! Somos inflexibles y no descansaremos hasta que caiga todo el peso de la Ley contra aquellos funcionarios que a mi nombre o a nombre del GAMLP \u2018venden\u2019 puestos de trabajos. \u00a1Nosotros no toleramos ning\u00fan tipo de corrupci\u00f3n!\u201d, public\u00f3 el burgomaestre en sus redes sociales.<br \/>\nHECHO<br \/>\nPor otro lado, la directora Morales record\u00f3 que, hace unos d\u00edas, autoridades de la comuna pace\u00f1a denunciaron otra estafa por unos Bs 100 mil a 16 funcionarias ediles en el Hospital Municipal La Paz; donde a cada persona les pidieron montos econ\u00f3micos a cambio de \u00edtems. Por lo que, enfatiz\u00f3 que \u201cen el Gobierno Municipal no se ofrecen cargos por dinero\u201d.<br \/>\nEste caso contin\u00faa en investigaci\u00f3n.<\/p>\n<p><img loading=\"lazy\" decoding=\"async\" class=\"alignleft size-full wp-image-242097\" src=\"https:\/\/www.eldiario.net\/portal\/wp-content\/uploads\/2024\/08\/21-FUN.jpg\" alt=\"\" width=\"390\" height=\"372\" srcset=\"https:\/\/www.eldiario.net\/portal\/wp-content\/uploads\/2024\/08\/21-FUN.jpg 390w, https:\/\/www.eldiario.net\/portal\/wp-content\/uploads\/2024\/08\/21-FUN-300x286.jpg 300w\" sizes=\"auto, (max-width: 390px) 100vw, 390px\" \/><\/p>\n","protected":false},"excerpt":{"rendered":"<p>La directora jur\u00eddica de la Alcald\u00eda pace\u00f1a, Amparo Morales, inform\u00f3 que denunciaron por los delitos de cohecho pasivo, uso de influencias y coacci\u00f3n a una servidora p\u00fablica que supuestamente vende cargos en el Gobierno Aut\u00f3nomo Municipal de La Paz (Gamlp). La acusada fue aprehendida. \u201cFuncionarios de la Unidad de Transparencia recibieron una denuncia, de que [&hellip;]<\/p>\n","protected":false},"author":1,"featured_media":242096,"comment_status":"open","ping_status":"open","sticky":false,"template":"","format":"standard","meta":{"_acf_changed":false,"footnotes":""},"categories":[12],"tags":[],"class_list":["post-242095","post","type-post","status-publish","format-standard","has-post-thumbnail","category-nacional"],"acf":{"antetitulo":"Est\u00e1 aprehendida"},"yoast_head":"<!-- This site is optimized with the Yoast SEO plugin v28.4 - https:\/\/yoast.com\/product\/yoast-seo-wordpress\/ -->\n<title>Denuncian a funcionaria edil por supuesta venta de cargos - El Diario - Bolivia<\/title>\n<meta name=\"robots\" content=\"index, follow, max-snippet:-1, max-image-preview:large, max-video-preview:-1\" \/>\n<link rel=\"canonical\" href=\"https:\/\/www.eldiario.net\/portal\/2024\/08\/21\/denuncian-a-funcionaria-edil-por-supuesta-venta-de-cargos\/\" \/>\n<meta property=\"og:locale\" content=\"es_ES\" \/>\n<meta property=\"og:type\" content=\"article\" \/>\n<meta property=\"og:title\" content=\"Denuncian a funcionaria edil por supuesta venta de cargos - El Diario - Bolivia\" \/>\n<meta property=\"og:description\" content=\"La directora jur\u00eddica de la Alcald\u00eda pace\u00f1a, Amparo Morales, inform\u00f3 que denunciaron por los delitos de cohecho pasivo, uso de influencias y coacci\u00f3n a una servidora p\u00fablica que supuestamente vende cargos en el Gobierno Aut\u00f3nomo Municipal de La Paz (Gamlp). La acusada fue aprehendida. \u201cFuncionarios de la Unidad de Transparencia recibieron una denuncia, de que [&hellip;]\" \/>\n<meta property=\"og:url\" content=\"https:\/\/www.eldiario.net\/portal\/2024\/08\/21\/denuncian-a-funcionaria-edil-por-supuesta-venta-de-cargos\/\" \/>\n<meta property=\"og:site_name\" content=\"El Diario - Bolivia\" \/>\n<meta property=\"article:publisher\" content=\"https:\/\/www.facebook.com\/eldiario.bolivia\/\" \/>\n<meta property=\"article:published_time\" content=\"2024-08-21T09:45:24+00:00\" \/>\n<meta property=\"og:image\" content=\"https:\/\/www.eldiario.net\/portal\/wp-content\/uploads\/2024\/08\/F-1-Gamlp.jpg\" \/>\n\t<meta property=\"og:image:width\" content=\"1024\" \/>\n\t<meta property=\"og:image:height\" content=\"947\" \/>\n\t<meta property=\"og:image:type\" content=\"image\/jpeg\" \/>\n<meta name=\"author\" content=\"Jeanette\" \/>\n<meta name=\"twitter:card\" content=\"summary_large_image\" \/>\n<meta name=\"twitter:creator\" content=\"@eldiario_net\" \/>\n<meta name=\"twitter:site\" content=\"@eldiario_net\" \/>\n<meta name=\"twitter:label1\" content=\"Escrito por\" \/>\n\t<meta name=\"twitter:data1\" content=\"Jeanette\" \/>\n\t<meta name=\"twitter:label2\" content=\"Tiempo de lectura\" \/>\n\t<meta name=\"twitter:data2\" content=\"3 minutos\" \/>\n<script type=\"application\/ld+json\" class=\"yoast-schema-graph\">{\"@context\":\"https:\\\/\\\/schema.org\",\"@graph\":[{\"@type\":\"Article\",\"@id\":\"https:\\\/\\\/www.eldiario.net\\\/portal\\\/2024\\\/08\\\/21\\\/denuncian-a-funcionaria-edil-por-supuesta-venta-de-cargos\\\/#article\",\"isPartOf\":{\"@id\":\"https:\\\/\\\/www.eldiario.net\\\/portal\\\/2024\\\/08\\\/21\\\/denuncian-a-funcionaria-edil-por-supuesta-venta-de-cargos\\\/\"},\"author\":{\"name\":\"Jeanette\",\"@id\":\"https:\\\/\\\/www.eldiario.net\\\/portal\\\/#\\\/schema\\\/person\\\/2c57cf2b7a7ae032e449e4c9b1019eac\"},\"headline\":\"Denuncian a funcionaria edil por supuesta venta de cargos\",\"datePublished\":\"2024-08-21T09:45:24+00:00\",\"mainEntityOfPage\":{\"@id\":\"https:\\\/\\\/www.eldiario.net\\\/portal\\\/2024\\\/08\\\/21\\\/denuncian-a-funcionaria-edil-por-supuesta-venta-de-cargos\\\/\"},\"wordCount\":542,\"commentCount\":0,\"publisher\":{\"@id\":\"https:\\\/\\\/www.eldiario.net\\\/portal\\\/#organization\"},\"image\":{\"@id\":\"https:\\\/\\\/www.eldiario.net\\\/portal\\\/2024\\\/08\\\/21\\\/denuncian-a-funcionaria-edil-por-supuesta-venta-de-cargos\\\/#primaryimage\"},\"thumbnailUrl\":\"https:\\\/\\\/www.eldiario.net\\\/portal\\\/wp-content\\\/uploads\\\/2024\\\/08\\\/F-1-Gamlp.jpg\",\"articleSection\":[\"Nacional\"],\"inLanguage\":\"es\",\"potentialAction\":[{\"@type\":\"CommentAction\",\"name\":\"Comment\",\"target\":[\"https:\\\/\\\/www.eldiario.net\\\/portal\\\/2024\\\/08\\\/21\\\/denuncian-a-funcionaria-edil-por-supuesta-venta-de-cargos\\\/#respond\"]}]},{\"@type\":\"WebPage\",\"@id\":\"https:\\\/\\\/www.eldiario.net\\\/portal\\\/2024\\\/08\\\/21\\\/denuncian-a-funcionaria-edil-por-supuesta-venta-de-cargos\\\/\",\"url\":\"https:\\\/\\\/www.eldiario.net\\\/portal\\\/2024\\\/08\\\/21\\\/denuncian-a-funcionaria-edil-por-supuesta-venta-de-cargos\\\/\",\"name\":\"Denuncian a funcionaria edil por supuesta venta de cargos - El Diario - Bolivia\",\"isPartOf\":{\"@id\":\"https:\\\/\\\/www.eldiario.net\\\/portal\\\/#website\"},\"primaryImageOfPage\":{\"@id\":\"https:\\\/\\\/www.eldiario.net\\\/portal\\\/2024\\\/08\\\/21\\\/denuncian-a-funcionaria-edil-por-supuesta-venta-de-cargos\\\/#primaryimage\"},\"image\":{\"@id\":\"https:\\\/\\\/www.eldiario.net\\\/portal\\\/2024\\\/08\\\/21\\\/denuncian-a-funcionaria-edil-por-supuesta-venta-de-cargos\\\/#primaryimage\"},\"thumbnailUrl\":\"https:\\\/\\\/www.eldiario.net\\\/portal\\\/wp-content\\\/uploads\\\/2024\\\/08\\\/F-1-Gamlp.jpg\",\"datePublished\":\"2024-08-21T09:45:24+00:00\",\"breadcrumb\":{\"@id\":\"https:\\\/\\\/www.eldiario.net\\\/portal\\\/2024\\\/08\\\/21\\\/denuncian-a-funcionaria-edil-por-supuesta-venta-de-cargos\\\/#breadcrumb\"},\"inLanguage\":\"es\",\"potentialAction\":[{\"@type\":\"ReadAction\",\"target\":[\"https:\\\/\\\/www.eldiario.net\\\/portal\\\/2024\\\/08\\\/21\\\/denuncian-a-funcionaria-edil-por-supuesta-venta-de-cargos\\\/\"]}]},{\"@type\":\"ImageObject\",\"inLanguage\":\"es\",\"@id\":\"https:\\\/\\\/www.eldiario.net\\\/portal\\\/2024\\\/08\\\/21\\\/denuncian-a-funcionaria-edil-por-supuesta-venta-de-cargos\\\/#primaryimage\",\"url\":\"https:\\\/\\\/www.eldiario.net\\\/portal\\\/wp-content\\\/uploads\\\/2024\\\/08\\\/F-1-Gamlp.jpg\",\"contentUrl\":\"https:\\\/\\\/www.eldiario.net\\\/portal\\\/wp-content\\\/uploads\\\/2024\\\/08\\\/F-1-Gamlp.jpg\",\"width\":1024,\"height\":947,\"caption\":\"La directora jur\u00eddica del municipio pace\u00f1o y el momento de la aprehensi\u00f3n.\"},{\"@type\":\"BreadcrumbList\",\"@id\":\"https:\\\/\\\/www.eldiario.net\\\/portal\\\/2024\\\/08\\\/21\\\/denuncian-a-funcionaria-edil-por-supuesta-venta-de-cargos\\\/#breadcrumb\",\"itemListElement\":[{\"@type\":\"ListItem\",\"position\":1,\"name\":\"Portada\",\"item\":\"https:\\\/\\\/www.eldiario.net\\\/portal\\\/\"},{\"@type\":\"ListItem\",\"position\":2,\"name\":\"Denuncian a funcionaria edil por supuesta venta de cargos\"}]},{\"@type\":\"WebSite\",\"@id\":\"https:\\\/\\\/www.eldiario.net\\\/portal\\\/#website\",\"url\":\"https:\\\/\\\/www.eldiario.net\\\/portal\\\/\",\"name\":\"El Diario - Decano de la prensa nacional\",\"description\":\"El Diario - Decano de la prensa nacional\",\"publisher\":{\"@id\":\"https:\\\/\\\/www.eldiario.net\\\/portal\\\/#organization\"},\"potentialAction\":[{\"@type\":\"SearchAction\",\"target\":{\"@type\":\"EntryPoint\",\"urlTemplate\":\"https:\\\/\\\/www.eldiario.net\\\/portal\\\/?s={search_term_string}\"},\"query-input\":{\"@type\":\"PropertyValueSpecification\",\"valueRequired\":true,\"valueName\":\"search_term_string\"}}],\"inLanguage\":\"es\"},{\"@type\":\"Organization\",\"@id\":\"https:\\\/\\\/www.eldiario.net\\\/portal\\\/#organization\",\"name\":\"El Diario - Decano de la prensa nacional\",\"url\":\"https:\\\/\\\/www.eldiario.net\\\/portal\\\/\",\"logo\":{\"@type\":\"ImageObject\",\"inLanguage\":\"es\",\"@id\":\"https:\\\/\\\/www.eldiario.net\\\/portal\\\/#\\\/schema\\\/logo\\\/image\\\/\",\"url\":\"https:\\\/\\\/www.eldiario.net\\\/portal\\\/wp-content\\\/uploads\\\/2023\\\/07\\\/logo_ED.jpg\",\"contentUrl\":\"https:\\\/\\\/www.eldiario.net\\\/portal\\\/wp-content\\\/uploads\\\/2023\\\/07\\\/logo_ED.jpg\",\"width\":272,\"height\":52,\"caption\":\"El Diario - Decano de la prensa nacional\"},\"image\":{\"@id\":\"https:\\\/\\\/www.eldiario.net\\\/portal\\\/#\\\/schema\\\/logo\\\/image\\\/\"},\"sameAs\":[\"https:\\\/\\\/www.facebook.com\\\/eldiario.bolivia\\\/\",\"https:\\\/\\\/x.com\\\/eldiario_net\"]},{\"@type\":\"Person\",\"@id\":\"https:\\\/\\\/www.eldiario.net\\\/portal\\\/#\\\/schema\\\/person\\\/2c57cf2b7a7ae032e449e4c9b1019eac\",\"name\":\"Jeanette\",\"image\":{\"@type\":\"ImageObject\",\"inLanguage\":\"es\",\"@id\":\"https:\\\/\\\/secure.gravatar.com\\\/avatar\\\/3ea2118a5f7dad2b7138b1187a6b7ee55f160b9968b66013c3a3ef39dd7e5798?s=96&d=mm&r=g\",\"url\":\"https:\\\/\\\/secure.gravatar.com\\\/avatar\\\/3ea2118a5f7dad2b7138b1187a6b7ee55f160b9968b66013c3a3ef39dd7e5798?s=96&d=mm&r=g\",\"contentUrl\":\"https:\\\/\\\/secure.gravatar.com\\\/avatar\\\/3ea2118a5f7dad2b7138b1187a6b7ee55f160b9968b66013c3a3ef39dd7e5798?s=96&d=mm&r=g\",\"caption\":\"Jeanette\"},\"sameAs\":[\"https:\\\/\\\/www.eldiario.net\\\/portal\"],\"url\":\"https:\\\/\\\/www.eldiario.net\\\/portal\\\/author\\\/jeanette\\\/\"}]}<\/script>\n<!-- \/ Yoast SEO plugin. -->","yoast_head_json":{"title":"Denuncian a funcionaria edil por supuesta venta de cargos - El Diario - Bolivia","robots":{"index":"index","follow":"follow","max-snippet":"max-snippet:-1","max-image-preview":"max-image-preview:large","max-video-preview":"max-video-preview:-1"},"canonical":"https:\/\/www.eldiario.net\/portal\/2024\/08\/21\/denuncian-a-funcionaria-edil-por-supuesta-venta-de-cargos\/","og_locale":"es_ES","og_type":"article","og_title":"Denuncian a funcionaria edil por supuesta venta de cargos - El Diario - Bolivia","og_description":"La directora jur\u00eddica de la Alcald\u00eda pace\u00f1a, Amparo Morales, inform\u00f3 que denunciaron por los delitos de cohecho pasivo, uso de influencias y coacci\u00f3n a una servidora p\u00fablica que supuestamente vende cargos en el Gobierno Aut\u00f3nomo Municipal de La Paz (Gamlp). La acusada fue aprehendida. \u201cFuncionarios de la Unidad de Transparencia recibieron una denuncia, de que [&hellip;]","og_url":"https:\/\/www.eldiario.net\/portal\/2024\/08\/21\/denuncian-a-funcionaria-edil-por-supuesta-venta-de-cargos\/","og_site_name":"El Diario - Bolivia","article_publisher":"https:\/\/www.facebook.com\/eldiario.bolivia\/","article_published_time":"2024-08-21T09:45:24+00:00","og_image":[{"width":1024,"height":947,"url":"https:\/\/www.eldiario.net\/portal\/wp-content\/uploads\/2024\/08\/F-1-Gamlp.jpg","type":"image\/jpeg"}],"author":"Jeanette","twitter_card":"summary_large_image","twitter_creator":"@eldiario_net","twitter_site":"@eldiario_net","twitter_misc":{"Escrito por":"Jeanette","Tiempo de lectura":"3 minutos"},"schema":{"@context":"https:\/\/schema.org","@graph":[{"@type":"Article","@id":"https:\/\/www.eldiario.net\/portal\/2024\/08\/21\/denuncian-a-funcionaria-edil-por-supuesta-venta-de-cargos\/#article","isPartOf":{"@id":"https:\/\/www.eldiario.net\/portal\/2024\/08\/21\/denuncian-a-funcionaria-edil-por-supuesta-venta-de-cargos\/"},"author":{"name":"Jeanette","@id":"https:\/\/www.eldiario.net\/portal\/#\/schema\/person\/2c57cf2b7a7ae032e449e4c9b1019eac"},"headline":"Denuncian a funcionaria edil por supuesta venta de cargos","datePublished":"2024-08-21T09:45:24+00:00","mainEntityOfPage":{"@id":"https:\/\/www.eldiario.net\/portal\/2024\/08\/21\/denuncian-a-funcionaria-edil-por-supuesta-venta-de-cargos\/"},"wordCount":542,"commentCount":0,"publisher":{"@id":"https:\/\/www.eldiario.net\/portal\/#organization"},"image":{"@id":"https:\/\/www.eldiario.net\/portal\/2024\/08\/21\/denuncian-a-funcionaria-edil-por-supuesta-venta-de-cargos\/#primaryimage"},"thumbnailUrl":"https:\/\/www.eldiario.net\/portal\/wp-content\/uploads\/2024\/08\/F-1-Gamlp.jpg","articleSection":["Nacional"],"inLanguage":"es","potentialAction":[{"@type":"CommentAction","name":"Comment","target":["https:\/\/www.eldiario.net\/portal\/2024\/08\/21\/denuncian-a-funcionaria-edil-por-supuesta-venta-de-cargos\/#respond"]}]},{"@type":"WebPage","@id":"https:\/\/www.eldiario.net\/portal\/2024\/08\/21\/denuncian-a-funcionaria-edil-por-supuesta-venta-de-cargos\/","url":"https:\/\/www.eldiario.net\/portal\/2024\/08\/21\/denuncian-a-funcionaria-edil-por-supuesta-venta-de-cargos\/","name":"Denuncian a funcionaria edil por supuesta venta de cargos - El Diario - Bolivia","isPartOf":{"@id":"https:\/\/www.eldiario.net\/portal\/#website"},"primaryImageOfPage":{"@id":"https:\/\/www.eldiario.net\/portal\/2024\/08\/21\/denuncian-a-funcionaria-edil-por-supuesta-venta-de-cargos\/#primaryimage"},"image":{"@id":"https:\/\/www.eldiario.net\/portal\/2024\/08\/21\/denuncian-a-funcionaria-edil-por-supuesta-venta-de-cargos\/#primaryimage"},"thumbnailUrl":"https:\/\/www.eldiario.net\/portal\/wp-content\/uploads\/2024\/08\/F-1-Gamlp.jpg","datePublished":"2024-08-21T09:45:24+00:00","breadcrumb":{"@id":"https:\/\/www.eldiario.net\/portal\/2024\/08\/21\/denuncian-a-funcionaria-edil-por-supuesta-venta-de-cargos\/#breadcrumb"},"inLanguage":"es","potentialAction":[{"@type":"ReadAction","target":["https:\/\/www.eldiario.net\/portal\/2024\/08\/21\/denuncian-a-funcionaria-edil-por-supuesta-venta-de-cargos\/"]}]},{"@type":"ImageObject","inLanguage":"es","@id":"https:\/\/www.eldiario.net\/portal\/2024\/08\/21\/denuncian-a-funcionaria-edil-por-supuesta-venta-de-cargos\/#primaryimage","url":"https:\/\/www.eldiario.net\/portal\/wp-content\/uploads\/2024\/08\/F-1-Gamlp.jpg","contentUrl":"https:\/\/www.eldiario.net\/portal\/wp-content\/uploads\/2024\/08\/F-1-Gamlp.jpg","width":1024,"height":947,"caption":"La directora jur\u00eddica del municipio pace\u00f1o y el momento de la aprehensi\u00f3n."},{"@type":"BreadcrumbList","@id":"https:\/\/www.eldiario.net\/portal\/2024\/08\/21\/denuncian-a-funcionaria-edil-por-supuesta-venta-de-cargos\/#breadcrumb","itemListElement":[{"@type":"ListItem","position":1,"name":"Portada","item":"https:\/\/www.eldiario.net\/portal\/"},{"@type":"ListItem","position":2,"name":"Denuncian a funcionaria edil por supuesta venta de cargos"}]},{"@type":"WebSite","@id":"https:\/\/www.eldiario.net\/portal\/#website","url":"https:\/\/www.eldiario.net\/portal\/","name":"El Diario - Decano de la prensa nacional","description":"El Diario - Decano de la prensa nacional","publisher":{"@id":"https:\/\/www.eldiario.net\/portal\/#organization"},"potentialAction":[{"@type":"SearchAction","target":{"@type":"EntryPoint","urlTemplate":"https:\/\/www.eldiario.net\/portal\/?s={search_term_string}"},"query-input":{"@type":"PropertyValueSpecification","valueRequired":true,"valueName":"search_term_string"}}],"inLanguage":"es"},{"@type":"Organization","@id":"https:\/\/www.eldiario.net\/portal\/#organization","name":"El Diario - Decano de la prensa nacional","url":"https:\/\/www.eldiario.net\/portal\/","logo":{"@type":"ImageObject","inLanguage":"es","@id":"https:\/\/www.eldiario.net\/portal\/#\/schema\/logo\/image\/","url":"https:\/\/www.eldiario.net\/portal\/wp-content\/uploads\/2023\/07\/logo_ED.jpg","contentUrl":"https:\/\/www.eldiario.net\/portal\/wp-content\/uploads\/2023\/07\/logo_ED.jpg","width":272,"height":52,"caption":"El Diario - Decano de la prensa nacional"},"image":{"@id":"https:\/\/www.eldiario.net\/portal\/#\/schema\/logo\/image\/"},"sameAs":["https:\/\/www.facebook.com\/eldiario.bolivia\/","https:\/\/x.com\/eldiario_net"]},{"@type":"Person","@id":"https:\/\/www.eldiario.net\/portal\/#\/schema\/person\/2c57cf2b7a7ae032e449e4c9b1019eac","name":"Jeanette","image":{"@type":"ImageObject","inLanguage":"es","@id":"https:\/\/secure.gravatar.com\/avatar\/3ea2118a5f7dad2b7138b1187a6b7ee55f160b9968b66013c3a3ef39dd7e5798?s=96&d=mm&r=g","url":"https:\/\/secure.gravatar.com\/avatar\/3ea2118a5f7dad2b7138b1187a6b7ee55f160b9968b66013c3a3ef39dd7e5798?s=96&d=mm&r=g","contentUrl":"https:\/\/secure.gravatar.com\/avatar\/3ea2118a5f7dad2b7138b1187a6b7ee55f160b9968b66013c3a3ef39dd7e5798?s=96&d=mm&r=g","caption":"Jeanette"},"sameAs":["https:\/\/www.eldiario.net\/portal"],"url":"https:\/\/www.eldiario.net\/portal\/author\/jeanette\/"}]}},"_links":{"self":[{"href":"https:\/\/www.eldiario.net\/portal\/wp-json\/wp\/v2\/posts\/242095","targetHints":{"allow":["GET"]}}],"collection":[{"href":"https:\/\/www.eldiario.net\/portal\/wp-json\/wp\/v2\/posts"}],"about":[{"href":"https:\/\/www.eldiario.net\/portal\/wp-json\/wp\/v2\/types\/post"}],"author":[{"embeddable":true,"href":"https:\/\/www.eldiario.net\/portal\/wp-json\/wp\/v2\/users\/1"}],"replies":[{"embeddable":true,"href":"https:\/\/www.eldiario.net\/portal\/wp-json\/wp\/v2\/comments?post=242095"}],"version-history":[{"count":1,"href":"https:\/\/www.eldiario.net\/portal\/wp-json\/wp\/v2\/posts\/242095\/revisions"}],"predecessor-version":[{"id":242098,"href":"https:\/\/www.eldiario.net\/portal\/wp-json\/wp\/v2\/posts\/242095\/revisions\/242098"}],"wp:featuredmedia":[{"embeddable":true,"href":"https:\/\/www.eldiario.net\/portal\/wp-json\/wp\/v2\/media\/242096"}],"wp:attachment":[{"href":"https:\/\/www.eldiario.net\/portal\/wp-json\/wp\/v2\/media?parent=242095"}],"wp:term":[{"taxonomy":"category","embeddable":true,"href":"https:\/\/www.eldiario.net\/portal\/wp-json\/wp\/v2\/categories?post=242095"},{"taxonomy":"post_tag","embeddable":true,"href":"https:\/\/www.eldiario.net\/portal\/wp-json\/wp\/v2\/tags?post=242095"}],"curies":[{"name":"wp","href":"https:\/\/api.w.org\/{rel}","templated":true}]}}