{"id":241983,"date":"2024-08-20T06:35:11","date_gmt":"2024-08-20T10:35:11","guid":{"rendered":"https:\/\/www.eldiario.net\/portal\/?p=241983"},"modified":"2024-08-20T06:35:11","modified_gmt":"2024-08-20T10:35:11","slug":"bolivar-empata-antes-del-partido-contra-flamengo","status":"publish","type":"post","link":"https:\/\/www.eldiario.net\/portal\/2024\/08\/20\/bolivar-empata-antes-del-partido-contra-flamengo\/","title":{"rendered":"Bol\u00edvar empata antes del partido contra Flamengo"},"content":{"rendered":"<p>Bol\u00edvar igual\u00f3 con San Antonio sin goles, en el cierre de la d\u00e9cima segunda fecha del torneo Clausura, la noche de este lunes, en el estadio Hernando Siles, resultado preocupante, porque en el mismo escenario este jueves recibir\u00e1 a Flamengo, en la revancha de la fase de octavos de final de la Copa Libertadores, partido en el cual requiere hacer m\u00e1s de dos goles para avanzar.<\/p>\n<div dir=\"auto\"><\/div>\n<div dir=\"auto\">Los celestes comenzaron la semana sin festejar goles, quedando cabizbajos a 72 horas del juego en el cual deben exponer su mejor f\u00fatbol ofensivo para superar la barrera en la Libertadores en el partido decisivo. Aunque suene a excusa, la Academia present\u00f3 un elenco entre alternos y titulares; sin embargo, la propuesta es la misma y el resultado fue un cero redondo.<\/div>\n<div dir=\"auto\"><\/div>\n<div dir=\"auto\">El cuadro de Tembladerani tuvo hasta seis ocasiones para abrir la cuenta, dejando de lado una jugada que fue anulada por una posici\u00f3n antirreglamentaria, de las cuales tres fueron despejadas por el palo y las dem\u00e1s fueron atajadas por el arquero Jos\u00e9 Pe\u00f1arrieta.<\/div>\n<div dir=\"auto\"><\/div>\n<div dir=\"auto\">Alfio Oviedo estrell\u00f3 un zurdazo en el travesa\u00f1o en la primera parte, Carlos Melgar remat\u00f3 de derecha y el horizontal devolvi\u00f3 la pelota durante el segundo tiempo y en la recta final el palo salv\u00f3 a San Antonio en una acci\u00f3n en la cual Gustavo Olgu\u00edn casi vence a su propio arco.<\/div>\n<div dir=\"auto\"><\/div>\n<div dir=\"auto\">Esta igualdad en nada afecta la condici\u00f3n de puntero de los bolivaristas, quienes sigue adelante, ahora con 24 puntos, con tres unidades por encima de The Strongest y Blooming. Pero la producci\u00f3n coloc\u00f3 de puntas los nervios de sus aficionados, sin dejar de lado los errores defensivos mostrados en los primeros 45 minutos.<\/div>\n<div dir=\"auto\"><\/div>\n<div dir=\"auto\">De nuevo, el arquero Carlos Lampe mostr\u00f3 poco dominio de la pelota para salir jugando desde su \u00e1rea, en una jugada con Alex Granell, que pudo finalizar en el gol de San Antonio. Del mismo modo, al guardameta cruce\u00f1o salv\u00f3 a su equipo ante dos remates de Jos\u00e9 Vitor Trinidade.<\/div>\n<div dir=\"auto\"><\/div>\n<div dir=\"auto\">Este empate result\u00f3 como un negocio favorable para el cuadro cochabambino, que en tres encuentros contra este rival sum\u00f3 dos empates y una victoria, un invicto que le permiti\u00f3 salir satisfecho del estadio de Miraflores, en una \u00e9poca en la cual trabaja por reivindicarse para apartarse de los \u00faltimos puestos.<\/div>\n","protected":false},"excerpt":{"rendered":"<p>Bol\u00edvar igual\u00f3 con San Antonio sin goles, en el cierre de la d\u00e9cima segunda fecha del torneo Clausura, la noche de este lunes, en el estadio Hernando Siles, resultado preocupante, porque en el mismo escenario este jueves recibir\u00e1 a Flamengo, en la revancha de la fase de octavos de final de la Copa Libertadores, partido [&hellip;]<\/p>\n","protected":false},"author":1,"featured_media":241984,"comment_status":"open","ping_status":"open","sticky":false,"template":"","format":"standard","meta":{"_acf_changed":false,"footnotes":""},"categories":[6],"tags":[],"class_list":["post-241983","post","type-post","status-publish","format-standard","has-post-thumbnail","category-deportes"],"acf":{"antetitulo":""},"yoast_head":"<!-- This site is optimized with the Yoast SEO plugin v28.4 - https:\/\/yoast.com\/product\/yoast-seo-wordpress\/ -->\n<title>Bol\u00edvar empata antes del partido contra Flamengo - El Diario - Bolivia<\/title>\n<meta name=\"robots\" content=\"index, follow, max-snippet:-1, max-image-preview:large, max-video-preview:-1\" \/>\n<link rel=\"canonical\" href=\"https:\/\/www.eldiario.net\/portal\/2024\/08\/20\/bolivar-empata-antes-del-partido-contra-flamengo\/\" \/>\n<meta property=\"og:locale\" content=\"es_ES\" \/>\n<meta property=\"og:type\" content=\"article\" \/>\n<meta property=\"og:title\" content=\"Bol\u00edvar empata antes del partido contra Flamengo - El Diario - Bolivia\" \/>\n<meta property=\"og:description\" content=\"Bol\u00edvar igual\u00f3 con San Antonio sin goles, en el cierre de la d\u00e9cima segunda fecha del torneo Clausura, la noche de este lunes, en el estadio Hernando Siles, resultado preocupante, porque en el mismo escenario este jueves recibir\u00e1 a Flamengo, en la revancha de la fase de octavos de final de la Copa Libertadores, partido [&hellip;]\" \/>\n<meta property=\"og:url\" content=\"https:\/\/www.eldiario.net\/portal\/2024\/08\/20\/bolivar-empata-antes-del-partido-contra-flamengo\/\" \/>\n<meta property=\"og:site_name\" content=\"El Diario - Bolivia\" \/>\n<meta property=\"article:publisher\" content=\"https:\/\/www.facebook.com\/eldiario.bolivia\/\" \/>\n<meta property=\"article:published_time\" content=\"2024-08-20T10:35:11+00:00\" \/>\n<meta property=\"og:image\" content=\"https:\/\/www.eldiario.net\/portal\/wp-content\/uploads\/2024\/08\/IMG-20240819-WA0113.jpg\" \/>\n\t<meta property=\"og:image:width\" content=\"1200\" \/>\n\t<meta property=\"og:image:height\" content=\"800\" \/>\n\t<meta property=\"og:image:type\" content=\"image\/jpeg\" \/>\n<meta name=\"author\" content=\"Jeanette\" \/>\n<meta name=\"twitter:card\" content=\"summary_large_image\" \/>\n<meta name=\"twitter:creator\" content=\"@eldiario_net\" \/>\n<meta name=\"twitter:site\" content=\"@eldiario_net\" \/>\n<meta name=\"twitter:label1\" content=\"Escrito por\" \/>\n\t<meta name=\"twitter:data1\" content=\"Jeanette\" \/>\n\t<meta name=\"twitter:label2\" content=\"Tiempo de lectura\" \/>\n\t<meta name=\"twitter:data2\" content=\"2 minutos\" \/>\n<script type=\"application\/ld+json\" class=\"yoast-schema-graph\">{\"@context\":\"https:\\\/\\\/schema.org\",\"@graph\":[{\"@type\":\"Article\",\"@id\":\"https:\\\/\\\/www.eldiario.net\\\/portal\\\/2024\\\/08\\\/20\\\/bolivar-empata-antes-del-partido-contra-flamengo\\\/#article\",\"isPartOf\":{\"@id\":\"https:\\\/\\\/www.eldiario.net\\\/portal\\\/2024\\\/08\\\/20\\\/bolivar-empata-antes-del-partido-contra-flamengo\\\/\"},\"author\":{\"name\":\"Jeanette\",\"@id\":\"https:\\\/\\\/www.eldiario.net\\\/portal\\\/#\\\/schema\\\/person\\\/2c57cf2b7a7ae032e449e4c9b1019eac\"},\"headline\":\"Bol\u00edvar empata antes del partido contra Flamengo\",\"datePublished\":\"2024-08-20T10:35:11+00:00\",\"mainEntityOfPage\":{\"@id\":\"https:\\\/\\\/www.eldiario.net\\\/portal\\\/2024\\\/08\\\/20\\\/bolivar-empata-antes-del-partido-contra-flamengo\\\/\"},\"wordCount\":394,\"commentCount\":0,\"publisher\":{\"@id\":\"https:\\\/\\\/www.eldiario.net\\\/portal\\\/#organization\"},\"image\":{\"@id\":\"https:\\\/\\\/www.eldiario.net\\\/portal\\\/2024\\\/08\\\/20\\\/bolivar-empata-antes-del-partido-contra-flamengo\\\/#primaryimage\"},\"thumbnailUrl\":\"https:\\\/\\\/www.eldiario.net\\\/portal\\\/wp-content\\\/uploads\\\/2024\\\/08\\\/IMG-20240819-WA0113.jpg\",\"articleSection\":[\"Deportes\"],\"inLanguage\":\"es\",\"potentialAction\":[{\"@type\":\"CommentAction\",\"name\":\"Comment\",\"target\":[\"https:\\\/\\\/www.eldiario.net\\\/portal\\\/2024\\\/08\\\/20\\\/bolivar-empata-antes-del-partido-contra-flamengo\\\/#respond\"]}]},{\"@type\":\"WebPage\",\"@id\":\"https:\\\/\\\/www.eldiario.net\\\/portal\\\/2024\\\/08\\\/20\\\/bolivar-empata-antes-del-partido-contra-flamengo\\\/\",\"url\":\"https:\\\/\\\/www.eldiario.net\\\/portal\\\/2024\\\/08\\\/20\\\/bolivar-empata-antes-del-partido-contra-flamengo\\\/\",\"name\":\"Bol\u00edvar empata antes del partido contra Flamengo - El Diario - Bolivia\",\"isPartOf\":{\"@id\":\"https:\\\/\\\/www.eldiario.net\\\/portal\\\/#website\"},\"primaryImageOfPage\":{\"@id\":\"https:\\\/\\\/www.eldiario.net\\\/portal\\\/2024\\\/08\\\/20\\\/bolivar-empata-antes-del-partido-contra-flamengo\\\/#primaryimage\"},\"image\":{\"@id\":\"https:\\\/\\\/www.eldiario.net\\\/portal\\\/2024\\\/08\\\/20\\\/bolivar-empata-antes-del-partido-contra-flamengo\\\/#primaryimage\"},\"thumbnailUrl\":\"https:\\\/\\\/www.eldiario.net\\\/portal\\\/wp-content\\\/uploads\\\/2024\\\/08\\\/IMG-20240819-WA0113.jpg\",\"datePublished\":\"2024-08-20T10:35:11+00:00\",\"breadcrumb\":{\"@id\":\"https:\\\/\\\/www.eldiario.net\\\/portal\\\/2024\\\/08\\\/20\\\/bolivar-empata-antes-del-partido-contra-flamengo\\\/#breadcrumb\"},\"inLanguage\":\"es\",\"potentialAction\":[{\"@type\":\"ReadAction\",\"target\":[\"https:\\\/\\\/www.eldiario.net\\\/portal\\\/2024\\\/08\\\/20\\\/bolivar-empata-antes-del-partido-contra-flamengo\\\/\"]}]},{\"@type\":\"ImageObject\",\"inLanguage\":\"es\",\"@id\":\"https:\\\/\\\/www.eldiario.net\\\/portal\\\/2024\\\/08\\\/20\\\/bolivar-empata-antes-del-partido-contra-flamengo\\\/#primaryimage\",\"url\":\"https:\\\/\\\/www.eldiario.net\\\/portal\\\/wp-content\\\/uploads\\\/2024\\\/08\\\/IMG-20240819-WA0113.jpg\",\"contentUrl\":\"https:\\\/\\\/www.eldiario.net\\\/portal\\\/wp-content\\\/uploads\\\/2024\\\/08\\\/IMG-20240819-WA0113.jpg\",\"width\":1200,\"height\":800},{\"@type\":\"BreadcrumbList\",\"@id\":\"https:\\\/\\\/www.eldiario.net\\\/portal\\\/2024\\\/08\\\/20\\\/bolivar-empata-antes-del-partido-contra-flamengo\\\/#breadcrumb\",\"itemListElement\":[{\"@type\":\"ListItem\",\"position\":1,\"name\":\"Portada\",\"item\":\"https:\\\/\\\/www.eldiario.net\\\/portal\\\/\"},{\"@type\":\"ListItem\",\"position\":2,\"name\":\"Bol\u00edvar empata antes del partido contra Flamengo\"}]},{\"@type\":\"WebSite\",\"@id\":\"https:\\\/\\\/www.eldiario.net\\\/portal\\\/#website\",\"url\":\"https:\\\/\\\/www.eldiario.net\\\/portal\\\/\",\"name\":\"El Diario - Decano de la prensa nacional\",\"description\":\"El Diario - Decano de la prensa nacional\",\"publisher\":{\"@id\":\"https:\\\/\\\/www.eldiario.net\\\/portal\\\/#organization\"},\"potentialAction\":[{\"@type\":\"SearchAction\",\"target\":{\"@type\":\"EntryPoint\",\"urlTemplate\":\"https:\\\/\\\/www.eldiario.net\\\/portal\\\/?s={search_term_string}\"},\"query-input\":{\"@type\":\"PropertyValueSpecification\",\"valueRequired\":true,\"valueName\":\"search_term_string\"}}],\"inLanguage\":\"es\"},{\"@type\":\"Organization\",\"@id\":\"https:\\\/\\\/www.eldiario.net\\\/portal\\\/#organization\",\"name\":\"El Diario - Decano de la prensa nacional\",\"url\":\"https:\\\/\\\/www.eldiario.net\\\/portal\\\/\",\"logo\":{\"@type\":\"ImageObject\",\"inLanguage\":\"es\",\"@id\":\"https:\\\/\\\/www.eldiario.net\\\/portal\\\/#\\\/schema\\\/logo\\\/image\\\/\",\"url\":\"https:\\\/\\\/www.eldiario.net\\\/portal\\\/wp-content\\\/uploads\\\/2023\\\/07\\\/logo_ED.jpg\",\"contentUrl\":\"https:\\\/\\\/www.eldiario.net\\\/portal\\\/wp-content\\\/uploads\\\/2023\\\/07\\\/logo_ED.jpg\",\"width\":272,\"height\":52,\"caption\":\"El Diario - Decano de la prensa nacional\"},\"image\":{\"@id\":\"https:\\\/\\\/www.eldiario.net\\\/portal\\\/#\\\/schema\\\/logo\\\/image\\\/\"},\"sameAs\":[\"https:\\\/\\\/www.facebook.com\\\/eldiario.bolivia\\\/\",\"https:\\\/\\\/x.com\\\/eldiario_net\"]},{\"@type\":\"Person\",\"@id\":\"https:\\\/\\\/www.eldiario.net\\\/portal\\\/#\\\/schema\\\/person\\\/2c57cf2b7a7ae032e449e4c9b1019eac\",\"name\":\"Jeanette\",\"image\":{\"@type\":\"ImageObject\",\"inLanguage\":\"es\",\"@id\":\"https:\\\/\\\/secure.gravatar.com\\\/avatar\\\/3ea2118a5f7dad2b7138b1187a6b7ee55f160b9968b66013c3a3ef39dd7e5798?s=96&d=mm&r=g\",\"url\":\"https:\\\/\\\/secure.gravatar.com\\\/avatar\\\/3ea2118a5f7dad2b7138b1187a6b7ee55f160b9968b66013c3a3ef39dd7e5798?s=96&d=mm&r=g\",\"contentUrl\":\"https:\\\/\\\/secure.gravatar.com\\\/avatar\\\/3ea2118a5f7dad2b7138b1187a6b7ee55f160b9968b66013c3a3ef39dd7e5798?s=96&d=mm&r=g\",\"caption\":\"Jeanette\"},\"sameAs\":[\"https:\\\/\\\/www.eldiario.net\\\/portal\"],\"url\":\"https:\\\/\\\/www.eldiario.net\\\/portal\\\/author\\\/jeanette\\\/\"}]}<\/script>\n<!-- \/ Yoast SEO plugin. -->","yoast_head_json":{"title":"Bol\u00edvar empata antes del partido contra Flamengo - El Diario - Bolivia","robots":{"index":"index","follow":"follow","max-snippet":"max-snippet:-1","max-image-preview":"max-image-preview:large","max-video-preview":"max-video-preview:-1"},"canonical":"https:\/\/www.eldiario.net\/portal\/2024\/08\/20\/bolivar-empata-antes-del-partido-contra-flamengo\/","og_locale":"es_ES","og_type":"article","og_title":"Bol\u00edvar empata antes del partido contra Flamengo - El Diario - Bolivia","og_description":"Bol\u00edvar igual\u00f3 con San Antonio sin goles, en el cierre de la d\u00e9cima segunda fecha del torneo Clausura, la noche de este lunes, en el estadio Hernando Siles, resultado preocupante, porque en el mismo escenario este jueves recibir\u00e1 a Flamengo, en la revancha de la fase de octavos de final de la Copa Libertadores, partido [&hellip;]","og_url":"https:\/\/www.eldiario.net\/portal\/2024\/08\/20\/bolivar-empata-antes-del-partido-contra-flamengo\/","og_site_name":"El Diario - Bolivia","article_publisher":"https:\/\/www.facebook.com\/eldiario.bolivia\/","article_published_time":"2024-08-20T10:35:11+00:00","og_image":[{"width":1200,"height":800,"url":"https:\/\/www.eldiario.net\/portal\/wp-content\/uploads\/2024\/08\/IMG-20240819-WA0113.jpg","type":"image\/jpeg"}],"author":"Jeanette","twitter_card":"summary_large_image","twitter_creator":"@eldiario_net","twitter_site":"@eldiario_net","twitter_misc":{"Escrito por":"Jeanette","Tiempo de lectura":"2 minutos"},"schema":{"@context":"https:\/\/schema.org","@graph":[{"@type":"Article","@id":"https:\/\/www.eldiario.net\/portal\/2024\/08\/20\/bolivar-empata-antes-del-partido-contra-flamengo\/#article","isPartOf":{"@id":"https:\/\/www.eldiario.net\/portal\/2024\/08\/20\/bolivar-empata-antes-del-partido-contra-flamengo\/"},"author":{"name":"Jeanette","@id":"https:\/\/www.eldiario.net\/portal\/#\/schema\/person\/2c57cf2b7a7ae032e449e4c9b1019eac"},"headline":"Bol\u00edvar empata antes del partido contra Flamengo","datePublished":"2024-08-20T10:35:11+00:00","mainEntityOfPage":{"@id":"https:\/\/www.eldiario.net\/portal\/2024\/08\/20\/bolivar-empata-antes-del-partido-contra-flamengo\/"},"wordCount":394,"commentCount":0,"publisher":{"@id":"https:\/\/www.eldiario.net\/portal\/#organization"},"image":{"@id":"https:\/\/www.eldiario.net\/portal\/2024\/08\/20\/bolivar-empata-antes-del-partido-contra-flamengo\/#primaryimage"},"thumbnailUrl":"https:\/\/www.eldiario.net\/portal\/wp-content\/uploads\/2024\/08\/IMG-20240819-WA0113.jpg","articleSection":["Deportes"],"inLanguage":"es","potentialAction":[{"@type":"CommentAction","name":"Comment","target":["https:\/\/www.eldiario.net\/portal\/2024\/08\/20\/bolivar-empata-antes-del-partido-contra-flamengo\/#respond"]}]},{"@type":"WebPage","@id":"https:\/\/www.eldiario.net\/portal\/2024\/08\/20\/bolivar-empata-antes-del-partido-contra-flamengo\/","url":"https:\/\/www.eldiario.net\/portal\/2024\/08\/20\/bolivar-empata-antes-del-partido-contra-flamengo\/","name":"Bol\u00edvar empata antes del partido contra Flamengo - El Diario - Bolivia","isPartOf":{"@id":"https:\/\/www.eldiario.net\/portal\/#website"},"primaryImageOfPage":{"@id":"https:\/\/www.eldiario.net\/portal\/2024\/08\/20\/bolivar-empata-antes-del-partido-contra-flamengo\/#primaryimage"},"image":{"@id":"https:\/\/www.eldiario.net\/portal\/2024\/08\/20\/bolivar-empata-antes-del-partido-contra-flamengo\/#primaryimage"},"thumbnailUrl":"https:\/\/www.eldiario.net\/portal\/wp-content\/uploads\/2024\/08\/IMG-20240819-WA0113.jpg","datePublished":"2024-08-20T10:35:11+00:00","breadcrumb":{"@id":"https:\/\/www.eldiario.net\/portal\/2024\/08\/20\/bolivar-empata-antes-del-partido-contra-flamengo\/#breadcrumb"},"inLanguage":"es","potentialAction":[{"@type":"ReadAction","target":["https:\/\/www.eldiario.net\/portal\/2024\/08\/20\/bolivar-empata-antes-del-partido-contra-flamengo\/"]}]},{"@type":"ImageObject","inLanguage":"es","@id":"https:\/\/www.eldiario.net\/portal\/2024\/08\/20\/bolivar-empata-antes-del-partido-contra-flamengo\/#primaryimage","url":"https:\/\/www.eldiario.net\/portal\/wp-content\/uploads\/2024\/08\/IMG-20240819-WA0113.jpg","contentUrl":"https:\/\/www.eldiario.net\/portal\/wp-content\/uploads\/2024\/08\/IMG-20240819-WA0113.jpg","width":1200,"height":800},{"@type":"BreadcrumbList","@id":"https:\/\/www.eldiario.net\/portal\/2024\/08\/20\/bolivar-empata-antes-del-partido-contra-flamengo\/#breadcrumb","itemListElement":[{"@type":"ListItem","position":1,"name":"Portada","item":"https:\/\/www.eldiario.net\/portal\/"},{"@type":"ListItem","position":2,"name":"Bol\u00edvar empata antes del partido contra Flamengo"}]},{"@type":"WebSite","@id":"https:\/\/www.eldiario.net\/portal\/#website","url":"https:\/\/www.eldiario.net\/portal\/","name":"El Diario - Decano de la prensa nacional","description":"El Diario - Decano de la prensa nacional","publisher":{"@id":"https:\/\/www.eldiario.net\/portal\/#organization"},"potentialAction":[{"@type":"SearchAction","target":{"@type":"EntryPoint","urlTemplate":"https:\/\/www.eldiario.net\/portal\/?s={search_term_string}"},"query-input":{"@type":"PropertyValueSpecification","valueRequired":true,"valueName":"search_term_string"}}],"inLanguage":"es"},{"@type":"Organization","@id":"https:\/\/www.eldiario.net\/portal\/#organization","name":"El Diario - Decano de la prensa nacional","url":"https:\/\/www.eldiario.net\/portal\/","logo":{"@type":"ImageObject","inLanguage":"es","@id":"https:\/\/www.eldiario.net\/portal\/#\/schema\/logo\/image\/","url":"https:\/\/www.eldiario.net\/portal\/wp-content\/uploads\/2023\/07\/logo_ED.jpg","contentUrl":"https:\/\/www.eldiario.net\/portal\/wp-content\/uploads\/2023\/07\/logo_ED.jpg","width":272,"height":52,"caption":"El Diario - Decano de la prensa nacional"},"image":{"@id":"https:\/\/www.eldiario.net\/portal\/#\/schema\/logo\/image\/"},"sameAs":["https:\/\/www.facebook.com\/eldiario.bolivia\/","https:\/\/x.com\/eldiario_net"]},{"@type":"Person","@id":"https:\/\/www.eldiario.net\/portal\/#\/schema\/person\/2c57cf2b7a7ae032e449e4c9b1019eac","name":"Jeanette","image":{"@type":"ImageObject","inLanguage":"es","@id":"https:\/\/secure.gravatar.com\/avatar\/3ea2118a5f7dad2b7138b1187a6b7ee55f160b9968b66013c3a3ef39dd7e5798?s=96&d=mm&r=g","url":"https:\/\/secure.gravatar.com\/avatar\/3ea2118a5f7dad2b7138b1187a6b7ee55f160b9968b66013c3a3ef39dd7e5798?s=96&d=mm&r=g","contentUrl":"https:\/\/secure.gravatar.com\/avatar\/3ea2118a5f7dad2b7138b1187a6b7ee55f160b9968b66013c3a3ef39dd7e5798?s=96&d=mm&r=g","caption":"Jeanette"},"sameAs":["https:\/\/www.eldiario.net\/portal"],"url":"https:\/\/www.eldiario.net\/portal\/author\/jeanette\/"}]}},"_links":{"self":[{"href":"https:\/\/www.eldiario.net\/portal\/wp-json\/wp\/v2\/posts\/241983","targetHints":{"allow":["GET"]}}],"collection":[{"href":"https:\/\/www.eldiario.net\/portal\/wp-json\/wp\/v2\/posts"}],"about":[{"href":"https:\/\/www.eldiario.net\/portal\/wp-json\/wp\/v2\/types\/post"}],"author":[{"embeddable":true,"href":"https:\/\/www.eldiario.net\/portal\/wp-json\/wp\/v2\/users\/1"}],"replies":[{"embeddable":true,"href":"https:\/\/www.eldiario.net\/portal\/wp-json\/wp\/v2\/comments?post=241983"}],"version-history":[{"count":1,"href":"https:\/\/www.eldiario.net\/portal\/wp-json\/wp\/v2\/posts\/241983\/revisions"}],"predecessor-version":[{"id":241985,"href":"https:\/\/www.eldiario.net\/portal\/wp-json\/wp\/v2\/posts\/241983\/revisions\/241985"}],"wp:featuredmedia":[{"embeddable":true,"href":"https:\/\/www.eldiario.net\/portal\/wp-json\/wp\/v2\/media\/241984"}],"wp:attachment":[{"href":"https:\/\/www.eldiario.net\/portal\/wp-json\/wp\/v2\/media?parent=241983"}],"wp:term":[{"taxonomy":"category","embeddable":true,"href":"https:\/\/www.eldiario.net\/portal\/wp-json\/wp\/v2\/categories?post=241983"},{"taxonomy":"post_tag","embeddable":true,"href":"https:\/\/www.eldiario.net\/portal\/wp-json\/wp\/v2\/tags?post=241983"}],"curies":[{"name":"wp","href":"https:\/\/api.w.org\/{rel}","templated":true}]}}