{"id":241980,"date":"2024-08-20T06:34:11","date_gmt":"2024-08-20T10:34:11","guid":{"rendered":"https:\/\/www.eldiario.net\/portal\/?p=241980"},"modified":"2024-08-20T06:34:11","modified_gmt":"2024-08-20T10:34:11","slug":"dellien-queda-fuera-del-us-open","status":"publish","type":"post","link":"https:\/\/www.eldiario.net\/portal\/2024\/08\/20\/dellien-queda-fuera-del-us-open\/","title":{"rendered":"Dellien queda fuera del US Open"},"content":{"rendered":"<p>Hugo Dellien no pudo encontrarse con su juego a lo largo de una hora y 14 minutos que dur\u00f3 el partido y fue eliminado en la primera ronda de la qualy (clasificaci\u00f3n) del US Open. Este lunes perdi\u00f3 con el franc\u00e9s Valent\u00edn Royer por 6-3 y 6-4.<\/p>\n<div dir=\"auto\">Dellien (107\u00b0 del ranking ATP) llegaba a ese partido como uno de los favoritos para quedarse con las 16 plazas que dan acceso al cuadro principal, pero no pudo mostrar su mejor nivel en la cancha 14 del USTA Billie Jean King National Tennis Center de Nueva York.<\/div>\n<div dir=\"auto\">Era el octavo sembrado de la qualy y tambi\u00e9n llegaba a este partido con un triunfo sobre Royer (202\u00b0) en los cuartos de final del Concord Iasi Open en Rumania.<\/div>\n<div dir=\"auto\">El partido<\/div>\n<div dir=\"auto\">El encuentro se jug\u00f3 en horas de la tarde y en el primer set solo hubo una diferencia: un quiebre de servicio a favor del tenista galo en el cuarto game para ponerse arriba 3-1. Luego mantuvo esa ventaja y gan\u00f3.<\/div>\n<div dir=\"auto\">Para ese momento el mejor tenista del pa\u00eds en la actualidad ya mostraba errores no forzados que poco a poco le hac\u00edan enfadar, lo que tambi\u00e9n gener\u00f3 un mal juego.<\/div>\n<div dir=\"auto\">Para el segundo set Dellien intent\u00f3 mejorar, pero nuevamente su saque fue roto en dos ocasiones: en el tercer y quinto game, mientras que Royer sufri\u00f3 el quiebre de su servicio en el cuarto juego.<\/div>\n<div dir=\"auto\">Cuando marcador estuvo 4-2 a favor del franc\u00e9s el partido se detuvo por la lluvia.<\/div>\n<div dir=\"auto\">Luego de exactamente una hora se reanudaron las acciones y Dellien gan\u00f3 en su servicio y se not\u00f3 que el receso obligatorio hizo que se relaje y muestre un mejor desempe\u00f1o.<\/div>\n<div dir=\"auto\">Pero a pesar de que el tenista nacional mejor\u00f3, el franc\u00e9s sac\u00f3 adelante el segundo set y venci\u00f3.<\/div>\n<div dir=\"auto\">El debut<\/div>\n<div dir=\"auto\">Este martes ser\u00e1 el debut absoluto en este Grand Slam de Murkel Dellien, hermano menor de Hugo.<\/div>\n<div dir=\"auto\">Se enfrentar\u00e1 por primera vez en su carrera profesional al belga Kimmer Coppejans.<\/div>\n<div dir=\"auto\">Murkel parte como favorito por su ranking, pues ocupa el puesto 181, mientras que su rival est\u00e1 en el 631\u00b0.<\/div>\n<div dir=\"auto\">En un principio su partido est\u00e1 programado para las 11.00 de Bolivia.<\/div>\n<div dir=\"auto\"><\/div>\n","protected":false},"excerpt":{"rendered":"<p>Hugo Dellien no pudo encontrarse con su juego a lo largo de una hora y 14 minutos que dur\u00f3 el partido y fue eliminado en la primera ronda de la qualy (clasificaci\u00f3n) del US Open. Este lunes perdi\u00f3 con el franc\u00e9s Valent\u00edn Royer por 6-3 y 6-4. Dellien (107\u00b0 del ranking ATP) llegaba a ese [&hellip;]<\/p>\n","protected":false},"author":1,"featured_media":241981,"comment_status":"open","ping_status":"open","sticky":false,"template":"","format":"standard","meta":{"_acf_changed":false,"footnotes":""},"categories":[6],"tags":[],"class_list":["post-241980","post","type-post","status-publish","format-standard","has-post-thumbnail","category-deportes"],"acf":{"antetitulo":""},"yoast_head":"<!-- This site is optimized with the Yoast SEO plugin v28.4 - https:\/\/yoast.com\/product\/yoast-seo-wordpress\/ -->\n<title>Dellien queda fuera del US Open - El Diario - Bolivia<\/title>\n<meta name=\"robots\" content=\"index, follow, max-snippet:-1, max-image-preview:large, max-video-preview:-1\" \/>\n<link rel=\"canonical\" href=\"https:\/\/www.eldiario.net\/portal\/2024\/08\/20\/dellien-queda-fuera-del-us-open\/\" \/>\n<meta property=\"og:locale\" content=\"es_ES\" \/>\n<meta property=\"og:type\" content=\"article\" \/>\n<meta property=\"og:title\" content=\"Dellien queda fuera del US Open - El Diario - Bolivia\" \/>\n<meta property=\"og:description\" content=\"Hugo Dellien no pudo encontrarse con su juego a lo largo de una hora y 14 minutos que dur\u00f3 el partido y fue eliminado en la primera ronda de la qualy (clasificaci\u00f3n) del US Open. Este lunes perdi\u00f3 con el franc\u00e9s Valent\u00edn Royer por 6-3 y 6-4. Dellien (107\u00b0 del ranking ATP) llegaba a ese [&hellip;]\" \/>\n<meta property=\"og:url\" content=\"https:\/\/www.eldiario.net\/portal\/2024\/08\/20\/dellien-queda-fuera-del-us-open\/\" \/>\n<meta property=\"og:site_name\" content=\"El Diario - Bolivia\" \/>\n<meta property=\"article:publisher\" content=\"https:\/\/www.facebook.com\/eldiario.bolivia\/\" \/>\n<meta property=\"article:published_time\" content=\"2024-08-20T10:34:11+00:00\" \/>\n<meta property=\"og:image\" content=\"https:\/\/www.eldiario.net\/portal\/wp-content\/uploads\/2024\/08\/IMG-20240819-WA0026.jpg\" \/>\n\t<meta property=\"og:image:width\" content=\"1440\" \/>\n\t<meta property=\"og:image:height\" content=\"960\" \/>\n\t<meta property=\"og:image:type\" content=\"image\/jpeg\" \/>\n<meta name=\"author\" content=\"Jeanette\" \/>\n<meta name=\"twitter:card\" content=\"summary_large_image\" \/>\n<meta name=\"twitter:creator\" content=\"@eldiario_net\" \/>\n<meta name=\"twitter:site\" content=\"@eldiario_net\" \/>\n<meta name=\"twitter:label1\" content=\"Escrito por\" \/>\n\t<meta name=\"twitter:data1\" content=\"Jeanette\" \/>\n\t<meta name=\"twitter:label2\" content=\"Tiempo de lectura\" \/>\n\t<meta name=\"twitter:data2\" content=\"2 minutos\" \/>\n<script type=\"application\/ld+json\" class=\"yoast-schema-graph\">{\"@context\":\"https:\\\/\\\/schema.org\",\"@graph\":[{\"@type\":\"Article\",\"@id\":\"https:\\\/\\\/www.eldiario.net\\\/portal\\\/2024\\\/08\\\/20\\\/dellien-queda-fuera-del-us-open\\\/#article\",\"isPartOf\":{\"@id\":\"https:\\\/\\\/www.eldiario.net\\\/portal\\\/2024\\\/08\\\/20\\\/dellien-queda-fuera-del-us-open\\\/\"},\"author\":{\"name\":\"Jeanette\",\"@id\":\"https:\\\/\\\/www.eldiario.net\\\/portal\\\/#\\\/schema\\\/person\\\/2c57cf2b7a7ae032e449e4c9b1019eac\"},\"headline\":\"Dellien queda fuera del US Open\",\"datePublished\":\"2024-08-20T10:34:11+00:00\",\"mainEntityOfPage\":{\"@id\":\"https:\\\/\\\/www.eldiario.net\\\/portal\\\/2024\\\/08\\\/20\\\/dellien-queda-fuera-del-us-open\\\/\"},\"wordCount\":369,\"commentCount\":0,\"publisher\":{\"@id\":\"https:\\\/\\\/www.eldiario.net\\\/portal\\\/#organization\"},\"image\":{\"@id\":\"https:\\\/\\\/www.eldiario.net\\\/portal\\\/2024\\\/08\\\/20\\\/dellien-queda-fuera-del-us-open\\\/#primaryimage\"},\"thumbnailUrl\":\"https:\\\/\\\/www.eldiario.net\\\/portal\\\/wp-content\\\/uploads\\\/2024\\\/08\\\/IMG-20240819-WA0026.jpg\",\"articleSection\":[\"Deportes\"],\"inLanguage\":\"es\",\"potentialAction\":[{\"@type\":\"CommentAction\",\"name\":\"Comment\",\"target\":[\"https:\\\/\\\/www.eldiario.net\\\/portal\\\/2024\\\/08\\\/20\\\/dellien-queda-fuera-del-us-open\\\/#respond\"]}]},{\"@type\":\"WebPage\",\"@id\":\"https:\\\/\\\/www.eldiario.net\\\/portal\\\/2024\\\/08\\\/20\\\/dellien-queda-fuera-del-us-open\\\/\",\"url\":\"https:\\\/\\\/www.eldiario.net\\\/portal\\\/2024\\\/08\\\/20\\\/dellien-queda-fuera-del-us-open\\\/\",\"name\":\"Dellien queda fuera del US Open - El Diario - Bolivia\",\"isPartOf\":{\"@id\":\"https:\\\/\\\/www.eldiario.net\\\/portal\\\/#website\"},\"primaryImageOfPage\":{\"@id\":\"https:\\\/\\\/www.eldiario.net\\\/portal\\\/2024\\\/08\\\/20\\\/dellien-queda-fuera-del-us-open\\\/#primaryimage\"},\"image\":{\"@id\":\"https:\\\/\\\/www.eldiario.net\\\/portal\\\/2024\\\/08\\\/20\\\/dellien-queda-fuera-del-us-open\\\/#primaryimage\"},\"thumbnailUrl\":\"https:\\\/\\\/www.eldiario.net\\\/portal\\\/wp-content\\\/uploads\\\/2024\\\/08\\\/IMG-20240819-WA0026.jpg\",\"datePublished\":\"2024-08-20T10:34:11+00:00\",\"breadcrumb\":{\"@id\":\"https:\\\/\\\/www.eldiario.net\\\/portal\\\/2024\\\/08\\\/20\\\/dellien-queda-fuera-del-us-open\\\/#breadcrumb\"},\"inLanguage\":\"es\",\"potentialAction\":[{\"@type\":\"ReadAction\",\"target\":[\"https:\\\/\\\/www.eldiario.net\\\/portal\\\/2024\\\/08\\\/20\\\/dellien-queda-fuera-del-us-open\\\/\"]}]},{\"@type\":\"ImageObject\",\"inLanguage\":\"es\",\"@id\":\"https:\\\/\\\/www.eldiario.net\\\/portal\\\/2024\\\/08\\\/20\\\/dellien-queda-fuera-del-us-open\\\/#primaryimage\",\"url\":\"https:\\\/\\\/www.eldiario.net\\\/portal\\\/wp-content\\\/uploads\\\/2024\\\/08\\\/IMG-20240819-WA0026.jpg\",\"contentUrl\":\"https:\\\/\\\/www.eldiario.net\\\/portal\\\/wp-content\\\/uploads\\\/2024\\\/08\\\/IMG-20240819-WA0026.jpg\",\"width\":1440,\"height\":960},{\"@type\":\"BreadcrumbList\",\"@id\":\"https:\\\/\\\/www.eldiario.net\\\/portal\\\/2024\\\/08\\\/20\\\/dellien-queda-fuera-del-us-open\\\/#breadcrumb\",\"itemListElement\":[{\"@type\":\"ListItem\",\"position\":1,\"name\":\"Portada\",\"item\":\"https:\\\/\\\/www.eldiario.net\\\/portal\\\/\"},{\"@type\":\"ListItem\",\"position\":2,\"name\":\"Dellien queda fuera del US Open\"}]},{\"@type\":\"WebSite\",\"@id\":\"https:\\\/\\\/www.eldiario.net\\\/portal\\\/#website\",\"url\":\"https:\\\/\\\/www.eldiario.net\\\/portal\\\/\",\"name\":\"El Diario - Decano de la prensa nacional\",\"description\":\"El Diario - Decano de la prensa nacional\",\"publisher\":{\"@id\":\"https:\\\/\\\/www.eldiario.net\\\/portal\\\/#organization\"},\"potentialAction\":[{\"@type\":\"SearchAction\",\"target\":{\"@type\":\"EntryPoint\",\"urlTemplate\":\"https:\\\/\\\/www.eldiario.net\\\/portal\\\/?s={search_term_string}\"},\"query-input\":{\"@type\":\"PropertyValueSpecification\",\"valueRequired\":true,\"valueName\":\"search_term_string\"}}],\"inLanguage\":\"es\"},{\"@type\":\"Organization\",\"@id\":\"https:\\\/\\\/www.eldiario.net\\\/portal\\\/#organization\",\"name\":\"El Diario - Decano de la prensa nacional\",\"url\":\"https:\\\/\\\/www.eldiario.net\\\/portal\\\/\",\"logo\":{\"@type\":\"ImageObject\",\"inLanguage\":\"es\",\"@id\":\"https:\\\/\\\/www.eldiario.net\\\/portal\\\/#\\\/schema\\\/logo\\\/image\\\/\",\"url\":\"https:\\\/\\\/www.eldiario.net\\\/portal\\\/wp-content\\\/uploads\\\/2023\\\/07\\\/logo_ED.jpg\",\"contentUrl\":\"https:\\\/\\\/www.eldiario.net\\\/portal\\\/wp-content\\\/uploads\\\/2023\\\/07\\\/logo_ED.jpg\",\"width\":272,\"height\":52,\"caption\":\"El Diario - Decano de la prensa nacional\"},\"image\":{\"@id\":\"https:\\\/\\\/www.eldiario.net\\\/portal\\\/#\\\/schema\\\/logo\\\/image\\\/\"},\"sameAs\":[\"https:\\\/\\\/www.facebook.com\\\/eldiario.bolivia\\\/\",\"https:\\\/\\\/x.com\\\/eldiario_net\"]},{\"@type\":\"Person\",\"@id\":\"https:\\\/\\\/www.eldiario.net\\\/portal\\\/#\\\/schema\\\/person\\\/2c57cf2b7a7ae032e449e4c9b1019eac\",\"name\":\"Jeanette\",\"image\":{\"@type\":\"ImageObject\",\"inLanguage\":\"es\",\"@id\":\"https:\\\/\\\/secure.gravatar.com\\\/avatar\\\/3ea2118a5f7dad2b7138b1187a6b7ee55f160b9968b66013c3a3ef39dd7e5798?s=96&d=mm&r=g\",\"url\":\"https:\\\/\\\/secure.gravatar.com\\\/avatar\\\/3ea2118a5f7dad2b7138b1187a6b7ee55f160b9968b66013c3a3ef39dd7e5798?s=96&d=mm&r=g\",\"contentUrl\":\"https:\\\/\\\/secure.gravatar.com\\\/avatar\\\/3ea2118a5f7dad2b7138b1187a6b7ee55f160b9968b66013c3a3ef39dd7e5798?s=96&d=mm&r=g\",\"caption\":\"Jeanette\"},\"sameAs\":[\"https:\\\/\\\/www.eldiario.net\\\/portal\"],\"url\":\"https:\\\/\\\/www.eldiario.net\\\/portal\\\/author\\\/jeanette\\\/\"}]}<\/script>\n<!-- \/ Yoast SEO plugin. -->","yoast_head_json":{"title":"Dellien queda fuera del US Open - El Diario - Bolivia","robots":{"index":"index","follow":"follow","max-snippet":"max-snippet:-1","max-image-preview":"max-image-preview:large","max-video-preview":"max-video-preview:-1"},"canonical":"https:\/\/www.eldiario.net\/portal\/2024\/08\/20\/dellien-queda-fuera-del-us-open\/","og_locale":"es_ES","og_type":"article","og_title":"Dellien queda fuera del US Open - El Diario - Bolivia","og_description":"Hugo Dellien no pudo encontrarse con su juego a lo largo de una hora y 14 minutos que dur\u00f3 el partido y fue eliminado en la primera ronda de la qualy (clasificaci\u00f3n) del US Open. Este lunes perdi\u00f3 con el franc\u00e9s Valent\u00edn Royer por 6-3 y 6-4. Dellien (107\u00b0 del ranking ATP) llegaba a ese [&hellip;]","og_url":"https:\/\/www.eldiario.net\/portal\/2024\/08\/20\/dellien-queda-fuera-del-us-open\/","og_site_name":"El Diario - Bolivia","article_publisher":"https:\/\/www.facebook.com\/eldiario.bolivia\/","article_published_time":"2024-08-20T10:34:11+00:00","og_image":[{"width":1440,"height":960,"url":"https:\/\/www.eldiario.net\/portal\/wp-content\/uploads\/2024\/08\/IMG-20240819-WA0026.jpg","type":"image\/jpeg"}],"author":"Jeanette","twitter_card":"summary_large_image","twitter_creator":"@eldiario_net","twitter_site":"@eldiario_net","twitter_misc":{"Escrito por":"Jeanette","Tiempo de lectura":"2 minutos"},"schema":{"@context":"https:\/\/schema.org","@graph":[{"@type":"Article","@id":"https:\/\/www.eldiario.net\/portal\/2024\/08\/20\/dellien-queda-fuera-del-us-open\/#article","isPartOf":{"@id":"https:\/\/www.eldiario.net\/portal\/2024\/08\/20\/dellien-queda-fuera-del-us-open\/"},"author":{"name":"Jeanette","@id":"https:\/\/www.eldiario.net\/portal\/#\/schema\/person\/2c57cf2b7a7ae032e449e4c9b1019eac"},"headline":"Dellien queda fuera del US Open","datePublished":"2024-08-20T10:34:11+00:00","mainEntityOfPage":{"@id":"https:\/\/www.eldiario.net\/portal\/2024\/08\/20\/dellien-queda-fuera-del-us-open\/"},"wordCount":369,"commentCount":0,"publisher":{"@id":"https:\/\/www.eldiario.net\/portal\/#organization"},"image":{"@id":"https:\/\/www.eldiario.net\/portal\/2024\/08\/20\/dellien-queda-fuera-del-us-open\/#primaryimage"},"thumbnailUrl":"https:\/\/www.eldiario.net\/portal\/wp-content\/uploads\/2024\/08\/IMG-20240819-WA0026.jpg","articleSection":["Deportes"],"inLanguage":"es","potentialAction":[{"@type":"CommentAction","name":"Comment","target":["https:\/\/www.eldiario.net\/portal\/2024\/08\/20\/dellien-queda-fuera-del-us-open\/#respond"]}]},{"@type":"WebPage","@id":"https:\/\/www.eldiario.net\/portal\/2024\/08\/20\/dellien-queda-fuera-del-us-open\/","url":"https:\/\/www.eldiario.net\/portal\/2024\/08\/20\/dellien-queda-fuera-del-us-open\/","name":"Dellien queda fuera del US Open - El Diario - Bolivia","isPartOf":{"@id":"https:\/\/www.eldiario.net\/portal\/#website"},"primaryImageOfPage":{"@id":"https:\/\/www.eldiario.net\/portal\/2024\/08\/20\/dellien-queda-fuera-del-us-open\/#primaryimage"},"image":{"@id":"https:\/\/www.eldiario.net\/portal\/2024\/08\/20\/dellien-queda-fuera-del-us-open\/#primaryimage"},"thumbnailUrl":"https:\/\/www.eldiario.net\/portal\/wp-content\/uploads\/2024\/08\/IMG-20240819-WA0026.jpg","datePublished":"2024-08-20T10:34:11+00:00","breadcrumb":{"@id":"https:\/\/www.eldiario.net\/portal\/2024\/08\/20\/dellien-queda-fuera-del-us-open\/#breadcrumb"},"inLanguage":"es","potentialAction":[{"@type":"ReadAction","target":["https:\/\/www.eldiario.net\/portal\/2024\/08\/20\/dellien-queda-fuera-del-us-open\/"]}]},{"@type":"ImageObject","inLanguage":"es","@id":"https:\/\/www.eldiario.net\/portal\/2024\/08\/20\/dellien-queda-fuera-del-us-open\/#primaryimage","url":"https:\/\/www.eldiario.net\/portal\/wp-content\/uploads\/2024\/08\/IMG-20240819-WA0026.jpg","contentUrl":"https:\/\/www.eldiario.net\/portal\/wp-content\/uploads\/2024\/08\/IMG-20240819-WA0026.jpg","width":1440,"height":960},{"@type":"BreadcrumbList","@id":"https:\/\/www.eldiario.net\/portal\/2024\/08\/20\/dellien-queda-fuera-del-us-open\/#breadcrumb","itemListElement":[{"@type":"ListItem","position":1,"name":"Portada","item":"https:\/\/www.eldiario.net\/portal\/"},{"@type":"ListItem","position":2,"name":"Dellien queda fuera del US Open"}]},{"@type":"WebSite","@id":"https:\/\/www.eldiario.net\/portal\/#website","url":"https:\/\/www.eldiario.net\/portal\/","name":"El Diario - Decano de la prensa nacional","description":"El Diario - Decano de la prensa nacional","publisher":{"@id":"https:\/\/www.eldiario.net\/portal\/#organization"},"potentialAction":[{"@type":"SearchAction","target":{"@type":"EntryPoint","urlTemplate":"https:\/\/www.eldiario.net\/portal\/?s={search_term_string}"},"query-input":{"@type":"PropertyValueSpecification","valueRequired":true,"valueName":"search_term_string"}}],"inLanguage":"es"},{"@type":"Organization","@id":"https:\/\/www.eldiario.net\/portal\/#organization","name":"El Diario - Decano de la prensa nacional","url":"https:\/\/www.eldiario.net\/portal\/","logo":{"@type":"ImageObject","inLanguage":"es","@id":"https:\/\/www.eldiario.net\/portal\/#\/schema\/logo\/image\/","url":"https:\/\/www.eldiario.net\/portal\/wp-content\/uploads\/2023\/07\/logo_ED.jpg","contentUrl":"https:\/\/www.eldiario.net\/portal\/wp-content\/uploads\/2023\/07\/logo_ED.jpg","width":272,"height":52,"caption":"El Diario - Decano de la prensa nacional"},"image":{"@id":"https:\/\/www.eldiario.net\/portal\/#\/schema\/logo\/image\/"},"sameAs":["https:\/\/www.facebook.com\/eldiario.bolivia\/","https:\/\/x.com\/eldiario_net"]},{"@type":"Person","@id":"https:\/\/www.eldiario.net\/portal\/#\/schema\/person\/2c57cf2b7a7ae032e449e4c9b1019eac","name":"Jeanette","image":{"@type":"ImageObject","inLanguage":"es","@id":"https:\/\/secure.gravatar.com\/avatar\/3ea2118a5f7dad2b7138b1187a6b7ee55f160b9968b66013c3a3ef39dd7e5798?s=96&d=mm&r=g","url":"https:\/\/secure.gravatar.com\/avatar\/3ea2118a5f7dad2b7138b1187a6b7ee55f160b9968b66013c3a3ef39dd7e5798?s=96&d=mm&r=g","contentUrl":"https:\/\/secure.gravatar.com\/avatar\/3ea2118a5f7dad2b7138b1187a6b7ee55f160b9968b66013c3a3ef39dd7e5798?s=96&d=mm&r=g","caption":"Jeanette"},"sameAs":["https:\/\/www.eldiario.net\/portal"],"url":"https:\/\/www.eldiario.net\/portal\/author\/jeanette\/"}]}},"_links":{"self":[{"href":"https:\/\/www.eldiario.net\/portal\/wp-json\/wp\/v2\/posts\/241980","targetHints":{"allow":["GET"]}}],"collection":[{"href":"https:\/\/www.eldiario.net\/portal\/wp-json\/wp\/v2\/posts"}],"about":[{"href":"https:\/\/www.eldiario.net\/portal\/wp-json\/wp\/v2\/types\/post"}],"author":[{"embeddable":true,"href":"https:\/\/www.eldiario.net\/portal\/wp-json\/wp\/v2\/users\/1"}],"replies":[{"embeddable":true,"href":"https:\/\/www.eldiario.net\/portal\/wp-json\/wp\/v2\/comments?post=241980"}],"version-history":[{"count":1,"href":"https:\/\/www.eldiario.net\/portal\/wp-json\/wp\/v2\/posts\/241980\/revisions"}],"predecessor-version":[{"id":241982,"href":"https:\/\/www.eldiario.net\/portal\/wp-json\/wp\/v2\/posts\/241980\/revisions\/241982"}],"wp:featuredmedia":[{"embeddable":true,"href":"https:\/\/www.eldiario.net\/portal\/wp-json\/wp\/v2\/media\/241981"}],"wp:attachment":[{"href":"https:\/\/www.eldiario.net\/portal\/wp-json\/wp\/v2\/media?parent=241980"}],"wp:term":[{"taxonomy":"category","embeddable":true,"href":"https:\/\/www.eldiario.net\/portal\/wp-json\/wp\/v2\/categories?post=241980"},{"taxonomy":"post_tag","embeddable":true,"href":"https:\/\/www.eldiario.net\/portal\/wp-json\/wp\/v2\/tags?post=241980"}],"curies":[{"name":"wp","href":"https:\/\/api.w.org\/{rel}","templated":true}]}}