{"id":241977,"date":"2024-08-20T06:33:17","date_gmt":"2024-08-20T10:33:17","guid":{"rendered":"https:\/\/www.eldiario.net\/portal\/?p=241977"},"modified":"2024-08-20T06:33:17","modified_gmt":"2024-08-20T10:33:17","slug":"bolivar-y-the-strongest-dan-un-duro-examen-en-la-libertadores","status":"publish","type":"post","link":"https:\/\/www.eldiario.net\/portal\/2024\/08\/20\/bolivar-y-the-strongest-dan-un-duro-examen-en-la-libertadores\/","title":{"rendered":"Bol\u00edvar y The Strongest dan un duro examen en la Libertadores"},"content":{"rendered":"<p>Bol\u00edvar y The Strongest finalizaron su participaci\u00f3n en la fecha 12 del torneo Clausura abriendo un portal de dudas con el rendimiento que mostraron y la incertidumbre se agiganta frente al desaf\u00edo de golear a Flamengo y Pe\u00f1arol este mi\u00e9rcoles y jueves, de manera respectiva, para acceder a los cuartos de final de la Copa Libertadores de Am\u00e9rica.<\/p>\n<div dir=\"auto\"><\/div>\n<div dir=\"auto\">La Academia igual\u00f3 con San Antonio, elenco que est\u00e1 de la mitad de la tabla para abajo, sin apertura en el marcador y esto caus\u00f3 preocupaci\u00f3n frente a su necesidad de vencer a Flamengo por m\u00e1s de dos goles de diferencia.<\/div>\n<div dir=\"auto\"><\/div>\n<div dir=\"auto\">La derrota en R\u00edo de Janeiro como el partido contra San Antonio en La Paz pudieron terminaron con un resultado m\u00e1s ingrato del cual est\u00e1n mascando los bolivaristas, porque su defensa volvi\u00f3 a mostrar huecos y flaquezas, que a la hora de enfrentar a un oponente con la punter\u00eda afinada terminar\u00e1n recibiendo una paliza.<\/div>\n<div dir=\"auto\"><\/div>\n<div dir=\"auto\">The Strongest tiene un reto may\u00fasculo, porque debe superar a Pe\u00f1arol por m\u00e1s de cuatro goles, tarea que de por s\u00ed se muestra inalcanzable, viendo la falta de alma que mostr\u00f3 el elenco en Montevideo y repiti\u00f3 esa actitud en Tarija, donde el fin de semana perdi\u00f3 frente a Real Tomayapo (0-2), un equipo discreto y que est\u00e1 jugando sus primeros a\u00f1os en el profesionalismo.<\/div>\n<div dir=\"auto\"><\/div>\n<div dir=\"auto\">El Tigre jug\u00f3 este par de partidos sin el espa\u00f1ol Ismael Rescalvo en la direcci\u00f3n t\u00e9cnica, debido a que se ausent\u00f3 fuera del pa\u00eds para atender un tema familiar, dejando al elenco en manos de su gemelo, Juan Rescalvo, con los resultados conocidos. Ismael regres\u00f3 a La Paz este lunes, con el optimismo de revertir este marcador, pero los hechos colocan una barrera alta.<\/div>\n<div dir=\"auto\"><\/div>\n<div dir=\"auto\">Curiosamente, en caso de que ambos elencos crucen esta fase se enfrentar\u00e1n en los cuartos de final, un sue\u00f1o que se coloc\u00f3 lejos del alcance de estos clubes. Esta semana juegan los cotejos con el prop\u00f3sito de hacer respetar su condici\u00f3n de local y terminar con dignidad su participaci\u00f3n internacional.<\/div>\n","protected":false},"excerpt":{"rendered":"<p>Bol\u00edvar y The Strongest finalizaron su participaci\u00f3n en la fecha 12 del torneo Clausura abriendo un portal de dudas con el rendimiento que mostraron y la incertidumbre se agiganta frente al desaf\u00edo de golear a Flamengo y Pe\u00f1arol este mi\u00e9rcoles y jueves, de manera respectiva, para acceder a los cuartos de final de la Copa [&hellip;]<\/p>\n","protected":false},"author":1,"featured_media":241978,"comment_status":"open","ping_status":"open","sticky":false,"template":"","format":"standard","meta":{"_acf_changed":false,"footnotes":""},"categories":[6],"tags":[],"class_list":["post-241977","post","type-post","status-publish","format-standard","has-post-thumbnail","category-deportes"],"acf":{"antetitulo":""},"yoast_head":"<!-- This site is optimized with the Yoast SEO plugin v28.4 - https:\/\/yoast.com\/product\/yoast-seo-wordpress\/ -->\n<title>Bol\u00edvar y The Strongest dan un duro examen en la Libertadores - El Diario - Bolivia<\/title>\n<meta name=\"robots\" content=\"index, follow, max-snippet:-1, max-image-preview:large, max-video-preview:-1\" \/>\n<link rel=\"canonical\" href=\"https:\/\/www.eldiario.net\/portal\/2024\/08\/20\/bolivar-y-the-strongest-dan-un-duro-examen-en-la-libertadores\/\" \/>\n<meta property=\"og:locale\" content=\"es_ES\" \/>\n<meta property=\"og:type\" content=\"article\" \/>\n<meta property=\"og:title\" content=\"Bol\u00edvar y The Strongest dan un duro examen en la Libertadores - El Diario - Bolivia\" \/>\n<meta property=\"og:description\" content=\"Bol\u00edvar y The Strongest finalizaron su participaci\u00f3n en la fecha 12 del torneo Clausura abriendo un portal de dudas con el rendimiento que mostraron y la incertidumbre se agiganta frente al desaf\u00edo de golear a Flamengo y Pe\u00f1arol este mi\u00e9rcoles y jueves, de manera respectiva, para acceder a los cuartos de final de la Copa [&hellip;]\" \/>\n<meta property=\"og:url\" content=\"https:\/\/www.eldiario.net\/portal\/2024\/08\/20\/bolivar-y-the-strongest-dan-un-duro-examen-en-la-libertadores\/\" \/>\n<meta property=\"og:site_name\" content=\"El Diario - Bolivia\" \/>\n<meta property=\"article:publisher\" content=\"https:\/\/www.facebook.com\/eldiario.bolivia\/\" \/>\n<meta property=\"article:published_time\" content=\"2024-08-20T10:33:17+00:00\" \/>\n<meta property=\"og:image\" content=\"https:\/\/www.eldiario.net\/portal\/wp-content\/uploads\/2024\/08\/IMG-20240819-WA0036-scaled.jpg\" \/>\n\t<meta property=\"og:image:width\" content=\"2560\" \/>\n\t<meta property=\"og:image:height\" content=\"1707\" \/>\n\t<meta property=\"og:image:type\" content=\"image\/jpeg\" \/>\n<meta name=\"author\" content=\"Jeanette\" \/>\n<meta name=\"twitter:card\" content=\"summary_large_image\" \/>\n<meta name=\"twitter:creator\" content=\"@eldiario_net\" \/>\n<meta name=\"twitter:site\" content=\"@eldiario_net\" \/>\n<meta name=\"twitter:label1\" content=\"Escrito por\" \/>\n\t<meta name=\"twitter:data1\" content=\"Jeanette\" \/>\n\t<meta name=\"twitter:label2\" content=\"Tiempo de lectura\" \/>\n\t<meta name=\"twitter:data2\" content=\"2 minutos\" \/>\n<script type=\"application\/ld+json\" class=\"yoast-schema-graph\">{\"@context\":\"https:\\\/\\\/schema.org\",\"@graph\":[{\"@type\":\"Article\",\"@id\":\"https:\\\/\\\/www.eldiario.net\\\/portal\\\/2024\\\/08\\\/20\\\/bolivar-y-the-strongest-dan-un-duro-examen-en-la-libertadores\\\/#article\",\"isPartOf\":{\"@id\":\"https:\\\/\\\/www.eldiario.net\\\/portal\\\/2024\\\/08\\\/20\\\/bolivar-y-the-strongest-dan-un-duro-examen-en-la-libertadores\\\/\"},\"author\":{\"name\":\"Jeanette\",\"@id\":\"https:\\\/\\\/www.eldiario.net\\\/portal\\\/#\\\/schema\\\/person\\\/2c57cf2b7a7ae032e449e4c9b1019eac\"},\"headline\":\"Bol\u00edvar y The Strongest dan un duro examen en la Libertadores\",\"datePublished\":\"2024-08-20T10:33:17+00:00\",\"mainEntityOfPage\":{\"@id\":\"https:\\\/\\\/www.eldiario.net\\\/portal\\\/2024\\\/08\\\/20\\\/bolivar-y-the-strongest-dan-un-duro-examen-en-la-libertadores\\\/\"},\"wordCount\":369,\"commentCount\":0,\"publisher\":{\"@id\":\"https:\\\/\\\/www.eldiario.net\\\/portal\\\/#organization\"},\"image\":{\"@id\":\"https:\\\/\\\/www.eldiario.net\\\/portal\\\/2024\\\/08\\\/20\\\/bolivar-y-the-strongest-dan-un-duro-examen-en-la-libertadores\\\/#primaryimage\"},\"thumbnailUrl\":\"https:\\\/\\\/www.eldiario.net\\\/portal\\\/wp-content\\\/uploads\\\/2024\\\/08\\\/IMG-20240819-WA0036-scaled.jpg\",\"articleSection\":[\"Deportes\"],\"inLanguage\":\"es\",\"potentialAction\":[{\"@type\":\"CommentAction\",\"name\":\"Comment\",\"target\":[\"https:\\\/\\\/www.eldiario.net\\\/portal\\\/2024\\\/08\\\/20\\\/bolivar-y-the-strongest-dan-un-duro-examen-en-la-libertadores\\\/#respond\"]}]},{\"@type\":\"WebPage\",\"@id\":\"https:\\\/\\\/www.eldiario.net\\\/portal\\\/2024\\\/08\\\/20\\\/bolivar-y-the-strongest-dan-un-duro-examen-en-la-libertadores\\\/\",\"url\":\"https:\\\/\\\/www.eldiario.net\\\/portal\\\/2024\\\/08\\\/20\\\/bolivar-y-the-strongest-dan-un-duro-examen-en-la-libertadores\\\/\",\"name\":\"Bol\u00edvar y The Strongest dan un duro examen en la Libertadores - El Diario - Bolivia\",\"isPartOf\":{\"@id\":\"https:\\\/\\\/www.eldiario.net\\\/portal\\\/#website\"},\"primaryImageOfPage\":{\"@id\":\"https:\\\/\\\/www.eldiario.net\\\/portal\\\/2024\\\/08\\\/20\\\/bolivar-y-the-strongest-dan-un-duro-examen-en-la-libertadores\\\/#primaryimage\"},\"image\":{\"@id\":\"https:\\\/\\\/www.eldiario.net\\\/portal\\\/2024\\\/08\\\/20\\\/bolivar-y-the-strongest-dan-un-duro-examen-en-la-libertadores\\\/#primaryimage\"},\"thumbnailUrl\":\"https:\\\/\\\/www.eldiario.net\\\/portal\\\/wp-content\\\/uploads\\\/2024\\\/08\\\/IMG-20240819-WA0036-scaled.jpg\",\"datePublished\":\"2024-08-20T10:33:17+00:00\",\"breadcrumb\":{\"@id\":\"https:\\\/\\\/www.eldiario.net\\\/portal\\\/2024\\\/08\\\/20\\\/bolivar-y-the-strongest-dan-un-duro-examen-en-la-libertadores\\\/#breadcrumb\"},\"inLanguage\":\"es\",\"potentialAction\":[{\"@type\":\"ReadAction\",\"target\":[\"https:\\\/\\\/www.eldiario.net\\\/portal\\\/2024\\\/08\\\/20\\\/bolivar-y-the-strongest-dan-un-duro-examen-en-la-libertadores\\\/\"]}]},{\"@type\":\"ImageObject\",\"inLanguage\":\"es\",\"@id\":\"https:\\\/\\\/www.eldiario.net\\\/portal\\\/2024\\\/08\\\/20\\\/bolivar-y-the-strongest-dan-un-duro-examen-en-la-libertadores\\\/#primaryimage\",\"url\":\"https:\\\/\\\/www.eldiario.net\\\/portal\\\/wp-content\\\/uploads\\\/2024\\\/08\\\/IMG-20240819-WA0036-scaled.jpg\",\"contentUrl\":\"https:\\\/\\\/www.eldiario.net\\\/portal\\\/wp-content\\\/uploads\\\/2024\\\/08\\\/IMG-20240819-WA0036-scaled.jpg\",\"width\":2560,\"height\":1707},{\"@type\":\"BreadcrumbList\",\"@id\":\"https:\\\/\\\/www.eldiario.net\\\/portal\\\/2024\\\/08\\\/20\\\/bolivar-y-the-strongest-dan-un-duro-examen-en-la-libertadores\\\/#breadcrumb\",\"itemListElement\":[{\"@type\":\"ListItem\",\"position\":1,\"name\":\"Portada\",\"item\":\"https:\\\/\\\/www.eldiario.net\\\/portal\\\/\"},{\"@type\":\"ListItem\",\"position\":2,\"name\":\"Bol\u00edvar y The Strongest dan un duro examen en la Libertadores\"}]},{\"@type\":\"WebSite\",\"@id\":\"https:\\\/\\\/www.eldiario.net\\\/portal\\\/#website\",\"url\":\"https:\\\/\\\/www.eldiario.net\\\/portal\\\/\",\"name\":\"El Diario - Decano de la prensa nacional\",\"description\":\"El Diario - Decano de la prensa nacional\",\"publisher\":{\"@id\":\"https:\\\/\\\/www.eldiario.net\\\/portal\\\/#organization\"},\"potentialAction\":[{\"@type\":\"SearchAction\",\"target\":{\"@type\":\"EntryPoint\",\"urlTemplate\":\"https:\\\/\\\/www.eldiario.net\\\/portal\\\/?s={search_term_string}\"},\"query-input\":{\"@type\":\"PropertyValueSpecification\",\"valueRequired\":true,\"valueName\":\"search_term_string\"}}],\"inLanguage\":\"es\"},{\"@type\":\"Organization\",\"@id\":\"https:\\\/\\\/www.eldiario.net\\\/portal\\\/#organization\",\"name\":\"El Diario - Decano de la prensa nacional\",\"url\":\"https:\\\/\\\/www.eldiario.net\\\/portal\\\/\",\"logo\":{\"@type\":\"ImageObject\",\"inLanguage\":\"es\",\"@id\":\"https:\\\/\\\/www.eldiario.net\\\/portal\\\/#\\\/schema\\\/logo\\\/image\\\/\",\"url\":\"https:\\\/\\\/www.eldiario.net\\\/portal\\\/wp-content\\\/uploads\\\/2023\\\/07\\\/logo_ED.jpg\",\"contentUrl\":\"https:\\\/\\\/www.eldiario.net\\\/portal\\\/wp-content\\\/uploads\\\/2023\\\/07\\\/logo_ED.jpg\",\"width\":272,\"height\":52,\"caption\":\"El Diario - Decano de la prensa nacional\"},\"image\":{\"@id\":\"https:\\\/\\\/www.eldiario.net\\\/portal\\\/#\\\/schema\\\/logo\\\/image\\\/\"},\"sameAs\":[\"https:\\\/\\\/www.facebook.com\\\/eldiario.bolivia\\\/\",\"https:\\\/\\\/x.com\\\/eldiario_net\"]},{\"@type\":\"Person\",\"@id\":\"https:\\\/\\\/www.eldiario.net\\\/portal\\\/#\\\/schema\\\/person\\\/2c57cf2b7a7ae032e449e4c9b1019eac\",\"name\":\"Jeanette\",\"image\":{\"@type\":\"ImageObject\",\"inLanguage\":\"es\",\"@id\":\"https:\\\/\\\/secure.gravatar.com\\\/avatar\\\/3ea2118a5f7dad2b7138b1187a6b7ee55f160b9968b66013c3a3ef39dd7e5798?s=96&d=mm&r=g\",\"url\":\"https:\\\/\\\/secure.gravatar.com\\\/avatar\\\/3ea2118a5f7dad2b7138b1187a6b7ee55f160b9968b66013c3a3ef39dd7e5798?s=96&d=mm&r=g\",\"contentUrl\":\"https:\\\/\\\/secure.gravatar.com\\\/avatar\\\/3ea2118a5f7dad2b7138b1187a6b7ee55f160b9968b66013c3a3ef39dd7e5798?s=96&d=mm&r=g\",\"caption\":\"Jeanette\"},\"sameAs\":[\"https:\\\/\\\/www.eldiario.net\\\/portal\"],\"url\":\"https:\\\/\\\/www.eldiario.net\\\/portal\\\/author\\\/jeanette\\\/\"}]}<\/script>\n<!-- \/ Yoast SEO plugin. -->","yoast_head_json":{"title":"Bol\u00edvar y The Strongest dan un duro examen en la Libertadores - El Diario - Bolivia","robots":{"index":"index","follow":"follow","max-snippet":"max-snippet:-1","max-image-preview":"max-image-preview:large","max-video-preview":"max-video-preview:-1"},"canonical":"https:\/\/www.eldiario.net\/portal\/2024\/08\/20\/bolivar-y-the-strongest-dan-un-duro-examen-en-la-libertadores\/","og_locale":"es_ES","og_type":"article","og_title":"Bol\u00edvar y The Strongest dan un duro examen en la Libertadores - El Diario - Bolivia","og_description":"Bol\u00edvar y The Strongest finalizaron su participaci\u00f3n en la fecha 12 del torneo Clausura abriendo un portal de dudas con el rendimiento que mostraron y la incertidumbre se agiganta frente al desaf\u00edo de golear a Flamengo y Pe\u00f1arol este mi\u00e9rcoles y jueves, de manera respectiva, para acceder a los cuartos de final de la Copa [&hellip;]","og_url":"https:\/\/www.eldiario.net\/portal\/2024\/08\/20\/bolivar-y-the-strongest-dan-un-duro-examen-en-la-libertadores\/","og_site_name":"El Diario - Bolivia","article_publisher":"https:\/\/www.facebook.com\/eldiario.bolivia\/","article_published_time":"2024-08-20T10:33:17+00:00","og_image":[{"width":2560,"height":1707,"url":"https:\/\/www.eldiario.net\/portal\/wp-content\/uploads\/2024\/08\/IMG-20240819-WA0036-scaled.jpg","type":"image\/jpeg"}],"author":"Jeanette","twitter_card":"summary_large_image","twitter_creator":"@eldiario_net","twitter_site":"@eldiario_net","twitter_misc":{"Escrito por":"Jeanette","Tiempo de lectura":"2 minutos"},"schema":{"@context":"https:\/\/schema.org","@graph":[{"@type":"Article","@id":"https:\/\/www.eldiario.net\/portal\/2024\/08\/20\/bolivar-y-the-strongest-dan-un-duro-examen-en-la-libertadores\/#article","isPartOf":{"@id":"https:\/\/www.eldiario.net\/portal\/2024\/08\/20\/bolivar-y-the-strongest-dan-un-duro-examen-en-la-libertadores\/"},"author":{"name":"Jeanette","@id":"https:\/\/www.eldiario.net\/portal\/#\/schema\/person\/2c57cf2b7a7ae032e449e4c9b1019eac"},"headline":"Bol\u00edvar y The Strongest dan un duro examen en la Libertadores","datePublished":"2024-08-20T10:33:17+00:00","mainEntityOfPage":{"@id":"https:\/\/www.eldiario.net\/portal\/2024\/08\/20\/bolivar-y-the-strongest-dan-un-duro-examen-en-la-libertadores\/"},"wordCount":369,"commentCount":0,"publisher":{"@id":"https:\/\/www.eldiario.net\/portal\/#organization"},"image":{"@id":"https:\/\/www.eldiario.net\/portal\/2024\/08\/20\/bolivar-y-the-strongest-dan-un-duro-examen-en-la-libertadores\/#primaryimage"},"thumbnailUrl":"https:\/\/www.eldiario.net\/portal\/wp-content\/uploads\/2024\/08\/IMG-20240819-WA0036-scaled.jpg","articleSection":["Deportes"],"inLanguage":"es","potentialAction":[{"@type":"CommentAction","name":"Comment","target":["https:\/\/www.eldiario.net\/portal\/2024\/08\/20\/bolivar-y-the-strongest-dan-un-duro-examen-en-la-libertadores\/#respond"]}]},{"@type":"WebPage","@id":"https:\/\/www.eldiario.net\/portal\/2024\/08\/20\/bolivar-y-the-strongest-dan-un-duro-examen-en-la-libertadores\/","url":"https:\/\/www.eldiario.net\/portal\/2024\/08\/20\/bolivar-y-the-strongest-dan-un-duro-examen-en-la-libertadores\/","name":"Bol\u00edvar y The Strongest dan un duro examen en la Libertadores - El Diario - Bolivia","isPartOf":{"@id":"https:\/\/www.eldiario.net\/portal\/#website"},"primaryImageOfPage":{"@id":"https:\/\/www.eldiario.net\/portal\/2024\/08\/20\/bolivar-y-the-strongest-dan-un-duro-examen-en-la-libertadores\/#primaryimage"},"image":{"@id":"https:\/\/www.eldiario.net\/portal\/2024\/08\/20\/bolivar-y-the-strongest-dan-un-duro-examen-en-la-libertadores\/#primaryimage"},"thumbnailUrl":"https:\/\/www.eldiario.net\/portal\/wp-content\/uploads\/2024\/08\/IMG-20240819-WA0036-scaled.jpg","datePublished":"2024-08-20T10:33:17+00:00","breadcrumb":{"@id":"https:\/\/www.eldiario.net\/portal\/2024\/08\/20\/bolivar-y-the-strongest-dan-un-duro-examen-en-la-libertadores\/#breadcrumb"},"inLanguage":"es","potentialAction":[{"@type":"ReadAction","target":["https:\/\/www.eldiario.net\/portal\/2024\/08\/20\/bolivar-y-the-strongest-dan-un-duro-examen-en-la-libertadores\/"]}]},{"@type":"ImageObject","inLanguage":"es","@id":"https:\/\/www.eldiario.net\/portal\/2024\/08\/20\/bolivar-y-the-strongest-dan-un-duro-examen-en-la-libertadores\/#primaryimage","url":"https:\/\/www.eldiario.net\/portal\/wp-content\/uploads\/2024\/08\/IMG-20240819-WA0036-scaled.jpg","contentUrl":"https:\/\/www.eldiario.net\/portal\/wp-content\/uploads\/2024\/08\/IMG-20240819-WA0036-scaled.jpg","width":2560,"height":1707},{"@type":"BreadcrumbList","@id":"https:\/\/www.eldiario.net\/portal\/2024\/08\/20\/bolivar-y-the-strongest-dan-un-duro-examen-en-la-libertadores\/#breadcrumb","itemListElement":[{"@type":"ListItem","position":1,"name":"Portada","item":"https:\/\/www.eldiario.net\/portal\/"},{"@type":"ListItem","position":2,"name":"Bol\u00edvar y The Strongest dan un duro examen en la Libertadores"}]},{"@type":"WebSite","@id":"https:\/\/www.eldiario.net\/portal\/#website","url":"https:\/\/www.eldiario.net\/portal\/","name":"El Diario - Decano de la prensa nacional","description":"El Diario - Decano de la prensa nacional","publisher":{"@id":"https:\/\/www.eldiario.net\/portal\/#organization"},"potentialAction":[{"@type":"SearchAction","target":{"@type":"EntryPoint","urlTemplate":"https:\/\/www.eldiario.net\/portal\/?s={search_term_string}"},"query-input":{"@type":"PropertyValueSpecification","valueRequired":true,"valueName":"search_term_string"}}],"inLanguage":"es"},{"@type":"Organization","@id":"https:\/\/www.eldiario.net\/portal\/#organization","name":"El Diario - Decano de la prensa nacional","url":"https:\/\/www.eldiario.net\/portal\/","logo":{"@type":"ImageObject","inLanguage":"es","@id":"https:\/\/www.eldiario.net\/portal\/#\/schema\/logo\/image\/","url":"https:\/\/www.eldiario.net\/portal\/wp-content\/uploads\/2023\/07\/logo_ED.jpg","contentUrl":"https:\/\/www.eldiario.net\/portal\/wp-content\/uploads\/2023\/07\/logo_ED.jpg","width":272,"height":52,"caption":"El Diario - Decano de la prensa nacional"},"image":{"@id":"https:\/\/www.eldiario.net\/portal\/#\/schema\/logo\/image\/"},"sameAs":["https:\/\/www.facebook.com\/eldiario.bolivia\/","https:\/\/x.com\/eldiario_net"]},{"@type":"Person","@id":"https:\/\/www.eldiario.net\/portal\/#\/schema\/person\/2c57cf2b7a7ae032e449e4c9b1019eac","name":"Jeanette","image":{"@type":"ImageObject","inLanguage":"es","@id":"https:\/\/secure.gravatar.com\/avatar\/3ea2118a5f7dad2b7138b1187a6b7ee55f160b9968b66013c3a3ef39dd7e5798?s=96&d=mm&r=g","url":"https:\/\/secure.gravatar.com\/avatar\/3ea2118a5f7dad2b7138b1187a6b7ee55f160b9968b66013c3a3ef39dd7e5798?s=96&d=mm&r=g","contentUrl":"https:\/\/secure.gravatar.com\/avatar\/3ea2118a5f7dad2b7138b1187a6b7ee55f160b9968b66013c3a3ef39dd7e5798?s=96&d=mm&r=g","caption":"Jeanette"},"sameAs":["https:\/\/www.eldiario.net\/portal"],"url":"https:\/\/www.eldiario.net\/portal\/author\/jeanette\/"}]}},"_links":{"self":[{"href":"https:\/\/www.eldiario.net\/portal\/wp-json\/wp\/v2\/posts\/241977","targetHints":{"allow":["GET"]}}],"collection":[{"href":"https:\/\/www.eldiario.net\/portal\/wp-json\/wp\/v2\/posts"}],"about":[{"href":"https:\/\/www.eldiario.net\/portal\/wp-json\/wp\/v2\/types\/post"}],"author":[{"embeddable":true,"href":"https:\/\/www.eldiario.net\/portal\/wp-json\/wp\/v2\/users\/1"}],"replies":[{"embeddable":true,"href":"https:\/\/www.eldiario.net\/portal\/wp-json\/wp\/v2\/comments?post=241977"}],"version-history":[{"count":1,"href":"https:\/\/www.eldiario.net\/portal\/wp-json\/wp\/v2\/posts\/241977\/revisions"}],"predecessor-version":[{"id":241979,"href":"https:\/\/www.eldiario.net\/portal\/wp-json\/wp\/v2\/posts\/241977\/revisions\/241979"}],"wp:featuredmedia":[{"embeddable":true,"href":"https:\/\/www.eldiario.net\/portal\/wp-json\/wp\/v2\/media\/241978"}],"wp:attachment":[{"href":"https:\/\/www.eldiario.net\/portal\/wp-json\/wp\/v2\/media?parent=241977"}],"wp:term":[{"taxonomy":"category","embeddable":true,"href":"https:\/\/www.eldiario.net\/portal\/wp-json\/wp\/v2\/categories?post=241977"},{"taxonomy":"post_tag","embeddable":true,"href":"https:\/\/www.eldiario.net\/portal\/wp-json\/wp\/v2\/tags?post=241977"}],"curies":[{"name":"wp","href":"https:\/\/api.w.org\/{rel}","templated":true}]}}