{"id":241974,"date":"2024-08-20T06:32:12","date_gmt":"2024-08-20T10:32:12","guid":{"rendered":"https:\/\/www.eldiario.net\/portal\/?p=241974"},"modified":"2024-08-20T06:32:12","modified_gmt":"2024-08-20T10:32:12","slug":"retorno-ismael-rescalvo-y-tiene-esperanzas-de-revertir-el-resultado-adverso-ante-penarol","status":"publish","type":"post","link":"https:\/\/www.eldiario.net\/portal\/2024\/08\/20\/retorno-ismael-rescalvo-y-tiene-esperanzas-de-revertir-el-resultado-adverso-ante-penarol\/","title":{"rendered":"Retorn\u00f3 Ismael Rescalvo y tiene esperanzas  de revertir el resultado adverso ante Pe\u00f1arol"},"content":{"rendered":"<p>El director t\u00e9cnico de The Strongest, Ismael Rescalvo lleg\u00f3 en la madrugada de este lunes a La Paz y exterioriz\u00f3 su esperanza de que se pueda revertir el 4-0 ante Pe\u00f1arol este mi\u00e9rcoles en La Paz y lograr pasar a la fase de octavos de final de la Copa CONMEBOL Libertadores.<\/p>\n<p>\u201cVenimos con la intenci\u00f3n de prepararnos para el partido frente con Pe\u00f1arol y estamos convencidos porque tenemos un buen grupo de jugadores que puede revertir el resultado de Uruguay y dar la vuelta la eliminatoria\u201d, dijo.<\/p>\n<p>El t\u00e9cnico espa\u00f1ol se ausent\u00f3 del pa\u00eds por nueve d\u00edas para estar junto a su esposa en el nacimiento de su hijo en Estados Unidos. En este tiempo, The Strongest cay\u00f3 en Uruguay\u00a0 frente a Pe\u00f1arol y tuvo contrastes en el torneo Clausura. El cuadro estuvo encomendado a su hermano gemelo Juan, quien es ayudante t\u00e9cnico en el Tigre.<\/p>\n<p>\u201cGracias a Dios pudimos tener a nuestro beb\u00e9 estoy muy contento, ha sido largo y pesado, pero estamos muy felices en la familia\u201d, remarc\u00f3 en rueda de prensa improvisada en el aeropuerto de El Alto.<\/p>\n<p>El equipo aurinegro no dej\u00f3 de trabajar y el DT espa\u00f1ol est\u00e1 convencido que para el partido del mi\u00e9rcoles, frente a Pe\u00f1arol, lo primero que deben buscar es la senda del gol para conseguir acortar la diferencia y clasificar con cinco tantos convertidos \u00a0o forzar a los penales, en caso que se logre cuatro.<\/p>\n<p>\u201cEst\u00e1 dif\u00edcil, pero lo primero para empezar a dar la vuelta la eliminatoria es estar convencidos y con la ambici\u00f3n de salir a buscar el partido perfecto, de hacerlo sufrir y arrollar al rival\u201d, sentenci\u00f3 Rescalvo.<\/p>\n<p>&nbsp;<\/p>\n<p>PE\u00d1AROL<\/p>\n<p>El Portal Montevideo public\u00f3 que el plantel de Pe\u00f1arol que enfrentar\u00e1 a The Strongest el mi\u00e9rcoles desde las 19:00 en el estadio Hernando Siles \u201centren\u00f3 por primera vez en la altura\u201d.<\/p>\n<p>\u201cLa delegaci\u00f3n carbonera lleg\u00f3 a Bolivia el domingo por la tarde, con el objetivo de preparar el choque desde el lugar de los hechos con varios d\u00edas de anticipaci\u00f3n, teniendo en cuenta que este se jugar\u00e1 a 3.581 metros sobre el nivel del mar\u201d, dice el encabezado.<\/p>\n<p>El elenco efect\u00faa su labor de preparaci\u00f3n en el Centro de Alto Rendimiento Guido Loayza Mariaca de Ananta y existe buen estado de \u00e1nimo entre los jugadores.<\/p>\n<p>En la lista de convocados aparecen: los arqueros Washington Aguerre, Guillermo de Amores y Kevin Morgan; los defensores Javier M\u00e9ndez, Guzm\u00e1n Rodr\u00edguez, Leonardo Coelho, Mart\u00edn Gianoli, Pedro Milans, Camilo Mayada, Maximiliano Olivera, Lucas Hern\u00e1ndez y Diego Sosa; los volantes Dami\u00e1n Garc\u00eda, Tom\u00e1s Olase, Gast\u00f3n Ram\u00edrez, Leonardo Fern\u00e1ndez, Adri\u00e1n Fern\u00e1ndez, Eduardo Darias y Javier Cabrera; y los atacantes Jaime B\u00e1ez, Leonardo Sequeira, Nahuel Acosta, Maximiliano Silvera, Facundo Batista y Felipe Avenatti.<\/p>\n<p>El volante central Ignacio Sosa, que contin\u00faa recuper\u00e1ndose de su desgarro, no fue convocado. Tampoco integran la citaci\u00f3n el brasile\u00f1o Matheus Babi ni Nicol\u00e1s Rossi (quien retorn\u00f3 semanas atr\u00e1s de su pr\u00e9stamo en Danubio), as\u00ed como tampoco el joven Nahuel Herrera.<\/p>\n<p>Diego Aguirre perfila un equipo titular pr\u00e1cticamente id\u00e9ntico al que jug\u00f3 en la ida, con la posibilidad de que ingrese Maximiliano Olivera y, de esta manera, se forme una l\u00ednea de cinco defensas. El probable aurinegro es con Washington Aguerre; Pedro Milans, Guzm\u00e1n Rodr\u00edguez, Javier M\u00e9ndez, Maximiliano Olivera y Lucas Hern\u00e1ndez; Dami\u00e1n Garc\u00eda y Eduardo Darias; Leonardo Fern\u00e1ndez; Jaime B\u00e1ez y Maximiliano Silvera, seg\u00fan informaci\u00f3n del mismo portal.<\/p>\n<p>(GS)<\/p>\n","protected":false},"excerpt":{"rendered":"<p>El director t\u00e9cnico de The Strongest, Ismael Rescalvo lleg\u00f3 en la madrugada de este lunes a La Paz y exterioriz\u00f3 su esperanza de que se pueda revertir el 4-0 ante Pe\u00f1arol este mi\u00e9rcoles en La Paz y lograr pasar a la fase de octavos de final de la Copa CONMEBOL Libertadores. \u201cVenimos con la intenci\u00f3n [&hellip;]<\/p>\n","protected":false},"author":1,"featured_media":241975,"comment_status":"open","ping_status":"open","sticky":false,"template":"","format":"standard","meta":{"_acf_changed":false,"footnotes":""},"categories":[6],"tags":[],"class_list":["post-241974","post","type-post","status-publish","format-standard","has-post-thumbnail","category-deportes"],"acf":{"antetitulo":""},"yoast_head":"<!-- This site is optimized with the Yoast SEO plugin v28.4 - https:\/\/yoast.com\/product\/yoast-seo-wordpress\/ -->\n<title>Retorn\u00f3 Ismael Rescalvo y tiene esperanzas de revertir el resultado adverso ante Pe\u00f1arol - El Diario - Bolivia<\/title>\n<meta name=\"robots\" content=\"index, follow, max-snippet:-1, max-image-preview:large, max-video-preview:-1\" \/>\n<link rel=\"canonical\" href=\"https:\/\/www.eldiario.net\/portal\/2024\/08\/20\/retorno-ismael-rescalvo-y-tiene-esperanzas-de-revertir-el-resultado-adverso-ante-penarol\/\" \/>\n<meta property=\"og:locale\" content=\"es_ES\" \/>\n<meta property=\"og:type\" content=\"article\" \/>\n<meta property=\"og:title\" content=\"Retorn\u00f3 Ismael Rescalvo y tiene esperanzas de revertir el resultado adverso ante Pe\u00f1arol - El Diario - Bolivia\" \/>\n<meta property=\"og:description\" content=\"El director t\u00e9cnico de The Strongest, Ismael Rescalvo lleg\u00f3 en la madrugada de este lunes a La Paz y exterioriz\u00f3 su esperanza de que se pueda revertir el 4-0 ante Pe\u00f1arol este mi\u00e9rcoles en La Paz y lograr pasar a la fase de octavos de final de la Copa CONMEBOL Libertadores. \u201cVenimos con la intenci\u00f3n [&hellip;]\" \/>\n<meta property=\"og:url\" content=\"https:\/\/www.eldiario.net\/portal\/2024\/08\/20\/retorno-ismael-rescalvo-y-tiene-esperanzas-de-revertir-el-resultado-adverso-ante-penarol\/\" \/>\n<meta property=\"og:site_name\" content=\"El Diario - Bolivia\" \/>\n<meta property=\"article:publisher\" content=\"https:\/\/www.facebook.com\/eldiario.bolivia\/\" \/>\n<meta property=\"article:published_time\" content=\"2024-08-20T10:32:12+00:00\" \/>\n<meta property=\"og:image\" content=\"https:\/\/www.eldiario.net\/portal\/wp-content\/uploads\/2024\/08\/The-Strongest-19.jpg\" \/>\n\t<meta property=\"og:image:width\" content=\"720\" \/>\n\t<meta property=\"og:image:height\" content=\"645\" \/>\n\t<meta property=\"og:image:type\" content=\"image\/jpeg\" \/>\n<meta name=\"author\" content=\"Jeanette\" \/>\n<meta name=\"twitter:card\" content=\"summary_large_image\" \/>\n<meta name=\"twitter:creator\" content=\"@eldiario_net\" \/>\n<meta name=\"twitter:site\" content=\"@eldiario_net\" \/>\n<meta name=\"twitter:label1\" content=\"Escrito por\" \/>\n\t<meta name=\"twitter:data1\" content=\"Jeanette\" \/>\n\t<meta name=\"twitter:label2\" content=\"Tiempo de lectura\" \/>\n\t<meta name=\"twitter:data2\" content=\"3 minutos\" \/>\n<script type=\"application\/ld+json\" class=\"yoast-schema-graph\">{\"@context\":\"https:\\\/\\\/schema.org\",\"@graph\":[{\"@type\":\"Article\",\"@id\":\"https:\\\/\\\/www.eldiario.net\\\/portal\\\/2024\\\/08\\\/20\\\/retorno-ismael-rescalvo-y-tiene-esperanzas-de-revertir-el-resultado-adverso-ante-penarol\\\/#article\",\"isPartOf\":{\"@id\":\"https:\\\/\\\/www.eldiario.net\\\/portal\\\/2024\\\/08\\\/20\\\/retorno-ismael-rescalvo-y-tiene-esperanzas-de-revertir-el-resultado-adverso-ante-penarol\\\/\"},\"author\":{\"name\":\"Jeanette\",\"@id\":\"https:\\\/\\\/www.eldiario.net\\\/portal\\\/#\\\/schema\\\/person\\\/2c57cf2b7a7ae032e449e4c9b1019eac\"},\"headline\":\"Retorn\u00f3 Ismael Rescalvo y tiene esperanzas de revertir el resultado adverso ante Pe\u00f1arol\",\"datePublished\":\"2024-08-20T10:32:12+00:00\",\"mainEntityOfPage\":{\"@id\":\"https:\\\/\\\/www.eldiario.net\\\/portal\\\/2024\\\/08\\\/20\\\/retorno-ismael-rescalvo-y-tiene-esperanzas-de-revertir-el-resultado-adverso-ante-penarol\\\/\"},\"wordCount\":628,\"commentCount\":0,\"publisher\":{\"@id\":\"https:\\\/\\\/www.eldiario.net\\\/portal\\\/#organization\"},\"image\":{\"@id\":\"https:\\\/\\\/www.eldiario.net\\\/portal\\\/2024\\\/08\\\/20\\\/retorno-ismael-rescalvo-y-tiene-esperanzas-de-revertir-el-resultado-adverso-ante-penarol\\\/#primaryimage\"},\"thumbnailUrl\":\"https:\\\/\\\/www.eldiario.net\\\/portal\\\/wp-content\\\/uploads\\\/2024\\\/08\\\/The-Strongest-19.jpg\",\"articleSection\":[\"Deportes\"],\"inLanguage\":\"es\",\"potentialAction\":[{\"@type\":\"CommentAction\",\"name\":\"Comment\",\"target\":[\"https:\\\/\\\/www.eldiario.net\\\/portal\\\/2024\\\/08\\\/20\\\/retorno-ismael-rescalvo-y-tiene-esperanzas-de-revertir-el-resultado-adverso-ante-penarol\\\/#respond\"]}]},{\"@type\":\"WebPage\",\"@id\":\"https:\\\/\\\/www.eldiario.net\\\/portal\\\/2024\\\/08\\\/20\\\/retorno-ismael-rescalvo-y-tiene-esperanzas-de-revertir-el-resultado-adverso-ante-penarol\\\/\",\"url\":\"https:\\\/\\\/www.eldiario.net\\\/portal\\\/2024\\\/08\\\/20\\\/retorno-ismael-rescalvo-y-tiene-esperanzas-de-revertir-el-resultado-adverso-ante-penarol\\\/\",\"name\":\"Retorn\u00f3 Ismael Rescalvo y tiene esperanzas de revertir el resultado adverso ante Pe\u00f1arol - El Diario - Bolivia\",\"isPartOf\":{\"@id\":\"https:\\\/\\\/www.eldiario.net\\\/portal\\\/#website\"},\"primaryImageOfPage\":{\"@id\":\"https:\\\/\\\/www.eldiario.net\\\/portal\\\/2024\\\/08\\\/20\\\/retorno-ismael-rescalvo-y-tiene-esperanzas-de-revertir-el-resultado-adverso-ante-penarol\\\/#primaryimage\"},\"image\":{\"@id\":\"https:\\\/\\\/www.eldiario.net\\\/portal\\\/2024\\\/08\\\/20\\\/retorno-ismael-rescalvo-y-tiene-esperanzas-de-revertir-el-resultado-adverso-ante-penarol\\\/#primaryimage\"},\"thumbnailUrl\":\"https:\\\/\\\/www.eldiario.net\\\/portal\\\/wp-content\\\/uploads\\\/2024\\\/08\\\/The-Strongest-19.jpg\",\"datePublished\":\"2024-08-20T10:32:12+00:00\",\"breadcrumb\":{\"@id\":\"https:\\\/\\\/www.eldiario.net\\\/portal\\\/2024\\\/08\\\/20\\\/retorno-ismael-rescalvo-y-tiene-esperanzas-de-revertir-el-resultado-adverso-ante-penarol\\\/#breadcrumb\"},\"inLanguage\":\"es\",\"potentialAction\":[{\"@type\":\"ReadAction\",\"target\":[\"https:\\\/\\\/www.eldiario.net\\\/portal\\\/2024\\\/08\\\/20\\\/retorno-ismael-rescalvo-y-tiene-esperanzas-de-revertir-el-resultado-adverso-ante-penarol\\\/\"]}]},{\"@type\":\"ImageObject\",\"inLanguage\":\"es\",\"@id\":\"https:\\\/\\\/www.eldiario.net\\\/portal\\\/2024\\\/08\\\/20\\\/retorno-ismael-rescalvo-y-tiene-esperanzas-de-revertir-el-resultado-adverso-ante-penarol\\\/#primaryimage\",\"url\":\"https:\\\/\\\/www.eldiario.net\\\/portal\\\/wp-content\\\/uploads\\\/2024\\\/08\\\/The-Strongest-19.jpg\",\"contentUrl\":\"https:\\\/\\\/www.eldiario.net\\\/portal\\\/wp-content\\\/uploads\\\/2024\\\/08\\\/The-Strongest-19.jpg\",\"width\":720,\"height\":645},{\"@type\":\"BreadcrumbList\",\"@id\":\"https:\\\/\\\/www.eldiario.net\\\/portal\\\/2024\\\/08\\\/20\\\/retorno-ismael-rescalvo-y-tiene-esperanzas-de-revertir-el-resultado-adverso-ante-penarol\\\/#breadcrumb\",\"itemListElement\":[{\"@type\":\"ListItem\",\"position\":1,\"name\":\"Portada\",\"item\":\"https:\\\/\\\/www.eldiario.net\\\/portal\\\/\"},{\"@type\":\"ListItem\",\"position\":2,\"name\":\"Retorn\u00f3 Ismael Rescalvo y tiene esperanzas de revertir el resultado adverso ante Pe\u00f1arol\"}]},{\"@type\":\"WebSite\",\"@id\":\"https:\\\/\\\/www.eldiario.net\\\/portal\\\/#website\",\"url\":\"https:\\\/\\\/www.eldiario.net\\\/portal\\\/\",\"name\":\"El Diario - Decano de la prensa nacional\",\"description\":\"El Diario - Decano de la prensa nacional\",\"publisher\":{\"@id\":\"https:\\\/\\\/www.eldiario.net\\\/portal\\\/#organization\"},\"potentialAction\":[{\"@type\":\"SearchAction\",\"target\":{\"@type\":\"EntryPoint\",\"urlTemplate\":\"https:\\\/\\\/www.eldiario.net\\\/portal\\\/?s={search_term_string}\"},\"query-input\":{\"@type\":\"PropertyValueSpecification\",\"valueRequired\":true,\"valueName\":\"search_term_string\"}}],\"inLanguage\":\"es\"},{\"@type\":\"Organization\",\"@id\":\"https:\\\/\\\/www.eldiario.net\\\/portal\\\/#organization\",\"name\":\"El Diario - Decano de la prensa nacional\",\"url\":\"https:\\\/\\\/www.eldiario.net\\\/portal\\\/\",\"logo\":{\"@type\":\"ImageObject\",\"inLanguage\":\"es\",\"@id\":\"https:\\\/\\\/www.eldiario.net\\\/portal\\\/#\\\/schema\\\/logo\\\/image\\\/\",\"url\":\"https:\\\/\\\/www.eldiario.net\\\/portal\\\/wp-content\\\/uploads\\\/2023\\\/07\\\/logo_ED.jpg\",\"contentUrl\":\"https:\\\/\\\/www.eldiario.net\\\/portal\\\/wp-content\\\/uploads\\\/2023\\\/07\\\/logo_ED.jpg\",\"width\":272,\"height\":52,\"caption\":\"El Diario - Decano de la prensa nacional\"},\"image\":{\"@id\":\"https:\\\/\\\/www.eldiario.net\\\/portal\\\/#\\\/schema\\\/logo\\\/image\\\/\"},\"sameAs\":[\"https:\\\/\\\/www.facebook.com\\\/eldiario.bolivia\\\/\",\"https:\\\/\\\/x.com\\\/eldiario_net\"]},{\"@type\":\"Person\",\"@id\":\"https:\\\/\\\/www.eldiario.net\\\/portal\\\/#\\\/schema\\\/person\\\/2c57cf2b7a7ae032e449e4c9b1019eac\",\"name\":\"Jeanette\",\"image\":{\"@type\":\"ImageObject\",\"inLanguage\":\"es\",\"@id\":\"https:\\\/\\\/secure.gravatar.com\\\/avatar\\\/3ea2118a5f7dad2b7138b1187a6b7ee55f160b9968b66013c3a3ef39dd7e5798?s=96&d=mm&r=g\",\"url\":\"https:\\\/\\\/secure.gravatar.com\\\/avatar\\\/3ea2118a5f7dad2b7138b1187a6b7ee55f160b9968b66013c3a3ef39dd7e5798?s=96&d=mm&r=g\",\"contentUrl\":\"https:\\\/\\\/secure.gravatar.com\\\/avatar\\\/3ea2118a5f7dad2b7138b1187a6b7ee55f160b9968b66013c3a3ef39dd7e5798?s=96&d=mm&r=g\",\"caption\":\"Jeanette\"},\"sameAs\":[\"https:\\\/\\\/www.eldiario.net\\\/portal\"],\"url\":\"https:\\\/\\\/www.eldiario.net\\\/portal\\\/author\\\/jeanette\\\/\"}]}<\/script>\n<!-- \/ Yoast SEO plugin. -->","yoast_head_json":{"title":"Retorn\u00f3 Ismael Rescalvo y tiene esperanzas de revertir el resultado adverso ante Pe\u00f1arol - El Diario - Bolivia","robots":{"index":"index","follow":"follow","max-snippet":"max-snippet:-1","max-image-preview":"max-image-preview:large","max-video-preview":"max-video-preview:-1"},"canonical":"https:\/\/www.eldiario.net\/portal\/2024\/08\/20\/retorno-ismael-rescalvo-y-tiene-esperanzas-de-revertir-el-resultado-adverso-ante-penarol\/","og_locale":"es_ES","og_type":"article","og_title":"Retorn\u00f3 Ismael Rescalvo y tiene esperanzas de revertir el resultado adverso ante Pe\u00f1arol - El Diario - Bolivia","og_description":"El director t\u00e9cnico de The Strongest, Ismael Rescalvo lleg\u00f3 en la madrugada de este lunes a La Paz y exterioriz\u00f3 su esperanza de que se pueda revertir el 4-0 ante Pe\u00f1arol este mi\u00e9rcoles en La Paz y lograr pasar a la fase de octavos de final de la Copa CONMEBOL Libertadores. \u201cVenimos con la intenci\u00f3n [&hellip;]","og_url":"https:\/\/www.eldiario.net\/portal\/2024\/08\/20\/retorno-ismael-rescalvo-y-tiene-esperanzas-de-revertir-el-resultado-adverso-ante-penarol\/","og_site_name":"El Diario - Bolivia","article_publisher":"https:\/\/www.facebook.com\/eldiario.bolivia\/","article_published_time":"2024-08-20T10:32:12+00:00","og_image":[{"width":720,"height":645,"url":"https:\/\/www.eldiario.net\/portal\/wp-content\/uploads\/2024\/08\/The-Strongest-19.jpg","type":"image\/jpeg"}],"author":"Jeanette","twitter_card":"summary_large_image","twitter_creator":"@eldiario_net","twitter_site":"@eldiario_net","twitter_misc":{"Escrito por":"Jeanette","Tiempo de lectura":"3 minutos"},"schema":{"@context":"https:\/\/schema.org","@graph":[{"@type":"Article","@id":"https:\/\/www.eldiario.net\/portal\/2024\/08\/20\/retorno-ismael-rescalvo-y-tiene-esperanzas-de-revertir-el-resultado-adverso-ante-penarol\/#article","isPartOf":{"@id":"https:\/\/www.eldiario.net\/portal\/2024\/08\/20\/retorno-ismael-rescalvo-y-tiene-esperanzas-de-revertir-el-resultado-adverso-ante-penarol\/"},"author":{"name":"Jeanette","@id":"https:\/\/www.eldiario.net\/portal\/#\/schema\/person\/2c57cf2b7a7ae032e449e4c9b1019eac"},"headline":"Retorn\u00f3 Ismael Rescalvo y tiene esperanzas de revertir el resultado adverso ante Pe\u00f1arol","datePublished":"2024-08-20T10:32:12+00:00","mainEntityOfPage":{"@id":"https:\/\/www.eldiario.net\/portal\/2024\/08\/20\/retorno-ismael-rescalvo-y-tiene-esperanzas-de-revertir-el-resultado-adverso-ante-penarol\/"},"wordCount":628,"commentCount":0,"publisher":{"@id":"https:\/\/www.eldiario.net\/portal\/#organization"},"image":{"@id":"https:\/\/www.eldiario.net\/portal\/2024\/08\/20\/retorno-ismael-rescalvo-y-tiene-esperanzas-de-revertir-el-resultado-adverso-ante-penarol\/#primaryimage"},"thumbnailUrl":"https:\/\/www.eldiario.net\/portal\/wp-content\/uploads\/2024\/08\/The-Strongest-19.jpg","articleSection":["Deportes"],"inLanguage":"es","potentialAction":[{"@type":"CommentAction","name":"Comment","target":["https:\/\/www.eldiario.net\/portal\/2024\/08\/20\/retorno-ismael-rescalvo-y-tiene-esperanzas-de-revertir-el-resultado-adverso-ante-penarol\/#respond"]}]},{"@type":"WebPage","@id":"https:\/\/www.eldiario.net\/portal\/2024\/08\/20\/retorno-ismael-rescalvo-y-tiene-esperanzas-de-revertir-el-resultado-adverso-ante-penarol\/","url":"https:\/\/www.eldiario.net\/portal\/2024\/08\/20\/retorno-ismael-rescalvo-y-tiene-esperanzas-de-revertir-el-resultado-adverso-ante-penarol\/","name":"Retorn\u00f3 Ismael Rescalvo y tiene esperanzas de revertir el resultado adverso ante Pe\u00f1arol - El Diario - Bolivia","isPartOf":{"@id":"https:\/\/www.eldiario.net\/portal\/#website"},"primaryImageOfPage":{"@id":"https:\/\/www.eldiario.net\/portal\/2024\/08\/20\/retorno-ismael-rescalvo-y-tiene-esperanzas-de-revertir-el-resultado-adverso-ante-penarol\/#primaryimage"},"image":{"@id":"https:\/\/www.eldiario.net\/portal\/2024\/08\/20\/retorno-ismael-rescalvo-y-tiene-esperanzas-de-revertir-el-resultado-adverso-ante-penarol\/#primaryimage"},"thumbnailUrl":"https:\/\/www.eldiario.net\/portal\/wp-content\/uploads\/2024\/08\/The-Strongest-19.jpg","datePublished":"2024-08-20T10:32:12+00:00","breadcrumb":{"@id":"https:\/\/www.eldiario.net\/portal\/2024\/08\/20\/retorno-ismael-rescalvo-y-tiene-esperanzas-de-revertir-el-resultado-adverso-ante-penarol\/#breadcrumb"},"inLanguage":"es","potentialAction":[{"@type":"ReadAction","target":["https:\/\/www.eldiario.net\/portal\/2024\/08\/20\/retorno-ismael-rescalvo-y-tiene-esperanzas-de-revertir-el-resultado-adverso-ante-penarol\/"]}]},{"@type":"ImageObject","inLanguage":"es","@id":"https:\/\/www.eldiario.net\/portal\/2024\/08\/20\/retorno-ismael-rescalvo-y-tiene-esperanzas-de-revertir-el-resultado-adverso-ante-penarol\/#primaryimage","url":"https:\/\/www.eldiario.net\/portal\/wp-content\/uploads\/2024\/08\/The-Strongest-19.jpg","contentUrl":"https:\/\/www.eldiario.net\/portal\/wp-content\/uploads\/2024\/08\/The-Strongest-19.jpg","width":720,"height":645},{"@type":"BreadcrumbList","@id":"https:\/\/www.eldiario.net\/portal\/2024\/08\/20\/retorno-ismael-rescalvo-y-tiene-esperanzas-de-revertir-el-resultado-adverso-ante-penarol\/#breadcrumb","itemListElement":[{"@type":"ListItem","position":1,"name":"Portada","item":"https:\/\/www.eldiario.net\/portal\/"},{"@type":"ListItem","position":2,"name":"Retorn\u00f3 Ismael Rescalvo y tiene esperanzas de revertir el resultado adverso ante Pe\u00f1arol"}]},{"@type":"WebSite","@id":"https:\/\/www.eldiario.net\/portal\/#website","url":"https:\/\/www.eldiario.net\/portal\/","name":"El Diario - Decano de la prensa nacional","description":"El Diario - Decano de la prensa nacional","publisher":{"@id":"https:\/\/www.eldiario.net\/portal\/#organization"},"potentialAction":[{"@type":"SearchAction","target":{"@type":"EntryPoint","urlTemplate":"https:\/\/www.eldiario.net\/portal\/?s={search_term_string}"},"query-input":{"@type":"PropertyValueSpecification","valueRequired":true,"valueName":"search_term_string"}}],"inLanguage":"es"},{"@type":"Organization","@id":"https:\/\/www.eldiario.net\/portal\/#organization","name":"El Diario - Decano de la prensa nacional","url":"https:\/\/www.eldiario.net\/portal\/","logo":{"@type":"ImageObject","inLanguage":"es","@id":"https:\/\/www.eldiario.net\/portal\/#\/schema\/logo\/image\/","url":"https:\/\/www.eldiario.net\/portal\/wp-content\/uploads\/2023\/07\/logo_ED.jpg","contentUrl":"https:\/\/www.eldiario.net\/portal\/wp-content\/uploads\/2023\/07\/logo_ED.jpg","width":272,"height":52,"caption":"El Diario - Decano de la prensa nacional"},"image":{"@id":"https:\/\/www.eldiario.net\/portal\/#\/schema\/logo\/image\/"},"sameAs":["https:\/\/www.facebook.com\/eldiario.bolivia\/","https:\/\/x.com\/eldiario_net"]},{"@type":"Person","@id":"https:\/\/www.eldiario.net\/portal\/#\/schema\/person\/2c57cf2b7a7ae032e449e4c9b1019eac","name":"Jeanette","image":{"@type":"ImageObject","inLanguage":"es","@id":"https:\/\/secure.gravatar.com\/avatar\/3ea2118a5f7dad2b7138b1187a6b7ee55f160b9968b66013c3a3ef39dd7e5798?s=96&d=mm&r=g","url":"https:\/\/secure.gravatar.com\/avatar\/3ea2118a5f7dad2b7138b1187a6b7ee55f160b9968b66013c3a3ef39dd7e5798?s=96&d=mm&r=g","contentUrl":"https:\/\/secure.gravatar.com\/avatar\/3ea2118a5f7dad2b7138b1187a6b7ee55f160b9968b66013c3a3ef39dd7e5798?s=96&d=mm&r=g","caption":"Jeanette"},"sameAs":["https:\/\/www.eldiario.net\/portal"],"url":"https:\/\/www.eldiario.net\/portal\/author\/jeanette\/"}]}},"_links":{"self":[{"href":"https:\/\/www.eldiario.net\/portal\/wp-json\/wp\/v2\/posts\/241974","targetHints":{"allow":["GET"]}}],"collection":[{"href":"https:\/\/www.eldiario.net\/portal\/wp-json\/wp\/v2\/posts"}],"about":[{"href":"https:\/\/www.eldiario.net\/portal\/wp-json\/wp\/v2\/types\/post"}],"author":[{"embeddable":true,"href":"https:\/\/www.eldiario.net\/portal\/wp-json\/wp\/v2\/users\/1"}],"replies":[{"embeddable":true,"href":"https:\/\/www.eldiario.net\/portal\/wp-json\/wp\/v2\/comments?post=241974"}],"version-history":[{"count":1,"href":"https:\/\/www.eldiario.net\/portal\/wp-json\/wp\/v2\/posts\/241974\/revisions"}],"predecessor-version":[{"id":241976,"href":"https:\/\/www.eldiario.net\/portal\/wp-json\/wp\/v2\/posts\/241974\/revisions\/241976"}],"wp:featuredmedia":[{"embeddable":true,"href":"https:\/\/www.eldiario.net\/portal\/wp-json\/wp\/v2\/media\/241975"}],"wp:attachment":[{"href":"https:\/\/www.eldiario.net\/portal\/wp-json\/wp\/v2\/media?parent=241974"}],"wp:term":[{"taxonomy":"category","embeddable":true,"href":"https:\/\/www.eldiario.net\/portal\/wp-json\/wp\/v2\/categories?post=241974"},{"taxonomy":"post_tag","embeddable":true,"href":"https:\/\/www.eldiario.net\/portal\/wp-json\/wp\/v2\/tags?post=241974"}],"curies":[{"name":"wp","href":"https:\/\/api.w.org\/{rel}","templated":true}]}}