{"id":241970,"date":"2024-08-20T06:29:38","date_gmt":"2024-08-20T10:29:38","guid":{"rendered":"https:\/\/www.eldiario.net\/portal\/?p=241970"},"modified":"2024-08-20T06:29:38","modified_gmt":"2024-08-20T10:29:38","slug":"bolivia-suma-su-segunda-victoria-al-hilo-en-el-sudamericano-sub-17-de-futsal","status":"publish","type":"post","link":"https:\/\/www.eldiario.net\/portal\/2024\/08\/20\/bolivia-suma-su-segunda-victoria-al-hilo-en-el-sudamericano-sub-17-de-futsal\/","title":{"rendered":"Bolivia suma su segunda victoria al hilo en el Sudamericano Sub-17 de futsal"},"content":{"rendered":"<p>LUQUE.- Luego de un mal inicio en el torneo con una derrota, entre domingo y lunes gan\u00f3 dos partidos y este lunes venci\u00f3 a Ecuador por 9-6, con lo que se acerca a las semifinales<\/p>\n<p>Bolivia gan\u00f3 su segundo partido consecutivo en el Campeonato Sudamericano Sub-17 de Futsal masculino que se disputa en Luque, Paraguay, al derrotar este lunes a Ecuador por 9-6, que lo dej\u00f3 con buenas posibilidades de avanzar a las semifinales.<\/p>\n<p>Desde el s\u00e1bado que la selecci\u00f3n nacional participa en certamen internacional, que tiene la presencia de los 10 pa\u00edses de esta regi\u00f3n del continente.<\/p>\n<p>Los mismos fueron divididos en dos grupos de cinco. En el A est\u00e1n: Brasil, Colombia, Paraguay, Bolivia y Ecuador, mientras que en el B se encuentran Argentina, Venezuela, Per\u00fa, Uruguay y Chile.<\/p>\n<p>La modalidad de competencia es de todos contra todos, de los cuales los dos primeros avanzar\u00e1n a las semifinales, instancia en la que se luchar\u00e1 por llegar a la gran final.<\/p>\n<p>Tambi\u00e9n se definir\u00e1n los puestos del quinto al d\u00e9cimo.<\/p>\n<p>&nbsp;<\/p>\n<p>EL TORNEO<\/p>\n<p>Todos los partidos se disputan en la Arena del Comit\u00e9 Ol\u00edmpico Paraguayo, donde el s\u00e1bado la Verde no tuvo un buen inicio al perder con Colombia por 5-1.<\/p>\n<p>Sin embargo, el domingo dio la sorpresa al derrotar al anfitri\u00f3n Paraguay en un partidazo por 5-3.<\/p>\n<p>Este lunes gan\u00f3 su segundo encuentro de forma consecutiva y esta vez su v\u00edctima fue Ecuador, al que derrot\u00f3 por 9-6.<\/p>\n<p>Este martes ser\u00e1 jornada de descanso para todas las selecciones, mientras que el mi\u00e9rcoles (16.45 de Bolivia) la selecci\u00f3n tendr\u00e1 su \u00faltimo partido de fase de grupos con Brasil.<\/p>\n<p>Para el jueves 22 la Verde tendr\u00e1 descanso y ese d\u00eda se conocer\u00e1n a los clasificados a las semifinales del Sudamericano.<\/p>\n<p>(FBF)<\/p>\n<p>&nbsp;<\/p>\n","protected":false},"excerpt":{"rendered":"<p>LUQUE.- Luego de un mal inicio en el torneo con una derrota, entre domingo y lunes gan\u00f3 dos partidos y este lunes venci\u00f3 a Ecuador por 9-6, con lo que se acerca a las semifinales Bolivia gan\u00f3 su segundo partido consecutivo en el Campeonato Sudamericano Sub-17 de Futsal masculino que se disputa en Luque, Paraguay, [&hellip;]<\/p>\n","protected":false},"author":1,"featured_media":241971,"comment_status":"open","ping_status":"open","sticky":false,"template":"","format":"standard","meta":{"_acf_changed":false,"footnotes":""},"categories":[6],"tags":[],"class_list":["post-241970","post","type-post","status-publish","format-standard","has-post-thumbnail","category-deportes"],"acf":{"antetitulo":""},"yoast_head":"<!-- This site is optimized with the Yoast SEO plugin v28.4 - https:\/\/yoast.com\/product\/yoast-seo-wordpress\/ -->\n<title>Bolivia suma su segunda victoria al hilo en el Sudamericano Sub-17 de futsal - El Diario - Bolivia<\/title>\n<meta name=\"robots\" content=\"index, follow, max-snippet:-1, max-image-preview:large, max-video-preview:-1\" \/>\n<link rel=\"canonical\" href=\"https:\/\/www.eldiario.net\/portal\/2024\/08\/20\/bolivia-suma-su-segunda-victoria-al-hilo-en-el-sudamericano-sub-17-de-futsal\/\" \/>\n<meta property=\"og:locale\" content=\"es_ES\" \/>\n<meta property=\"og:type\" content=\"article\" \/>\n<meta property=\"og:title\" content=\"Bolivia suma su segunda victoria al hilo en el Sudamericano Sub-17 de futsal - El Diario - Bolivia\" \/>\n<meta property=\"og:description\" content=\"LUQUE.- Luego de un mal inicio en el torneo con una derrota, entre domingo y lunes gan\u00f3 dos partidos y este lunes venci\u00f3 a Ecuador por 9-6, con lo que se acerca a las semifinales Bolivia gan\u00f3 su segundo partido consecutivo en el Campeonato Sudamericano Sub-17 de Futsal masculino que se disputa en Luque, Paraguay, [&hellip;]\" \/>\n<meta property=\"og:url\" content=\"https:\/\/www.eldiario.net\/portal\/2024\/08\/20\/bolivia-suma-su-segunda-victoria-al-hilo-en-el-sudamericano-sub-17-de-futsal\/\" \/>\n<meta property=\"og:site_name\" content=\"El Diario - Bolivia\" \/>\n<meta property=\"article:publisher\" content=\"https:\/\/www.facebook.com\/eldiario.bolivia\/\" \/>\n<meta property=\"article:published_time\" content=\"2024-08-20T10:29:38+00:00\" \/>\n<meta property=\"og:image\" content=\"https:\/\/www.eldiario.net\/portal\/wp-content\/uploads\/2024\/08\/Sub-17-Futsal-19.jpg\" \/>\n\t<meta property=\"og:image:width\" content=\"1600\" \/>\n\t<meta property=\"og:image:height\" content=\"1319\" \/>\n\t<meta property=\"og:image:type\" content=\"image\/jpeg\" \/>\n<meta name=\"author\" content=\"Jeanette\" \/>\n<meta name=\"twitter:card\" content=\"summary_large_image\" \/>\n<meta name=\"twitter:creator\" content=\"@eldiario_net\" \/>\n<meta name=\"twitter:site\" content=\"@eldiario_net\" \/>\n<meta name=\"twitter:label1\" content=\"Escrito por\" \/>\n\t<meta name=\"twitter:data1\" content=\"Jeanette\" \/>\n\t<meta name=\"twitter:label2\" content=\"Tiempo de lectura\" \/>\n\t<meta name=\"twitter:data2\" content=\"2 minutos\" \/>\n<script type=\"application\/ld+json\" class=\"yoast-schema-graph\">{\"@context\":\"https:\\\/\\\/schema.org\",\"@graph\":[{\"@type\":\"Article\",\"@id\":\"https:\\\/\\\/www.eldiario.net\\\/portal\\\/2024\\\/08\\\/20\\\/bolivia-suma-su-segunda-victoria-al-hilo-en-el-sudamericano-sub-17-de-futsal\\\/#article\",\"isPartOf\":{\"@id\":\"https:\\\/\\\/www.eldiario.net\\\/portal\\\/2024\\\/08\\\/20\\\/bolivia-suma-su-segunda-victoria-al-hilo-en-el-sudamericano-sub-17-de-futsal\\\/\"},\"author\":{\"name\":\"Jeanette\",\"@id\":\"https:\\\/\\\/www.eldiario.net\\\/portal\\\/#\\\/schema\\\/person\\\/2c57cf2b7a7ae032e449e4c9b1019eac\"},\"headline\":\"Bolivia suma su segunda victoria al hilo en el Sudamericano Sub-17 de futsal\",\"datePublished\":\"2024-08-20T10:29:38+00:00\",\"mainEntityOfPage\":{\"@id\":\"https:\\\/\\\/www.eldiario.net\\\/portal\\\/2024\\\/08\\\/20\\\/bolivia-suma-su-segunda-victoria-al-hilo-en-el-sudamericano-sub-17-de-futsal\\\/\"},\"wordCount\":319,\"commentCount\":0,\"publisher\":{\"@id\":\"https:\\\/\\\/www.eldiario.net\\\/portal\\\/#organization\"},\"image\":{\"@id\":\"https:\\\/\\\/www.eldiario.net\\\/portal\\\/2024\\\/08\\\/20\\\/bolivia-suma-su-segunda-victoria-al-hilo-en-el-sudamericano-sub-17-de-futsal\\\/#primaryimage\"},\"thumbnailUrl\":\"https:\\\/\\\/www.eldiario.net\\\/portal\\\/wp-content\\\/uploads\\\/2024\\\/08\\\/Sub-17-Futsal-19.jpg\",\"articleSection\":[\"Deportes\"],\"inLanguage\":\"es\",\"potentialAction\":[{\"@type\":\"CommentAction\",\"name\":\"Comment\",\"target\":[\"https:\\\/\\\/www.eldiario.net\\\/portal\\\/2024\\\/08\\\/20\\\/bolivia-suma-su-segunda-victoria-al-hilo-en-el-sudamericano-sub-17-de-futsal\\\/#respond\"]}]},{\"@type\":\"WebPage\",\"@id\":\"https:\\\/\\\/www.eldiario.net\\\/portal\\\/2024\\\/08\\\/20\\\/bolivia-suma-su-segunda-victoria-al-hilo-en-el-sudamericano-sub-17-de-futsal\\\/\",\"url\":\"https:\\\/\\\/www.eldiario.net\\\/portal\\\/2024\\\/08\\\/20\\\/bolivia-suma-su-segunda-victoria-al-hilo-en-el-sudamericano-sub-17-de-futsal\\\/\",\"name\":\"Bolivia suma su segunda victoria al hilo en el Sudamericano Sub-17 de futsal - El Diario - Bolivia\",\"isPartOf\":{\"@id\":\"https:\\\/\\\/www.eldiario.net\\\/portal\\\/#website\"},\"primaryImageOfPage\":{\"@id\":\"https:\\\/\\\/www.eldiario.net\\\/portal\\\/2024\\\/08\\\/20\\\/bolivia-suma-su-segunda-victoria-al-hilo-en-el-sudamericano-sub-17-de-futsal\\\/#primaryimage\"},\"image\":{\"@id\":\"https:\\\/\\\/www.eldiario.net\\\/portal\\\/2024\\\/08\\\/20\\\/bolivia-suma-su-segunda-victoria-al-hilo-en-el-sudamericano-sub-17-de-futsal\\\/#primaryimage\"},\"thumbnailUrl\":\"https:\\\/\\\/www.eldiario.net\\\/portal\\\/wp-content\\\/uploads\\\/2024\\\/08\\\/Sub-17-Futsal-19.jpg\",\"datePublished\":\"2024-08-20T10:29:38+00:00\",\"breadcrumb\":{\"@id\":\"https:\\\/\\\/www.eldiario.net\\\/portal\\\/2024\\\/08\\\/20\\\/bolivia-suma-su-segunda-victoria-al-hilo-en-el-sudamericano-sub-17-de-futsal\\\/#breadcrumb\"},\"inLanguage\":\"es\",\"potentialAction\":[{\"@type\":\"ReadAction\",\"target\":[\"https:\\\/\\\/www.eldiario.net\\\/portal\\\/2024\\\/08\\\/20\\\/bolivia-suma-su-segunda-victoria-al-hilo-en-el-sudamericano-sub-17-de-futsal\\\/\"]}]},{\"@type\":\"ImageObject\",\"inLanguage\":\"es\",\"@id\":\"https:\\\/\\\/www.eldiario.net\\\/portal\\\/2024\\\/08\\\/20\\\/bolivia-suma-su-segunda-victoria-al-hilo-en-el-sudamericano-sub-17-de-futsal\\\/#primaryimage\",\"url\":\"https:\\\/\\\/www.eldiario.net\\\/portal\\\/wp-content\\\/uploads\\\/2024\\\/08\\\/Sub-17-Futsal-19.jpg\",\"contentUrl\":\"https:\\\/\\\/www.eldiario.net\\\/portal\\\/wp-content\\\/uploads\\\/2024\\\/08\\\/Sub-17-Futsal-19.jpg\",\"width\":1600,\"height\":1319},{\"@type\":\"BreadcrumbList\",\"@id\":\"https:\\\/\\\/www.eldiario.net\\\/portal\\\/2024\\\/08\\\/20\\\/bolivia-suma-su-segunda-victoria-al-hilo-en-el-sudamericano-sub-17-de-futsal\\\/#breadcrumb\",\"itemListElement\":[{\"@type\":\"ListItem\",\"position\":1,\"name\":\"Portada\",\"item\":\"https:\\\/\\\/www.eldiario.net\\\/portal\\\/\"},{\"@type\":\"ListItem\",\"position\":2,\"name\":\"Bolivia suma su segunda victoria al hilo en el Sudamericano Sub-17 de futsal\"}]},{\"@type\":\"WebSite\",\"@id\":\"https:\\\/\\\/www.eldiario.net\\\/portal\\\/#website\",\"url\":\"https:\\\/\\\/www.eldiario.net\\\/portal\\\/\",\"name\":\"El Diario - Decano de la prensa nacional\",\"description\":\"El Diario - Decano de la prensa nacional\",\"publisher\":{\"@id\":\"https:\\\/\\\/www.eldiario.net\\\/portal\\\/#organization\"},\"potentialAction\":[{\"@type\":\"SearchAction\",\"target\":{\"@type\":\"EntryPoint\",\"urlTemplate\":\"https:\\\/\\\/www.eldiario.net\\\/portal\\\/?s={search_term_string}\"},\"query-input\":{\"@type\":\"PropertyValueSpecification\",\"valueRequired\":true,\"valueName\":\"search_term_string\"}}],\"inLanguage\":\"es\"},{\"@type\":\"Organization\",\"@id\":\"https:\\\/\\\/www.eldiario.net\\\/portal\\\/#organization\",\"name\":\"El Diario - Decano de la prensa nacional\",\"url\":\"https:\\\/\\\/www.eldiario.net\\\/portal\\\/\",\"logo\":{\"@type\":\"ImageObject\",\"inLanguage\":\"es\",\"@id\":\"https:\\\/\\\/www.eldiario.net\\\/portal\\\/#\\\/schema\\\/logo\\\/image\\\/\",\"url\":\"https:\\\/\\\/www.eldiario.net\\\/portal\\\/wp-content\\\/uploads\\\/2023\\\/07\\\/logo_ED.jpg\",\"contentUrl\":\"https:\\\/\\\/www.eldiario.net\\\/portal\\\/wp-content\\\/uploads\\\/2023\\\/07\\\/logo_ED.jpg\",\"width\":272,\"height\":52,\"caption\":\"El Diario - Decano de la prensa nacional\"},\"image\":{\"@id\":\"https:\\\/\\\/www.eldiario.net\\\/portal\\\/#\\\/schema\\\/logo\\\/image\\\/\"},\"sameAs\":[\"https:\\\/\\\/www.facebook.com\\\/eldiario.bolivia\\\/\",\"https:\\\/\\\/x.com\\\/eldiario_net\"]},{\"@type\":\"Person\",\"@id\":\"https:\\\/\\\/www.eldiario.net\\\/portal\\\/#\\\/schema\\\/person\\\/2c57cf2b7a7ae032e449e4c9b1019eac\",\"name\":\"Jeanette\",\"image\":{\"@type\":\"ImageObject\",\"inLanguage\":\"es\",\"@id\":\"https:\\\/\\\/secure.gravatar.com\\\/avatar\\\/3ea2118a5f7dad2b7138b1187a6b7ee55f160b9968b66013c3a3ef39dd7e5798?s=96&d=mm&r=g\",\"url\":\"https:\\\/\\\/secure.gravatar.com\\\/avatar\\\/3ea2118a5f7dad2b7138b1187a6b7ee55f160b9968b66013c3a3ef39dd7e5798?s=96&d=mm&r=g\",\"contentUrl\":\"https:\\\/\\\/secure.gravatar.com\\\/avatar\\\/3ea2118a5f7dad2b7138b1187a6b7ee55f160b9968b66013c3a3ef39dd7e5798?s=96&d=mm&r=g\",\"caption\":\"Jeanette\"},\"sameAs\":[\"https:\\\/\\\/www.eldiario.net\\\/portal\"],\"url\":\"https:\\\/\\\/www.eldiario.net\\\/portal\\\/author\\\/jeanette\\\/\"}]}<\/script>\n<!-- \/ Yoast SEO plugin. -->","yoast_head_json":{"title":"Bolivia suma su segunda victoria al hilo en el Sudamericano Sub-17 de futsal - El Diario - Bolivia","robots":{"index":"index","follow":"follow","max-snippet":"max-snippet:-1","max-image-preview":"max-image-preview:large","max-video-preview":"max-video-preview:-1"},"canonical":"https:\/\/www.eldiario.net\/portal\/2024\/08\/20\/bolivia-suma-su-segunda-victoria-al-hilo-en-el-sudamericano-sub-17-de-futsal\/","og_locale":"es_ES","og_type":"article","og_title":"Bolivia suma su segunda victoria al hilo en el Sudamericano Sub-17 de futsal - El Diario - Bolivia","og_description":"LUQUE.- Luego de un mal inicio en el torneo con una derrota, entre domingo y lunes gan\u00f3 dos partidos y este lunes venci\u00f3 a Ecuador por 9-6, con lo que se acerca a las semifinales Bolivia gan\u00f3 su segundo partido consecutivo en el Campeonato Sudamericano Sub-17 de Futsal masculino que se disputa en Luque, Paraguay, [&hellip;]","og_url":"https:\/\/www.eldiario.net\/portal\/2024\/08\/20\/bolivia-suma-su-segunda-victoria-al-hilo-en-el-sudamericano-sub-17-de-futsal\/","og_site_name":"El Diario - Bolivia","article_publisher":"https:\/\/www.facebook.com\/eldiario.bolivia\/","article_published_time":"2024-08-20T10:29:38+00:00","og_image":[{"width":1600,"height":1319,"url":"https:\/\/www.eldiario.net\/portal\/wp-content\/uploads\/2024\/08\/Sub-17-Futsal-19.jpg","type":"image\/jpeg"}],"author":"Jeanette","twitter_card":"summary_large_image","twitter_creator":"@eldiario_net","twitter_site":"@eldiario_net","twitter_misc":{"Escrito por":"Jeanette","Tiempo de lectura":"2 minutos"},"schema":{"@context":"https:\/\/schema.org","@graph":[{"@type":"Article","@id":"https:\/\/www.eldiario.net\/portal\/2024\/08\/20\/bolivia-suma-su-segunda-victoria-al-hilo-en-el-sudamericano-sub-17-de-futsal\/#article","isPartOf":{"@id":"https:\/\/www.eldiario.net\/portal\/2024\/08\/20\/bolivia-suma-su-segunda-victoria-al-hilo-en-el-sudamericano-sub-17-de-futsal\/"},"author":{"name":"Jeanette","@id":"https:\/\/www.eldiario.net\/portal\/#\/schema\/person\/2c57cf2b7a7ae032e449e4c9b1019eac"},"headline":"Bolivia suma su segunda victoria al hilo en el Sudamericano Sub-17 de futsal","datePublished":"2024-08-20T10:29:38+00:00","mainEntityOfPage":{"@id":"https:\/\/www.eldiario.net\/portal\/2024\/08\/20\/bolivia-suma-su-segunda-victoria-al-hilo-en-el-sudamericano-sub-17-de-futsal\/"},"wordCount":319,"commentCount":0,"publisher":{"@id":"https:\/\/www.eldiario.net\/portal\/#organization"},"image":{"@id":"https:\/\/www.eldiario.net\/portal\/2024\/08\/20\/bolivia-suma-su-segunda-victoria-al-hilo-en-el-sudamericano-sub-17-de-futsal\/#primaryimage"},"thumbnailUrl":"https:\/\/www.eldiario.net\/portal\/wp-content\/uploads\/2024\/08\/Sub-17-Futsal-19.jpg","articleSection":["Deportes"],"inLanguage":"es","potentialAction":[{"@type":"CommentAction","name":"Comment","target":["https:\/\/www.eldiario.net\/portal\/2024\/08\/20\/bolivia-suma-su-segunda-victoria-al-hilo-en-el-sudamericano-sub-17-de-futsal\/#respond"]}]},{"@type":"WebPage","@id":"https:\/\/www.eldiario.net\/portal\/2024\/08\/20\/bolivia-suma-su-segunda-victoria-al-hilo-en-el-sudamericano-sub-17-de-futsal\/","url":"https:\/\/www.eldiario.net\/portal\/2024\/08\/20\/bolivia-suma-su-segunda-victoria-al-hilo-en-el-sudamericano-sub-17-de-futsal\/","name":"Bolivia suma su segunda victoria al hilo en el Sudamericano Sub-17 de futsal - El Diario - Bolivia","isPartOf":{"@id":"https:\/\/www.eldiario.net\/portal\/#website"},"primaryImageOfPage":{"@id":"https:\/\/www.eldiario.net\/portal\/2024\/08\/20\/bolivia-suma-su-segunda-victoria-al-hilo-en-el-sudamericano-sub-17-de-futsal\/#primaryimage"},"image":{"@id":"https:\/\/www.eldiario.net\/portal\/2024\/08\/20\/bolivia-suma-su-segunda-victoria-al-hilo-en-el-sudamericano-sub-17-de-futsal\/#primaryimage"},"thumbnailUrl":"https:\/\/www.eldiario.net\/portal\/wp-content\/uploads\/2024\/08\/Sub-17-Futsal-19.jpg","datePublished":"2024-08-20T10:29:38+00:00","breadcrumb":{"@id":"https:\/\/www.eldiario.net\/portal\/2024\/08\/20\/bolivia-suma-su-segunda-victoria-al-hilo-en-el-sudamericano-sub-17-de-futsal\/#breadcrumb"},"inLanguage":"es","potentialAction":[{"@type":"ReadAction","target":["https:\/\/www.eldiario.net\/portal\/2024\/08\/20\/bolivia-suma-su-segunda-victoria-al-hilo-en-el-sudamericano-sub-17-de-futsal\/"]}]},{"@type":"ImageObject","inLanguage":"es","@id":"https:\/\/www.eldiario.net\/portal\/2024\/08\/20\/bolivia-suma-su-segunda-victoria-al-hilo-en-el-sudamericano-sub-17-de-futsal\/#primaryimage","url":"https:\/\/www.eldiario.net\/portal\/wp-content\/uploads\/2024\/08\/Sub-17-Futsal-19.jpg","contentUrl":"https:\/\/www.eldiario.net\/portal\/wp-content\/uploads\/2024\/08\/Sub-17-Futsal-19.jpg","width":1600,"height":1319},{"@type":"BreadcrumbList","@id":"https:\/\/www.eldiario.net\/portal\/2024\/08\/20\/bolivia-suma-su-segunda-victoria-al-hilo-en-el-sudamericano-sub-17-de-futsal\/#breadcrumb","itemListElement":[{"@type":"ListItem","position":1,"name":"Portada","item":"https:\/\/www.eldiario.net\/portal\/"},{"@type":"ListItem","position":2,"name":"Bolivia suma su segunda victoria al hilo en el Sudamericano Sub-17 de futsal"}]},{"@type":"WebSite","@id":"https:\/\/www.eldiario.net\/portal\/#website","url":"https:\/\/www.eldiario.net\/portal\/","name":"El Diario - Decano de la prensa nacional","description":"El Diario - Decano de la prensa nacional","publisher":{"@id":"https:\/\/www.eldiario.net\/portal\/#organization"},"potentialAction":[{"@type":"SearchAction","target":{"@type":"EntryPoint","urlTemplate":"https:\/\/www.eldiario.net\/portal\/?s={search_term_string}"},"query-input":{"@type":"PropertyValueSpecification","valueRequired":true,"valueName":"search_term_string"}}],"inLanguage":"es"},{"@type":"Organization","@id":"https:\/\/www.eldiario.net\/portal\/#organization","name":"El Diario - Decano de la prensa nacional","url":"https:\/\/www.eldiario.net\/portal\/","logo":{"@type":"ImageObject","inLanguage":"es","@id":"https:\/\/www.eldiario.net\/portal\/#\/schema\/logo\/image\/","url":"https:\/\/www.eldiario.net\/portal\/wp-content\/uploads\/2023\/07\/logo_ED.jpg","contentUrl":"https:\/\/www.eldiario.net\/portal\/wp-content\/uploads\/2023\/07\/logo_ED.jpg","width":272,"height":52,"caption":"El Diario - Decano de la prensa nacional"},"image":{"@id":"https:\/\/www.eldiario.net\/portal\/#\/schema\/logo\/image\/"},"sameAs":["https:\/\/www.facebook.com\/eldiario.bolivia\/","https:\/\/x.com\/eldiario_net"]},{"@type":"Person","@id":"https:\/\/www.eldiario.net\/portal\/#\/schema\/person\/2c57cf2b7a7ae032e449e4c9b1019eac","name":"Jeanette","image":{"@type":"ImageObject","inLanguage":"es","@id":"https:\/\/secure.gravatar.com\/avatar\/3ea2118a5f7dad2b7138b1187a6b7ee55f160b9968b66013c3a3ef39dd7e5798?s=96&d=mm&r=g","url":"https:\/\/secure.gravatar.com\/avatar\/3ea2118a5f7dad2b7138b1187a6b7ee55f160b9968b66013c3a3ef39dd7e5798?s=96&d=mm&r=g","contentUrl":"https:\/\/secure.gravatar.com\/avatar\/3ea2118a5f7dad2b7138b1187a6b7ee55f160b9968b66013c3a3ef39dd7e5798?s=96&d=mm&r=g","caption":"Jeanette"},"sameAs":["https:\/\/www.eldiario.net\/portal"],"url":"https:\/\/www.eldiario.net\/portal\/author\/jeanette\/"}]}},"_links":{"self":[{"href":"https:\/\/www.eldiario.net\/portal\/wp-json\/wp\/v2\/posts\/241970","targetHints":{"allow":["GET"]}}],"collection":[{"href":"https:\/\/www.eldiario.net\/portal\/wp-json\/wp\/v2\/posts"}],"about":[{"href":"https:\/\/www.eldiario.net\/portal\/wp-json\/wp\/v2\/types\/post"}],"author":[{"embeddable":true,"href":"https:\/\/www.eldiario.net\/portal\/wp-json\/wp\/v2\/users\/1"}],"replies":[{"embeddable":true,"href":"https:\/\/www.eldiario.net\/portal\/wp-json\/wp\/v2\/comments?post=241970"}],"version-history":[{"count":1,"href":"https:\/\/www.eldiario.net\/portal\/wp-json\/wp\/v2\/posts\/241970\/revisions"}],"predecessor-version":[{"id":241972,"href":"https:\/\/www.eldiario.net\/portal\/wp-json\/wp\/v2\/posts\/241970\/revisions\/241972"}],"wp:featuredmedia":[{"embeddable":true,"href":"https:\/\/www.eldiario.net\/portal\/wp-json\/wp\/v2\/media\/241971"}],"wp:attachment":[{"href":"https:\/\/www.eldiario.net\/portal\/wp-json\/wp\/v2\/media?parent=241970"}],"wp:term":[{"taxonomy":"category","embeddable":true,"href":"https:\/\/www.eldiario.net\/portal\/wp-json\/wp\/v2\/categories?post=241970"},{"taxonomy":"post_tag","embeddable":true,"href":"https:\/\/www.eldiario.net\/portal\/wp-json\/wp\/v2\/tags?post=241970"}],"curies":[{"name":"wp","href":"https:\/\/api.w.org\/{rel}","templated":true}]}}