{"id":241967,"date":"2024-08-20T06:29:08","date_gmt":"2024-08-20T10:29:08","guid":{"rendered":"https:\/\/www.eldiario.net\/portal\/?p=241967"},"modified":"2024-08-20T06:29:08","modified_gmt":"2024-08-20T10:29:08","slug":"joao-felix-cedido-al-chelsea-gallagher-llega-a-madrid-hoy","status":"publish","type":"post","link":"https:\/\/www.eldiario.net\/portal\/2024\/08\/20\/joao-felix-cedido-al-chelsea-gallagher-llega-a-madrid-hoy\/","title":{"rendered":"Jo\u00e3o F\u00e9lix, cedido al Chelsea; Gallagher llega a Madrid hoy"},"content":{"rendered":"<p>El Atl\u00e9tico y el club londinense acuerdan el traspaso del portugu\u00e9s por 50M\u20ac m\u00e1s 10 en variables. El centrocampista ingl\u00e9s volver\u00e1 a volar este martes a Madrid.<\/p>\n<p>Jo\u00e3o F\u00e9lix vive sus \u00faltimas horas en el Atl\u00e9tico, ahora s\u00ed que s\u00ed, aunque sea desde la convocatoria en Vila-real. La ma\u00f1ana de este lunes el club rojiblanco llegaba al fin a un acuerdo con el Chelsea para el traspaso del portugu\u00e9s: viajar\u00e1 hoy a Londres y pasar\u00e1 el reconocimiento m\u00e9dico. Mientras, a su vez, Gallagher estar\u00e1 tambi\u00e9n volando pero de regreso a Madrid. El Atl\u00e9tico ansiaba que formara parte de la fiesta de presentaci\u00f3n de los fichajes que va a celebrar el mi\u00e9rcoles en el Metropolitano y as\u00ed es: estar\u00e1.<\/p>\n<p>El fleco principal sobre el que han negociado los clubes en los \u00faltimos d\u00edas se refer\u00eda al de las cantidades. Si en un principio el Atl\u00e9tico desde\u00f1\u00f3 una primera oferta de 35 millones fijos m\u00e1s 35 en una compra obligatoria, la operaci\u00f3n ha terminado cerr\u00e1ndose en 50 millones fijos para el Atl\u00e9tico m\u00e1s 10 en variables, unas cantidades cercanas a las que, desde un inicio, ped\u00eda el club rojiblanco por el traspaso del portugu\u00e9s. Las cantidades y el tiempo de duraci\u00f3n del contrato de Jo\u00e3o con el Chelsea (que ser\u00e1 de seis a\u00f1os), mientras, estaban ya cerradas y acordadas hace una semana, cuando Jorge Mendes, representante del futbolista, se traslad\u00f3 a Inglaterra para negociar directamente con los due\u00f1os del club ingl\u00e9s.<\/p>\n<p>La ruptura de las negociaciones hace una semana por Samu, un fichaje que estaba hecho, cerrado y hasta brindado con champagne, por el que el Chelsea iba a pagar 42 millones mientras Gallagher ya estaba en Madrid esperando la oficialidad, pudiera ser presentado y anunciado, ocho d\u00edas despu\u00e9s ha desencallado un problema a\u00fan mayor en el Atl\u00e9tico: la salida de Jo\u00e3o, el futbolista m\u00e1s caro de su historia que no funcion\u00f3 y, aunque esta temporada hab\u00eda regresado con muy buena actitud, su relaci\u00f3n rota con la grada lastraba. Este martes pondr\u00e1 rumbo a Londres, sin m\u00e1s cesiones, sin m\u00e1s vueltas. La \u00fanica que habr\u00e1 en el Atleti ser\u00e1 la de ese jugador que ya se podr\u00e1 decir oficial: Gallagher.<\/p>\n<p><strong>(DIARIO AS)<\/strong><\/p>\n","protected":false},"excerpt":{"rendered":"<p>El Atl\u00e9tico y el club londinense acuerdan el traspaso del portugu\u00e9s por 50M\u20ac m\u00e1s 10 en variables. El centrocampista ingl\u00e9s volver\u00e1 a volar este martes a Madrid. Jo\u00e3o F\u00e9lix vive sus \u00faltimas horas en el Atl\u00e9tico, ahora s\u00ed que s\u00ed, aunque sea desde la convocatoria en Vila-real. La ma\u00f1ana de este lunes el club rojiblanco [&hellip;]<\/p>\n","protected":false},"author":1,"featured_media":241968,"comment_status":"open","ping_status":"open","sticky":false,"template":"","format":"standard","meta":{"_acf_changed":false,"footnotes":""},"categories":[6],"tags":[],"class_list":["post-241967","post","type-post","status-publish","format-standard","has-post-thumbnail","category-deportes"],"acf":{"antetitulo":""},"yoast_head":"<!-- This site is optimized with the Yoast SEO plugin v28.4 - https:\/\/yoast.com\/product\/yoast-seo-wordpress\/ -->\n<title>Jo\u00e3o F\u00e9lix, cedido al Chelsea; Gallagher llega a Madrid hoy - El Diario - Bolivia<\/title>\n<meta name=\"robots\" content=\"index, follow, max-snippet:-1, max-image-preview:large, max-video-preview:-1\" \/>\n<link rel=\"canonical\" href=\"https:\/\/www.eldiario.net\/portal\/2024\/08\/20\/joao-felix-cedido-al-chelsea-gallagher-llega-a-madrid-hoy\/\" \/>\n<meta property=\"og:locale\" content=\"es_ES\" \/>\n<meta property=\"og:type\" content=\"article\" \/>\n<meta property=\"og:title\" content=\"Jo\u00e3o F\u00e9lix, cedido al Chelsea; Gallagher llega a Madrid hoy - El Diario - Bolivia\" \/>\n<meta property=\"og:description\" content=\"El Atl\u00e9tico y el club londinense acuerdan el traspaso del portugu\u00e9s por 50M\u20ac m\u00e1s 10 en variables. El centrocampista ingl\u00e9s volver\u00e1 a volar este martes a Madrid. Jo\u00e3o F\u00e9lix vive sus \u00faltimas horas en el Atl\u00e9tico, ahora s\u00ed que s\u00ed, aunque sea desde la convocatoria en Vila-real. La ma\u00f1ana de este lunes el club rojiblanco [&hellip;]\" \/>\n<meta property=\"og:url\" content=\"https:\/\/www.eldiario.net\/portal\/2024\/08\/20\/joao-felix-cedido-al-chelsea-gallagher-llega-a-madrid-hoy\/\" \/>\n<meta property=\"og:site_name\" content=\"El Diario - Bolivia\" \/>\n<meta property=\"article:publisher\" content=\"https:\/\/www.facebook.com\/eldiario.bolivia\/\" \/>\n<meta property=\"article:published_time\" content=\"2024-08-20T10:29:08+00:00\" \/>\n<meta property=\"og:image\" content=\"https:\/\/www.eldiario.net\/portal\/wp-content\/uploads\/2024\/08\/Joao-Felix-19.jpg\" \/>\n\t<meta property=\"og:image:width\" content=\"502\" \/>\n\t<meta property=\"og:image:height\" content=\"475\" \/>\n\t<meta property=\"og:image:type\" content=\"image\/jpeg\" \/>\n<meta name=\"author\" content=\"Jeanette\" \/>\n<meta name=\"twitter:card\" content=\"summary_large_image\" \/>\n<meta name=\"twitter:creator\" content=\"@eldiario_net\" \/>\n<meta name=\"twitter:site\" content=\"@eldiario_net\" \/>\n<meta name=\"twitter:label1\" content=\"Escrito por\" \/>\n\t<meta name=\"twitter:data1\" content=\"Jeanette\" \/>\n\t<meta name=\"twitter:label2\" content=\"Tiempo de lectura\" \/>\n\t<meta name=\"twitter:data2\" content=\"2 minutos\" \/>\n<script type=\"application\/ld+json\" class=\"yoast-schema-graph\">{\"@context\":\"https:\\\/\\\/schema.org\",\"@graph\":[{\"@type\":\"Article\",\"@id\":\"https:\\\/\\\/www.eldiario.net\\\/portal\\\/2024\\\/08\\\/20\\\/joao-felix-cedido-al-chelsea-gallagher-llega-a-madrid-hoy\\\/#article\",\"isPartOf\":{\"@id\":\"https:\\\/\\\/www.eldiario.net\\\/portal\\\/2024\\\/08\\\/20\\\/joao-felix-cedido-al-chelsea-gallagher-llega-a-madrid-hoy\\\/\"},\"author\":{\"name\":\"Jeanette\",\"@id\":\"https:\\\/\\\/www.eldiario.net\\\/portal\\\/#\\\/schema\\\/person\\\/2c57cf2b7a7ae032e449e4c9b1019eac\"},\"headline\":\"Jo\u00e3o F\u00e9lix, cedido al Chelsea; Gallagher llega a Madrid hoy\",\"datePublished\":\"2024-08-20T10:29:08+00:00\",\"mainEntityOfPage\":{\"@id\":\"https:\\\/\\\/www.eldiario.net\\\/portal\\\/2024\\\/08\\\/20\\\/joao-felix-cedido-al-chelsea-gallagher-llega-a-madrid-hoy\\\/\"},\"wordCount\":405,\"commentCount\":0,\"publisher\":{\"@id\":\"https:\\\/\\\/www.eldiario.net\\\/portal\\\/#organization\"},\"image\":{\"@id\":\"https:\\\/\\\/www.eldiario.net\\\/portal\\\/2024\\\/08\\\/20\\\/joao-felix-cedido-al-chelsea-gallagher-llega-a-madrid-hoy\\\/#primaryimage\"},\"thumbnailUrl\":\"https:\\\/\\\/www.eldiario.net\\\/portal\\\/wp-content\\\/uploads\\\/2024\\\/08\\\/Joao-Felix-19.jpg\",\"articleSection\":[\"Deportes\"],\"inLanguage\":\"es\",\"potentialAction\":[{\"@type\":\"CommentAction\",\"name\":\"Comment\",\"target\":[\"https:\\\/\\\/www.eldiario.net\\\/portal\\\/2024\\\/08\\\/20\\\/joao-felix-cedido-al-chelsea-gallagher-llega-a-madrid-hoy\\\/#respond\"]}]},{\"@type\":\"WebPage\",\"@id\":\"https:\\\/\\\/www.eldiario.net\\\/portal\\\/2024\\\/08\\\/20\\\/joao-felix-cedido-al-chelsea-gallagher-llega-a-madrid-hoy\\\/\",\"url\":\"https:\\\/\\\/www.eldiario.net\\\/portal\\\/2024\\\/08\\\/20\\\/joao-felix-cedido-al-chelsea-gallagher-llega-a-madrid-hoy\\\/\",\"name\":\"Jo\u00e3o F\u00e9lix, cedido al Chelsea; Gallagher llega a Madrid hoy - El Diario - Bolivia\",\"isPartOf\":{\"@id\":\"https:\\\/\\\/www.eldiario.net\\\/portal\\\/#website\"},\"primaryImageOfPage\":{\"@id\":\"https:\\\/\\\/www.eldiario.net\\\/portal\\\/2024\\\/08\\\/20\\\/joao-felix-cedido-al-chelsea-gallagher-llega-a-madrid-hoy\\\/#primaryimage\"},\"image\":{\"@id\":\"https:\\\/\\\/www.eldiario.net\\\/portal\\\/2024\\\/08\\\/20\\\/joao-felix-cedido-al-chelsea-gallagher-llega-a-madrid-hoy\\\/#primaryimage\"},\"thumbnailUrl\":\"https:\\\/\\\/www.eldiario.net\\\/portal\\\/wp-content\\\/uploads\\\/2024\\\/08\\\/Joao-Felix-19.jpg\",\"datePublished\":\"2024-08-20T10:29:08+00:00\",\"breadcrumb\":{\"@id\":\"https:\\\/\\\/www.eldiario.net\\\/portal\\\/2024\\\/08\\\/20\\\/joao-felix-cedido-al-chelsea-gallagher-llega-a-madrid-hoy\\\/#breadcrumb\"},\"inLanguage\":\"es\",\"potentialAction\":[{\"@type\":\"ReadAction\",\"target\":[\"https:\\\/\\\/www.eldiario.net\\\/portal\\\/2024\\\/08\\\/20\\\/joao-felix-cedido-al-chelsea-gallagher-llega-a-madrid-hoy\\\/\"]}]},{\"@type\":\"ImageObject\",\"inLanguage\":\"es\",\"@id\":\"https:\\\/\\\/www.eldiario.net\\\/portal\\\/2024\\\/08\\\/20\\\/joao-felix-cedido-al-chelsea-gallagher-llega-a-madrid-hoy\\\/#primaryimage\",\"url\":\"https:\\\/\\\/www.eldiario.net\\\/portal\\\/wp-content\\\/uploads\\\/2024\\\/08\\\/Joao-Felix-19.jpg\",\"contentUrl\":\"https:\\\/\\\/www.eldiario.net\\\/portal\\\/wp-content\\\/uploads\\\/2024\\\/08\\\/Joao-Felix-19.jpg\",\"width\":502,\"height\":475},{\"@type\":\"BreadcrumbList\",\"@id\":\"https:\\\/\\\/www.eldiario.net\\\/portal\\\/2024\\\/08\\\/20\\\/joao-felix-cedido-al-chelsea-gallagher-llega-a-madrid-hoy\\\/#breadcrumb\",\"itemListElement\":[{\"@type\":\"ListItem\",\"position\":1,\"name\":\"Portada\",\"item\":\"https:\\\/\\\/www.eldiario.net\\\/portal\\\/\"},{\"@type\":\"ListItem\",\"position\":2,\"name\":\"Jo\u00e3o F\u00e9lix, cedido al Chelsea; Gallagher llega a Madrid hoy\"}]},{\"@type\":\"WebSite\",\"@id\":\"https:\\\/\\\/www.eldiario.net\\\/portal\\\/#website\",\"url\":\"https:\\\/\\\/www.eldiario.net\\\/portal\\\/\",\"name\":\"El Diario - Decano de la prensa nacional\",\"description\":\"El Diario - Decano de la prensa nacional\",\"publisher\":{\"@id\":\"https:\\\/\\\/www.eldiario.net\\\/portal\\\/#organization\"},\"potentialAction\":[{\"@type\":\"SearchAction\",\"target\":{\"@type\":\"EntryPoint\",\"urlTemplate\":\"https:\\\/\\\/www.eldiario.net\\\/portal\\\/?s={search_term_string}\"},\"query-input\":{\"@type\":\"PropertyValueSpecification\",\"valueRequired\":true,\"valueName\":\"search_term_string\"}}],\"inLanguage\":\"es\"},{\"@type\":\"Organization\",\"@id\":\"https:\\\/\\\/www.eldiario.net\\\/portal\\\/#organization\",\"name\":\"El Diario - Decano de la prensa nacional\",\"url\":\"https:\\\/\\\/www.eldiario.net\\\/portal\\\/\",\"logo\":{\"@type\":\"ImageObject\",\"inLanguage\":\"es\",\"@id\":\"https:\\\/\\\/www.eldiario.net\\\/portal\\\/#\\\/schema\\\/logo\\\/image\\\/\",\"url\":\"https:\\\/\\\/www.eldiario.net\\\/portal\\\/wp-content\\\/uploads\\\/2023\\\/07\\\/logo_ED.jpg\",\"contentUrl\":\"https:\\\/\\\/www.eldiario.net\\\/portal\\\/wp-content\\\/uploads\\\/2023\\\/07\\\/logo_ED.jpg\",\"width\":272,\"height\":52,\"caption\":\"El Diario - Decano de la prensa nacional\"},\"image\":{\"@id\":\"https:\\\/\\\/www.eldiario.net\\\/portal\\\/#\\\/schema\\\/logo\\\/image\\\/\"},\"sameAs\":[\"https:\\\/\\\/www.facebook.com\\\/eldiario.bolivia\\\/\",\"https:\\\/\\\/x.com\\\/eldiario_net\"]},{\"@type\":\"Person\",\"@id\":\"https:\\\/\\\/www.eldiario.net\\\/portal\\\/#\\\/schema\\\/person\\\/2c57cf2b7a7ae032e449e4c9b1019eac\",\"name\":\"Jeanette\",\"image\":{\"@type\":\"ImageObject\",\"inLanguage\":\"es\",\"@id\":\"https:\\\/\\\/secure.gravatar.com\\\/avatar\\\/3ea2118a5f7dad2b7138b1187a6b7ee55f160b9968b66013c3a3ef39dd7e5798?s=96&d=mm&r=g\",\"url\":\"https:\\\/\\\/secure.gravatar.com\\\/avatar\\\/3ea2118a5f7dad2b7138b1187a6b7ee55f160b9968b66013c3a3ef39dd7e5798?s=96&d=mm&r=g\",\"contentUrl\":\"https:\\\/\\\/secure.gravatar.com\\\/avatar\\\/3ea2118a5f7dad2b7138b1187a6b7ee55f160b9968b66013c3a3ef39dd7e5798?s=96&d=mm&r=g\",\"caption\":\"Jeanette\"},\"sameAs\":[\"https:\\\/\\\/www.eldiario.net\\\/portal\"],\"url\":\"https:\\\/\\\/www.eldiario.net\\\/portal\\\/author\\\/jeanette\\\/\"}]}<\/script>\n<!-- \/ Yoast SEO plugin. -->","yoast_head_json":{"title":"Jo\u00e3o F\u00e9lix, cedido al Chelsea; Gallagher llega a Madrid hoy - El Diario - Bolivia","robots":{"index":"index","follow":"follow","max-snippet":"max-snippet:-1","max-image-preview":"max-image-preview:large","max-video-preview":"max-video-preview:-1"},"canonical":"https:\/\/www.eldiario.net\/portal\/2024\/08\/20\/joao-felix-cedido-al-chelsea-gallagher-llega-a-madrid-hoy\/","og_locale":"es_ES","og_type":"article","og_title":"Jo\u00e3o F\u00e9lix, cedido al Chelsea; Gallagher llega a Madrid hoy - El Diario - Bolivia","og_description":"El Atl\u00e9tico y el club londinense acuerdan el traspaso del portugu\u00e9s por 50M\u20ac m\u00e1s 10 en variables. El centrocampista ingl\u00e9s volver\u00e1 a volar este martes a Madrid. Jo\u00e3o F\u00e9lix vive sus \u00faltimas horas en el Atl\u00e9tico, ahora s\u00ed que s\u00ed, aunque sea desde la convocatoria en Vila-real. La ma\u00f1ana de este lunes el club rojiblanco [&hellip;]","og_url":"https:\/\/www.eldiario.net\/portal\/2024\/08\/20\/joao-felix-cedido-al-chelsea-gallagher-llega-a-madrid-hoy\/","og_site_name":"El Diario - Bolivia","article_publisher":"https:\/\/www.facebook.com\/eldiario.bolivia\/","article_published_time":"2024-08-20T10:29:08+00:00","og_image":[{"width":502,"height":475,"url":"https:\/\/www.eldiario.net\/portal\/wp-content\/uploads\/2024\/08\/Joao-Felix-19.jpg","type":"image\/jpeg"}],"author":"Jeanette","twitter_card":"summary_large_image","twitter_creator":"@eldiario_net","twitter_site":"@eldiario_net","twitter_misc":{"Escrito por":"Jeanette","Tiempo de lectura":"2 minutos"},"schema":{"@context":"https:\/\/schema.org","@graph":[{"@type":"Article","@id":"https:\/\/www.eldiario.net\/portal\/2024\/08\/20\/joao-felix-cedido-al-chelsea-gallagher-llega-a-madrid-hoy\/#article","isPartOf":{"@id":"https:\/\/www.eldiario.net\/portal\/2024\/08\/20\/joao-felix-cedido-al-chelsea-gallagher-llega-a-madrid-hoy\/"},"author":{"name":"Jeanette","@id":"https:\/\/www.eldiario.net\/portal\/#\/schema\/person\/2c57cf2b7a7ae032e449e4c9b1019eac"},"headline":"Jo\u00e3o F\u00e9lix, cedido al Chelsea; Gallagher llega a Madrid hoy","datePublished":"2024-08-20T10:29:08+00:00","mainEntityOfPage":{"@id":"https:\/\/www.eldiario.net\/portal\/2024\/08\/20\/joao-felix-cedido-al-chelsea-gallagher-llega-a-madrid-hoy\/"},"wordCount":405,"commentCount":0,"publisher":{"@id":"https:\/\/www.eldiario.net\/portal\/#organization"},"image":{"@id":"https:\/\/www.eldiario.net\/portal\/2024\/08\/20\/joao-felix-cedido-al-chelsea-gallagher-llega-a-madrid-hoy\/#primaryimage"},"thumbnailUrl":"https:\/\/www.eldiario.net\/portal\/wp-content\/uploads\/2024\/08\/Joao-Felix-19.jpg","articleSection":["Deportes"],"inLanguage":"es","potentialAction":[{"@type":"CommentAction","name":"Comment","target":["https:\/\/www.eldiario.net\/portal\/2024\/08\/20\/joao-felix-cedido-al-chelsea-gallagher-llega-a-madrid-hoy\/#respond"]}]},{"@type":"WebPage","@id":"https:\/\/www.eldiario.net\/portal\/2024\/08\/20\/joao-felix-cedido-al-chelsea-gallagher-llega-a-madrid-hoy\/","url":"https:\/\/www.eldiario.net\/portal\/2024\/08\/20\/joao-felix-cedido-al-chelsea-gallagher-llega-a-madrid-hoy\/","name":"Jo\u00e3o F\u00e9lix, cedido al Chelsea; Gallagher llega a Madrid hoy - El Diario - Bolivia","isPartOf":{"@id":"https:\/\/www.eldiario.net\/portal\/#website"},"primaryImageOfPage":{"@id":"https:\/\/www.eldiario.net\/portal\/2024\/08\/20\/joao-felix-cedido-al-chelsea-gallagher-llega-a-madrid-hoy\/#primaryimage"},"image":{"@id":"https:\/\/www.eldiario.net\/portal\/2024\/08\/20\/joao-felix-cedido-al-chelsea-gallagher-llega-a-madrid-hoy\/#primaryimage"},"thumbnailUrl":"https:\/\/www.eldiario.net\/portal\/wp-content\/uploads\/2024\/08\/Joao-Felix-19.jpg","datePublished":"2024-08-20T10:29:08+00:00","breadcrumb":{"@id":"https:\/\/www.eldiario.net\/portal\/2024\/08\/20\/joao-felix-cedido-al-chelsea-gallagher-llega-a-madrid-hoy\/#breadcrumb"},"inLanguage":"es","potentialAction":[{"@type":"ReadAction","target":["https:\/\/www.eldiario.net\/portal\/2024\/08\/20\/joao-felix-cedido-al-chelsea-gallagher-llega-a-madrid-hoy\/"]}]},{"@type":"ImageObject","inLanguage":"es","@id":"https:\/\/www.eldiario.net\/portal\/2024\/08\/20\/joao-felix-cedido-al-chelsea-gallagher-llega-a-madrid-hoy\/#primaryimage","url":"https:\/\/www.eldiario.net\/portal\/wp-content\/uploads\/2024\/08\/Joao-Felix-19.jpg","contentUrl":"https:\/\/www.eldiario.net\/portal\/wp-content\/uploads\/2024\/08\/Joao-Felix-19.jpg","width":502,"height":475},{"@type":"BreadcrumbList","@id":"https:\/\/www.eldiario.net\/portal\/2024\/08\/20\/joao-felix-cedido-al-chelsea-gallagher-llega-a-madrid-hoy\/#breadcrumb","itemListElement":[{"@type":"ListItem","position":1,"name":"Portada","item":"https:\/\/www.eldiario.net\/portal\/"},{"@type":"ListItem","position":2,"name":"Jo\u00e3o F\u00e9lix, cedido al Chelsea; Gallagher llega a Madrid hoy"}]},{"@type":"WebSite","@id":"https:\/\/www.eldiario.net\/portal\/#website","url":"https:\/\/www.eldiario.net\/portal\/","name":"El Diario - Decano de la prensa nacional","description":"El Diario - Decano de la prensa nacional","publisher":{"@id":"https:\/\/www.eldiario.net\/portal\/#organization"},"potentialAction":[{"@type":"SearchAction","target":{"@type":"EntryPoint","urlTemplate":"https:\/\/www.eldiario.net\/portal\/?s={search_term_string}"},"query-input":{"@type":"PropertyValueSpecification","valueRequired":true,"valueName":"search_term_string"}}],"inLanguage":"es"},{"@type":"Organization","@id":"https:\/\/www.eldiario.net\/portal\/#organization","name":"El Diario - Decano de la prensa nacional","url":"https:\/\/www.eldiario.net\/portal\/","logo":{"@type":"ImageObject","inLanguage":"es","@id":"https:\/\/www.eldiario.net\/portal\/#\/schema\/logo\/image\/","url":"https:\/\/www.eldiario.net\/portal\/wp-content\/uploads\/2023\/07\/logo_ED.jpg","contentUrl":"https:\/\/www.eldiario.net\/portal\/wp-content\/uploads\/2023\/07\/logo_ED.jpg","width":272,"height":52,"caption":"El Diario - Decano de la prensa nacional"},"image":{"@id":"https:\/\/www.eldiario.net\/portal\/#\/schema\/logo\/image\/"},"sameAs":["https:\/\/www.facebook.com\/eldiario.bolivia\/","https:\/\/x.com\/eldiario_net"]},{"@type":"Person","@id":"https:\/\/www.eldiario.net\/portal\/#\/schema\/person\/2c57cf2b7a7ae032e449e4c9b1019eac","name":"Jeanette","image":{"@type":"ImageObject","inLanguage":"es","@id":"https:\/\/secure.gravatar.com\/avatar\/3ea2118a5f7dad2b7138b1187a6b7ee55f160b9968b66013c3a3ef39dd7e5798?s=96&d=mm&r=g","url":"https:\/\/secure.gravatar.com\/avatar\/3ea2118a5f7dad2b7138b1187a6b7ee55f160b9968b66013c3a3ef39dd7e5798?s=96&d=mm&r=g","contentUrl":"https:\/\/secure.gravatar.com\/avatar\/3ea2118a5f7dad2b7138b1187a6b7ee55f160b9968b66013c3a3ef39dd7e5798?s=96&d=mm&r=g","caption":"Jeanette"},"sameAs":["https:\/\/www.eldiario.net\/portal"],"url":"https:\/\/www.eldiario.net\/portal\/author\/jeanette\/"}]}},"_links":{"self":[{"href":"https:\/\/www.eldiario.net\/portal\/wp-json\/wp\/v2\/posts\/241967","targetHints":{"allow":["GET"]}}],"collection":[{"href":"https:\/\/www.eldiario.net\/portal\/wp-json\/wp\/v2\/posts"}],"about":[{"href":"https:\/\/www.eldiario.net\/portal\/wp-json\/wp\/v2\/types\/post"}],"author":[{"embeddable":true,"href":"https:\/\/www.eldiario.net\/portal\/wp-json\/wp\/v2\/users\/1"}],"replies":[{"embeddable":true,"href":"https:\/\/www.eldiario.net\/portal\/wp-json\/wp\/v2\/comments?post=241967"}],"version-history":[{"count":1,"href":"https:\/\/www.eldiario.net\/portal\/wp-json\/wp\/v2\/posts\/241967\/revisions"}],"predecessor-version":[{"id":241969,"href":"https:\/\/www.eldiario.net\/portal\/wp-json\/wp\/v2\/posts\/241967\/revisions\/241969"}],"wp:featuredmedia":[{"embeddable":true,"href":"https:\/\/www.eldiario.net\/portal\/wp-json\/wp\/v2\/media\/241968"}],"wp:attachment":[{"href":"https:\/\/www.eldiario.net\/portal\/wp-json\/wp\/v2\/media?parent=241967"}],"wp:term":[{"taxonomy":"category","embeddable":true,"href":"https:\/\/www.eldiario.net\/portal\/wp-json\/wp\/v2\/categories?post=241967"},{"taxonomy":"post_tag","embeddable":true,"href":"https:\/\/www.eldiario.net\/portal\/wp-json\/wp\/v2\/tags?post=241967"}],"curies":[{"name":"wp","href":"https:\/\/api.w.org\/{rel}","templated":true}]}}