{"id":241964,"date":"2024-08-20T06:28:01","date_gmt":"2024-08-20T10:28:01","guid":{"rendered":"https:\/\/www.eldiario.net\/portal\/?p=241964"},"modified":"2024-08-20T06:28:01","modified_gmt":"2024-08-20T10:28:01","slug":"convencion-democrata-hara-oficial-a-candidata-harris-para-elecciones-2024","status":"publish","type":"post","link":"https:\/\/www.eldiario.net\/portal\/2024\/08\/20\/convencion-democrata-hara-oficial-a-candidata-harris-para-elecciones-2024\/","title":{"rendered":"Convenci\u00f3n dem\u00f3crata har\u00e1 oficial a  candidata Harris para elecciones 2024"},"content":{"rendered":"<p>El Partido Dem\u00f3crata de Estados Unidos comenz\u00f3 ayer en Chicago, una gran convenci\u00f3n nacional en medio de un ambiente renovador en la figura de la vicepresidenta, Kamala Harris, quien sin oposici\u00f3n alguna ser\u00e1 la candidata a las elecciones en la Casa Blanca, tras la retirada del actual mandatario, Joe Biden de la carrera electoral.<\/p>\n<p>Las zonas de la ciudad en la que se encuentran el United Center, el famoso estadio de los Chicago Bulls con la estatua de Michael Jordan en su entrada, y el McCormick Place Convention Center, cercano a la costa del lago Michogan, est\u00e1n vedada al tr\u00e1nsito habitual por las fuertes medidas de seguridad que se han impuesto.<\/p>\n<p>Aunque el hecho ya pas\u00f3 de las primeras planas de los portales en general, el atentado contra Donald Trump durante uno de los actos de campa\u00f1a del candidato republicano marc\u00f3 la agenda de los servicios secretos como hace d\u00e9cadas no suced\u00eda en los Estados Unidos y nadie quiere volver a sufrir por errores que pongan en peligro la vida de los pol\u00edticos.<\/p>\n<p>Aunque figuras tan destacadas del partido como el expresidente Barack Obama propon\u00edan que la convenci\u00f3n de Illinois representara un transparente ejercicio de primarias entre varios candidatos, lo cierto es que Harris consigui\u00f3 recabar en tiempo r\u00e9cord, dos semanas aproximadamente tras la retirada de Biden, el n\u00famero de delegados estatales necesario para que su candidatura sea pr\u00e1cticamente un hecho consumado.<\/p>\n<p>No solo Biden traslad\u00f3 su respaldo a su vicepresidenta a los pocos minutos de anunciar su retirada el 21 de julio: el matrimonio Clinton tambi\u00e9n envi\u00f3 su apoyo a Harris antes de que terminara el d\u00eda, mientras posibles rivales como el gobernador de California, Gavin Newsom, anunciaban poco despu\u00e9s que no ten\u00edan la m\u00e1s m\u00ednima intenci\u00f3n de hacer frente a la n\u00famero dos de la Administraci\u00f3n.<\/p>\n<p>La celeridad con la que se desarroll\u00f3 este proceso ha facilitado relativamente el doble objetivo que se marc\u00f3 en un primer momento la campa\u00f1a de Harris: conseguir identificar n\u00edtidamente las propuestas de la candidata despu\u00e9s de tres a\u00f1os a la sombra de Biden y elegir a un acompa\u00f1ante apropiado para la nominaci\u00f3n a la vicepresidencia, que finalmente recay\u00f3 en el gobernador de Minnesota, Tim Walz.<\/p>\n<p>Esta claridad se tradujo en un repunte en las encuestas contra el candidato republicano, el expresidente Donald Trump, quien perdi\u00f3 en menos de un mes los tres puntos de ventaja sobre Biden que le conced\u00eda la media nacional de sondeos recabada por la p\u00e1gina RealClearPolitics, y ahora est\u00e1 a 1,2 puntos de distancia de Harris, de acuerdo con el mismo recopilatorio (una situaci\u00f3n aproximada de empate t\u00e9cnico y todo por decidir, dado el margen de error existente m\u00e1s o menos 3 puntos).<\/p>\n<p>El Partido Republicano tampoco perdi\u00f3 el tiempo a la hora de denunciar el evento de Chicago. El candidato de Trump a la vicepresidencia, J.D. Vance, se\u00f1al\u00f3 el mes pasado que la ausencia de oposici\u00f3n a Harris es \u201cuna amenaza para la democracia\u201d tras recordar que la vicepresidenta no est\u00e1 respaldada por las primarias dem\u00f3cratas de principios de a\u00f1o (en las que Biden segu\u00eda siendo candidato).<\/p>\n<p>\u201cSi uno quiere presentarse a la Presidencia, hay que defender su postura ante el electorado, como hizo el (ex)presidente Trump\u201d, sostuvo Vance durante un mitin en su ciudad natal de Middletown, en Ohio.<\/p>\n<p>LOS BIDEN Y HARRIS, A LA SOMBRA DE GAZA Y DEL 68<\/p>\n<p>La convenci\u00f3n se prolongar\u00e1 hasta este jueves pero este d\u00eda de apertura, sin ir m\u00e1s lejos, ser\u00e1 testigo de la comparecencia del matrimonio Biden, que viajar\u00e1 este mismo d\u00eda a Chicago. Ya por la noche, Joe Biden y la primera dama, Jill Biden, pronunciar\u00e1n sendos discursos para declarar su respaldo definitivo y sin fisuras a su candidata ante la multitud congregada en el United Center de la ciudad.<\/p>\n<p>Chicago acoger\u00e1 este evento 56 a\u00f1os despu\u00e9s de la trascendental convenci\u00f3n de la que fue escenario en 1968, uno de los momentos culminantes del movimiento pacifista y contracultural estadounidense, que, bajo el lema \u201cEl mundo nos observa\u201d, denunci\u00f3 una ola de represi\u00f3n policial durante el evento que se sald\u00f3 con un muerto, m\u00e1s de 500 heridos y la imputaci\u00f3n de hist\u00f3ricos del movimiento como Abbie Hoffman o Lee Weiner en lo que se conocer\u00eda como \u201cEl Juicio de los 7 de Chicago\u201d.<\/p>\n<p>Este a\u00f1o, grupos propalestinos anunciaron su intenci\u00f3n de seguir estos pasos con la convocatoria de manifestaciones multitudinarias, unas 20.000 personas, esperan los organizadores, en el Union Park, en las inmediaciones del United Center, para protestar por el respaldo de EEUU a Israel durante la guerra de Gaza.<\/p>\n<p>Concretamente habr\u00e1 tres d\u00edas de protestas: ayer, el pr\u00f3ximo 21 de agosto, cuando el gobernador Walz acepte formalmente la nominaci\u00f3n, y finalmente el jueves 22, cl\u00edmax del evento, y el momento en que Kamala Harris ser\u00e1 designada oficialmente como candidata del partido. (Infobae y AP)<\/p>\n<p>&nbsp;<\/p>\n","protected":false},"excerpt":{"rendered":"<p>El Partido Dem\u00f3crata de Estados Unidos comenz\u00f3 ayer en Chicago, una gran convenci\u00f3n nacional en medio de un ambiente renovador en la figura de la vicepresidenta, Kamala Harris, quien sin oposici\u00f3n alguna ser\u00e1 la candidata a las elecciones en la Casa Blanca, tras la retirada del actual mandatario, Joe Biden de la carrera electoral. Las [&hellip;]<\/p>\n","protected":false},"author":1,"featured_media":241965,"comment_status":"open","ping_status":"open","sticky":false,"template":"","format":"standard","meta":{"_acf_changed":false,"footnotes":""},"categories":[3],"tags":[],"class_list":["post-241964","post","type-post","status-publish","format-standard","has-post-thumbnail","category-internacional"],"acf":{"antetitulo":"Estados Unidos"},"yoast_head":"<!-- This site is optimized with the Yoast SEO plugin v28.4 - https:\/\/yoast.com\/product\/yoast-seo-wordpress\/ -->\n<title>Convenci\u00f3n dem\u00f3crata har\u00e1 oficial a candidata Harris para elecciones 2024 - El Diario - Bolivia<\/title>\n<meta name=\"robots\" content=\"index, follow, max-snippet:-1, max-image-preview:large, max-video-preview:-1\" \/>\n<link rel=\"canonical\" href=\"https:\/\/www.eldiario.net\/portal\/2024\/08\/20\/convencion-democrata-hara-oficial-a-candidata-harris-para-elecciones-2024\/\" \/>\n<meta property=\"og:locale\" content=\"es_ES\" \/>\n<meta property=\"og:type\" content=\"article\" \/>\n<meta property=\"og:title\" content=\"Convenci\u00f3n dem\u00f3crata har\u00e1 oficial a candidata Harris para elecciones 2024 - El Diario - Bolivia\" \/>\n<meta property=\"og:description\" content=\"El Partido Dem\u00f3crata de Estados Unidos comenz\u00f3 ayer en Chicago, una gran convenci\u00f3n nacional en medio de un ambiente renovador en la figura de la vicepresidenta, Kamala Harris, quien sin oposici\u00f3n alguna ser\u00e1 la candidata a las elecciones en la Casa Blanca, tras la retirada del actual mandatario, Joe Biden de la carrera electoral. Las [&hellip;]\" \/>\n<meta property=\"og:url\" content=\"https:\/\/www.eldiario.net\/portal\/2024\/08\/20\/convencion-democrata-hara-oficial-a-candidata-harris-para-elecciones-2024\/\" \/>\n<meta property=\"og:site_name\" content=\"El Diario - Bolivia\" \/>\n<meta property=\"article:publisher\" content=\"https:\/\/www.facebook.com\/eldiario.bolivia\/\" \/>\n<meta property=\"article:published_time\" content=\"2024-08-20T10:28:01+00:00\" \/>\n<meta property=\"og:image\" content=\"https:\/\/www.eldiario.net\/portal\/wp-content\/uploads\/2024\/08\/CONVENCION-FOTO.png\" \/>\n\t<meta property=\"og:image:width\" content=\"1068\" \/>\n\t<meta property=\"og:image:height\" content=\"601\" \/>\n\t<meta property=\"og:image:type\" content=\"image\/png\" \/>\n<meta name=\"author\" content=\"Jeanette\" \/>\n<meta name=\"twitter:card\" content=\"summary_large_image\" \/>\n<meta name=\"twitter:creator\" content=\"@eldiario_net\" \/>\n<meta name=\"twitter:site\" content=\"@eldiario_net\" \/>\n<meta name=\"twitter:label1\" content=\"Escrito por\" \/>\n\t<meta name=\"twitter:data1\" content=\"Jeanette\" \/>\n\t<meta name=\"twitter:label2\" content=\"Tiempo de lectura\" \/>\n\t<meta name=\"twitter:data2\" content=\"4 minutos\" \/>\n<script type=\"application\/ld+json\" class=\"yoast-schema-graph\">{\"@context\":\"https:\\\/\\\/schema.org\",\"@graph\":[{\"@type\":\"Article\",\"@id\":\"https:\\\/\\\/www.eldiario.net\\\/portal\\\/2024\\\/08\\\/20\\\/convencion-democrata-hara-oficial-a-candidata-harris-para-elecciones-2024\\\/#article\",\"isPartOf\":{\"@id\":\"https:\\\/\\\/www.eldiario.net\\\/portal\\\/2024\\\/08\\\/20\\\/convencion-democrata-hara-oficial-a-candidata-harris-para-elecciones-2024\\\/\"},\"author\":{\"name\":\"Jeanette\",\"@id\":\"https:\\\/\\\/www.eldiario.net\\\/portal\\\/#\\\/schema\\\/person\\\/2c57cf2b7a7ae032e449e4c9b1019eac\"},\"headline\":\"Convenci\u00f3n dem\u00f3crata har\u00e1 oficial a candidata Harris para elecciones 2024\",\"datePublished\":\"2024-08-20T10:28:01+00:00\",\"mainEntityOfPage\":{\"@id\":\"https:\\\/\\\/www.eldiario.net\\\/portal\\\/2024\\\/08\\\/20\\\/convencion-democrata-hara-oficial-a-candidata-harris-para-elecciones-2024\\\/\"},\"wordCount\":858,\"commentCount\":0,\"publisher\":{\"@id\":\"https:\\\/\\\/www.eldiario.net\\\/portal\\\/#organization\"},\"image\":{\"@id\":\"https:\\\/\\\/www.eldiario.net\\\/portal\\\/2024\\\/08\\\/20\\\/convencion-democrata-hara-oficial-a-candidata-harris-para-elecciones-2024\\\/#primaryimage\"},\"thumbnailUrl\":\"https:\\\/\\\/www.eldiario.net\\\/portal\\\/wp-content\\\/uploads\\\/2024\\\/08\\\/CONVENCION-FOTO.png\",\"articleSection\":[\"Internacional\"],\"inLanguage\":\"es\",\"potentialAction\":[{\"@type\":\"CommentAction\",\"name\":\"Comment\",\"target\":[\"https:\\\/\\\/www.eldiario.net\\\/portal\\\/2024\\\/08\\\/20\\\/convencion-democrata-hara-oficial-a-candidata-harris-para-elecciones-2024\\\/#respond\"]}]},{\"@type\":\"WebPage\",\"@id\":\"https:\\\/\\\/www.eldiario.net\\\/portal\\\/2024\\\/08\\\/20\\\/convencion-democrata-hara-oficial-a-candidata-harris-para-elecciones-2024\\\/\",\"url\":\"https:\\\/\\\/www.eldiario.net\\\/portal\\\/2024\\\/08\\\/20\\\/convencion-democrata-hara-oficial-a-candidata-harris-para-elecciones-2024\\\/\",\"name\":\"Convenci\u00f3n dem\u00f3crata har\u00e1 oficial a candidata Harris para elecciones 2024 - El Diario - Bolivia\",\"isPartOf\":{\"@id\":\"https:\\\/\\\/www.eldiario.net\\\/portal\\\/#website\"},\"primaryImageOfPage\":{\"@id\":\"https:\\\/\\\/www.eldiario.net\\\/portal\\\/2024\\\/08\\\/20\\\/convencion-democrata-hara-oficial-a-candidata-harris-para-elecciones-2024\\\/#primaryimage\"},\"image\":{\"@id\":\"https:\\\/\\\/www.eldiario.net\\\/portal\\\/2024\\\/08\\\/20\\\/convencion-democrata-hara-oficial-a-candidata-harris-para-elecciones-2024\\\/#primaryimage\"},\"thumbnailUrl\":\"https:\\\/\\\/www.eldiario.net\\\/portal\\\/wp-content\\\/uploads\\\/2024\\\/08\\\/CONVENCION-FOTO.png\",\"datePublished\":\"2024-08-20T10:28:01+00:00\",\"breadcrumb\":{\"@id\":\"https:\\\/\\\/www.eldiario.net\\\/portal\\\/2024\\\/08\\\/20\\\/convencion-democrata-hara-oficial-a-candidata-harris-para-elecciones-2024\\\/#breadcrumb\"},\"inLanguage\":\"es\",\"potentialAction\":[{\"@type\":\"ReadAction\",\"target\":[\"https:\\\/\\\/www.eldiario.net\\\/portal\\\/2024\\\/08\\\/20\\\/convencion-democrata-hara-oficial-a-candidata-harris-para-elecciones-2024\\\/\"]}]},{\"@type\":\"ImageObject\",\"inLanguage\":\"es\",\"@id\":\"https:\\\/\\\/www.eldiario.net\\\/portal\\\/2024\\\/08\\\/20\\\/convencion-democrata-hara-oficial-a-candidata-harris-para-elecciones-2024\\\/#primaryimage\",\"url\":\"https:\\\/\\\/www.eldiario.net\\\/portal\\\/wp-content\\\/uploads\\\/2024\\\/08\\\/CONVENCION-FOTO.png\",\"contentUrl\":\"https:\\\/\\\/www.eldiario.net\\\/portal\\\/wp-content\\\/uploads\\\/2024\\\/08\\\/CONVENCION-FOTO.png\",\"width\":1068,\"height\":601,\"caption\":\"La candidata dem\u00f3crata Kamala Harris. CR\u00c9DITO: LISA NEWS\"},{\"@type\":\"BreadcrumbList\",\"@id\":\"https:\\\/\\\/www.eldiario.net\\\/portal\\\/2024\\\/08\\\/20\\\/convencion-democrata-hara-oficial-a-candidata-harris-para-elecciones-2024\\\/#breadcrumb\",\"itemListElement\":[{\"@type\":\"ListItem\",\"position\":1,\"name\":\"Portada\",\"item\":\"https:\\\/\\\/www.eldiario.net\\\/portal\\\/\"},{\"@type\":\"ListItem\",\"position\":2,\"name\":\"Convenci\u00f3n dem\u00f3crata har\u00e1 oficial a candidata Harris para elecciones 2024\"}]},{\"@type\":\"WebSite\",\"@id\":\"https:\\\/\\\/www.eldiario.net\\\/portal\\\/#website\",\"url\":\"https:\\\/\\\/www.eldiario.net\\\/portal\\\/\",\"name\":\"El Diario - Decano de la prensa nacional\",\"description\":\"El Diario - Decano de la prensa nacional\",\"publisher\":{\"@id\":\"https:\\\/\\\/www.eldiario.net\\\/portal\\\/#organization\"},\"potentialAction\":[{\"@type\":\"SearchAction\",\"target\":{\"@type\":\"EntryPoint\",\"urlTemplate\":\"https:\\\/\\\/www.eldiario.net\\\/portal\\\/?s={search_term_string}\"},\"query-input\":{\"@type\":\"PropertyValueSpecification\",\"valueRequired\":true,\"valueName\":\"search_term_string\"}}],\"inLanguage\":\"es\"},{\"@type\":\"Organization\",\"@id\":\"https:\\\/\\\/www.eldiario.net\\\/portal\\\/#organization\",\"name\":\"El Diario - Decano de la prensa nacional\",\"url\":\"https:\\\/\\\/www.eldiario.net\\\/portal\\\/\",\"logo\":{\"@type\":\"ImageObject\",\"inLanguage\":\"es\",\"@id\":\"https:\\\/\\\/www.eldiario.net\\\/portal\\\/#\\\/schema\\\/logo\\\/image\\\/\",\"url\":\"https:\\\/\\\/www.eldiario.net\\\/portal\\\/wp-content\\\/uploads\\\/2023\\\/07\\\/logo_ED.jpg\",\"contentUrl\":\"https:\\\/\\\/www.eldiario.net\\\/portal\\\/wp-content\\\/uploads\\\/2023\\\/07\\\/logo_ED.jpg\",\"width\":272,\"height\":52,\"caption\":\"El Diario - Decano de la prensa nacional\"},\"image\":{\"@id\":\"https:\\\/\\\/www.eldiario.net\\\/portal\\\/#\\\/schema\\\/logo\\\/image\\\/\"},\"sameAs\":[\"https:\\\/\\\/www.facebook.com\\\/eldiario.bolivia\\\/\",\"https:\\\/\\\/x.com\\\/eldiario_net\"]},{\"@type\":\"Person\",\"@id\":\"https:\\\/\\\/www.eldiario.net\\\/portal\\\/#\\\/schema\\\/person\\\/2c57cf2b7a7ae032e449e4c9b1019eac\",\"name\":\"Jeanette\",\"image\":{\"@type\":\"ImageObject\",\"inLanguage\":\"es\",\"@id\":\"https:\\\/\\\/secure.gravatar.com\\\/avatar\\\/3ea2118a5f7dad2b7138b1187a6b7ee55f160b9968b66013c3a3ef39dd7e5798?s=96&d=mm&r=g\",\"url\":\"https:\\\/\\\/secure.gravatar.com\\\/avatar\\\/3ea2118a5f7dad2b7138b1187a6b7ee55f160b9968b66013c3a3ef39dd7e5798?s=96&d=mm&r=g\",\"contentUrl\":\"https:\\\/\\\/secure.gravatar.com\\\/avatar\\\/3ea2118a5f7dad2b7138b1187a6b7ee55f160b9968b66013c3a3ef39dd7e5798?s=96&d=mm&r=g\",\"caption\":\"Jeanette\"},\"sameAs\":[\"https:\\\/\\\/www.eldiario.net\\\/portal\"],\"url\":\"https:\\\/\\\/www.eldiario.net\\\/portal\\\/author\\\/jeanette\\\/\"}]}<\/script>\n<!-- \/ Yoast SEO plugin. -->","yoast_head_json":{"title":"Convenci\u00f3n dem\u00f3crata har\u00e1 oficial a candidata Harris para elecciones 2024 - El Diario - Bolivia","robots":{"index":"index","follow":"follow","max-snippet":"max-snippet:-1","max-image-preview":"max-image-preview:large","max-video-preview":"max-video-preview:-1"},"canonical":"https:\/\/www.eldiario.net\/portal\/2024\/08\/20\/convencion-democrata-hara-oficial-a-candidata-harris-para-elecciones-2024\/","og_locale":"es_ES","og_type":"article","og_title":"Convenci\u00f3n dem\u00f3crata har\u00e1 oficial a candidata Harris para elecciones 2024 - El Diario - Bolivia","og_description":"El Partido Dem\u00f3crata de Estados Unidos comenz\u00f3 ayer en Chicago, una gran convenci\u00f3n nacional en medio de un ambiente renovador en la figura de la vicepresidenta, Kamala Harris, quien sin oposici\u00f3n alguna ser\u00e1 la candidata a las elecciones en la Casa Blanca, tras la retirada del actual mandatario, Joe Biden de la carrera electoral. Las [&hellip;]","og_url":"https:\/\/www.eldiario.net\/portal\/2024\/08\/20\/convencion-democrata-hara-oficial-a-candidata-harris-para-elecciones-2024\/","og_site_name":"El Diario - Bolivia","article_publisher":"https:\/\/www.facebook.com\/eldiario.bolivia\/","article_published_time":"2024-08-20T10:28:01+00:00","og_image":[{"width":1068,"height":601,"url":"https:\/\/www.eldiario.net\/portal\/wp-content\/uploads\/2024\/08\/CONVENCION-FOTO.png","type":"image\/png"}],"author":"Jeanette","twitter_card":"summary_large_image","twitter_creator":"@eldiario_net","twitter_site":"@eldiario_net","twitter_misc":{"Escrito por":"Jeanette","Tiempo de lectura":"4 minutos"},"schema":{"@context":"https:\/\/schema.org","@graph":[{"@type":"Article","@id":"https:\/\/www.eldiario.net\/portal\/2024\/08\/20\/convencion-democrata-hara-oficial-a-candidata-harris-para-elecciones-2024\/#article","isPartOf":{"@id":"https:\/\/www.eldiario.net\/portal\/2024\/08\/20\/convencion-democrata-hara-oficial-a-candidata-harris-para-elecciones-2024\/"},"author":{"name":"Jeanette","@id":"https:\/\/www.eldiario.net\/portal\/#\/schema\/person\/2c57cf2b7a7ae032e449e4c9b1019eac"},"headline":"Convenci\u00f3n dem\u00f3crata har\u00e1 oficial a candidata Harris para elecciones 2024","datePublished":"2024-08-20T10:28:01+00:00","mainEntityOfPage":{"@id":"https:\/\/www.eldiario.net\/portal\/2024\/08\/20\/convencion-democrata-hara-oficial-a-candidata-harris-para-elecciones-2024\/"},"wordCount":858,"commentCount":0,"publisher":{"@id":"https:\/\/www.eldiario.net\/portal\/#organization"},"image":{"@id":"https:\/\/www.eldiario.net\/portal\/2024\/08\/20\/convencion-democrata-hara-oficial-a-candidata-harris-para-elecciones-2024\/#primaryimage"},"thumbnailUrl":"https:\/\/www.eldiario.net\/portal\/wp-content\/uploads\/2024\/08\/CONVENCION-FOTO.png","articleSection":["Internacional"],"inLanguage":"es","potentialAction":[{"@type":"CommentAction","name":"Comment","target":["https:\/\/www.eldiario.net\/portal\/2024\/08\/20\/convencion-democrata-hara-oficial-a-candidata-harris-para-elecciones-2024\/#respond"]}]},{"@type":"WebPage","@id":"https:\/\/www.eldiario.net\/portal\/2024\/08\/20\/convencion-democrata-hara-oficial-a-candidata-harris-para-elecciones-2024\/","url":"https:\/\/www.eldiario.net\/portal\/2024\/08\/20\/convencion-democrata-hara-oficial-a-candidata-harris-para-elecciones-2024\/","name":"Convenci\u00f3n dem\u00f3crata har\u00e1 oficial a candidata Harris para elecciones 2024 - El Diario - Bolivia","isPartOf":{"@id":"https:\/\/www.eldiario.net\/portal\/#website"},"primaryImageOfPage":{"@id":"https:\/\/www.eldiario.net\/portal\/2024\/08\/20\/convencion-democrata-hara-oficial-a-candidata-harris-para-elecciones-2024\/#primaryimage"},"image":{"@id":"https:\/\/www.eldiario.net\/portal\/2024\/08\/20\/convencion-democrata-hara-oficial-a-candidata-harris-para-elecciones-2024\/#primaryimage"},"thumbnailUrl":"https:\/\/www.eldiario.net\/portal\/wp-content\/uploads\/2024\/08\/CONVENCION-FOTO.png","datePublished":"2024-08-20T10:28:01+00:00","breadcrumb":{"@id":"https:\/\/www.eldiario.net\/portal\/2024\/08\/20\/convencion-democrata-hara-oficial-a-candidata-harris-para-elecciones-2024\/#breadcrumb"},"inLanguage":"es","potentialAction":[{"@type":"ReadAction","target":["https:\/\/www.eldiario.net\/portal\/2024\/08\/20\/convencion-democrata-hara-oficial-a-candidata-harris-para-elecciones-2024\/"]}]},{"@type":"ImageObject","inLanguage":"es","@id":"https:\/\/www.eldiario.net\/portal\/2024\/08\/20\/convencion-democrata-hara-oficial-a-candidata-harris-para-elecciones-2024\/#primaryimage","url":"https:\/\/www.eldiario.net\/portal\/wp-content\/uploads\/2024\/08\/CONVENCION-FOTO.png","contentUrl":"https:\/\/www.eldiario.net\/portal\/wp-content\/uploads\/2024\/08\/CONVENCION-FOTO.png","width":1068,"height":601,"caption":"La candidata dem\u00f3crata Kamala Harris. CR\u00c9DITO: LISA NEWS"},{"@type":"BreadcrumbList","@id":"https:\/\/www.eldiario.net\/portal\/2024\/08\/20\/convencion-democrata-hara-oficial-a-candidata-harris-para-elecciones-2024\/#breadcrumb","itemListElement":[{"@type":"ListItem","position":1,"name":"Portada","item":"https:\/\/www.eldiario.net\/portal\/"},{"@type":"ListItem","position":2,"name":"Convenci\u00f3n dem\u00f3crata har\u00e1 oficial a candidata Harris para elecciones 2024"}]},{"@type":"WebSite","@id":"https:\/\/www.eldiario.net\/portal\/#website","url":"https:\/\/www.eldiario.net\/portal\/","name":"El Diario - Decano de la prensa nacional","description":"El Diario - Decano de la prensa nacional","publisher":{"@id":"https:\/\/www.eldiario.net\/portal\/#organization"},"potentialAction":[{"@type":"SearchAction","target":{"@type":"EntryPoint","urlTemplate":"https:\/\/www.eldiario.net\/portal\/?s={search_term_string}"},"query-input":{"@type":"PropertyValueSpecification","valueRequired":true,"valueName":"search_term_string"}}],"inLanguage":"es"},{"@type":"Organization","@id":"https:\/\/www.eldiario.net\/portal\/#organization","name":"El Diario - Decano de la prensa nacional","url":"https:\/\/www.eldiario.net\/portal\/","logo":{"@type":"ImageObject","inLanguage":"es","@id":"https:\/\/www.eldiario.net\/portal\/#\/schema\/logo\/image\/","url":"https:\/\/www.eldiario.net\/portal\/wp-content\/uploads\/2023\/07\/logo_ED.jpg","contentUrl":"https:\/\/www.eldiario.net\/portal\/wp-content\/uploads\/2023\/07\/logo_ED.jpg","width":272,"height":52,"caption":"El Diario - Decano de la prensa nacional"},"image":{"@id":"https:\/\/www.eldiario.net\/portal\/#\/schema\/logo\/image\/"},"sameAs":["https:\/\/www.facebook.com\/eldiario.bolivia\/","https:\/\/x.com\/eldiario_net"]},{"@type":"Person","@id":"https:\/\/www.eldiario.net\/portal\/#\/schema\/person\/2c57cf2b7a7ae032e449e4c9b1019eac","name":"Jeanette","image":{"@type":"ImageObject","inLanguage":"es","@id":"https:\/\/secure.gravatar.com\/avatar\/3ea2118a5f7dad2b7138b1187a6b7ee55f160b9968b66013c3a3ef39dd7e5798?s=96&d=mm&r=g","url":"https:\/\/secure.gravatar.com\/avatar\/3ea2118a5f7dad2b7138b1187a6b7ee55f160b9968b66013c3a3ef39dd7e5798?s=96&d=mm&r=g","contentUrl":"https:\/\/secure.gravatar.com\/avatar\/3ea2118a5f7dad2b7138b1187a6b7ee55f160b9968b66013c3a3ef39dd7e5798?s=96&d=mm&r=g","caption":"Jeanette"},"sameAs":["https:\/\/www.eldiario.net\/portal"],"url":"https:\/\/www.eldiario.net\/portal\/author\/jeanette\/"}]}},"_links":{"self":[{"href":"https:\/\/www.eldiario.net\/portal\/wp-json\/wp\/v2\/posts\/241964","targetHints":{"allow":["GET"]}}],"collection":[{"href":"https:\/\/www.eldiario.net\/portal\/wp-json\/wp\/v2\/posts"}],"about":[{"href":"https:\/\/www.eldiario.net\/portal\/wp-json\/wp\/v2\/types\/post"}],"author":[{"embeddable":true,"href":"https:\/\/www.eldiario.net\/portal\/wp-json\/wp\/v2\/users\/1"}],"replies":[{"embeddable":true,"href":"https:\/\/www.eldiario.net\/portal\/wp-json\/wp\/v2\/comments?post=241964"}],"version-history":[{"count":1,"href":"https:\/\/www.eldiario.net\/portal\/wp-json\/wp\/v2\/posts\/241964\/revisions"}],"predecessor-version":[{"id":241966,"href":"https:\/\/www.eldiario.net\/portal\/wp-json\/wp\/v2\/posts\/241964\/revisions\/241966"}],"wp:featuredmedia":[{"embeddable":true,"href":"https:\/\/www.eldiario.net\/portal\/wp-json\/wp\/v2\/media\/241965"}],"wp:attachment":[{"href":"https:\/\/www.eldiario.net\/portal\/wp-json\/wp\/v2\/media?parent=241964"}],"wp:term":[{"taxonomy":"category","embeddable":true,"href":"https:\/\/www.eldiario.net\/portal\/wp-json\/wp\/v2\/categories?post=241964"},{"taxonomy":"post_tag","embeddable":true,"href":"https:\/\/www.eldiario.net\/portal\/wp-json\/wp\/v2\/tags?post=241964"}],"curies":[{"name":"wp","href":"https:\/\/api.w.org\/{rel}","templated":true}]}}