{"id":241958,"date":"2024-08-20T06:27:06","date_gmt":"2024-08-20T10:27:06","guid":{"rendered":"https:\/\/www.eldiario.net\/portal\/?p=241958"},"modified":"2024-08-20T06:27:06","modified_gmt":"2024-08-20T10:27:06","slug":"rusia-rechaza-negociar-con-ucrania-por-ofensiva-en-kursk","status":"publish","type":"post","link":"https:\/\/www.eldiario.net\/portal\/2024\/08\/20\/rusia-rechaza-negociar-con-ucrania-por-ofensiva-en-kursk\/","title":{"rendered":"Rusia rechaza negociar con  Ucrania por ofensiva en Kursk"},"content":{"rendered":"<p>Un asesor del Kremlin asegur\u00f3 ayer que \u00abno es el momento\u00bb de negociar con Ucrania en vista de la ofensiva lanzada el 6 de agosto por las fuerzas ucranianas en la regi\u00f3n fronteriza rusa de Kursk, pero insisti\u00f3 en que las condiciones de Mosc\u00fa para el arreglo del conflicto \u00abno se anulan\u00bb. Ucrania reivindica el control de m\u00e1s de 1.000 km cuadrados de territorio ruso.<\/p>\n<p>\u00abEn la fase actual, dada esta aventura, no hablaremos\u00bb, sostuvo Yuri Ushakov, consejero diplom\u00e1tico de Vladimir Putin, al medio ruso Shot. \u00abDe momento, entablar un proceso de negociaci\u00f3n ser\u00eda totalmente inapropiado\u00bb, se\u00f1al\u00f3, destacando que, de cualquier forma, las condiciones exigidas por Rusia \u00abno se anulan\u201d.<\/p>\n<p>Ushakov se refiri\u00f3 as\u00ed a las condiciones del l\u00edder ruso para poner fin a la guerra en Ucrania, que pasan por la retirada de las fuerzas de Kiev de cuatro regiones anexionadas ilegalmente por Mosc\u00fa en septiembre de 2022. Estas exigencias, expresadas el pasado junio, tambi\u00e9n prev\u00e9n la fijaci\u00f3n del estatus neutral de Ucrania con su renuncia a los planes de ingresar en la OTAN.<\/p>\n<p>&nbsp;<\/p>\n<p>GUERRA EN RUSIA<\/p>\n<p>Este agosto, al comentar la ofensiva ucraniana en Kursk, que puso la guerra por primera vez, de forma constante y prolongada, en territorio del pa\u00eds que inici\u00f3 el conflicto, Putin reconoci\u00f3 que uno de sus objetivos es mejorar las posiciones del pa\u00eds en unas eventuales negociaciones con Mosc\u00fa, pero asegur\u00f3 que Rusia no ve\u00eda ahora \u00abde qu\u00e9 hablar\u00bb con Kiev.<\/p>\n<p>El presidente de Ucrania, Volodimir Zelenski, reiter\u00f3 que la paz solo ser\u00e1 posible si el ej\u00e9rcito ruso se retira completamente de Ucrania, incluida la pen\u00ednsula de Crimea, anexionada ilegalmente por Rusia en 2014. El mandatario ucraniano dice querer elaborar un plan para noviembre, que sirva de base para una futura cumbre por la paz a la que el Kremlin debe ser invitado.\u00a0 DZC (Efe y Afp)<\/p>\n","protected":false},"excerpt":{"rendered":"<p>Un asesor del Kremlin asegur\u00f3 ayer que \u00abno es el momento\u00bb de negociar con Ucrania en vista de la ofensiva lanzada el 6 de agosto por las fuerzas ucranianas en la regi\u00f3n fronteriza rusa de Kursk, pero insisti\u00f3 en que las condiciones de Mosc\u00fa para el arreglo del conflicto \u00abno se anulan\u00bb. Ucrania reivindica el [&hellip;]<\/p>\n","protected":false},"author":1,"featured_media":241959,"comment_status":"open","ping_status":"open","sticky":false,"template":"","format":"standard","meta":{"_acf_changed":false,"footnotes":""},"categories":[3],"tags":[],"class_list":["post-241958","post","type-post","status-publish","format-standard","has-post-thumbnail","category-internacional"],"acf":{"antetitulo":""},"yoast_head":"<!-- This site is optimized with the Yoast SEO plugin v28.4 - https:\/\/yoast.com\/product\/yoast-seo-wordpress\/ -->\n<title>Rusia rechaza negociar con Ucrania por ofensiva en Kursk - El Diario - Bolivia<\/title>\n<meta name=\"robots\" content=\"index, follow, max-snippet:-1, max-image-preview:large, max-video-preview:-1\" \/>\n<link rel=\"canonical\" href=\"https:\/\/www.eldiario.net\/portal\/2024\/08\/20\/rusia-rechaza-negociar-con-ucrania-por-ofensiva-en-kursk\/\" \/>\n<meta property=\"og:locale\" content=\"es_ES\" \/>\n<meta property=\"og:type\" content=\"article\" \/>\n<meta property=\"og:title\" content=\"Rusia rechaza negociar con Ucrania por ofensiva en Kursk - El Diario - Bolivia\" \/>\n<meta property=\"og:description\" content=\"Un asesor del Kremlin asegur\u00f3 ayer que \u00abno es el momento\u00bb de negociar con Ucrania en vista de la ofensiva lanzada el 6 de agosto por las fuerzas ucranianas en la regi\u00f3n fronteriza rusa de Kursk, pero insisti\u00f3 en que las condiciones de Mosc\u00fa para el arreglo del conflicto \u00abno se anulan\u00bb. Ucrania reivindica el [&hellip;]\" \/>\n<meta property=\"og:url\" content=\"https:\/\/www.eldiario.net\/portal\/2024\/08\/20\/rusia-rechaza-negociar-con-ucrania-por-ofensiva-en-kursk\/\" \/>\n<meta property=\"og:site_name\" content=\"El Diario - Bolivia\" \/>\n<meta property=\"article:publisher\" content=\"https:\/\/www.facebook.com\/eldiario.bolivia\/\" \/>\n<meta property=\"article:published_time\" content=\"2024-08-20T10:27:06+00:00\" \/>\n<meta property=\"og:image\" content=\"https:\/\/www.eldiario.net\/portal\/wp-content\/uploads\/2024\/08\/GUERRA-FOTO4.jpg\" \/>\n\t<meta property=\"og:image:width\" content=\"980\" \/>\n\t<meta property=\"og:image:height\" content=\"551\" \/>\n\t<meta property=\"og:image:type\" content=\"image\/jpeg\" \/>\n<meta name=\"author\" content=\"Jeanette\" \/>\n<meta name=\"twitter:card\" content=\"summary_large_image\" \/>\n<meta name=\"twitter:creator\" content=\"@eldiario_net\" \/>\n<meta name=\"twitter:site\" content=\"@eldiario_net\" \/>\n<meta name=\"twitter:label1\" content=\"Escrito por\" \/>\n\t<meta name=\"twitter:data1\" content=\"Jeanette\" \/>\n\t<meta name=\"twitter:label2\" content=\"Tiempo de lectura\" \/>\n\t<meta name=\"twitter:data2\" content=\"2 minutos\" \/>\n<script type=\"application\/ld+json\" class=\"yoast-schema-graph\">{\"@context\":\"https:\\\/\\\/schema.org\",\"@graph\":[{\"@type\":\"Article\",\"@id\":\"https:\\\/\\\/www.eldiario.net\\\/portal\\\/2024\\\/08\\\/20\\\/rusia-rechaza-negociar-con-ucrania-por-ofensiva-en-kursk\\\/#article\",\"isPartOf\":{\"@id\":\"https:\\\/\\\/www.eldiario.net\\\/portal\\\/2024\\\/08\\\/20\\\/rusia-rechaza-negociar-con-ucrania-por-ofensiva-en-kursk\\\/\"},\"author\":{\"name\":\"Jeanette\",\"@id\":\"https:\\\/\\\/www.eldiario.net\\\/portal\\\/#\\\/schema\\\/person\\\/2c57cf2b7a7ae032e449e4c9b1019eac\"},\"headline\":\"Rusia rechaza negociar con Ucrania por ofensiva en Kursk\",\"datePublished\":\"2024-08-20T10:27:06+00:00\",\"mainEntityOfPage\":{\"@id\":\"https:\\\/\\\/www.eldiario.net\\\/portal\\\/2024\\\/08\\\/20\\\/rusia-rechaza-negociar-con-ucrania-por-ofensiva-en-kursk\\\/\"},\"wordCount\":325,\"commentCount\":0,\"publisher\":{\"@id\":\"https:\\\/\\\/www.eldiario.net\\\/portal\\\/#organization\"},\"image\":{\"@id\":\"https:\\\/\\\/www.eldiario.net\\\/portal\\\/2024\\\/08\\\/20\\\/rusia-rechaza-negociar-con-ucrania-por-ofensiva-en-kursk\\\/#primaryimage\"},\"thumbnailUrl\":\"https:\\\/\\\/www.eldiario.net\\\/portal\\\/wp-content\\\/uploads\\\/2024\\\/08\\\/GUERRA-FOTO4.jpg\",\"articleSection\":[\"Internacional\"],\"inLanguage\":\"es\",\"potentialAction\":[{\"@type\":\"CommentAction\",\"name\":\"Comment\",\"target\":[\"https:\\\/\\\/www.eldiario.net\\\/portal\\\/2024\\\/08\\\/20\\\/rusia-rechaza-negociar-con-ucrania-por-ofensiva-en-kursk\\\/#respond\"]}]},{\"@type\":\"WebPage\",\"@id\":\"https:\\\/\\\/www.eldiario.net\\\/portal\\\/2024\\\/08\\\/20\\\/rusia-rechaza-negociar-con-ucrania-por-ofensiva-en-kursk\\\/\",\"url\":\"https:\\\/\\\/www.eldiario.net\\\/portal\\\/2024\\\/08\\\/20\\\/rusia-rechaza-negociar-con-ucrania-por-ofensiva-en-kursk\\\/\",\"name\":\"Rusia rechaza negociar con Ucrania por ofensiva en Kursk - El Diario - Bolivia\",\"isPartOf\":{\"@id\":\"https:\\\/\\\/www.eldiario.net\\\/portal\\\/#website\"},\"primaryImageOfPage\":{\"@id\":\"https:\\\/\\\/www.eldiario.net\\\/portal\\\/2024\\\/08\\\/20\\\/rusia-rechaza-negociar-con-ucrania-por-ofensiva-en-kursk\\\/#primaryimage\"},\"image\":{\"@id\":\"https:\\\/\\\/www.eldiario.net\\\/portal\\\/2024\\\/08\\\/20\\\/rusia-rechaza-negociar-con-ucrania-por-ofensiva-en-kursk\\\/#primaryimage\"},\"thumbnailUrl\":\"https:\\\/\\\/www.eldiario.net\\\/portal\\\/wp-content\\\/uploads\\\/2024\\\/08\\\/GUERRA-FOTO4.jpg\",\"datePublished\":\"2024-08-20T10:27:06+00:00\",\"breadcrumb\":{\"@id\":\"https:\\\/\\\/www.eldiario.net\\\/portal\\\/2024\\\/08\\\/20\\\/rusia-rechaza-negociar-con-ucrania-por-ofensiva-en-kursk\\\/#breadcrumb\"},\"inLanguage\":\"es\",\"potentialAction\":[{\"@type\":\"ReadAction\",\"target\":[\"https:\\\/\\\/www.eldiario.net\\\/portal\\\/2024\\\/08\\\/20\\\/rusia-rechaza-negociar-con-ucrania-por-ofensiva-en-kursk\\\/\"]}]},{\"@type\":\"ImageObject\",\"inLanguage\":\"es\",\"@id\":\"https:\\\/\\\/www.eldiario.net\\\/portal\\\/2024\\\/08\\\/20\\\/rusia-rechaza-negociar-con-ucrania-por-ofensiva-en-kursk\\\/#primaryimage\",\"url\":\"https:\\\/\\\/www.eldiario.net\\\/portal\\\/wp-content\\\/uploads\\\/2024\\\/08\\\/GUERRA-FOTO4.jpg\",\"contentUrl\":\"https:\\\/\\\/www.eldiario.net\\\/portal\\\/wp-content\\\/uploads\\\/2024\\\/08\\\/GUERRA-FOTO4.jpg\",\"width\":980,\"height\":551,\"caption\":\"Militares ucranianos viajan en un veh\u00edculo militar, cerca de la frontera rusa. CREDITO: REUTERS\"},{\"@type\":\"BreadcrumbList\",\"@id\":\"https:\\\/\\\/www.eldiario.net\\\/portal\\\/2024\\\/08\\\/20\\\/rusia-rechaza-negociar-con-ucrania-por-ofensiva-en-kursk\\\/#breadcrumb\",\"itemListElement\":[{\"@type\":\"ListItem\",\"position\":1,\"name\":\"Portada\",\"item\":\"https:\\\/\\\/www.eldiario.net\\\/portal\\\/\"},{\"@type\":\"ListItem\",\"position\":2,\"name\":\"Rusia rechaza negociar con Ucrania por ofensiva en Kursk\"}]},{\"@type\":\"WebSite\",\"@id\":\"https:\\\/\\\/www.eldiario.net\\\/portal\\\/#website\",\"url\":\"https:\\\/\\\/www.eldiario.net\\\/portal\\\/\",\"name\":\"El Diario - Decano de la prensa nacional\",\"description\":\"El Diario - Decano de la prensa nacional\",\"publisher\":{\"@id\":\"https:\\\/\\\/www.eldiario.net\\\/portal\\\/#organization\"},\"potentialAction\":[{\"@type\":\"SearchAction\",\"target\":{\"@type\":\"EntryPoint\",\"urlTemplate\":\"https:\\\/\\\/www.eldiario.net\\\/portal\\\/?s={search_term_string}\"},\"query-input\":{\"@type\":\"PropertyValueSpecification\",\"valueRequired\":true,\"valueName\":\"search_term_string\"}}],\"inLanguage\":\"es\"},{\"@type\":\"Organization\",\"@id\":\"https:\\\/\\\/www.eldiario.net\\\/portal\\\/#organization\",\"name\":\"El Diario - Decano de la prensa nacional\",\"url\":\"https:\\\/\\\/www.eldiario.net\\\/portal\\\/\",\"logo\":{\"@type\":\"ImageObject\",\"inLanguage\":\"es\",\"@id\":\"https:\\\/\\\/www.eldiario.net\\\/portal\\\/#\\\/schema\\\/logo\\\/image\\\/\",\"url\":\"https:\\\/\\\/www.eldiario.net\\\/portal\\\/wp-content\\\/uploads\\\/2023\\\/07\\\/logo_ED.jpg\",\"contentUrl\":\"https:\\\/\\\/www.eldiario.net\\\/portal\\\/wp-content\\\/uploads\\\/2023\\\/07\\\/logo_ED.jpg\",\"width\":272,\"height\":52,\"caption\":\"El Diario - Decano de la prensa nacional\"},\"image\":{\"@id\":\"https:\\\/\\\/www.eldiario.net\\\/portal\\\/#\\\/schema\\\/logo\\\/image\\\/\"},\"sameAs\":[\"https:\\\/\\\/www.facebook.com\\\/eldiario.bolivia\\\/\",\"https:\\\/\\\/x.com\\\/eldiario_net\"]},{\"@type\":\"Person\",\"@id\":\"https:\\\/\\\/www.eldiario.net\\\/portal\\\/#\\\/schema\\\/person\\\/2c57cf2b7a7ae032e449e4c9b1019eac\",\"name\":\"Jeanette\",\"image\":{\"@type\":\"ImageObject\",\"inLanguage\":\"es\",\"@id\":\"https:\\\/\\\/secure.gravatar.com\\\/avatar\\\/3ea2118a5f7dad2b7138b1187a6b7ee55f160b9968b66013c3a3ef39dd7e5798?s=96&d=mm&r=g\",\"url\":\"https:\\\/\\\/secure.gravatar.com\\\/avatar\\\/3ea2118a5f7dad2b7138b1187a6b7ee55f160b9968b66013c3a3ef39dd7e5798?s=96&d=mm&r=g\",\"contentUrl\":\"https:\\\/\\\/secure.gravatar.com\\\/avatar\\\/3ea2118a5f7dad2b7138b1187a6b7ee55f160b9968b66013c3a3ef39dd7e5798?s=96&d=mm&r=g\",\"caption\":\"Jeanette\"},\"sameAs\":[\"https:\\\/\\\/www.eldiario.net\\\/portal\"],\"url\":\"https:\\\/\\\/www.eldiario.net\\\/portal\\\/author\\\/jeanette\\\/\"}]}<\/script>\n<!-- \/ Yoast SEO plugin. -->","yoast_head_json":{"title":"Rusia rechaza negociar con Ucrania por ofensiva en Kursk - El Diario - Bolivia","robots":{"index":"index","follow":"follow","max-snippet":"max-snippet:-1","max-image-preview":"max-image-preview:large","max-video-preview":"max-video-preview:-1"},"canonical":"https:\/\/www.eldiario.net\/portal\/2024\/08\/20\/rusia-rechaza-negociar-con-ucrania-por-ofensiva-en-kursk\/","og_locale":"es_ES","og_type":"article","og_title":"Rusia rechaza negociar con Ucrania por ofensiva en Kursk - El Diario - Bolivia","og_description":"Un asesor del Kremlin asegur\u00f3 ayer que \u00abno es el momento\u00bb de negociar con Ucrania en vista de la ofensiva lanzada el 6 de agosto por las fuerzas ucranianas en la regi\u00f3n fronteriza rusa de Kursk, pero insisti\u00f3 en que las condiciones de Mosc\u00fa para el arreglo del conflicto \u00abno se anulan\u00bb. Ucrania reivindica el [&hellip;]","og_url":"https:\/\/www.eldiario.net\/portal\/2024\/08\/20\/rusia-rechaza-negociar-con-ucrania-por-ofensiva-en-kursk\/","og_site_name":"El Diario - Bolivia","article_publisher":"https:\/\/www.facebook.com\/eldiario.bolivia\/","article_published_time":"2024-08-20T10:27:06+00:00","og_image":[{"width":980,"height":551,"url":"https:\/\/www.eldiario.net\/portal\/wp-content\/uploads\/2024\/08\/GUERRA-FOTO4.jpg","type":"image\/jpeg"}],"author":"Jeanette","twitter_card":"summary_large_image","twitter_creator":"@eldiario_net","twitter_site":"@eldiario_net","twitter_misc":{"Escrito por":"Jeanette","Tiempo de lectura":"2 minutos"},"schema":{"@context":"https:\/\/schema.org","@graph":[{"@type":"Article","@id":"https:\/\/www.eldiario.net\/portal\/2024\/08\/20\/rusia-rechaza-negociar-con-ucrania-por-ofensiva-en-kursk\/#article","isPartOf":{"@id":"https:\/\/www.eldiario.net\/portal\/2024\/08\/20\/rusia-rechaza-negociar-con-ucrania-por-ofensiva-en-kursk\/"},"author":{"name":"Jeanette","@id":"https:\/\/www.eldiario.net\/portal\/#\/schema\/person\/2c57cf2b7a7ae032e449e4c9b1019eac"},"headline":"Rusia rechaza negociar con Ucrania por ofensiva en Kursk","datePublished":"2024-08-20T10:27:06+00:00","mainEntityOfPage":{"@id":"https:\/\/www.eldiario.net\/portal\/2024\/08\/20\/rusia-rechaza-negociar-con-ucrania-por-ofensiva-en-kursk\/"},"wordCount":325,"commentCount":0,"publisher":{"@id":"https:\/\/www.eldiario.net\/portal\/#organization"},"image":{"@id":"https:\/\/www.eldiario.net\/portal\/2024\/08\/20\/rusia-rechaza-negociar-con-ucrania-por-ofensiva-en-kursk\/#primaryimage"},"thumbnailUrl":"https:\/\/www.eldiario.net\/portal\/wp-content\/uploads\/2024\/08\/GUERRA-FOTO4.jpg","articleSection":["Internacional"],"inLanguage":"es","potentialAction":[{"@type":"CommentAction","name":"Comment","target":["https:\/\/www.eldiario.net\/portal\/2024\/08\/20\/rusia-rechaza-negociar-con-ucrania-por-ofensiva-en-kursk\/#respond"]}]},{"@type":"WebPage","@id":"https:\/\/www.eldiario.net\/portal\/2024\/08\/20\/rusia-rechaza-negociar-con-ucrania-por-ofensiva-en-kursk\/","url":"https:\/\/www.eldiario.net\/portal\/2024\/08\/20\/rusia-rechaza-negociar-con-ucrania-por-ofensiva-en-kursk\/","name":"Rusia rechaza negociar con Ucrania por ofensiva en Kursk - El Diario - Bolivia","isPartOf":{"@id":"https:\/\/www.eldiario.net\/portal\/#website"},"primaryImageOfPage":{"@id":"https:\/\/www.eldiario.net\/portal\/2024\/08\/20\/rusia-rechaza-negociar-con-ucrania-por-ofensiva-en-kursk\/#primaryimage"},"image":{"@id":"https:\/\/www.eldiario.net\/portal\/2024\/08\/20\/rusia-rechaza-negociar-con-ucrania-por-ofensiva-en-kursk\/#primaryimage"},"thumbnailUrl":"https:\/\/www.eldiario.net\/portal\/wp-content\/uploads\/2024\/08\/GUERRA-FOTO4.jpg","datePublished":"2024-08-20T10:27:06+00:00","breadcrumb":{"@id":"https:\/\/www.eldiario.net\/portal\/2024\/08\/20\/rusia-rechaza-negociar-con-ucrania-por-ofensiva-en-kursk\/#breadcrumb"},"inLanguage":"es","potentialAction":[{"@type":"ReadAction","target":["https:\/\/www.eldiario.net\/portal\/2024\/08\/20\/rusia-rechaza-negociar-con-ucrania-por-ofensiva-en-kursk\/"]}]},{"@type":"ImageObject","inLanguage":"es","@id":"https:\/\/www.eldiario.net\/portal\/2024\/08\/20\/rusia-rechaza-negociar-con-ucrania-por-ofensiva-en-kursk\/#primaryimage","url":"https:\/\/www.eldiario.net\/portal\/wp-content\/uploads\/2024\/08\/GUERRA-FOTO4.jpg","contentUrl":"https:\/\/www.eldiario.net\/portal\/wp-content\/uploads\/2024\/08\/GUERRA-FOTO4.jpg","width":980,"height":551,"caption":"Militares ucranianos viajan en un veh\u00edculo militar, cerca de la frontera rusa. CREDITO: REUTERS"},{"@type":"BreadcrumbList","@id":"https:\/\/www.eldiario.net\/portal\/2024\/08\/20\/rusia-rechaza-negociar-con-ucrania-por-ofensiva-en-kursk\/#breadcrumb","itemListElement":[{"@type":"ListItem","position":1,"name":"Portada","item":"https:\/\/www.eldiario.net\/portal\/"},{"@type":"ListItem","position":2,"name":"Rusia rechaza negociar con Ucrania por ofensiva en Kursk"}]},{"@type":"WebSite","@id":"https:\/\/www.eldiario.net\/portal\/#website","url":"https:\/\/www.eldiario.net\/portal\/","name":"El Diario - Decano de la prensa nacional","description":"El Diario - Decano de la prensa nacional","publisher":{"@id":"https:\/\/www.eldiario.net\/portal\/#organization"},"potentialAction":[{"@type":"SearchAction","target":{"@type":"EntryPoint","urlTemplate":"https:\/\/www.eldiario.net\/portal\/?s={search_term_string}"},"query-input":{"@type":"PropertyValueSpecification","valueRequired":true,"valueName":"search_term_string"}}],"inLanguage":"es"},{"@type":"Organization","@id":"https:\/\/www.eldiario.net\/portal\/#organization","name":"El Diario - Decano de la prensa nacional","url":"https:\/\/www.eldiario.net\/portal\/","logo":{"@type":"ImageObject","inLanguage":"es","@id":"https:\/\/www.eldiario.net\/portal\/#\/schema\/logo\/image\/","url":"https:\/\/www.eldiario.net\/portal\/wp-content\/uploads\/2023\/07\/logo_ED.jpg","contentUrl":"https:\/\/www.eldiario.net\/portal\/wp-content\/uploads\/2023\/07\/logo_ED.jpg","width":272,"height":52,"caption":"El Diario - Decano de la prensa nacional"},"image":{"@id":"https:\/\/www.eldiario.net\/portal\/#\/schema\/logo\/image\/"},"sameAs":["https:\/\/www.facebook.com\/eldiario.bolivia\/","https:\/\/x.com\/eldiario_net"]},{"@type":"Person","@id":"https:\/\/www.eldiario.net\/portal\/#\/schema\/person\/2c57cf2b7a7ae032e449e4c9b1019eac","name":"Jeanette","image":{"@type":"ImageObject","inLanguage":"es","@id":"https:\/\/secure.gravatar.com\/avatar\/3ea2118a5f7dad2b7138b1187a6b7ee55f160b9968b66013c3a3ef39dd7e5798?s=96&d=mm&r=g","url":"https:\/\/secure.gravatar.com\/avatar\/3ea2118a5f7dad2b7138b1187a6b7ee55f160b9968b66013c3a3ef39dd7e5798?s=96&d=mm&r=g","contentUrl":"https:\/\/secure.gravatar.com\/avatar\/3ea2118a5f7dad2b7138b1187a6b7ee55f160b9968b66013c3a3ef39dd7e5798?s=96&d=mm&r=g","caption":"Jeanette"},"sameAs":["https:\/\/www.eldiario.net\/portal"],"url":"https:\/\/www.eldiario.net\/portal\/author\/jeanette\/"}]}},"_links":{"self":[{"href":"https:\/\/www.eldiario.net\/portal\/wp-json\/wp\/v2\/posts\/241958","targetHints":{"allow":["GET"]}}],"collection":[{"href":"https:\/\/www.eldiario.net\/portal\/wp-json\/wp\/v2\/posts"}],"about":[{"href":"https:\/\/www.eldiario.net\/portal\/wp-json\/wp\/v2\/types\/post"}],"author":[{"embeddable":true,"href":"https:\/\/www.eldiario.net\/portal\/wp-json\/wp\/v2\/users\/1"}],"replies":[{"embeddable":true,"href":"https:\/\/www.eldiario.net\/portal\/wp-json\/wp\/v2\/comments?post=241958"}],"version-history":[{"count":1,"href":"https:\/\/www.eldiario.net\/portal\/wp-json\/wp\/v2\/posts\/241958\/revisions"}],"predecessor-version":[{"id":241960,"href":"https:\/\/www.eldiario.net\/portal\/wp-json\/wp\/v2\/posts\/241958\/revisions\/241960"}],"wp:featuredmedia":[{"embeddable":true,"href":"https:\/\/www.eldiario.net\/portal\/wp-json\/wp\/v2\/media\/241959"}],"wp:attachment":[{"href":"https:\/\/www.eldiario.net\/portal\/wp-json\/wp\/v2\/media?parent=241958"}],"wp:term":[{"taxonomy":"category","embeddable":true,"href":"https:\/\/www.eldiario.net\/portal\/wp-json\/wp\/v2\/categories?post=241958"},{"taxonomy":"post_tag","embeddable":true,"href":"https:\/\/www.eldiario.net\/portal\/wp-json\/wp\/v2\/tags?post=241958"}],"curies":[{"name":"wp","href":"https:\/\/api.w.org\/{rel}","templated":true}]}}