{"id":241955,"date":"2024-08-20T06:26:32","date_gmt":"2024-08-20T10:26:32","guid":{"rendered":"https:\/\/www.eldiario.net\/portal\/?p=241955"},"modified":"2024-08-20T06:26:32","modified_gmt":"2024-08-20T10:26:32","slug":"muere-diputado-paraguayo-que-era-investigado-por-narcotrafico","status":"publish","type":"post","link":"https:\/\/www.eldiario.net\/portal\/2024\/08\/20\/muere-diputado-paraguayo-que-era-investigado-por-narcotrafico\/","title":{"rendered":"Muere diputado paraguayo que era investigado por narcotr\u00e1fico"},"content":{"rendered":"<p>El diputado paraguayo, Eulalio \u201cLalo\u201d G\u00f3mez, del oficialista Partido Colorado, falleci\u00f3 ayer tras resultar herido de madrugada, en un tiroteo con la Polic\u00eda Nacional en su domicilio particular en el marco de un operativo contra el narcotr\u00e1fico en la ciudad Pedro Juan Caballero, en la frontera con Brasil.<\/p>\n<p>Seg\u00fan relataron fuentes policiales al diario \u201cABC Color\u201d, agentes de la Unidad Especial de la Inteligencia Sensible Antinarc\u00f3ticos y de la Fuerza de Operaciones Policiales Especiales de la Polic\u00eda Nacional ingresaron de madrugada en las viviendas del diputado y de su hijo, Alexandre G\u00f3mez en el marco de la operaci\u00f3n \u201cPavo Real II\u201d.<\/p>\n<p>Durante el registro en ambos domicilios se produjeron intercambios de disparos. En uno de ellos particip\u00f3 \u201cLalo\u201d G\u00f3mez, que result\u00f3 herido y m\u00e1s tarde falleci\u00f3 a causa de los impactos de bala. El hijo del diputado tambi\u00e9n se enfrent\u00f3 a los agentes y termin\u00f3 huyendo, aunque m\u00e1s tarde se entreg\u00f3.<\/p>\n<p>\u00abEn ambos casos, ambas comitivas son repelidas con disparos de armas de fuego\u00bb, se\u00f1al\u00f3 el comandante de la Polic\u00eda Nacional, el comisario Carlos Ben\u00edtez, que afirm\u00f3 que, en el caso de la vivienda de Gomes, los agentes respondieron con disparos que hirieron mortalmente al diputado.<\/p>\n<p>Tanto \u201cLalo\u201d como su hijo fueron imputados por supuestos v\u00ednculos con una trama de blanqueo de capitales provenientes del narcotr\u00e1fico y asociaci\u00f3n criminal, seg\u00fan se desprende de un documento publicado ayer por el Ministerio P\u00fablico paraguayo y recogido por la prensa local.<\/p>\n<p>En caso de G\u00f3mez se remonta al pasado mes de abril, cuando la prensa brasile\u00f1a inform\u00f3 del inicio de una investigaci\u00f3n contra el diputado paraguayo por supuestamente ayudar a escapar de la Polic\u00eda a Ronaldo Mendes Nunes, presunto miembro del grupo criminal brasile\u00f1o Comando Vermelho. \u201cLalo\u201d siempre neg\u00f3 las acusaciones.<\/p>\n<p>&nbsp;<\/p>\n<p>TRES DIAS DE DUELO<\/p>\n<p>Por otro parte en conferencia de prensa en Paraguay el presidente de la C\u00e1mara de Diputados, Ra\u00fal Latorre, declar\u00f3 tres d\u00edas de duelo en la instituci\u00f3n legislativa por la muerte del diputado Eulalio \u201cLalo\u201d G\u00f3mez, ocurrida en la madrugada de ayer.<\/p>\n<p>As\u00ed tambi\u00e9n, como titular de la C\u00e1mara Baja, Latorre emiti\u00f3 su postura exigiendo el esclarecimiento de los hechos ocurridos y de c\u00f3mo se dio el procedimiento en el que termin\u00f3 muerto un diputado nacional.<\/p>\n<p>\u201cEs imposible no reconocer la gravedad del hecho de lo que sucedi\u00f3 ayer en la ciudad de Pedro Juan Caballero. Nosotros exigimos, demandamos una investigaci\u00f3n clara, profunda y transparente de lo acontecido y de los responsables\u201d, expres\u00f3 a los medios de prensa. (EP y La Naci\u00f3n)<\/p>\n","protected":false},"excerpt":{"rendered":"<p>El diputado paraguayo, Eulalio \u201cLalo\u201d G\u00f3mez, del oficialista Partido Colorado, falleci\u00f3 ayer tras resultar herido de madrugada, en un tiroteo con la Polic\u00eda Nacional en su domicilio particular en el marco de un operativo contra el narcotr\u00e1fico en la ciudad Pedro Juan Caballero, en la frontera con Brasil. Seg\u00fan relataron fuentes policiales al diario \u201cABC [&hellip;]<\/p>\n","protected":false},"author":1,"featured_media":241956,"comment_status":"open","ping_status":"open","sticky":false,"template":"","format":"standard","meta":{"_acf_changed":false,"footnotes":""},"categories":[3],"tags":[],"class_list":["post-241955","post","type-post","status-publish","format-standard","has-post-thumbnail","category-internacional"],"acf":{"antetitulo":""},"yoast_head":"<!-- This site is optimized with the Yoast SEO plugin v28.4 - https:\/\/yoast.com\/product\/yoast-seo-wordpress\/ -->\n<title>Muere diputado paraguayo que era investigado por narcotr\u00e1fico - El Diario - Bolivia<\/title>\n<meta name=\"robots\" content=\"index, follow, max-snippet:-1, max-image-preview:large, max-video-preview:-1\" \/>\n<link rel=\"canonical\" href=\"https:\/\/www.eldiario.net\/portal\/2024\/08\/20\/muere-diputado-paraguayo-que-era-investigado-por-narcotrafico\/\" \/>\n<meta property=\"og:locale\" content=\"es_ES\" \/>\n<meta property=\"og:type\" content=\"article\" \/>\n<meta property=\"og:title\" content=\"Muere diputado paraguayo que era investigado por narcotr\u00e1fico - El Diario - Bolivia\" \/>\n<meta property=\"og:description\" content=\"El diputado paraguayo, Eulalio \u201cLalo\u201d G\u00f3mez, del oficialista Partido Colorado, falleci\u00f3 ayer tras resultar herido de madrugada, en un tiroteo con la Polic\u00eda Nacional en su domicilio particular en el marco de un operativo contra el narcotr\u00e1fico en la ciudad Pedro Juan Caballero, en la frontera con Brasil. Seg\u00fan relataron fuentes policiales al diario \u201cABC [&hellip;]\" \/>\n<meta property=\"og:url\" content=\"https:\/\/www.eldiario.net\/portal\/2024\/08\/20\/muere-diputado-paraguayo-que-era-investigado-por-narcotrafico\/\" \/>\n<meta property=\"og:site_name\" content=\"El Diario - Bolivia\" \/>\n<meta property=\"article:publisher\" content=\"https:\/\/www.facebook.com\/eldiario.bolivia\/\" \/>\n<meta property=\"article:published_time\" content=\"2024-08-20T10:26:32+00:00\" \/>\n<meta property=\"og:image\" content=\"https:\/\/www.eldiario.net\/portal\/wp-content\/uploads\/2024\/08\/LALO-FOTO.jpg\" \/>\n\t<meta property=\"og:image:width\" content=\"1000\" \/>\n\t<meta property=\"og:image:height\" content=\"563\" \/>\n\t<meta property=\"og:image:type\" content=\"image\/jpeg\" \/>\n<meta name=\"author\" content=\"Jeanette\" \/>\n<meta name=\"twitter:card\" content=\"summary_large_image\" \/>\n<meta name=\"twitter:creator\" content=\"@eldiario_net\" \/>\n<meta name=\"twitter:site\" content=\"@eldiario_net\" \/>\n<meta name=\"twitter:label1\" content=\"Escrito por\" \/>\n\t<meta name=\"twitter:data1\" content=\"Jeanette\" \/>\n\t<meta name=\"twitter:label2\" content=\"Tiempo de lectura\" \/>\n\t<meta name=\"twitter:data2\" content=\"3 minutos\" \/>\n<script type=\"application\/ld+json\" class=\"yoast-schema-graph\">{\"@context\":\"https:\\\/\\\/schema.org\",\"@graph\":[{\"@type\":\"Article\",\"@id\":\"https:\\\/\\\/www.eldiario.net\\\/portal\\\/2024\\\/08\\\/20\\\/muere-diputado-paraguayo-que-era-investigado-por-narcotrafico\\\/#article\",\"isPartOf\":{\"@id\":\"https:\\\/\\\/www.eldiario.net\\\/portal\\\/2024\\\/08\\\/20\\\/muere-diputado-paraguayo-que-era-investigado-por-narcotrafico\\\/\"},\"author\":{\"name\":\"Jeanette\",\"@id\":\"https:\\\/\\\/www.eldiario.net\\\/portal\\\/#\\\/schema\\\/person\\\/f46445640444750d7d753ccd04ae01b7\"},\"headline\":\"Muere diputado paraguayo que era investigado por narcotr\u00e1fico\",\"datePublished\":\"2024-08-20T10:26:32+00:00\",\"mainEntityOfPage\":{\"@id\":\"https:\\\/\\\/www.eldiario.net\\\/portal\\\/2024\\\/08\\\/20\\\/muere-diputado-paraguayo-que-era-investigado-por-narcotrafico\\\/\"},\"wordCount\":458,\"commentCount\":0,\"publisher\":{\"@id\":\"https:\\\/\\\/www.eldiario.net\\\/portal\\\/#organization\"},\"image\":{\"@id\":\"https:\\\/\\\/www.eldiario.net\\\/portal\\\/2024\\\/08\\\/20\\\/muere-diputado-paraguayo-que-era-investigado-por-narcotrafico\\\/#primaryimage\"},\"thumbnailUrl\":\"https:\\\/\\\/www.eldiario.net\\\/portal\\\/wp-content\\\/uploads\\\/2024\\\/08\\\/LALO-FOTO.jpg\",\"articleSection\":[\"Internacional\"],\"inLanguage\":\"es\",\"potentialAction\":[{\"@type\":\"CommentAction\",\"name\":\"Comment\",\"target\":[\"https:\\\/\\\/www.eldiario.net\\\/portal\\\/2024\\\/08\\\/20\\\/muere-diputado-paraguayo-que-era-investigado-por-narcotrafico\\\/#respond\"]}]},{\"@type\":\"WebPage\",\"@id\":\"https:\\\/\\\/www.eldiario.net\\\/portal\\\/2024\\\/08\\\/20\\\/muere-diputado-paraguayo-que-era-investigado-por-narcotrafico\\\/\",\"url\":\"https:\\\/\\\/www.eldiario.net\\\/portal\\\/2024\\\/08\\\/20\\\/muere-diputado-paraguayo-que-era-investigado-por-narcotrafico\\\/\",\"name\":\"Muere diputado paraguayo que era investigado por narcotr\u00e1fico - El Diario - Bolivia\",\"isPartOf\":{\"@id\":\"https:\\\/\\\/www.eldiario.net\\\/portal\\\/#website\"},\"primaryImageOfPage\":{\"@id\":\"https:\\\/\\\/www.eldiario.net\\\/portal\\\/2024\\\/08\\\/20\\\/muere-diputado-paraguayo-que-era-investigado-por-narcotrafico\\\/#primaryimage\"},\"image\":{\"@id\":\"https:\\\/\\\/www.eldiario.net\\\/portal\\\/2024\\\/08\\\/20\\\/muere-diputado-paraguayo-que-era-investigado-por-narcotrafico\\\/#primaryimage\"},\"thumbnailUrl\":\"https:\\\/\\\/www.eldiario.net\\\/portal\\\/wp-content\\\/uploads\\\/2024\\\/08\\\/LALO-FOTO.jpg\",\"datePublished\":\"2024-08-20T10:26:32+00:00\",\"breadcrumb\":{\"@id\":\"https:\\\/\\\/www.eldiario.net\\\/portal\\\/2024\\\/08\\\/20\\\/muere-diputado-paraguayo-que-era-investigado-por-narcotrafico\\\/#breadcrumb\"},\"inLanguage\":\"es\",\"potentialAction\":[{\"@type\":\"ReadAction\",\"target\":[\"https:\\\/\\\/www.eldiario.net\\\/portal\\\/2024\\\/08\\\/20\\\/muere-diputado-paraguayo-que-era-investigado-por-narcotrafico\\\/\"]}]},{\"@type\":\"ImageObject\",\"inLanguage\":\"es\",\"@id\":\"https:\\\/\\\/www.eldiario.net\\\/portal\\\/2024\\\/08\\\/20\\\/muere-diputado-paraguayo-que-era-investigado-por-narcotrafico\\\/#primaryimage\",\"url\":\"https:\\\/\\\/www.eldiario.net\\\/portal\\\/wp-content\\\/uploads\\\/2024\\\/08\\\/LALO-FOTO.jpg\",\"contentUrl\":\"https:\\\/\\\/www.eldiario.net\\\/portal\\\/wp-content\\\/uploads\\\/2024\\\/08\\\/LALO-FOTO.jpg\",\"width\":1000,\"height\":563,\"caption\":\"El diputado paraguayo, Eulalio G\u00f3mez, del Partido Colorado. CREDITO: LA NACION\"},{\"@type\":\"BreadcrumbList\",\"@id\":\"https:\\\/\\\/www.eldiario.net\\\/portal\\\/2024\\\/08\\\/20\\\/muere-diputado-paraguayo-que-era-investigado-por-narcotrafico\\\/#breadcrumb\",\"itemListElement\":[{\"@type\":\"ListItem\",\"position\":1,\"name\":\"Portada\",\"item\":\"https:\\\/\\\/www.eldiario.net\\\/portal\\\/\"},{\"@type\":\"ListItem\",\"position\":2,\"name\":\"Muere diputado paraguayo que era investigado por narcotr\u00e1fico\"}]},{\"@type\":\"WebSite\",\"@id\":\"https:\\\/\\\/www.eldiario.net\\\/portal\\\/#website\",\"url\":\"https:\\\/\\\/www.eldiario.net\\\/portal\\\/\",\"name\":\"El Diario - Decano de la prensa nacional\",\"description\":\"El Diario - Decano de la prensa nacional\",\"publisher\":{\"@id\":\"https:\\\/\\\/www.eldiario.net\\\/portal\\\/#organization\"},\"potentialAction\":[{\"@type\":\"SearchAction\",\"target\":{\"@type\":\"EntryPoint\",\"urlTemplate\":\"https:\\\/\\\/www.eldiario.net\\\/portal\\\/?s={search_term_string}\"},\"query-input\":{\"@type\":\"PropertyValueSpecification\",\"valueRequired\":true,\"valueName\":\"search_term_string\"}}],\"inLanguage\":\"es\"},{\"@type\":\"Organization\",\"@id\":\"https:\\\/\\\/www.eldiario.net\\\/portal\\\/#organization\",\"name\":\"El Diario - Decano de la prensa nacional\",\"url\":\"https:\\\/\\\/www.eldiario.net\\\/portal\\\/\",\"logo\":{\"@type\":\"ImageObject\",\"inLanguage\":\"es\",\"@id\":\"https:\\\/\\\/www.eldiario.net\\\/portal\\\/#\\\/schema\\\/logo\\\/image\\\/\",\"url\":\"https:\\\/\\\/www.eldiario.net\\\/portal\\\/wp-content\\\/uploads\\\/2023\\\/07\\\/logo_ED.jpg\",\"contentUrl\":\"https:\\\/\\\/www.eldiario.net\\\/portal\\\/wp-content\\\/uploads\\\/2023\\\/07\\\/logo_ED.jpg\",\"width\":272,\"height\":52,\"caption\":\"El Diario - Decano de la prensa nacional\"},\"image\":{\"@id\":\"https:\\\/\\\/www.eldiario.net\\\/portal\\\/#\\\/schema\\\/logo\\\/image\\\/\"},\"sameAs\":[\"https:\\\/\\\/www.facebook.com\\\/eldiario.bolivia\\\/\",\"https:\\\/\\\/x.com\\\/eldiario_net\"]},{\"@type\":\"Person\",\"@id\":\"https:\\\/\\\/www.eldiario.net\\\/portal\\\/#\\\/schema\\\/person\\\/f46445640444750d7d753ccd04ae01b7\",\"name\":\"Jeanette\",\"image\":{\"@type\":\"ImageObject\",\"inLanguage\":\"es\",\"@id\":\"https:\\\/\\\/secure.gravatar.com\\\/avatar\\\/3ea2118a5f7dad2b7138b1187a6b7ee55f160b9968b66013c3a3ef39dd7e5798?s=96&d=mm&r=g\",\"url\":\"https:\\\/\\\/secure.gravatar.com\\\/avatar\\\/3ea2118a5f7dad2b7138b1187a6b7ee55f160b9968b66013c3a3ef39dd7e5798?s=96&d=mm&r=g\",\"contentUrl\":\"https:\\\/\\\/secure.gravatar.com\\\/avatar\\\/3ea2118a5f7dad2b7138b1187a6b7ee55f160b9968b66013c3a3ef39dd7e5798?s=96&d=mm&r=g\",\"caption\":\"Jeanette\"},\"sameAs\":[\"https:\\\/\\\/www.eldiario.net\\\/portal\"],\"url\":\"https:\\\/\\\/www.eldiario.net\\\/portal\\\/author\\\/jeanette\\\/\"}]}<\/script>\n<!-- \/ Yoast SEO plugin. -->","yoast_head_json":{"title":"Muere diputado paraguayo que era investigado por narcotr\u00e1fico - El Diario - Bolivia","robots":{"index":"index","follow":"follow","max-snippet":"max-snippet:-1","max-image-preview":"max-image-preview:large","max-video-preview":"max-video-preview:-1"},"canonical":"https:\/\/www.eldiario.net\/portal\/2024\/08\/20\/muere-diputado-paraguayo-que-era-investigado-por-narcotrafico\/","og_locale":"es_ES","og_type":"article","og_title":"Muere diputado paraguayo que era investigado por narcotr\u00e1fico - El Diario - Bolivia","og_description":"El diputado paraguayo, Eulalio \u201cLalo\u201d G\u00f3mez, del oficialista Partido Colorado, falleci\u00f3 ayer tras resultar herido de madrugada, en un tiroteo con la Polic\u00eda Nacional en su domicilio particular en el marco de un operativo contra el narcotr\u00e1fico en la ciudad Pedro Juan Caballero, en la frontera con Brasil. Seg\u00fan relataron fuentes policiales al diario \u201cABC [&hellip;]","og_url":"https:\/\/www.eldiario.net\/portal\/2024\/08\/20\/muere-diputado-paraguayo-que-era-investigado-por-narcotrafico\/","og_site_name":"El Diario - Bolivia","article_publisher":"https:\/\/www.facebook.com\/eldiario.bolivia\/","article_published_time":"2024-08-20T10:26:32+00:00","og_image":[{"width":1000,"height":563,"url":"https:\/\/www.eldiario.net\/portal\/wp-content\/uploads\/2024\/08\/LALO-FOTO.jpg","type":"image\/jpeg"}],"author":"Jeanette","twitter_card":"summary_large_image","twitter_creator":"@eldiario_net","twitter_site":"@eldiario_net","twitter_misc":{"Escrito por":"Jeanette","Tiempo de lectura":"3 minutos"},"schema":{"@context":"https:\/\/schema.org","@graph":[{"@type":"Article","@id":"https:\/\/www.eldiario.net\/portal\/2024\/08\/20\/muere-diputado-paraguayo-que-era-investigado-por-narcotrafico\/#article","isPartOf":{"@id":"https:\/\/www.eldiario.net\/portal\/2024\/08\/20\/muere-diputado-paraguayo-que-era-investigado-por-narcotrafico\/"},"author":{"name":"Jeanette","@id":"https:\/\/www.eldiario.net\/portal\/#\/schema\/person\/f46445640444750d7d753ccd04ae01b7"},"headline":"Muere diputado paraguayo que era investigado por narcotr\u00e1fico","datePublished":"2024-08-20T10:26:32+00:00","mainEntityOfPage":{"@id":"https:\/\/www.eldiario.net\/portal\/2024\/08\/20\/muere-diputado-paraguayo-que-era-investigado-por-narcotrafico\/"},"wordCount":458,"commentCount":0,"publisher":{"@id":"https:\/\/www.eldiario.net\/portal\/#organization"},"image":{"@id":"https:\/\/www.eldiario.net\/portal\/2024\/08\/20\/muere-diputado-paraguayo-que-era-investigado-por-narcotrafico\/#primaryimage"},"thumbnailUrl":"https:\/\/www.eldiario.net\/portal\/wp-content\/uploads\/2024\/08\/LALO-FOTO.jpg","articleSection":["Internacional"],"inLanguage":"es","potentialAction":[{"@type":"CommentAction","name":"Comment","target":["https:\/\/www.eldiario.net\/portal\/2024\/08\/20\/muere-diputado-paraguayo-que-era-investigado-por-narcotrafico\/#respond"]}]},{"@type":"WebPage","@id":"https:\/\/www.eldiario.net\/portal\/2024\/08\/20\/muere-diputado-paraguayo-que-era-investigado-por-narcotrafico\/","url":"https:\/\/www.eldiario.net\/portal\/2024\/08\/20\/muere-diputado-paraguayo-que-era-investigado-por-narcotrafico\/","name":"Muere diputado paraguayo que era investigado por narcotr\u00e1fico - El Diario - Bolivia","isPartOf":{"@id":"https:\/\/www.eldiario.net\/portal\/#website"},"primaryImageOfPage":{"@id":"https:\/\/www.eldiario.net\/portal\/2024\/08\/20\/muere-diputado-paraguayo-que-era-investigado-por-narcotrafico\/#primaryimage"},"image":{"@id":"https:\/\/www.eldiario.net\/portal\/2024\/08\/20\/muere-diputado-paraguayo-que-era-investigado-por-narcotrafico\/#primaryimage"},"thumbnailUrl":"https:\/\/www.eldiario.net\/portal\/wp-content\/uploads\/2024\/08\/LALO-FOTO.jpg","datePublished":"2024-08-20T10:26:32+00:00","breadcrumb":{"@id":"https:\/\/www.eldiario.net\/portal\/2024\/08\/20\/muere-diputado-paraguayo-que-era-investigado-por-narcotrafico\/#breadcrumb"},"inLanguage":"es","potentialAction":[{"@type":"ReadAction","target":["https:\/\/www.eldiario.net\/portal\/2024\/08\/20\/muere-diputado-paraguayo-que-era-investigado-por-narcotrafico\/"]}]},{"@type":"ImageObject","inLanguage":"es","@id":"https:\/\/www.eldiario.net\/portal\/2024\/08\/20\/muere-diputado-paraguayo-que-era-investigado-por-narcotrafico\/#primaryimage","url":"https:\/\/www.eldiario.net\/portal\/wp-content\/uploads\/2024\/08\/LALO-FOTO.jpg","contentUrl":"https:\/\/www.eldiario.net\/portal\/wp-content\/uploads\/2024\/08\/LALO-FOTO.jpg","width":1000,"height":563,"caption":"El diputado paraguayo, Eulalio G\u00f3mez, del Partido Colorado. CREDITO: LA NACION"},{"@type":"BreadcrumbList","@id":"https:\/\/www.eldiario.net\/portal\/2024\/08\/20\/muere-diputado-paraguayo-que-era-investigado-por-narcotrafico\/#breadcrumb","itemListElement":[{"@type":"ListItem","position":1,"name":"Portada","item":"https:\/\/www.eldiario.net\/portal\/"},{"@type":"ListItem","position":2,"name":"Muere diputado paraguayo que era investigado por narcotr\u00e1fico"}]},{"@type":"WebSite","@id":"https:\/\/www.eldiario.net\/portal\/#website","url":"https:\/\/www.eldiario.net\/portal\/","name":"El Diario - Decano de la prensa nacional","description":"El Diario - Decano de la prensa nacional","publisher":{"@id":"https:\/\/www.eldiario.net\/portal\/#organization"},"potentialAction":[{"@type":"SearchAction","target":{"@type":"EntryPoint","urlTemplate":"https:\/\/www.eldiario.net\/portal\/?s={search_term_string}"},"query-input":{"@type":"PropertyValueSpecification","valueRequired":true,"valueName":"search_term_string"}}],"inLanguage":"es"},{"@type":"Organization","@id":"https:\/\/www.eldiario.net\/portal\/#organization","name":"El Diario - Decano de la prensa nacional","url":"https:\/\/www.eldiario.net\/portal\/","logo":{"@type":"ImageObject","inLanguage":"es","@id":"https:\/\/www.eldiario.net\/portal\/#\/schema\/logo\/image\/","url":"https:\/\/www.eldiario.net\/portal\/wp-content\/uploads\/2023\/07\/logo_ED.jpg","contentUrl":"https:\/\/www.eldiario.net\/portal\/wp-content\/uploads\/2023\/07\/logo_ED.jpg","width":272,"height":52,"caption":"El Diario - Decano de la prensa nacional"},"image":{"@id":"https:\/\/www.eldiario.net\/portal\/#\/schema\/logo\/image\/"},"sameAs":["https:\/\/www.facebook.com\/eldiario.bolivia\/","https:\/\/x.com\/eldiario_net"]},{"@type":"Person","@id":"https:\/\/www.eldiario.net\/portal\/#\/schema\/person\/f46445640444750d7d753ccd04ae01b7","name":"Jeanette","image":{"@type":"ImageObject","inLanguage":"es","@id":"https:\/\/secure.gravatar.com\/avatar\/3ea2118a5f7dad2b7138b1187a6b7ee55f160b9968b66013c3a3ef39dd7e5798?s=96&d=mm&r=g","url":"https:\/\/secure.gravatar.com\/avatar\/3ea2118a5f7dad2b7138b1187a6b7ee55f160b9968b66013c3a3ef39dd7e5798?s=96&d=mm&r=g","contentUrl":"https:\/\/secure.gravatar.com\/avatar\/3ea2118a5f7dad2b7138b1187a6b7ee55f160b9968b66013c3a3ef39dd7e5798?s=96&d=mm&r=g","caption":"Jeanette"},"sameAs":["https:\/\/www.eldiario.net\/portal"],"url":"https:\/\/www.eldiario.net\/portal\/author\/jeanette\/"}]}},"_links":{"self":[{"href":"https:\/\/www.eldiario.net\/portal\/wp-json\/wp\/v2\/posts\/241955","targetHints":{"allow":["GET"]}}],"collection":[{"href":"https:\/\/www.eldiario.net\/portal\/wp-json\/wp\/v2\/posts"}],"about":[{"href":"https:\/\/www.eldiario.net\/portal\/wp-json\/wp\/v2\/types\/post"}],"author":[{"embeddable":true,"href":"https:\/\/www.eldiario.net\/portal\/wp-json\/wp\/v2\/users\/1"}],"replies":[{"embeddable":true,"href":"https:\/\/www.eldiario.net\/portal\/wp-json\/wp\/v2\/comments?post=241955"}],"version-history":[{"count":1,"href":"https:\/\/www.eldiario.net\/portal\/wp-json\/wp\/v2\/posts\/241955\/revisions"}],"predecessor-version":[{"id":241957,"href":"https:\/\/www.eldiario.net\/portal\/wp-json\/wp\/v2\/posts\/241955\/revisions\/241957"}],"wp:featuredmedia":[{"embeddable":true,"href":"https:\/\/www.eldiario.net\/portal\/wp-json\/wp\/v2\/media\/241956"}],"wp:attachment":[{"href":"https:\/\/www.eldiario.net\/portal\/wp-json\/wp\/v2\/media?parent=241955"}],"wp:term":[{"taxonomy":"category","embeddable":true,"href":"https:\/\/www.eldiario.net\/portal\/wp-json\/wp\/v2\/categories?post=241955"},{"taxonomy":"post_tag","embeddable":true,"href":"https:\/\/www.eldiario.net\/portal\/wp-json\/wp\/v2\/tags?post=241955"}],"curies":[{"name":"wp","href":"https:\/\/api.w.org\/{rel}","templated":true}]}}