{"id":241952,"date":"2024-08-20T06:25:59","date_gmt":"2024-08-20T10:25:59","guid":{"rendered":"https:\/\/www.eldiario.net\/portal\/?p=241952"},"modified":"2024-08-20T06:25:59","modified_gmt":"2024-08-20T10:25:59","slug":"netanyahu-acepta-propuesta-de-eeuu-para-tregua-que-libere-rehenes-en-gaza","status":"publish","type":"post","link":"https:\/\/www.eldiario.net\/portal\/2024\/08\/20\/netanyahu-acepta-propuesta-de-eeuu-para-tregua-que-libere-rehenes-en-gaza\/","title":{"rendered":"Netanyahu acepta propuesta de EEUU para tregua que libere rehenes en Gaza"},"content":{"rendered":"<p>Antony Blinken y Benjamin Netanyahu debatieron sobre la \u00faltima discrepancia clave que traba un posible cese del fuego entre Israel y Ham\u00e1s. El premier israel\u00ed no quiere ceder el control militar del Corredor de Filadelfia, que comunica Gaza con Egipto, una decisi\u00f3n pol\u00edtica que es resistida por el Secretario de Estado, su propio Gabinete de Guerra y la organizaci\u00f3n terrorista.<\/p>\n<p>\u201cSi Ham\u00e1s insiste con la retirada total del Corredor de Filadelfia, no hay acuerdo\u201d, sostuvo Netanyahu a sus negociadores antes del encuentro con Blinken, que sucedi\u00f3 en Jerusalem y se extendi\u00f3 por tres horas.<\/p>\n<p>La discusi\u00f3n sobre el corredor qued\u00f3 sin resultado definitivo. Sin embargo, poco despu\u00e9s del encuentro, Blinken sostuvo que Israel ha aceptado una propuesta para un cese del fuego y la liberaci\u00f3n de rehenes en Gaza: \u201cEn una reuni\u00f3n muy constructiva con el primer ministro Netanyahu ayer, me confirm\u00f3 que Israel acepta la propuesta de acercamiento. La apoya. Ahora le corresponde a Hamas hacer lo mismo\u201d.<\/p>\n<p>Si hubiera una tregua en Gaza ajustada a la iniciativa propuesta por Joseph Biden en mayo, la extrema vigilancia del Corredor de Filadelfia tiene una importancia relativa. En la primera fase del cese del fuego se prioriza la libertad de los rehenes y el ingreso de la ayuda humanitaria a la zona de combate. La retirada de ciertas tropas del Corredor no deber\u00eda afectar la seguridad de Israel.<\/p>\n<p>El corredor tiene 14 kil\u00f3metros, une la Franja con Egipto, y es utilizado por Hamas para contrabandear armas, explosivos, alimentos e insumos m\u00e9dicos. El Gabinete de Guerra que asesora a Netanyahu y la Casa Blanca asumen su importancia log\u00edstica para Hamas, pero consideran que es m\u00e1s significativo fijar la tregua, obtener la libertad de los rehenes y aplacar la crisis humanitaria en Gaza.<\/p>\n<p>Blinken despleg\u00f3 estos argumentos para convencer al premier israel\u00ed, que le contest\u00f3 con un comunicado p\u00fablico que ratific\u00f3 la postura que exhibi\u00f3 durante su c\u00f3nclave con el secretario de Estado.<\/p>\n<p>\u201cEl Primer Ministro reiter\u00f3 el compromiso de Israel con la actual propuesta estadounidense sobre la liberaci\u00f3n de nuestros rehenes, que tiene en cuenta las necesidades de seguridad de Israel, en las que insiste firmemente\u201d, sostiene el comunicado oficial.<\/p>\n<p>Adem\u00e1s de acotar las diferencias entre ambos enemigos, Blinken ten\u00eda en agenda solicitar a Netanyahu y a Qatar -que negocia por Hamas y Hezbollah- la eventual suspensi\u00f3n de las operaciones militares y terroristas en Gaza, el L\u00edbano e Israel. Sin ataques contrapuestos, se podr\u00eda avanzar a otro velocidad para cerrar una tregua que involucra a los pa\u00edses m\u00e1s poderosos de Medio Oriente.<\/p>\n<p>\u201cEs un momento decisivo, probablemente la mejor y tal vez la \u00faltima oportunidad para devolver a los secuestrados a casa, para lograr un alto el fuego\u201d, sostuvo Blinken antes de iniciar su reuni\u00f3n con el presidente israel\u00ed, Isaac Herzog.<\/p>\n<p>La respuesta al secretario de Estado fue negativa.<\/p>\n<p>Los terroristas de Hamas, Hezbollah y la Jihad Isl\u00e1mica continuaron con su agenda. Hace pocas horas, la polic\u00eda israel\u00ed confirm\u00f3 que Hamas y la Jihad isl\u00e1mica hab\u00edan intentado cometer un ataque en Tel Aviv con una mochila repleta de explosivos. Una falla en el dispositivo hizo que la bomba estallara antes y matara al terrorista a cargo del atentado.<\/p>\n<p>Cuando concluy\u00f3 su encuentro con Netanyahu, el secretario de Estado viaj\u00f3 hasta Tel Aviv para reunirse con Yoav Gallant, ministro de Defensa de Israel. Blinken y Gallant tienen relaci\u00f3n fluida y comparten la necesidad de cerrar la tregua al margen del control militar del Corredor Filadelfia.<\/p>\n<p>Netanyahu y Gallant ya chocaron respecto a la estrategia b\u00e9lica y diplom\u00e1tica para resolver el conflicto en Gaza, y ayer las diferencias se profundizaron cuando se debati\u00f3 la negociaci\u00f3n con Hamas en el Gabinete de Guerra de Israel. Gallant insisti\u00f3 con pactar la tregua para liberar a los rehenes y reducir la presencia militar en el corredor hasta avanzar a una segunda fase del cese del fuego.<\/p>\n<p>&nbsp;<\/p>\n<p>NETANYAHU RECHAZ\u00d3 ESA POSIBILIDAD.<\/p>\n<p>Al margen del Corredor de Filadelfia, Israel y Hamas todav\u00eda no se pusieron de acuerdo sobre los rehenes civiles y los presos palestinos que ser\u00edan liberados. En principio, Hamas soltar\u00eda a mujeres cautivas, ancianos y heridos a cambio de 350 palestinos acusados de terrorismo.<\/p>\n<p>La negociaci\u00f3n est\u00e1 trabada en la lista definitiva de los secuestrados jud\u00edos que ser\u00e1n liberados y la n\u00f3mina de terroristas que pretende Hamas. Israel quiere tener una prueba de vida antes de cerrar el trato, mientras que la organizaci\u00f3n financiada por Ir\u00e1n presiona para liberar a sus fedayines m\u00e1s involucrados en ataques contra blancos israel\u00edes.<\/p>\n<p>Cuando concluya su gira por Israel, Blinken volar\u00e1 hacia el Cairo para completar su agenda por Medio Oriente. (Infobae)<\/p>\n","protected":false},"excerpt":{"rendered":"<p>Antony Blinken y Benjamin Netanyahu debatieron sobre la \u00faltima discrepancia clave que traba un posible cese del fuego entre Israel y Ham\u00e1s. El premier israel\u00ed no quiere ceder el control militar del Corredor de Filadelfia, que comunica Gaza con Egipto, una decisi\u00f3n pol\u00edtica que es resistida por el Secretario de Estado, su propio Gabinete de [&hellip;]<\/p>\n","protected":false},"author":1,"featured_media":241953,"comment_status":"open","ping_status":"open","sticky":false,"template":"","format":"standard","meta":{"_acf_changed":false,"footnotes":""},"categories":[3],"tags":[],"class_list":["post-241952","post","type-post","status-publish","format-standard","has-post-thumbnail","category-internacional"],"acf":{"antetitulo":"Etapa crucial en conflicto de Oriente Medio"},"yoast_head":"<!-- This site is optimized with the Yoast SEO plugin v28.4 - https:\/\/yoast.com\/product\/yoast-seo-wordpress\/ -->\n<title>Netanyahu acepta propuesta de EEUU para tregua que libere rehenes en Gaza - El Diario - Bolivia<\/title>\n<meta name=\"robots\" content=\"index, follow, max-snippet:-1, max-image-preview:large, max-video-preview:-1\" \/>\n<link rel=\"canonical\" href=\"https:\/\/www.eldiario.net\/portal\/2024\/08\/20\/netanyahu-acepta-propuesta-de-eeuu-para-tregua-que-libere-rehenes-en-gaza\/\" \/>\n<meta property=\"og:locale\" content=\"es_ES\" \/>\n<meta property=\"og:type\" content=\"article\" \/>\n<meta property=\"og:title\" content=\"Netanyahu acepta propuesta de EEUU para tregua que libere rehenes en Gaza - El Diario - Bolivia\" \/>\n<meta property=\"og:description\" content=\"Antony Blinken y Benjamin Netanyahu debatieron sobre la \u00faltima discrepancia clave que traba un posible cese del fuego entre Israel y Ham\u00e1s. El premier israel\u00ed no quiere ceder el control militar del Corredor de Filadelfia, que comunica Gaza con Egipto, una decisi\u00f3n pol\u00edtica que es resistida por el Secretario de Estado, su propio Gabinete de [&hellip;]\" \/>\n<meta property=\"og:url\" content=\"https:\/\/www.eldiario.net\/portal\/2024\/08\/20\/netanyahu-acepta-propuesta-de-eeuu-para-tregua-que-libere-rehenes-en-gaza\/\" \/>\n<meta property=\"og:site_name\" content=\"El Diario - Bolivia\" \/>\n<meta property=\"article:publisher\" content=\"https:\/\/www.facebook.com\/eldiario.bolivia\/\" \/>\n<meta property=\"article:published_time\" content=\"2024-08-20T10:25:59+00:00\" \/>\n<meta property=\"og:image\" content=\"https:\/\/www.eldiario.net\/portal\/wp-content\/uploads\/2024\/08\/PAZ-FOTO.jpg\" \/>\n\t<meta property=\"og:image:width\" content=\"768\" \/>\n\t<meta property=\"og:image:height\" content=\"576\" \/>\n\t<meta property=\"og:image:type\" content=\"image\/jpeg\" \/>\n<meta name=\"author\" content=\"Jeanette\" \/>\n<meta name=\"twitter:card\" content=\"summary_large_image\" \/>\n<meta name=\"twitter:creator\" content=\"@eldiario_net\" \/>\n<meta name=\"twitter:site\" content=\"@eldiario_net\" \/>\n<meta name=\"twitter:label1\" content=\"Escrito por\" \/>\n\t<meta name=\"twitter:data1\" content=\"Jeanette\" \/>\n\t<meta name=\"twitter:label2\" content=\"Tiempo de lectura\" \/>\n\t<meta name=\"twitter:data2\" content=\"4 minutos\" \/>\n<script type=\"application\/ld+json\" class=\"yoast-schema-graph\">{\"@context\":\"https:\\\/\\\/schema.org\",\"@graph\":[{\"@type\":\"Article\",\"@id\":\"https:\\\/\\\/www.eldiario.net\\\/portal\\\/2024\\\/08\\\/20\\\/netanyahu-acepta-propuesta-de-eeuu-para-tregua-que-libere-rehenes-en-gaza\\\/#article\",\"isPartOf\":{\"@id\":\"https:\\\/\\\/www.eldiario.net\\\/portal\\\/2024\\\/08\\\/20\\\/netanyahu-acepta-propuesta-de-eeuu-para-tregua-que-libere-rehenes-en-gaza\\\/\"},\"author\":{\"name\":\"Jeanette\",\"@id\":\"https:\\\/\\\/www.eldiario.net\\\/portal\\\/#\\\/schema\\\/person\\\/f46445640444750d7d753ccd04ae01b7\"},\"headline\":\"Netanyahu acepta propuesta de EEUU para tregua que libere rehenes en Gaza\",\"datePublished\":\"2024-08-20T10:25:59+00:00\",\"mainEntityOfPage\":{\"@id\":\"https:\\\/\\\/www.eldiario.net\\\/portal\\\/2024\\\/08\\\/20\\\/netanyahu-acepta-propuesta-de-eeuu-para-tregua-que-libere-rehenes-en-gaza\\\/\"},\"wordCount\":816,\"commentCount\":0,\"publisher\":{\"@id\":\"https:\\\/\\\/www.eldiario.net\\\/portal\\\/#organization\"},\"image\":{\"@id\":\"https:\\\/\\\/www.eldiario.net\\\/portal\\\/2024\\\/08\\\/20\\\/netanyahu-acepta-propuesta-de-eeuu-para-tregua-que-libere-rehenes-en-gaza\\\/#primaryimage\"},\"thumbnailUrl\":\"https:\\\/\\\/www.eldiario.net\\\/portal\\\/wp-content\\\/uploads\\\/2024\\\/08\\\/PAZ-FOTO.jpg\",\"articleSection\":[\"Internacional\"],\"inLanguage\":\"es\",\"potentialAction\":[{\"@type\":\"CommentAction\",\"name\":\"Comment\",\"target\":[\"https:\\\/\\\/www.eldiario.net\\\/portal\\\/2024\\\/08\\\/20\\\/netanyahu-acepta-propuesta-de-eeuu-para-tregua-que-libere-rehenes-en-gaza\\\/#respond\"]}]},{\"@type\":\"WebPage\",\"@id\":\"https:\\\/\\\/www.eldiario.net\\\/portal\\\/2024\\\/08\\\/20\\\/netanyahu-acepta-propuesta-de-eeuu-para-tregua-que-libere-rehenes-en-gaza\\\/\",\"url\":\"https:\\\/\\\/www.eldiario.net\\\/portal\\\/2024\\\/08\\\/20\\\/netanyahu-acepta-propuesta-de-eeuu-para-tregua-que-libere-rehenes-en-gaza\\\/\",\"name\":\"Netanyahu acepta propuesta de EEUU para tregua que libere rehenes en Gaza - El Diario - Bolivia\",\"isPartOf\":{\"@id\":\"https:\\\/\\\/www.eldiario.net\\\/portal\\\/#website\"},\"primaryImageOfPage\":{\"@id\":\"https:\\\/\\\/www.eldiario.net\\\/portal\\\/2024\\\/08\\\/20\\\/netanyahu-acepta-propuesta-de-eeuu-para-tregua-que-libere-rehenes-en-gaza\\\/#primaryimage\"},\"image\":{\"@id\":\"https:\\\/\\\/www.eldiario.net\\\/portal\\\/2024\\\/08\\\/20\\\/netanyahu-acepta-propuesta-de-eeuu-para-tregua-que-libere-rehenes-en-gaza\\\/#primaryimage\"},\"thumbnailUrl\":\"https:\\\/\\\/www.eldiario.net\\\/portal\\\/wp-content\\\/uploads\\\/2024\\\/08\\\/PAZ-FOTO.jpg\",\"datePublished\":\"2024-08-20T10:25:59+00:00\",\"breadcrumb\":{\"@id\":\"https:\\\/\\\/www.eldiario.net\\\/portal\\\/2024\\\/08\\\/20\\\/netanyahu-acepta-propuesta-de-eeuu-para-tregua-que-libere-rehenes-en-gaza\\\/#breadcrumb\"},\"inLanguage\":\"es\",\"potentialAction\":[{\"@type\":\"ReadAction\",\"target\":[\"https:\\\/\\\/www.eldiario.net\\\/portal\\\/2024\\\/08\\\/20\\\/netanyahu-acepta-propuesta-de-eeuu-para-tregua-que-libere-rehenes-en-gaza\\\/\"]}]},{\"@type\":\"ImageObject\",\"inLanguage\":\"es\",\"@id\":\"https:\\\/\\\/www.eldiario.net\\\/portal\\\/2024\\\/08\\\/20\\\/netanyahu-acepta-propuesta-de-eeuu-para-tregua-que-libere-rehenes-en-gaza\\\/#primaryimage\",\"url\":\"https:\\\/\\\/www.eldiario.net\\\/portal\\\/wp-content\\\/uploads\\\/2024\\\/08\\\/PAZ-FOTO.jpg\",\"contentUrl\":\"https:\\\/\\\/www.eldiario.net\\\/portal\\\/wp-content\\\/uploads\\\/2024\\\/08\\\/PAZ-FOTO.jpg\",\"width\":768,\"height\":576,\"caption\":\"Benjam\u00edn Netanyahu y Antony Blinken en su \u00faltimo encuentro oficial en Jerusalem, donde se trat\u00f3 la iniciativa de paz propuesta por Joseph Biden. CREDITOS INFOBAE\"},{\"@type\":\"BreadcrumbList\",\"@id\":\"https:\\\/\\\/www.eldiario.net\\\/portal\\\/2024\\\/08\\\/20\\\/netanyahu-acepta-propuesta-de-eeuu-para-tregua-que-libere-rehenes-en-gaza\\\/#breadcrumb\",\"itemListElement\":[{\"@type\":\"ListItem\",\"position\":1,\"name\":\"Portada\",\"item\":\"https:\\\/\\\/www.eldiario.net\\\/portal\\\/\"},{\"@type\":\"ListItem\",\"position\":2,\"name\":\"Netanyahu acepta propuesta de EEUU para tregua que libere rehenes en Gaza\"}]},{\"@type\":\"WebSite\",\"@id\":\"https:\\\/\\\/www.eldiario.net\\\/portal\\\/#website\",\"url\":\"https:\\\/\\\/www.eldiario.net\\\/portal\\\/\",\"name\":\"El Diario - Decano de la prensa nacional\",\"description\":\"El Diario - Decano de la prensa nacional\",\"publisher\":{\"@id\":\"https:\\\/\\\/www.eldiario.net\\\/portal\\\/#organization\"},\"potentialAction\":[{\"@type\":\"SearchAction\",\"target\":{\"@type\":\"EntryPoint\",\"urlTemplate\":\"https:\\\/\\\/www.eldiario.net\\\/portal\\\/?s={search_term_string}\"},\"query-input\":{\"@type\":\"PropertyValueSpecification\",\"valueRequired\":true,\"valueName\":\"search_term_string\"}}],\"inLanguage\":\"es\"},{\"@type\":\"Organization\",\"@id\":\"https:\\\/\\\/www.eldiario.net\\\/portal\\\/#organization\",\"name\":\"El Diario - Decano de la prensa nacional\",\"url\":\"https:\\\/\\\/www.eldiario.net\\\/portal\\\/\",\"logo\":{\"@type\":\"ImageObject\",\"inLanguage\":\"es\",\"@id\":\"https:\\\/\\\/www.eldiario.net\\\/portal\\\/#\\\/schema\\\/logo\\\/image\\\/\",\"url\":\"https:\\\/\\\/www.eldiario.net\\\/portal\\\/wp-content\\\/uploads\\\/2023\\\/07\\\/logo_ED.jpg\",\"contentUrl\":\"https:\\\/\\\/www.eldiario.net\\\/portal\\\/wp-content\\\/uploads\\\/2023\\\/07\\\/logo_ED.jpg\",\"width\":272,\"height\":52,\"caption\":\"El Diario - Decano de la prensa nacional\"},\"image\":{\"@id\":\"https:\\\/\\\/www.eldiario.net\\\/portal\\\/#\\\/schema\\\/logo\\\/image\\\/\"},\"sameAs\":[\"https:\\\/\\\/www.facebook.com\\\/eldiario.bolivia\\\/\",\"https:\\\/\\\/x.com\\\/eldiario_net\"]},{\"@type\":\"Person\",\"@id\":\"https:\\\/\\\/www.eldiario.net\\\/portal\\\/#\\\/schema\\\/person\\\/f46445640444750d7d753ccd04ae01b7\",\"name\":\"Jeanette\",\"image\":{\"@type\":\"ImageObject\",\"inLanguage\":\"es\",\"@id\":\"https:\\\/\\\/secure.gravatar.com\\\/avatar\\\/3ea2118a5f7dad2b7138b1187a6b7ee55f160b9968b66013c3a3ef39dd7e5798?s=96&d=mm&r=g\",\"url\":\"https:\\\/\\\/secure.gravatar.com\\\/avatar\\\/3ea2118a5f7dad2b7138b1187a6b7ee55f160b9968b66013c3a3ef39dd7e5798?s=96&d=mm&r=g\",\"contentUrl\":\"https:\\\/\\\/secure.gravatar.com\\\/avatar\\\/3ea2118a5f7dad2b7138b1187a6b7ee55f160b9968b66013c3a3ef39dd7e5798?s=96&d=mm&r=g\",\"caption\":\"Jeanette\"},\"sameAs\":[\"https:\\\/\\\/www.eldiario.net\\\/portal\"],\"url\":\"https:\\\/\\\/www.eldiario.net\\\/portal\\\/author\\\/jeanette\\\/\"}]}<\/script>\n<!-- \/ Yoast SEO plugin. -->","yoast_head_json":{"title":"Netanyahu acepta propuesta de EEUU para tregua que libere rehenes en Gaza - El Diario - Bolivia","robots":{"index":"index","follow":"follow","max-snippet":"max-snippet:-1","max-image-preview":"max-image-preview:large","max-video-preview":"max-video-preview:-1"},"canonical":"https:\/\/www.eldiario.net\/portal\/2024\/08\/20\/netanyahu-acepta-propuesta-de-eeuu-para-tregua-que-libere-rehenes-en-gaza\/","og_locale":"es_ES","og_type":"article","og_title":"Netanyahu acepta propuesta de EEUU para tregua que libere rehenes en Gaza - El Diario - Bolivia","og_description":"Antony Blinken y Benjamin Netanyahu debatieron sobre la \u00faltima discrepancia clave que traba un posible cese del fuego entre Israel y Ham\u00e1s. El premier israel\u00ed no quiere ceder el control militar del Corredor de Filadelfia, que comunica Gaza con Egipto, una decisi\u00f3n pol\u00edtica que es resistida por el Secretario de Estado, su propio Gabinete de [&hellip;]","og_url":"https:\/\/www.eldiario.net\/portal\/2024\/08\/20\/netanyahu-acepta-propuesta-de-eeuu-para-tregua-que-libere-rehenes-en-gaza\/","og_site_name":"El Diario - Bolivia","article_publisher":"https:\/\/www.facebook.com\/eldiario.bolivia\/","article_published_time":"2024-08-20T10:25:59+00:00","og_image":[{"width":768,"height":576,"url":"https:\/\/www.eldiario.net\/portal\/wp-content\/uploads\/2024\/08\/PAZ-FOTO.jpg","type":"image\/jpeg"}],"author":"Jeanette","twitter_card":"summary_large_image","twitter_creator":"@eldiario_net","twitter_site":"@eldiario_net","twitter_misc":{"Escrito por":"Jeanette","Tiempo de lectura":"4 minutos"},"schema":{"@context":"https:\/\/schema.org","@graph":[{"@type":"Article","@id":"https:\/\/www.eldiario.net\/portal\/2024\/08\/20\/netanyahu-acepta-propuesta-de-eeuu-para-tregua-que-libere-rehenes-en-gaza\/#article","isPartOf":{"@id":"https:\/\/www.eldiario.net\/portal\/2024\/08\/20\/netanyahu-acepta-propuesta-de-eeuu-para-tregua-que-libere-rehenes-en-gaza\/"},"author":{"name":"Jeanette","@id":"https:\/\/www.eldiario.net\/portal\/#\/schema\/person\/f46445640444750d7d753ccd04ae01b7"},"headline":"Netanyahu acepta propuesta de EEUU para tregua que libere rehenes en Gaza","datePublished":"2024-08-20T10:25:59+00:00","mainEntityOfPage":{"@id":"https:\/\/www.eldiario.net\/portal\/2024\/08\/20\/netanyahu-acepta-propuesta-de-eeuu-para-tregua-que-libere-rehenes-en-gaza\/"},"wordCount":816,"commentCount":0,"publisher":{"@id":"https:\/\/www.eldiario.net\/portal\/#organization"},"image":{"@id":"https:\/\/www.eldiario.net\/portal\/2024\/08\/20\/netanyahu-acepta-propuesta-de-eeuu-para-tregua-que-libere-rehenes-en-gaza\/#primaryimage"},"thumbnailUrl":"https:\/\/www.eldiario.net\/portal\/wp-content\/uploads\/2024\/08\/PAZ-FOTO.jpg","articleSection":["Internacional"],"inLanguage":"es","potentialAction":[{"@type":"CommentAction","name":"Comment","target":["https:\/\/www.eldiario.net\/portal\/2024\/08\/20\/netanyahu-acepta-propuesta-de-eeuu-para-tregua-que-libere-rehenes-en-gaza\/#respond"]}]},{"@type":"WebPage","@id":"https:\/\/www.eldiario.net\/portal\/2024\/08\/20\/netanyahu-acepta-propuesta-de-eeuu-para-tregua-que-libere-rehenes-en-gaza\/","url":"https:\/\/www.eldiario.net\/portal\/2024\/08\/20\/netanyahu-acepta-propuesta-de-eeuu-para-tregua-que-libere-rehenes-en-gaza\/","name":"Netanyahu acepta propuesta de EEUU para tregua que libere rehenes en Gaza - El Diario - Bolivia","isPartOf":{"@id":"https:\/\/www.eldiario.net\/portal\/#website"},"primaryImageOfPage":{"@id":"https:\/\/www.eldiario.net\/portal\/2024\/08\/20\/netanyahu-acepta-propuesta-de-eeuu-para-tregua-que-libere-rehenes-en-gaza\/#primaryimage"},"image":{"@id":"https:\/\/www.eldiario.net\/portal\/2024\/08\/20\/netanyahu-acepta-propuesta-de-eeuu-para-tregua-que-libere-rehenes-en-gaza\/#primaryimage"},"thumbnailUrl":"https:\/\/www.eldiario.net\/portal\/wp-content\/uploads\/2024\/08\/PAZ-FOTO.jpg","datePublished":"2024-08-20T10:25:59+00:00","breadcrumb":{"@id":"https:\/\/www.eldiario.net\/portal\/2024\/08\/20\/netanyahu-acepta-propuesta-de-eeuu-para-tregua-que-libere-rehenes-en-gaza\/#breadcrumb"},"inLanguage":"es","potentialAction":[{"@type":"ReadAction","target":["https:\/\/www.eldiario.net\/portal\/2024\/08\/20\/netanyahu-acepta-propuesta-de-eeuu-para-tregua-que-libere-rehenes-en-gaza\/"]}]},{"@type":"ImageObject","inLanguage":"es","@id":"https:\/\/www.eldiario.net\/portal\/2024\/08\/20\/netanyahu-acepta-propuesta-de-eeuu-para-tregua-que-libere-rehenes-en-gaza\/#primaryimage","url":"https:\/\/www.eldiario.net\/portal\/wp-content\/uploads\/2024\/08\/PAZ-FOTO.jpg","contentUrl":"https:\/\/www.eldiario.net\/portal\/wp-content\/uploads\/2024\/08\/PAZ-FOTO.jpg","width":768,"height":576,"caption":"Benjam\u00edn Netanyahu y Antony Blinken en su \u00faltimo encuentro oficial en Jerusalem, donde se trat\u00f3 la iniciativa de paz propuesta por Joseph Biden. CREDITOS INFOBAE"},{"@type":"BreadcrumbList","@id":"https:\/\/www.eldiario.net\/portal\/2024\/08\/20\/netanyahu-acepta-propuesta-de-eeuu-para-tregua-que-libere-rehenes-en-gaza\/#breadcrumb","itemListElement":[{"@type":"ListItem","position":1,"name":"Portada","item":"https:\/\/www.eldiario.net\/portal\/"},{"@type":"ListItem","position":2,"name":"Netanyahu acepta propuesta de EEUU para tregua que libere rehenes en Gaza"}]},{"@type":"WebSite","@id":"https:\/\/www.eldiario.net\/portal\/#website","url":"https:\/\/www.eldiario.net\/portal\/","name":"El Diario - Decano de la prensa nacional","description":"El Diario - Decano de la prensa nacional","publisher":{"@id":"https:\/\/www.eldiario.net\/portal\/#organization"},"potentialAction":[{"@type":"SearchAction","target":{"@type":"EntryPoint","urlTemplate":"https:\/\/www.eldiario.net\/portal\/?s={search_term_string}"},"query-input":{"@type":"PropertyValueSpecification","valueRequired":true,"valueName":"search_term_string"}}],"inLanguage":"es"},{"@type":"Organization","@id":"https:\/\/www.eldiario.net\/portal\/#organization","name":"El Diario - Decano de la prensa nacional","url":"https:\/\/www.eldiario.net\/portal\/","logo":{"@type":"ImageObject","inLanguage":"es","@id":"https:\/\/www.eldiario.net\/portal\/#\/schema\/logo\/image\/","url":"https:\/\/www.eldiario.net\/portal\/wp-content\/uploads\/2023\/07\/logo_ED.jpg","contentUrl":"https:\/\/www.eldiario.net\/portal\/wp-content\/uploads\/2023\/07\/logo_ED.jpg","width":272,"height":52,"caption":"El Diario - Decano de la prensa nacional"},"image":{"@id":"https:\/\/www.eldiario.net\/portal\/#\/schema\/logo\/image\/"},"sameAs":["https:\/\/www.facebook.com\/eldiario.bolivia\/","https:\/\/x.com\/eldiario_net"]},{"@type":"Person","@id":"https:\/\/www.eldiario.net\/portal\/#\/schema\/person\/f46445640444750d7d753ccd04ae01b7","name":"Jeanette","image":{"@type":"ImageObject","inLanguage":"es","@id":"https:\/\/secure.gravatar.com\/avatar\/3ea2118a5f7dad2b7138b1187a6b7ee55f160b9968b66013c3a3ef39dd7e5798?s=96&d=mm&r=g","url":"https:\/\/secure.gravatar.com\/avatar\/3ea2118a5f7dad2b7138b1187a6b7ee55f160b9968b66013c3a3ef39dd7e5798?s=96&d=mm&r=g","contentUrl":"https:\/\/secure.gravatar.com\/avatar\/3ea2118a5f7dad2b7138b1187a6b7ee55f160b9968b66013c3a3ef39dd7e5798?s=96&d=mm&r=g","caption":"Jeanette"},"sameAs":["https:\/\/www.eldiario.net\/portal"],"url":"https:\/\/www.eldiario.net\/portal\/author\/jeanette\/"}]}},"_links":{"self":[{"href":"https:\/\/www.eldiario.net\/portal\/wp-json\/wp\/v2\/posts\/241952","targetHints":{"allow":["GET"]}}],"collection":[{"href":"https:\/\/www.eldiario.net\/portal\/wp-json\/wp\/v2\/posts"}],"about":[{"href":"https:\/\/www.eldiario.net\/portal\/wp-json\/wp\/v2\/types\/post"}],"author":[{"embeddable":true,"href":"https:\/\/www.eldiario.net\/portal\/wp-json\/wp\/v2\/users\/1"}],"replies":[{"embeddable":true,"href":"https:\/\/www.eldiario.net\/portal\/wp-json\/wp\/v2\/comments?post=241952"}],"version-history":[{"count":1,"href":"https:\/\/www.eldiario.net\/portal\/wp-json\/wp\/v2\/posts\/241952\/revisions"}],"predecessor-version":[{"id":241954,"href":"https:\/\/www.eldiario.net\/portal\/wp-json\/wp\/v2\/posts\/241952\/revisions\/241954"}],"wp:featuredmedia":[{"embeddable":true,"href":"https:\/\/www.eldiario.net\/portal\/wp-json\/wp\/v2\/media\/241953"}],"wp:attachment":[{"href":"https:\/\/www.eldiario.net\/portal\/wp-json\/wp\/v2\/media?parent=241952"}],"wp:term":[{"taxonomy":"category","embeddable":true,"href":"https:\/\/www.eldiario.net\/portal\/wp-json\/wp\/v2\/categories?post=241952"},{"taxonomy":"post_tag","embeddable":true,"href":"https:\/\/www.eldiario.net\/portal\/wp-json\/wp\/v2\/tags?post=241952"}],"curies":[{"name":"wp","href":"https:\/\/api.w.org\/{rel}","templated":true}]}}