{"id":241949,"date":"2024-08-20T06:25:29","date_gmt":"2024-08-20T10:25:29","guid":{"rendered":"https:\/\/www.eldiario.net\/portal\/?p=241949"},"modified":"2024-08-20T06:25:29","modified_gmt":"2024-08-20T10:25:29","slug":"un-muerto-y-seis-desaparecidos-en-naufragio-de-velero-bayesian","status":"publish","type":"post","link":"https:\/\/www.eldiario.net\/portal\/2024\/08\/20\/un-muerto-y-seis-desaparecidos-en-naufragio-de-velero-bayesian\/","title":{"rendered":"Un muerto y seis desaparecidos en naufragio de velero Bayesian"},"content":{"rendered":"<p>Al menos una persona muri\u00f3 y otras seis est\u00e1n desaparecidas tras el naufragio ayer en la madrugada de un velero de lujo \u201cBayesian\u201d frente a la costa de Palermo, en la isla italiana de Sicilia, debido al mal tiempo, seg\u00fan las autoridades locales, incluido el empresario tecnol\u00f3gico Mike Lynch, conocido como \u201cel Bill Gates brit\u00e1nico\u201d, y su hija de 18 a\u00f1os.<\/p>\n<p>&nbsp;<\/p>\n<p>El yate, de unos 50 metros de eslora, se hundi\u00f3 cuando se encontraba fondeado frente a Porticello con m\u00e1s de una veintena de pasajeros y tripulantes debido al impacto de una manga de agua. Los primeros trabajos en la zona pudieron rescatar con vida a 15 personas, entre ellas una ni\u00f1a de un a\u00f1o.<\/p>\n<p>El fallecido cuyo cuerpo s\u00ed fue rescatado ser\u00eda el cocinero del velero, mientras que la prensa italiana public\u00f3 que entre la tripulaci\u00f3n hab\u00eda nacionales de Antigua, Francia, Alemania, Irlanda, Birmania, Pa\u00edses Bajos, Nueva Zelanda y Espa\u00f1a. Los seis desaparecidos son cuatro brit\u00e1nicos y dos estadounidenses, public\u00f3 \u201cLa Repubblica\u201d.<\/p>\n<p>\u00abAyer por ma\u00f1ana sobre las 5.00 durante una violenta tormenta, un yate de 56 metros, el &#8216;Bayesian&#8217;, con bandera brit\u00e1nica, se hundi\u00f3 cerca de Porticello\u00bb, inform\u00f3 la Guardia Costera italiana.<\/p>\n<p>Los servicios de emergencia han activado un operativo de b\u00fasqueda que permiti\u00f3 localizar un cad\u00e1ver, identificado como el cocinero de la embarcaci\u00f3n. Otras seis personas siguen desaparecidas y las autoridades sospechan que pueden encontrarse en el interior del barco hundido, seg\u00fan la agencia AdnKronos.<\/p>\n<p>El casco se encuentra a unos 49 metros de profundidad, por lo que se enviaron buzos para intentar alcanzar su interior. Mientras, los supervivientes fueron atendidos en el Hospital Di Cristina de Palermo, incluida la beb\u00e9 de un a\u00f1o. La madre de la ni\u00f1a, Charlotte Golunski, de 36 a\u00f1os, relat\u00f3 que tuvo que mantener a su hija por encima del agua con los brazos estirados hasta que fue rescatada.<\/p>\n<p>Un portavoz de Protecci\u00f3n Civil en Sicilia, Salvo Cocina, explic\u00f3 que el \u201cBayesian\u201d estaba \u00aben el lugar equivocado en el momento equivocado\u00bb y ha recordado que hab\u00eda otro superyate en las inmediaciones, el \u201cSir Robert Baden Powell\u201d, una embarcaci\u00f3n que no result\u00f3 gravemente da\u00f1ada y que incluso colabor\u00f3 en el rescate de los 15 supervivientes.<\/p>\n<p>El yate ten\u00eda bandera de Reino Unido y, de hecho, las autoridades italianas identificaron como brit\u00e1nicas a la mayor\u00eda de las v\u00edctimas. El Ministerio de Exteriores de Reino Unido est\u00e1 ya en contacto con el Gobierno de Italia para proporcionar asistencia e incluso envi\u00f3 a cuatro inspectores de la Secci\u00f3n de Investigaci\u00f3n de Accidentes Mar\u00edtimos a Sicilia.<\/p>\n<p>&nbsp;<\/p>\n<p>EL BILL GATES BRIT\u00c1NICO<\/p>\n<p>Aunque no existe una lista oficial de personas desaparecidas, los medios brit\u00e1nicos aseguraron que entre las v\u00edctimas figura el emprendedor tecnol\u00f3gico Mike Lynch, conocido popularmente en Reino Unido como \u201cel Bill Gates brit\u00e1nico\u201d. Tambi\u00e9n est\u00e1 entre los desaparecidos la hija de Lynch de 18 a\u00f1os, Hannah Lynch.<\/p>\n<p>Su mujer, Angela Bacares, figura entre los supervivientes, y seg\u00fan la BBC el barco tambi\u00e9n est\u00e1 vinculado de manera indirecta a la esposa de Lynch. El emprendedor fue absuelto este a\u00f1o de cargos de fraude en Estados Unidos por la venta de su empresa de software, Autonomy, a la multinacional Hewlett-Packard (HP) por m\u00e1s de 11.000 millones de d\u00f3lares.<\/p>\n<p>El presidente de la regi\u00f3n de Sicilia, Renato Schifani, expres\u00f3 su \u00abprofundo dolor\u00bb por esta tragedia y destac\u00f3 el \u00abincansable compromiso\u00bb de los efectivos que han atendido y siguen buscando a las v\u00edctimas. En la zona se han desplegado equipos a\u00e9reos y buzos.<\/p>\n<p>El azote de la gota fr\u00eda ha dejado calles inundadas en Sicilia, pero tambi\u00e9n se dej\u00f3 notar en la zona continental de Italia, en grandes ciudades como Roma, Mil\u00e1n o N\u00e1poles. (Europa Press)<\/p>\n<p>&nbsp;<\/p>\n","protected":false},"excerpt":{"rendered":"<p>Al menos una persona muri\u00f3 y otras seis est\u00e1n desaparecidas tras el naufragio ayer en la madrugada de un velero de lujo \u201cBayesian\u201d frente a la costa de Palermo, en la isla italiana de Sicilia, debido al mal tiempo, seg\u00fan las autoridades locales, incluido el empresario tecnol\u00f3gico Mike Lynch, conocido como \u201cel Bill Gates brit\u00e1nico\u201d, [&hellip;]<\/p>\n","protected":false},"author":1,"featured_media":241950,"comment_status":"open","ping_status":"open","sticky":false,"template":"","format":"standard","meta":{"_acf_changed":false,"footnotes":""},"categories":[3],"tags":[],"class_list":["post-241949","post","type-post","status-publish","format-standard","has-post-thumbnail","category-internacional"],"acf":{"antetitulo":"Italia"},"yoast_head":"<!-- This site is optimized with the Yoast SEO plugin v28.4 - https:\/\/yoast.com\/product\/yoast-seo-wordpress\/ -->\n<title>Un muerto y seis desaparecidos en naufragio de velero Bayesian - El Diario - Bolivia<\/title>\n<meta name=\"robots\" content=\"index, follow, max-snippet:-1, max-image-preview:large, max-video-preview:-1\" \/>\n<link rel=\"canonical\" href=\"https:\/\/www.eldiario.net\/portal\/2024\/08\/20\/un-muerto-y-seis-desaparecidos-en-naufragio-de-velero-bayesian\/\" \/>\n<meta property=\"og:locale\" content=\"es_ES\" \/>\n<meta property=\"og:type\" content=\"article\" \/>\n<meta property=\"og:title\" content=\"Un muerto y seis desaparecidos en naufragio de velero Bayesian - El Diario - Bolivia\" \/>\n<meta property=\"og:description\" content=\"Al menos una persona muri\u00f3 y otras seis est\u00e1n desaparecidas tras el naufragio ayer en la madrugada de un velero de lujo \u201cBayesian\u201d frente a la costa de Palermo, en la isla italiana de Sicilia, debido al mal tiempo, seg\u00fan las autoridades locales, incluido el empresario tecnol\u00f3gico Mike Lynch, conocido como \u201cel Bill Gates brit\u00e1nico\u201d, [&hellip;]\" \/>\n<meta property=\"og:url\" content=\"https:\/\/www.eldiario.net\/portal\/2024\/08\/20\/un-muerto-y-seis-desaparecidos-en-naufragio-de-velero-bayesian\/\" \/>\n<meta property=\"og:site_name\" content=\"El Diario - Bolivia\" \/>\n<meta property=\"article:publisher\" content=\"https:\/\/www.facebook.com\/eldiario.bolivia\/\" \/>\n<meta property=\"article:published_time\" content=\"2024-08-20T10:25:29+00:00\" \/>\n<meta property=\"og:image\" content=\"https:\/\/www.eldiario.net\/portal\/wp-content\/uploads\/2024\/08\/VELERO-FOTO.webp\" \/>\n\t<meta property=\"og:image:width\" content=\"612\" \/>\n\t<meta property=\"og:image:height\" content=\"453\" \/>\n\t<meta property=\"og:image:type\" content=\"image\/webp\" \/>\n<meta name=\"author\" content=\"Jeanette\" \/>\n<meta name=\"twitter:card\" content=\"summary_large_image\" \/>\n<meta name=\"twitter:creator\" content=\"@eldiario_net\" \/>\n<meta name=\"twitter:site\" content=\"@eldiario_net\" \/>\n<meta name=\"twitter:label1\" content=\"Escrito por\" \/>\n\t<meta name=\"twitter:data1\" content=\"Jeanette\" \/>\n\t<meta name=\"twitter:label2\" content=\"Tiempo de lectura\" \/>\n\t<meta name=\"twitter:data2\" content=\"3 minutos\" \/>\n<script type=\"application\/ld+json\" class=\"yoast-schema-graph\">{\"@context\":\"https:\\\/\\\/schema.org\",\"@graph\":[{\"@type\":\"Article\",\"@id\":\"https:\\\/\\\/www.eldiario.net\\\/portal\\\/2024\\\/08\\\/20\\\/un-muerto-y-seis-desaparecidos-en-naufragio-de-velero-bayesian\\\/#article\",\"isPartOf\":{\"@id\":\"https:\\\/\\\/www.eldiario.net\\\/portal\\\/2024\\\/08\\\/20\\\/un-muerto-y-seis-desaparecidos-en-naufragio-de-velero-bayesian\\\/\"},\"author\":{\"name\":\"Jeanette\",\"@id\":\"https:\\\/\\\/www.eldiario.net\\\/portal\\\/#\\\/schema\\\/person\\\/f46445640444750d7d753ccd04ae01b7\"},\"headline\":\"Un muerto y seis desaparecidos en naufragio de velero Bayesian\",\"datePublished\":\"2024-08-20T10:25:29+00:00\",\"mainEntityOfPage\":{\"@id\":\"https:\\\/\\\/www.eldiario.net\\\/portal\\\/2024\\\/08\\\/20\\\/un-muerto-y-seis-desaparecidos-en-naufragio-de-velero-bayesian\\\/\"},\"wordCount\":660,\"commentCount\":0,\"publisher\":{\"@id\":\"https:\\\/\\\/www.eldiario.net\\\/portal\\\/#organization\"},\"image\":{\"@id\":\"https:\\\/\\\/www.eldiario.net\\\/portal\\\/2024\\\/08\\\/20\\\/un-muerto-y-seis-desaparecidos-en-naufragio-de-velero-bayesian\\\/#primaryimage\"},\"thumbnailUrl\":\"https:\\\/\\\/www.eldiario.net\\\/portal\\\/wp-content\\\/uploads\\\/2024\\\/08\\\/VELERO-FOTO.webp\",\"articleSection\":[\"Internacional\"],\"inLanguage\":\"es\",\"potentialAction\":[{\"@type\":\"CommentAction\",\"name\":\"Comment\",\"target\":[\"https:\\\/\\\/www.eldiario.net\\\/portal\\\/2024\\\/08\\\/20\\\/un-muerto-y-seis-desaparecidos-en-naufragio-de-velero-bayesian\\\/#respond\"]}]},{\"@type\":\"WebPage\",\"@id\":\"https:\\\/\\\/www.eldiario.net\\\/portal\\\/2024\\\/08\\\/20\\\/un-muerto-y-seis-desaparecidos-en-naufragio-de-velero-bayesian\\\/\",\"url\":\"https:\\\/\\\/www.eldiario.net\\\/portal\\\/2024\\\/08\\\/20\\\/un-muerto-y-seis-desaparecidos-en-naufragio-de-velero-bayesian\\\/\",\"name\":\"Un muerto y seis desaparecidos en naufragio de velero Bayesian - El Diario - Bolivia\",\"isPartOf\":{\"@id\":\"https:\\\/\\\/www.eldiario.net\\\/portal\\\/#website\"},\"primaryImageOfPage\":{\"@id\":\"https:\\\/\\\/www.eldiario.net\\\/portal\\\/2024\\\/08\\\/20\\\/un-muerto-y-seis-desaparecidos-en-naufragio-de-velero-bayesian\\\/#primaryimage\"},\"image\":{\"@id\":\"https:\\\/\\\/www.eldiario.net\\\/portal\\\/2024\\\/08\\\/20\\\/un-muerto-y-seis-desaparecidos-en-naufragio-de-velero-bayesian\\\/#primaryimage\"},\"thumbnailUrl\":\"https:\\\/\\\/www.eldiario.net\\\/portal\\\/wp-content\\\/uploads\\\/2024\\\/08\\\/VELERO-FOTO.webp\",\"datePublished\":\"2024-08-20T10:25:29+00:00\",\"breadcrumb\":{\"@id\":\"https:\\\/\\\/www.eldiario.net\\\/portal\\\/2024\\\/08\\\/20\\\/un-muerto-y-seis-desaparecidos-en-naufragio-de-velero-bayesian\\\/#breadcrumb\"},\"inLanguage\":\"es\",\"potentialAction\":[{\"@type\":\"ReadAction\",\"target\":[\"https:\\\/\\\/www.eldiario.net\\\/portal\\\/2024\\\/08\\\/20\\\/un-muerto-y-seis-desaparecidos-en-naufragio-de-velero-bayesian\\\/\"]}]},{\"@type\":\"ImageObject\",\"inLanguage\":\"es\",\"@id\":\"https:\\\/\\\/www.eldiario.net\\\/portal\\\/2024\\\/08\\\/20\\\/un-muerto-y-seis-desaparecidos-en-naufragio-de-velero-bayesian\\\/#primaryimage\",\"url\":\"https:\\\/\\\/www.eldiario.net\\\/portal\\\/wp-content\\\/uploads\\\/2024\\\/08\\\/VELERO-FOTO.webp\",\"contentUrl\":\"https:\\\/\\\/www.eldiario.net\\\/portal\\\/wp-content\\\/uploads\\\/2024\\\/08\\\/VELERO-FOTO.webp\",\"width\":612,\"height\":453,\"caption\":\"El magnate tecnol\u00f3gico brit\u00e1nico Mike Lynch est\u00e1 entre los desaparecidos. CREDITO: El Caribe\"},{\"@type\":\"BreadcrumbList\",\"@id\":\"https:\\\/\\\/www.eldiario.net\\\/portal\\\/2024\\\/08\\\/20\\\/un-muerto-y-seis-desaparecidos-en-naufragio-de-velero-bayesian\\\/#breadcrumb\",\"itemListElement\":[{\"@type\":\"ListItem\",\"position\":1,\"name\":\"Portada\",\"item\":\"https:\\\/\\\/www.eldiario.net\\\/portal\\\/\"},{\"@type\":\"ListItem\",\"position\":2,\"name\":\"Un muerto y seis desaparecidos en naufragio de velero Bayesian\"}]},{\"@type\":\"WebSite\",\"@id\":\"https:\\\/\\\/www.eldiario.net\\\/portal\\\/#website\",\"url\":\"https:\\\/\\\/www.eldiario.net\\\/portal\\\/\",\"name\":\"El Diario - Decano de la prensa nacional\",\"description\":\"El Diario - Decano de la prensa nacional\",\"publisher\":{\"@id\":\"https:\\\/\\\/www.eldiario.net\\\/portal\\\/#organization\"},\"potentialAction\":[{\"@type\":\"SearchAction\",\"target\":{\"@type\":\"EntryPoint\",\"urlTemplate\":\"https:\\\/\\\/www.eldiario.net\\\/portal\\\/?s={search_term_string}\"},\"query-input\":{\"@type\":\"PropertyValueSpecification\",\"valueRequired\":true,\"valueName\":\"search_term_string\"}}],\"inLanguage\":\"es\"},{\"@type\":\"Organization\",\"@id\":\"https:\\\/\\\/www.eldiario.net\\\/portal\\\/#organization\",\"name\":\"El Diario - Decano de la prensa nacional\",\"url\":\"https:\\\/\\\/www.eldiario.net\\\/portal\\\/\",\"logo\":{\"@type\":\"ImageObject\",\"inLanguage\":\"es\",\"@id\":\"https:\\\/\\\/www.eldiario.net\\\/portal\\\/#\\\/schema\\\/logo\\\/image\\\/\",\"url\":\"https:\\\/\\\/www.eldiario.net\\\/portal\\\/wp-content\\\/uploads\\\/2023\\\/07\\\/logo_ED.jpg\",\"contentUrl\":\"https:\\\/\\\/www.eldiario.net\\\/portal\\\/wp-content\\\/uploads\\\/2023\\\/07\\\/logo_ED.jpg\",\"width\":272,\"height\":52,\"caption\":\"El Diario - Decano de la prensa nacional\"},\"image\":{\"@id\":\"https:\\\/\\\/www.eldiario.net\\\/portal\\\/#\\\/schema\\\/logo\\\/image\\\/\"},\"sameAs\":[\"https:\\\/\\\/www.facebook.com\\\/eldiario.bolivia\\\/\",\"https:\\\/\\\/x.com\\\/eldiario_net\"]},{\"@type\":\"Person\",\"@id\":\"https:\\\/\\\/www.eldiario.net\\\/portal\\\/#\\\/schema\\\/person\\\/f46445640444750d7d753ccd04ae01b7\",\"name\":\"Jeanette\",\"image\":{\"@type\":\"ImageObject\",\"inLanguage\":\"es\",\"@id\":\"https:\\\/\\\/secure.gravatar.com\\\/avatar\\\/3ea2118a5f7dad2b7138b1187a6b7ee55f160b9968b66013c3a3ef39dd7e5798?s=96&d=mm&r=g\",\"url\":\"https:\\\/\\\/secure.gravatar.com\\\/avatar\\\/3ea2118a5f7dad2b7138b1187a6b7ee55f160b9968b66013c3a3ef39dd7e5798?s=96&d=mm&r=g\",\"contentUrl\":\"https:\\\/\\\/secure.gravatar.com\\\/avatar\\\/3ea2118a5f7dad2b7138b1187a6b7ee55f160b9968b66013c3a3ef39dd7e5798?s=96&d=mm&r=g\",\"caption\":\"Jeanette\"},\"sameAs\":[\"https:\\\/\\\/www.eldiario.net\\\/portal\"],\"url\":\"https:\\\/\\\/www.eldiario.net\\\/portal\\\/author\\\/jeanette\\\/\"}]}<\/script>\n<!-- \/ Yoast SEO plugin. -->","yoast_head_json":{"title":"Un muerto y seis desaparecidos en naufragio de velero Bayesian - El Diario - Bolivia","robots":{"index":"index","follow":"follow","max-snippet":"max-snippet:-1","max-image-preview":"max-image-preview:large","max-video-preview":"max-video-preview:-1"},"canonical":"https:\/\/www.eldiario.net\/portal\/2024\/08\/20\/un-muerto-y-seis-desaparecidos-en-naufragio-de-velero-bayesian\/","og_locale":"es_ES","og_type":"article","og_title":"Un muerto y seis desaparecidos en naufragio de velero Bayesian - El Diario - Bolivia","og_description":"Al menos una persona muri\u00f3 y otras seis est\u00e1n desaparecidas tras el naufragio ayer en la madrugada de un velero de lujo \u201cBayesian\u201d frente a la costa de Palermo, en la isla italiana de Sicilia, debido al mal tiempo, seg\u00fan las autoridades locales, incluido el empresario tecnol\u00f3gico Mike Lynch, conocido como \u201cel Bill Gates brit\u00e1nico\u201d, [&hellip;]","og_url":"https:\/\/www.eldiario.net\/portal\/2024\/08\/20\/un-muerto-y-seis-desaparecidos-en-naufragio-de-velero-bayesian\/","og_site_name":"El Diario - Bolivia","article_publisher":"https:\/\/www.facebook.com\/eldiario.bolivia\/","article_published_time":"2024-08-20T10:25:29+00:00","og_image":[{"width":612,"height":453,"url":"https:\/\/www.eldiario.net\/portal\/wp-content\/uploads\/2024\/08\/VELERO-FOTO.webp","type":"image\/webp"}],"author":"Jeanette","twitter_card":"summary_large_image","twitter_creator":"@eldiario_net","twitter_site":"@eldiario_net","twitter_misc":{"Escrito por":"Jeanette","Tiempo de lectura":"3 minutos"},"schema":{"@context":"https:\/\/schema.org","@graph":[{"@type":"Article","@id":"https:\/\/www.eldiario.net\/portal\/2024\/08\/20\/un-muerto-y-seis-desaparecidos-en-naufragio-de-velero-bayesian\/#article","isPartOf":{"@id":"https:\/\/www.eldiario.net\/portal\/2024\/08\/20\/un-muerto-y-seis-desaparecidos-en-naufragio-de-velero-bayesian\/"},"author":{"name":"Jeanette","@id":"https:\/\/www.eldiario.net\/portal\/#\/schema\/person\/f46445640444750d7d753ccd04ae01b7"},"headline":"Un muerto y seis desaparecidos en naufragio de velero Bayesian","datePublished":"2024-08-20T10:25:29+00:00","mainEntityOfPage":{"@id":"https:\/\/www.eldiario.net\/portal\/2024\/08\/20\/un-muerto-y-seis-desaparecidos-en-naufragio-de-velero-bayesian\/"},"wordCount":660,"commentCount":0,"publisher":{"@id":"https:\/\/www.eldiario.net\/portal\/#organization"},"image":{"@id":"https:\/\/www.eldiario.net\/portal\/2024\/08\/20\/un-muerto-y-seis-desaparecidos-en-naufragio-de-velero-bayesian\/#primaryimage"},"thumbnailUrl":"https:\/\/www.eldiario.net\/portal\/wp-content\/uploads\/2024\/08\/VELERO-FOTO.webp","articleSection":["Internacional"],"inLanguage":"es","potentialAction":[{"@type":"CommentAction","name":"Comment","target":["https:\/\/www.eldiario.net\/portal\/2024\/08\/20\/un-muerto-y-seis-desaparecidos-en-naufragio-de-velero-bayesian\/#respond"]}]},{"@type":"WebPage","@id":"https:\/\/www.eldiario.net\/portal\/2024\/08\/20\/un-muerto-y-seis-desaparecidos-en-naufragio-de-velero-bayesian\/","url":"https:\/\/www.eldiario.net\/portal\/2024\/08\/20\/un-muerto-y-seis-desaparecidos-en-naufragio-de-velero-bayesian\/","name":"Un muerto y seis desaparecidos en naufragio de velero Bayesian - El Diario - Bolivia","isPartOf":{"@id":"https:\/\/www.eldiario.net\/portal\/#website"},"primaryImageOfPage":{"@id":"https:\/\/www.eldiario.net\/portal\/2024\/08\/20\/un-muerto-y-seis-desaparecidos-en-naufragio-de-velero-bayesian\/#primaryimage"},"image":{"@id":"https:\/\/www.eldiario.net\/portal\/2024\/08\/20\/un-muerto-y-seis-desaparecidos-en-naufragio-de-velero-bayesian\/#primaryimage"},"thumbnailUrl":"https:\/\/www.eldiario.net\/portal\/wp-content\/uploads\/2024\/08\/VELERO-FOTO.webp","datePublished":"2024-08-20T10:25:29+00:00","breadcrumb":{"@id":"https:\/\/www.eldiario.net\/portal\/2024\/08\/20\/un-muerto-y-seis-desaparecidos-en-naufragio-de-velero-bayesian\/#breadcrumb"},"inLanguage":"es","potentialAction":[{"@type":"ReadAction","target":["https:\/\/www.eldiario.net\/portal\/2024\/08\/20\/un-muerto-y-seis-desaparecidos-en-naufragio-de-velero-bayesian\/"]}]},{"@type":"ImageObject","inLanguage":"es","@id":"https:\/\/www.eldiario.net\/portal\/2024\/08\/20\/un-muerto-y-seis-desaparecidos-en-naufragio-de-velero-bayesian\/#primaryimage","url":"https:\/\/www.eldiario.net\/portal\/wp-content\/uploads\/2024\/08\/VELERO-FOTO.webp","contentUrl":"https:\/\/www.eldiario.net\/portal\/wp-content\/uploads\/2024\/08\/VELERO-FOTO.webp","width":612,"height":453,"caption":"El magnate tecnol\u00f3gico brit\u00e1nico Mike Lynch est\u00e1 entre los desaparecidos. CREDITO: El Caribe"},{"@type":"BreadcrumbList","@id":"https:\/\/www.eldiario.net\/portal\/2024\/08\/20\/un-muerto-y-seis-desaparecidos-en-naufragio-de-velero-bayesian\/#breadcrumb","itemListElement":[{"@type":"ListItem","position":1,"name":"Portada","item":"https:\/\/www.eldiario.net\/portal\/"},{"@type":"ListItem","position":2,"name":"Un muerto y seis desaparecidos en naufragio de velero Bayesian"}]},{"@type":"WebSite","@id":"https:\/\/www.eldiario.net\/portal\/#website","url":"https:\/\/www.eldiario.net\/portal\/","name":"El Diario - Decano de la prensa nacional","description":"El Diario - Decano de la prensa nacional","publisher":{"@id":"https:\/\/www.eldiario.net\/portal\/#organization"},"potentialAction":[{"@type":"SearchAction","target":{"@type":"EntryPoint","urlTemplate":"https:\/\/www.eldiario.net\/portal\/?s={search_term_string}"},"query-input":{"@type":"PropertyValueSpecification","valueRequired":true,"valueName":"search_term_string"}}],"inLanguage":"es"},{"@type":"Organization","@id":"https:\/\/www.eldiario.net\/portal\/#organization","name":"El Diario - Decano de la prensa nacional","url":"https:\/\/www.eldiario.net\/portal\/","logo":{"@type":"ImageObject","inLanguage":"es","@id":"https:\/\/www.eldiario.net\/portal\/#\/schema\/logo\/image\/","url":"https:\/\/www.eldiario.net\/portal\/wp-content\/uploads\/2023\/07\/logo_ED.jpg","contentUrl":"https:\/\/www.eldiario.net\/portal\/wp-content\/uploads\/2023\/07\/logo_ED.jpg","width":272,"height":52,"caption":"El Diario - Decano de la prensa nacional"},"image":{"@id":"https:\/\/www.eldiario.net\/portal\/#\/schema\/logo\/image\/"},"sameAs":["https:\/\/www.facebook.com\/eldiario.bolivia\/","https:\/\/x.com\/eldiario_net"]},{"@type":"Person","@id":"https:\/\/www.eldiario.net\/portal\/#\/schema\/person\/f46445640444750d7d753ccd04ae01b7","name":"Jeanette","image":{"@type":"ImageObject","inLanguage":"es","@id":"https:\/\/secure.gravatar.com\/avatar\/3ea2118a5f7dad2b7138b1187a6b7ee55f160b9968b66013c3a3ef39dd7e5798?s=96&d=mm&r=g","url":"https:\/\/secure.gravatar.com\/avatar\/3ea2118a5f7dad2b7138b1187a6b7ee55f160b9968b66013c3a3ef39dd7e5798?s=96&d=mm&r=g","contentUrl":"https:\/\/secure.gravatar.com\/avatar\/3ea2118a5f7dad2b7138b1187a6b7ee55f160b9968b66013c3a3ef39dd7e5798?s=96&d=mm&r=g","caption":"Jeanette"},"sameAs":["https:\/\/www.eldiario.net\/portal"],"url":"https:\/\/www.eldiario.net\/portal\/author\/jeanette\/"}]}},"_links":{"self":[{"href":"https:\/\/www.eldiario.net\/portal\/wp-json\/wp\/v2\/posts\/241949","targetHints":{"allow":["GET"]}}],"collection":[{"href":"https:\/\/www.eldiario.net\/portal\/wp-json\/wp\/v2\/posts"}],"about":[{"href":"https:\/\/www.eldiario.net\/portal\/wp-json\/wp\/v2\/types\/post"}],"author":[{"embeddable":true,"href":"https:\/\/www.eldiario.net\/portal\/wp-json\/wp\/v2\/users\/1"}],"replies":[{"embeddable":true,"href":"https:\/\/www.eldiario.net\/portal\/wp-json\/wp\/v2\/comments?post=241949"}],"version-history":[{"count":1,"href":"https:\/\/www.eldiario.net\/portal\/wp-json\/wp\/v2\/posts\/241949\/revisions"}],"predecessor-version":[{"id":241951,"href":"https:\/\/www.eldiario.net\/portal\/wp-json\/wp\/v2\/posts\/241949\/revisions\/241951"}],"wp:featuredmedia":[{"embeddable":true,"href":"https:\/\/www.eldiario.net\/portal\/wp-json\/wp\/v2\/media\/241950"}],"wp:attachment":[{"href":"https:\/\/www.eldiario.net\/portal\/wp-json\/wp\/v2\/media?parent=241949"}],"wp:term":[{"taxonomy":"category","embeddable":true,"href":"https:\/\/www.eldiario.net\/portal\/wp-json\/wp\/v2\/categories?post=241949"},{"taxonomy":"post_tag","embeddable":true,"href":"https:\/\/www.eldiario.net\/portal\/wp-json\/wp\/v2\/tags?post=241949"}],"curies":[{"name":"wp","href":"https:\/\/api.w.org\/{rel}","templated":true}]}}