{"id":241946,"date":"2024-08-20T06:24:56","date_gmt":"2024-08-20T10:24:56","guid":{"rendered":"https:\/\/www.eldiario.net\/portal\/?p=241946"},"modified":"2024-08-20T06:24:56","modified_gmt":"2024-08-20T10:24:56","slug":"erupcion-de-volcan-taal-obliga-a-suspender-clases-en-filipinas","status":"publish","type":"post","link":"https:\/\/www.eldiario.net\/portal\/2024\/08\/20\/erupcion-de-volcan-taal-obliga-a-suspender-clases-en-filipinas\/","title":{"rendered":"Erupci\u00f3n de volc\u00e1n Ta\u00e1l obliga a suspender clases en Filipinas"},"content":{"rendered":"<p>El Ministerio de Educaci\u00f3n de Filipinas anunci\u00f3 ayer la suspensi\u00f3n de las clases en la regi\u00f3n de la Capital Nacional, tambi\u00e9n conocida como Gran Manila, debido a la niebla volc\u00e1nica provocada por la erupci\u00f3n del volc\u00e1n Ta\u00e1l, ubicado a unos 50 kil\u00f3metros de la capital.<\/p>\n<p>Las autoridades publicaron un comunicado en el que instan a los centros educativos de la regi\u00f3n a impartir las clases en modalidad telem\u00e1tica debido a que la niebla volc\u00e1nica hace que la calidad del aire se encuentre en niveles \u00abmuy insalubres\u00bb, y hasta que no haya riesgo para la salud tanto de estudiantes como del personal docente.<\/p>\n<p>El volc\u00e1n Ta\u00e1l se encuentra en el nivel uno de alerta, de una escala de hasta cinco, lo que significa que se podr\u00edan producir explosiones de vapor, fre\u00e1ticas o gaseosas, seg\u00fan alert\u00f3 el instituto de vulcanolog\u00eda de Filipinas y recoge la agencia de noticias Bloomberg.<\/p>\n<p>El volc\u00e1n expuls\u00f3 en las \u00faltimas 24 horas m\u00e1s de 3.300 toneladas de di\u00f3xido de azufre y una columna humo y vapores de hasta 2.400 metros de altura se desplaza hacia el norte y noroeste de la regi\u00f3n de Calabarz\u00f3n, en el centro del pa\u00eds, seg\u00fan informaron las autoridades filipinas. (Europa Press).<\/p>\n","protected":false},"excerpt":{"rendered":"<p>El Ministerio de Educaci\u00f3n de Filipinas anunci\u00f3 ayer la suspensi\u00f3n de las clases en la regi\u00f3n de la Capital Nacional, tambi\u00e9n conocida como Gran Manila, debido a la niebla volc\u00e1nica provocada por la erupci\u00f3n del volc\u00e1n Ta\u00e1l, ubicado a unos 50 kil\u00f3metros de la capital. Las autoridades publicaron un comunicado en el que instan a [&hellip;]<\/p>\n","protected":false},"author":1,"featured_media":241947,"comment_status":"open","ping_status":"open","sticky":false,"template":"","format":"standard","meta":{"_acf_changed":false,"footnotes":""},"categories":[3],"tags":[],"class_list":["post-241946","post","type-post","status-publish","format-standard","has-post-thumbnail","category-internacional"],"acf":{"antetitulo":"Densa niebla cubre el sector"},"yoast_head":"<!-- This site is optimized with the Yoast SEO plugin v28.3 - https:\/\/yoast.com\/product\/yoast-seo-wordpress\/ -->\n<title>Erupci\u00f3n de volc\u00e1n Ta\u00e1l obliga a suspender clases en Filipinas - El Diario - Bolivia<\/title>\n<meta name=\"robots\" content=\"index, follow, max-snippet:-1, max-image-preview:large, max-video-preview:-1\" \/>\n<link rel=\"canonical\" href=\"https:\/\/www.eldiario.net\/portal\/2024\/08\/20\/erupcion-de-volcan-taal-obliga-a-suspender-clases-en-filipinas\/\" \/>\n<meta property=\"og:locale\" content=\"es_ES\" \/>\n<meta property=\"og:type\" content=\"article\" \/>\n<meta property=\"og:title\" content=\"Erupci\u00f3n de volc\u00e1n Ta\u00e1l obliga a suspender clases en Filipinas - El Diario - Bolivia\" \/>\n<meta property=\"og:description\" content=\"El Ministerio de Educaci\u00f3n de Filipinas anunci\u00f3 ayer la suspensi\u00f3n de las clases en la regi\u00f3n de la Capital Nacional, tambi\u00e9n conocida como Gran Manila, debido a la niebla volc\u00e1nica provocada por la erupci\u00f3n del volc\u00e1n Ta\u00e1l, ubicado a unos 50 kil\u00f3metros de la capital. Las autoridades publicaron un comunicado en el que instan a [&hellip;]\" \/>\n<meta property=\"og:url\" content=\"https:\/\/www.eldiario.net\/portal\/2024\/08\/20\/erupcion-de-volcan-taal-obliga-a-suspender-clases-en-filipinas\/\" \/>\n<meta property=\"og:site_name\" content=\"El Diario - Bolivia\" \/>\n<meta property=\"article:publisher\" content=\"https:\/\/www.facebook.com\/eldiario.bolivia\/\" \/>\n<meta property=\"article:published_time\" content=\"2024-08-20T10:24:56+00:00\" \/>\n<meta property=\"og:image\" content=\"https:\/\/www.eldiario.net\/portal\/wp-content\/uploads\/2024\/08\/Volcan-FOTO.jpg\" \/>\n\t<meta property=\"og:image:width\" content=\"1600\" \/>\n\t<meta property=\"og:image:height\" content=\"700\" \/>\n\t<meta property=\"og:image:type\" content=\"image\/jpeg\" \/>\n<meta name=\"author\" content=\"Jeanette\" \/>\n<meta name=\"twitter:card\" content=\"summary_large_image\" \/>\n<meta name=\"twitter:creator\" content=\"@eldiario_net\" \/>\n<meta name=\"twitter:site\" content=\"@eldiario_net\" \/>\n<meta name=\"twitter:label1\" content=\"Escrito por\" \/>\n\t<meta name=\"twitter:data1\" content=\"Jeanette\" \/>\n\t<meta name=\"twitter:label2\" content=\"Tiempo de lectura\" \/>\n\t<meta name=\"twitter:data2\" content=\"2 minutos\" \/>\n<script type=\"application\/ld+json\" class=\"yoast-schema-graph\">{\"@context\":\"https:\\\/\\\/schema.org\",\"@graph\":[{\"@type\":\"Article\",\"@id\":\"https:\\\/\\\/www.eldiario.net\\\/portal\\\/2024\\\/08\\\/20\\\/erupcion-de-volcan-taal-obliga-a-suspender-clases-en-filipinas\\\/#article\",\"isPartOf\":{\"@id\":\"https:\\\/\\\/www.eldiario.net\\\/portal\\\/2024\\\/08\\\/20\\\/erupcion-de-volcan-taal-obliga-a-suspender-clases-en-filipinas\\\/\"},\"author\":{\"name\":\"Jeanette\",\"@id\":\"https:\\\/\\\/www.eldiario.net\\\/portal\\\/#\\\/schema\\\/person\\\/f46445640444750d7d753ccd04ae01b7\"},\"headline\":\"Erupci\u00f3n de volc\u00e1n Ta\u00e1l obliga a suspender clases en Filipinas\",\"datePublished\":\"2024-08-20T10:24:56+00:00\",\"mainEntityOfPage\":{\"@id\":\"https:\\\/\\\/www.eldiario.net\\\/portal\\\/2024\\\/08\\\/20\\\/erupcion-de-volcan-taal-obliga-a-suspender-clases-en-filipinas\\\/\"},\"wordCount\":233,\"commentCount\":0,\"publisher\":{\"@id\":\"https:\\\/\\\/www.eldiario.net\\\/portal\\\/#organization\"},\"image\":{\"@id\":\"https:\\\/\\\/www.eldiario.net\\\/portal\\\/2024\\\/08\\\/20\\\/erupcion-de-volcan-taal-obliga-a-suspender-clases-en-filipinas\\\/#primaryimage\"},\"thumbnailUrl\":\"https:\\\/\\\/www.eldiario.net\\\/portal\\\/wp-content\\\/uploads\\\/2024\\\/08\\\/Volcan-FOTO.jpg\",\"articleSection\":[\"Internacional\"],\"inLanguage\":\"es\",\"potentialAction\":[{\"@type\":\"CommentAction\",\"name\":\"Comment\",\"target\":[\"https:\\\/\\\/www.eldiario.net\\\/portal\\\/2024\\\/08\\\/20\\\/erupcion-de-volcan-taal-obliga-a-suspender-clases-en-filipinas\\\/#respond\"]}]},{\"@type\":\"WebPage\",\"@id\":\"https:\\\/\\\/www.eldiario.net\\\/portal\\\/2024\\\/08\\\/20\\\/erupcion-de-volcan-taal-obliga-a-suspender-clases-en-filipinas\\\/\",\"url\":\"https:\\\/\\\/www.eldiario.net\\\/portal\\\/2024\\\/08\\\/20\\\/erupcion-de-volcan-taal-obliga-a-suspender-clases-en-filipinas\\\/\",\"name\":\"Erupci\u00f3n de volc\u00e1n Ta\u00e1l obliga a suspender clases en Filipinas - El Diario - Bolivia\",\"isPartOf\":{\"@id\":\"https:\\\/\\\/www.eldiario.net\\\/portal\\\/#website\"},\"primaryImageOfPage\":{\"@id\":\"https:\\\/\\\/www.eldiario.net\\\/portal\\\/2024\\\/08\\\/20\\\/erupcion-de-volcan-taal-obliga-a-suspender-clases-en-filipinas\\\/#primaryimage\"},\"image\":{\"@id\":\"https:\\\/\\\/www.eldiario.net\\\/portal\\\/2024\\\/08\\\/20\\\/erupcion-de-volcan-taal-obliga-a-suspender-clases-en-filipinas\\\/#primaryimage\"},\"thumbnailUrl\":\"https:\\\/\\\/www.eldiario.net\\\/portal\\\/wp-content\\\/uploads\\\/2024\\\/08\\\/Volcan-FOTO.jpg\",\"datePublished\":\"2024-08-20T10:24:56+00:00\",\"breadcrumb\":{\"@id\":\"https:\\\/\\\/www.eldiario.net\\\/portal\\\/2024\\\/08\\\/20\\\/erupcion-de-volcan-taal-obliga-a-suspender-clases-en-filipinas\\\/#breadcrumb\"},\"inLanguage\":\"es\",\"potentialAction\":[{\"@type\":\"ReadAction\",\"target\":[\"https:\\\/\\\/www.eldiario.net\\\/portal\\\/2024\\\/08\\\/20\\\/erupcion-de-volcan-taal-obliga-a-suspender-clases-en-filipinas\\\/\"]}]},{\"@type\":\"ImageObject\",\"inLanguage\":\"es\",\"@id\":\"https:\\\/\\\/www.eldiario.net\\\/portal\\\/2024\\\/08\\\/20\\\/erupcion-de-volcan-taal-obliga-a-suspender-clases-en-filipinas\\\/#primaryimage\",\"url\":\"https:\\\/\\\/www.eldiario.net\\\/portal\\\/wp-content\\\/uploads\\\/2024\\\/08\\\/Volcan-FOTO.jpg\",\"contentUrl\":\"https:\\\/\\\/www.eldiario.net\\\/portal\\\/wp-content\\\/uploads\\\/2024\\\/08\\\/Volcan-FOTO.jpg\",\"width\":1600,\"height\":700,\"caption\":\"La niebla volc\u00e1nica provocada por la erupci\u00f3n del volc\u00e1n Ta\u00e1l. CREDITO: DW\"},{\"@type\":\"BreadcrumbList\",\"@id\":\"https:\\\/\\\/www.eldiario.net\\\/portal\\\/2024\\\/08\\\/20\\\/erupcion-de-volcan-taal-obliga-a-suspender-clases-en-filipinas\\\/#breadcrumb\",\"itemListElement\":[{\"@type\":\"ListItem\",\"position\":1,\"name\":\"Portada\",\"item\":\"https:\\\/\\\/www.eldiario.net\\\/portal\\\/\"},{\"@type\":\"ListItem\",\"position\":2,\"name\":\"Erupci\u00f3n de volc\u00e1n Ta\u00e1l obliga a suspender clases en Filipinas\"}]},{\"@type\":\"WebSite\",\"@id\":\"https:\\\/\\\/www.eldiario.net\\\/portal\\\/#website\",\"url\":\"https:\\\/\\\/www.eldiario.net\\\/portal\\\/\",\"name\":\"El Diario - Decano de la prensa nacional\",\"description\":\"El Diario - Decano de la prensa nacional\",\"publisher\":{\"@id\":\"https:\\\/\\\/www.eldiario.net\\\/portal\\\/#organization\"},\"potentialAction\":[{\"@type\":\"SearchAction\",\"target\":{\"@type\":\"EntryPoint\",\"urlTemplate\":\"https:\\\/\\\/www.eldiario.net\\\/portal\\\/?s={search_term_string}\"},\"query-input\":{\"@type\":\"PropertyValueSpecification\",\"valueRequired\":true,\"valueName\":\"search_term_string\"}}],\"inLanguage\":\"es\"},{\"@type\":\"Organization\",\"@id\":\"https:\\\/\\\/www.eldiario.net\\\/portal\\\/#organization\",\"name\":\"El Diario - Decano de la prensa nacional\",\"url\":\"https:\\\/\\\/www.eldiario.net\\\/portal\\\/\",\"logo\":{\"@type\":\"ImageObject\",\"inLanguage\":\"es\",\"@id\":\"https:\\\/\\\/www.eldiario.net\\\/portal\\\/#\\\/schema\\\/logo\\\/image\\\/\",\"url\":\"https:\\\/\\\/www.eldiario.net\\\/portal\\\/wp-content\\\/uploads\\\/2023\\\/07\\\/logo_ED.jpg\",\"contentUrl\":\"https:\\\/\\\/www.eldiario.net\\\/portal\\\/wp-content\\\/uploads\\\/2023\\\/07\\\/logo_ED.jpg\",\"width\":272,\"height\":52,\"caption\":\"El Diario - Decano de la prensa nacional\"},\"image\":{\"@id\":\"https:\\\/\\\/www.eldiario.net\\\/portal\\\/#\\\/schema\\\/logo\\\/image\\\/\"},\"sameAs\":[\"https:\\\/\\\/www.facebook.com\\\/eldiario.bolivia\\\/\",\"https:\\\/\\\/x.com\\\/eldiario_net\"]},{\"@type\":\"Person\",\"@id\":\"https:\\\/\\\/www.eldiario.net\\\/portal\\\/#\\\/schema\\\/person\\\/f46445640444750d7d753ccd04ae01b7\",\"name\":\"Jeanette\",\"image\":{\"@type\":\"ImageObject\",\"inLanguage\":\"es\",\"@id\":\"https:\\\/\\\/secure.gravatar.com\\\/avatar\\\/3ea2118a5f7dad2b7138b1187a6b7ee55f160b9968b66013c3a3ef39dd7e5798?s=96&d=mm&r=g\",\"url\":\"https:\\\/\\\/secure.gravatar.com\\\/avatar\\\/3ea2118a5f7dad2b7138b1187a6b7ee55f160b9968b66013c3a3ef39dd7e5798?s=96&d=mm&r=g\",\"contentUrl\":\"https:\\\/\\\/secure.gravatar.com\\\/avatar\\\/3ea2118a5f7dad2b7138b1187a6b7ee55f160b9968b66013c3a3ef39dd7e5798?s=96&d=mm&r=g\",\"caption\":\"Jeanette\"},\"sameAs\":[\"https:\\\/\\\/www.eldiario.net\\\/portal\"],\"url\":\"https:\\\/\\\/www.eldiario.net\\\/portal\\\/author\\\/jeanette\\\/\"}]}<\/script>\n<!-- \/ Yoast SEO plugin. -->","yoast_head_json":{"title":"Erupci\u00f3n de volc\u00e1n Ta\u00e1l obliga a suspender clases en Filipinas - El Diario - Bolivia","robots":{"index":"index","follow":"follow","max-snippet":"max-snippet:-1","max-image-preview":"max-image-preview:large","max-video-preview":"max-video-preview:-1"},"canonical":"https:\/\/www.eldiario.net\/portal\/2024\/08\/20\/erupcion-de-volcan-taal-obliga-a-suspender-clases-en-filipinas\/","og_locale":"es_ES","og_type":"article","og_title":"Erupci\u00f3n de volc\u00e1n Ta\u00e1l obliga a suspender clases en Filipinas - El Diario - Bolivia","og_description":"El Ministerio de Educaci\u00f3n de Filipinas anunci\u00f3 ayer la suspensi\u00f3n de las clases en la regi\u00f3n de la Capital Nacional, tambi\u00e9n conocida como Gran Manila, debido a la niebla volc\u00e1nica provocada por la erupci\u00f3n del volc\u00e1n Ta\u00e1l, ubicado a unos 50 kil\u00f3metros de la capital. Las autoridades publicaron un comunicado en el que instan a [&hellip;]","og_url":"https:\/\/www.eldiario.net\/portal\/2024\/08\/20\/erupcion-de-volcan-taal-obliga-a-suspender-clases-en-filipinas\/","og_site_name":"El Diario - Bolivia","article_publisher":"https:\/\/www.facebook.com\/eldiario.bolivia\/","article_published_time":"2024-08-20T10:24:56+00:00","og_image":[{"width":1600,"height":700,"url":"https:\/\/www.eldiario.net\/portal\/wp-content\/uploads\/2024\/08\/Volcan-FOTO.jpg","type":"image\/jpeg"}],"author":"Jeanette","twitter_card":"summary_large_image","twitter_creator":"@eldiario_net","twitter_site":"@eldiario_net","twitter_misc":{"Escrito por":"Jeanette","Tiempo de lectura":"2 minutos"},"schema":{"@context":"https:\/\/schema.org","@graph":[{"@type":"Article","@id":"https:\/\/www.eldiario.net\/portal\/2024\/08\/20\/erupcion-de-volcan-taal-obliga-a-suspender-clases-en-filipinas\/#article","isPartOf":{"@id":"https:\/\/www.eldiario.net\/portal\/2024\/08\/20\/erupcion-de-volcan-taal-obliga-a-suspender-clases-en-filipinas\/"},"author":{"name":"Jeanette","@id":"https:\/\/www.eldiario.net\/portal\/#\/schema\/person\/f46445640444750d7d753ccd04ae01b7"},"headline":"Erupci\u00f3n de volc\u00e1n Ta\u00e1l obliga a suspender clases en Filipinas","datePublished":"2024-08-20T10:24:56+00:00","mainEntityOfPage":{"@id":"https:\/\/www.eldiario.net\/portal\/2024\/08\/20\/erupcion-de-volcan-taal-obliga-a-suspender-clases-en-filipinas\/"},"wordCount":233,"commentCount":0,"publisher":{"@id":"https:\/\/www.eldiario.net\/portal\/#organization"},"image":{"@id":"https:\/\/www.eldiario.net\/portal\/2024\/08\/20\/erupcion-de-volcan-taal-obliga-a-suspender-clases-en-filipinas\/#primaryimage"},"thumbnailUrl":"https:\/\/www.eldiario.net\/portal\/wp-content\/uploads\/2024\/08\/Volcan-FOTO.jpg","articleSection":["Internacional"],"inLanguage":"es","potentialAction":[{"@type":"CommentAction","name":"Comment","target":["https:\/\/www.eldiario.net\/portal\/2024\/08\/20\/erupcion-de-volcan-taal-obliga-a-suspender-clases-en-filipinas\/#respond"]}]},{"@type":"WebPage","@id":"https:\/\/www.eldiario.net\/portal\/2024\/08\/20\/erupcion-de-volcan-taal-obliga-a-suspender-clases-en-filipinas\/","url":"https:\/\/www.eldiario.net\/portal\/2024\/08\/20\/erupcion-de-volcan-taal-obliga-a-suspender-clases-en-filipinas\/","name":"Erupci\u00f3n de volc\u00e1n Ta\u00e1l obliga a suspender clases en Filipinas - El Diario - Bolivia","isPartOf":{"@id":"https:\/\/www.eldiario.net\/portal\/#website"},"primaryImageOfPage":{"@id":"https:\/\/www.eldiario.net\/portal\/2024\/08\/20\/erupcion-de-volcan-taal-obliga-a-suspender-clases-en-filipinas\/#primaryimage"},"image":{"@id":"https:\/\/www.eldiario.net\/portal\/2024\/08\/20\/erupcion-de-volcan-taal-obliga-a-suspender-clases-en-filipinas\/#primaryimage"},"thumbnailUrl":"https:\/\/www.eldiario.net\/portal\/wp-content\/uploads\/2024\/08\/Volcan-FOTO.jpg","datePublished":"2024-08-20T10:24:56+00:00","breadcrumb":{"@id":"https:\/\/www.eldiario.net\/portal\/2024\/08\/20\/erupcion-de-volcan-taal-obliga-a-suspender-clases-en-filipinas\/#breadcrumb"},"inLanguage":"es","potentialAction":[{"@type":"ReadAction","target":["https:\/\/www.eldiario.net\/portal\/2024\/08\/20\/erupcion-de-volcan-taal-obliga-a-suspender-clases-en-filipinas\/"]}]},{"@type":"ImageObject","inLanguage":"es","@id":"https:\/\/www.eldiario.net\/portal\/2024\/08\/20\/erupcion-de-volcan-taal-obliga-a-suspender-clases-en-filipinas\/#primaryimage","url":"https:\/\/www.eldiario.net\/portal\/wp-content\/uploads\/2024\/08\/Volcan-FOTO.jpg","contentUrl":"https:\/\/www.eldiario.net\/portal\/wp-content\/uploads\/2024\/08\/Volcan-FOTO.jpg","width":1600,"height":700,"caption":"La niebla volc\u00e1nica provocada por la erupci\u00f3n del volc\u00e1n Ta\u00e1l. CREDITO: DW"},{"@type":"BreadcrumbList","@id":"https:\/\/www.eldiario.net\/portal\/2024\/08\/20\/erupcion-de-volcan-taal-obliga-a-suspender-clases-en-filipinas\/#breadcrumb","itemListElement":[{"@type":"ListItem","position":1,"name":"Portada","item":"https:\/\/www.eldiario.net\/portal\/"},{"@type":"ListItem","position":2,"name":"Erupci\u00f3n de volc\u00e1n Ta\u00e1l obliga a suspender clases en Filipinas"}]},{"@type":"WebSite","@id":"https:\/\/www.eldiario.net\/portal\/#website","url":"https:\/\/www.eldiario.net\/portal\/","name":"El Diario - Decano de la prensa nacional","description":"El Diario - Decano de la prensa nacional","publisher":{"@id":"https:\/\/www.eldiario.net\/portal\/#organization"},"potentialAction":[{"@type":"SearchAction","target":{"@type":"EntryPoint","urlTemplate":"https:\/\/www.eldiario.net\/portal\/?s={search_term_string}"},"query-input":{"@type":"PropertyValueSpecification","valueRequired":true,"valueName":"search_term_string"}}],"inLanguage":"es"},{"@type":"Organization","@id":"https:\/\/www.eldiario.net\/portal\/#organization","name":"El Diario - Decano de la prensa nacional","url":"https:\/\/www.eldiario.net\/portal\/","logo":{"@type":"ImageObject","inLanguage":"es","@id":"https:\/\/www.eldiario.net\/portal\/#\/schema\/logo\/image\/","url":"https:\/\/www.eldiario.net\/portal\/wp-content\/uploads\/2023\/07\/logo_ED.jpg","contentUrl":"https:\/\/www.eldiario.net\/portal\/wp-content\/uploads\/2023\/07\/logo_ED.jpg","width":272,"height":52,"caption":"El Diario - Decano de la prensa nacional"},"image":{"@id":"https:\/\/www.eldiario.net\/portal\/#\/schema\/logo\/image\/"},"sameAs":["https:\/\/www.facebook.com\/eldiario.bolivia\/","https:\/\/x.com\/eldiario_net"]},{"@type":"Person","@id":"https:\/\/www.eldiario.net\/portal\/#\/schema\/person\/f46445640444750d7d753ccd04ae01b7","name":"Jeanette","image":{"@type":"ImageObject","inLanguage":"es","@id":"https:\/\/secure.gravatar.com\/avatar\/3ea2118a5f7dad2b7138b1187a6b7ee55f160b9968b66013c3a3ef39dd7e5798?s=96&d=mm&r=g","url":"https:\/\/secure.gravatar.com\/avatar\/3ea2118a5f7dad2b7138b1187a6b7ee55f160b9968b66013c3a3ef39dd7e5798?s=96&d=mm&r=g","contentUrl":"https:\/\/secure.gravatar.com\/avatar\/3ea2118a5f7dad2b7138b1187a6b7ee55f160b9968b66013c3a3ef39dd7e5798?s=96&d=mm&r=g","caption":"Jeanette"},"sameAs":["https:\/\/www.eldiario.net\/portal"],"url":"https:\/\/www.eldiario.net\/portal\/author\/jeanette\/"}]}},"_links":{"self":[{"href":"https:\/\/www.eldiario.net\/portal\/wp-json\/wp\/v2\/posts\/241946","targetHints":{"allow":["GET"]}}],"collection":[{"href":"https:\/\/www.eldiario.net\/portal\/wp-json\/wp\/v2\/posts"}],"about":[{"href":"https:\/\/www.eldiario.net\/portal\/wp-json\/wp\/v2\/types\/post"}],"author":[{"embeddable":true,"href":"https:\/\/www.eldiario.net\/portal\/wp-json\/wp\/v2\/users\/1"}],"replies":[{"embeddable":true,"href":"https:\/\/www.eldiario.net\/portal\/wp-json\/wp\/v2\/comments?post=241946"}],"version-history":[{"count":1,"href":"https:\/\/www.eldiario.net\/portal\/wp-json\/wp\/v2\/posts\/241946\/revisions"}],"predecessor-version":[{"id":241948,"href":"https:\/\/www.eldiario.net\/portal\/wp-json\/wp\/v2\/posts\/241946\/revisions\/241948"}],"wp:featuredmedia":[{"embeddable":true,"href":"https:\/\/www.eldiario.net\/portal\/wp-json\/wp\/v2\/media\/241947"}],"wp:attachment":[{"href":"https:\/\/www.eldiario.net\/portal\/wp-json\/wp\/v2\/media?parent=241946"}],"wp:term":[{"taxonomy":"category","embeddable":true,"href":"https:\/\/www.eldiario.net\/portal\/wp-json\/wp\/v2\/categories?post=241946"},{"taxonomy":"post_tag","embeddable":true,"href":"https:\/\/www.eldiario.net\/portal\/wp-json\/wp\/v2\/tags?post=241946"}],"curies":[{"name":"wp","href":"https:\/\/api.w.org\/{rel}","templated":true}]}}