{"id":241943,"date":"2024-08-20T06:23:40","date_gmt":"2024-08-20T10:23:40","guid":{"rendered":"https:\/\/www.eldiario.net\/portal\/?p=241943"},"modified":"2024-08-20T06:23:40","modified_gmt":"2024-08-20T10:23:40","slug":"inflacion-a-julio-llega-a-83-de-meta-fijada-de-36-para-este-ano","status":"publish","type":"post","link":"https:\/\/www.eldiario.net\/portal\/2024\/08\/20\/inflacion-a-julio-llega-a-83-de-meta-fijada-de-36-para-este-ano\/","title":{"rendered":"Inflaci\u00f3n a julio llega a 83% de meta fijada de 3,6 para este a\u00f1o"},"content":{"rendered":"<p>Bolivia ocupa el quinto lugar en inflaci\u00f3n mensual en Sudam\u00e9rica y el sexto en la acumulada a julio 2024, y el octavo en inflaci\u00f3n interanual. Los datos de inflaci\u00f3n mensual y acumulada del s\u00e9ptimo mes del a\u00f1o son los m\u00e1s altos desde el 2018. Adem\u00e1s, con la inflaci\u00f3n acumulada de 2,98% de julio ya llegamos al 83% de la meta gubernamental de este 2024, que es de 3,6%, de acuerdo al presidente del Colegio Departamental de Economistas de Tarija, Fernando Romero.<\/p>\n<p>A julio Bolivia ocupa la octava ubicaci\u00f3n en inflaci\u00f3n interanual. Con el dato mensual de julio de 0,47%, se observa que es seis veces mayor al de enero, y la acumulada es 37 veces m\u00e1s que la que se registr\u00f3 a comienzos de a\u00f1o.<\/p>\n<p>La inflaci\u00f3n boliviana ha reflejado una tendencia alcista desde comienzos de a\u00f1o, lo cual tiene como causa principal la escasez de d\u00f3lares en la econom\u00eda nacional, y un tipo de cambio paralelo elevado, que ha llegado al 100% por encima del d\u00f3lar oficial.<\/p>\n<p>Por ende, es prioritario aplicar pol\u00edticas econ\u00f3micas para aminorar la presi\u00f3n inflacionaria que deval\u00faa nuestra moneda y reduce su poder adquisitivo. Lo ideal serian medidas fiscales, apuntando a reducir el gasto p\u00fablico, recomend\u00f3.<\/p>\n<p>Sin embargo, el acuerdo de 17 puntos no menciona la reducci\u00f3n del d\u00e9ficit fiscal, m\u00e1s todo lo contrario, pasa el problema de la escasez de d\u00f3lares el sector privado, debido a que los compromete a ayudar a conseguir financiamiento externo, as\u00ed como presionar a la Asamblea legislativa para que apruebe el cr\u00e9dito de 1.000 millones de d\u00f3lares.<\/p>\n<p>\u201cTodo indica, que los precios en la econom\u00eda seguir\u00e1n subiendo, ante la falta de medidas sostenibles y oportunas, donde puede continuar predominando el desabastecimiento y una capacidad de compra menor, que en lo que va del a\u00f1o, cay\u00f3 en un 40%\u201d, lament\u00f3.<\/p>\n<p>An\u00e1lisis<\/p>\n<p>En base a datos actualizados de inflaci\u00f3n al mes de julio 2024, recopilados de los institutos de estad\u00edsticas nacionales y de bancos centrales de la regi\u00f3n, se pudo elaborar un breve an\u00e1lisis del indicador a nivel regional, se\u00f1al\u00f3.<\/p>\n<p>\u201c(\u2026) se observa que la Argentina es la naci\u00f3n con mayor inflaci\u00f3n al mes de julio en Sudam\u00e9rica, con un 4%, y con una inflaci\u00f3n acumulada del 87%. Esto significa un gran descenso en t\u00e9rminos inflacionarios, ya que a diciembre 2023 su inflaci\u00f3n fue del 25,5% y ese a\u00f1o cerro con una cifra acumulada de 211,4%\u201d, explic\u00f3.<\/p>\n<p>Le siguen Venezuela, Ecuador y Chile, con una tasa de inflaci\u00f3n mensual que no superan el 1%. Pa\u00edses como Per\u00fa, Paraguay y Uruguay, tuvieron un triple empate t\u00e9cnico, teniendo la inflaci\u00f3n m\u00e1s baja a julio 2024, con un 0,1%.<\/p>\n<p>Respecto a las inflaciones acumuladas, Colombia (4,32%) y Venezuela (9,70%), presentan un indicador elevado respecto al resto, que el caso de Colombia ha preocupado a sus autoridades monetaria, y en el caso de Venezuela, esta relativa estabilizaci\u00f3n de precios podr\u00eda verse afectada por los conflictos pol\u00edticos y sociales post elecciones.<\/p>\n<p>Se aclara que los puestos como las mismas tasas de inflaci\u00f3n de cada naci\u00f3n son relativas, y son una consecuencia especifica de su situaci\u00f3n econ\u00f3mica y de cierta medida tambi\u00e9n de la coyuntura externa, sostuvo.<\/p>\n","protected":false},"excerpt":{"rendered":"<p>Bolivia ocupa el quinto lugar en inflaci\u00f3n mensual en Sudam\u00e9rica y el sexto en la acumulada a julio 2024, y el octavo en inflaci\u00f3n interanual. Los datos de inflaci\u00f3n mensual y acumulada del s\u00e9ptimo mes del a\u00f1o son los m\u00e1s altos desde el 2018. Adem\u00e1s, con la inflaci\u00f3n acumulada de 2,98% de julio ya llegamos [&hellip;]<\/p>\n","protected":false},"author":1,"featured_media":241944,"comment_status":"open","ping_status":"open","sticky":false,"template":"","format":"standard","meta":{"_acf_changed":false,"footnotes":""},"categories":[7],"tags":[],"class_list":["post-241943","post","type-post","status-publish","format-standard","has-post-thumbnail","category-economia"],"acf":{"antetitulo":""},"yoast_head":"<!-- This site is optimized with the Yoast SEO plugin v28.3 - https:\/\/yoast.com\/product\/yoast-seo-wordpress\/ -->\n<title>Inflaci\u00f3n a julio llega a 83% de meta fijada de 3,6 para este a\u00f1o - El Diario - Bolivia<\/title>\n<meta name=\"robots\" content=\"index, follow, max-snippet:-1, max-image-preview:large, max-video-preview:-1\" \/>\n<link rel=\"canonical\" href=\"https:\/\/www.eldiario.net\/portal\/2024\/08\/20\/inflacion-a-julio-llega-a-83-de-meta-fijada-de-36-para-este-ano\/\" \/>\n<meta property=\"og:locale\" content=\"es_ES\" \/>\n<meta property=\"og:type\" content=\"article\" \/>\n<meta property=\"og:title\" content=\"Inflaci\u00f3n a julio llega a 83% de meta fijada de 3,6 para este a\u00f1o - El Diario - Bolivia\" \/>\n<meta property=\"og:description\" content=\"Bolivia ocupa el quinto lugar en inflaci\u00f3n mensual en Sudam\u00e9rica y el sexto en la acumulada a julio 2024, y el octavo en inflaci\u00f3n interanual. Los datos de inflaci\u00f3n mensual y acumulada del s\u00e9ptimo mes del a\u00f1o son los m\u00e1s altos desde el 2018. Adem\u00e1s, con la inflaci\u00f3n acumulada de 2,98% de julio ya llegamos [&hellip;]\" \/>\n<meta property=\"og:url\" content=\"https:\/\/www.eldiario.net\/portal\/2024\/08\/20\/inflacion-a-julio-llega-a-83-de-meta-fijada-de-36-para-este-ano\/\" \/>\n<meta property=\"og:site_name\" content=\"El Diario - Bolivia\" \/>\n<meta property=\"article:publisher\" content=\"https:\/\/www.facebook.com\/eldiario.bolivia\/\" \/>\n<meta property=\"article:published_time\" content=\"2024-08-20T10:23:40+00:00\" \/>\n<meta property=\"og:image\" content=\"https:\/\/www.eldiario.net\/portal\/wp-content\/uploads\/2024\/08\/infla-FOTO.jpg\" \/>\n\t<meta property=\"og:image:width\" content=\"1280\" \/>\n\t<meta property=\"og:image:height\" content=\"717\" \/>\n\t<meta property=\"og:image:type\" content=\"image\/jpeg\" \/>\n<meta name=\"author\" content=\"Jeanette\" \/>\n<meta name=\"twitter:card\" content=\"summary_large_image\" \/>\n<meta name=\"twitter:creator\" content=\"@eldiario_net\" \/>\n<meta name=\"twitter:site\" content=\"@eldiario_net\" \/>\n<meta name=\"twitter:label1\" content=\"Escrito por\" \/>\n\t<meta name=\"twitter:data1\" content=\"Jeanette\" \/>\n\t<meta name=\"twitter:label2\" content=\"Tiempo de lectura\" \/>\n\t<meta name=\"twitter:data2\" content=\"3 minutos\" \/>\n<script type=\"application\/ld+json\" class=\"yoast-schema-graph\">{\"@context\":\"https:\\\/\\\/schema.org\",\"@graph\":[{\"@type\":\"Article\",\"@id\":\"https:\\\/\\\/www.eldiario.net\\\/portal\\\/2024\\\/08\\\/20\\\/inflacion-a-julio-llega-a-83-de-meta-fijada-de-36-para-este-ano\\\/#article\",\"isPartOf\":{\"@id\":\"https:\\\/\\\/www.eldiario.net\\\/portal\\\/2024\\\/08\\\/20\\\/inflacion-a-julio-llega-a-83-de-meta-fijada-de-36-para-este-ano\\\/\"},\"author\":{\"name\":\"Jeanette\",\"@id\":\"https:\\\/\\\/www.eldiario.net\\\/portal\\\/#\\\/schema\\\/person\\\/f46445640444750d7d753ccd04ae01b7\"},\"headline\":\"Inflaci\u00f3n a julio llega a 83% de meta fijada de 3,6 para este a\u00f1o\",\"datePublished\":\"2024-08-20T10:23:40+00:00\",\"mainEntityOfPage\":{\"@id\":\"https:\\\/\\\/www.eldiario.net\\\/portal\\\/2024\\\/08\\\/20\\\/inflacion-a-julio-llega-a-83-de-meta-fijada-de-36-para-este-ano\\\/\"},\"wordCount\":568,\"commentCount\":0,\"publisher\":{\"@id\":\"https:\\\/\\\/www.eldiario.net\\\/portal\\\/#organization\"},\"image\":{\"@id\":\"https:\\\/\\\/www.eldiario.net\\\/portal\\\/2024\\\/08\\\/20\\\/inflacion-a-julio-llega-a-83-de-meta-fijada-de-36-para-este-ano\\\/#primaryimage\"},\"thumbnailUrl\":\"https:\\\/\\\/www.eldiario.net\\\/portal\\\/wp-content\\\/uploads\\\/2024\\\/08\\\/infla-FOTO.jpg\",\"articleSection\":[\"Econom\u00eda\"],\"inLanguage\":\"es\",\"potentialAction\":[{\"@type\":\"CommentAction\",\"name\":\"Comment\",\"target\":[\"https:\\\/\\\/www.eldiario.net\\\/portal\\\/2024\\\/08\\\/20\\\/inflacion-a-julio-llega-a-83-de-meta-fijada-de-36-para-este-ano\\\/#respond\"]}]},{\"@type\":\"WebPage\",\"@id\":\"https:\\\/\\\/www.eldiario.net\\\/portal\\\/2024\\\/08\\\/20\\\/inflacion-a-julio-llega-a-83-de-meta-fijada-de-36-para-este-ano\\\/\",\"url\":\"https:\\\/\\\/www.eldiario.net\\\/portal\\\/2024\\\/08\\\/20\\\/inflacion-a-julio-llega-a-83-de-meta-fijada-de-36-para-este-ano\\\/\",\"name\":\"Inflaci\u00f3n a julio llega a 83% de meta fijada de 3,6 para este a\u00f1o - El Diario - Bolivia\",\"isPartOf\":{\"@id\":\"https:\\\/\\\/www.eldiario.net\\\/portal\\\/#website\"},\"primaryImageOfPage\":{\"@id\":\"https:\\\/\\\/www.eldiario.net\\\/portal\\\/2024\\\/08\\\/20\\\/inflacion-a-julio-llega-a-83-de-meta-fijada-de-36-para-este-ano\\\/#primaryimage\"},\"image\":{\"@id\":\"https:\\\/\\\/www.eldiario.net\\\/portal\\\/2024\\\/08\\\/20\\\/inflacion-a-julio-llega-a-83-de-meta-fijada-de-36-para-este-ano\\\/#primaryimage\"},\"thumbnailUrl\":\"https:\\\/\\\/www.eldiario.net\\\/portal\\\/wp-content\\\/uploads\\\/2024\\\/08\\\/infla-FOTO.jpg\",\"datePublished\":\"2024-08-20T10:23:40+00:00\",\"breadcrumb\":{\"@id\":\"https:\\\/\\\/www.eldiario.net\\\/portal\\\/2024\\\/08\\\/20\\\/inflacion-a-julio-llega-a-83-de-meta-fijada-de-36-para-este-ano\\\/#breadcrumb\"},\"inLanguage\":\"es\",\"potentialAction\":[{\"@type\":\"ReadAction\",\"target\":[\"https:\\\/\\\/www.eldiario.net\\\/portal\\\/2024\\\/08\\\/20\\\/inflacion-a-julio-llega-a-83-de-meta-fijada-de-36-para-este-ano\\\/\"]}]},{\"@type\":\"ImageObject\",\"inLanguage\":\"es\",\"@id\":\"https:\\\/\\\/www.eldiario.net\\\/portal\\\/2024\\\/08\\\/20\\\/inflacion-a-julio-llega-a-83-de-meta-fijada-de-36-para-este-ano\\\/#primaryimage\",\"url\":\"https:\\\/\\\/www.eldiario.net\\\/portal\\\/wp-content\\\/uploads\\\/2024\\\/08\\\/infla-FOTO.jpg\",\"contentUrl\":\"https:\\\/\\\/www.eldiario.net\\\/portal\\\/wp-content\\\/uploads\\\/2024\\\/08\\\/infla-FOTO.jpg\",\"width\":1280,\"height\":717},{\"@type\":\"BreadcrumbList\",\"@id\":\"https:\\\/\\\/www.eldiario.net\\\/portal\\\/2024\\\/08\\\/20\\\/inflacion-a-julio-llega-a-83-de-meta-fijada-de-36-para-este-ano\\\/#breadcrumb\",\"itemListElement\":[{\"@type\":\"ListItem\",\"position\":1,\"name\":\"Portada\",\"item\":\"https:\\\/\\\/www.eldiario.net\\\/portal\\\/\"},{\"@type\":\"ListItem\",\"position\":2,\"name\":\"Inflaci\u00f3n a julio llega a 83% de meta fijada de 3,6 para este a\u00f1o\"}]},{\"@type\":\"WebSite\",\"@id\":\"https:\\\/\\\/www.eldiario.net\\\/portal\\\/#website\",\"url\":\"https:\\\/\\\/www.eldiario.net\\\/portal\\\/\",\"name\":\"El Diario - Decano de la prensa nacional\",\"description\":\"El Diario - Decano de la prensa nacional\",\"publisher\":{\"@id\":\"https:\\\/\\\/www.eldiario.net\\\/portal\\\/#organization\"},\"potentialAction\":[{\"@type\":\"SearchAction\",\"target\":{\"@type\":\"EntryPoint\",\"urlTemplate\":\"https:\\\/\\\/www.eldiario.net\\\/portal\\\/?s={search_term_string}\"},\"query-input\":{\"@type\":\"PropertyValueSpecification\",\"valueRequired\":true,\"valueName\":\"search_term_string\"}}],\"inLanguage\":\"es\"},{\"@type\":\"Organization\",\"@id\":\"https:\\\/\\\/www.eldiario.net\\\/portal\\\/#organization\",\"name\":\"El Diario - Decano de la prensa nacional\",\"url\":\"https:\\\/\\\/www.eldiario.net\\\/portal\\\/\",\"logo\":{\"@type\":\"ImageObject\",\"inLanguage\":\"es\",\"@id\":\"https:\\\/\\\/www.eldiario.net\\\/portal\\\/#\\\/schema\\\/logo\\\/image\\\/\",\"url\":\"https:\\\/\\\/www.eldiario.net\\\/portal\\\/wp-content\\\/uploads\\\/2023\\\/07\\\/logo_ED.jpg\",\"contentUrl\":\"https:\\\/\\\/www.eldiario.net\\\/portal\\\/wp-content\\\/uploads\\\/2023\\\/07\\\/logo_ED.jpg\",\"width\":272,\"height\":52,\"caption\":\"El Diario - Decano de la prensa nacional\"},\"image\":{\"@id\":\"https:\\\/\\\/www.eldiario.net\\\/portal\\\/#\\\/schema\\\/logo\\\/image\\\/\"},\"sameAs\":[\"https:\\\/\\\/www.facebook.com\\\/eldiario.bolivia\\\/\",\"https:\\\/\\\/x.com\\\/eldiario_net\"]},{\"@type\":\"Person\",\"@id\":\"https:\\\/\\\/www.eldiario.net\\\/portal\\\/#\\\/schema\\\/person\\\/f46445640444750d7d753ccd04ae01b7\",\"name\":\"Jeanette\",\"image\":{\"@type\":\"ImageObject\",\"inLanguage\":\"es\",\"@id\":\"https:\\\/\\\/secure.gravatar.com\\\/avatar\\\/3ea2118a5f7dad2b7138b1187a6b7ee55f160b9968b66013c3a3ef39dd7e5798?s=96&d=mm&r=g\",\"url\":\"https:\\\/\\\/secure.gravatar.com\\\/avatar\\\/3ea2118a5f7dad2b7138b1187a6b7ee55f160b9968b66013c3a3ef39dd7e5798?s=96&d=mm&r=g\",\"contentUrl\":\"https:\\\/\\\/secure.gravatar.com\\\/avatar\\\/3ea2118a5f7dad2b7138b1187a6b7ee55f160b9968b66013c3a3ef39dd7e5798?s=96&d=mm&r=g\",\"caption\":\"Jeanette\"},\"sameAs\":[\"https:\\\/\\\/www.eldiario.net\\\/portal\"],\"url\":\"https:\\\/\\\/www.eldiario.net\\\/portal\\\/author\\\/jeanette\\\/\"}]}<\/script>\n<!-- \/ Yoast SEO plugin. -->","yoast_head_json":{"title":"Inflaci\u00f3n a julio llega a 83% de meta fijada de 3,6 para este a\u00f1o - El Diario - Bolivia","robots":{"index":"index","follow":"follow","max-snippet":"max-snippet:-1","max-image-preview":"max-image-preview:large","max-video-preview":"max-video-preview:-1"},"canonical":"https:\/\/www.eldiario.net\/portal\/2024\/08\/20\/inflacion-a-julio-llega-a-83-de-meta-fijada-de-36-para-este-ano\/","og_locale":"es_ES","og_type":"article","og_title":"Inflaci\u00f3n a julio llega a 83% de meta fijada de 3,6 para este a\u00f1o - El Diario - Bolivia","og_description":"Bolivia ocupa el quinto lugar en inflaci\u00f3n mensual en Sudam\u00e9rica y el sexto en la acumulada a julio 2024, y el octavo en inflaci\u00f3n interanual. Los datos de inflaci\u00f3n mensual y acumulada del s\u00e9ptimo mes del a\u00f1o son los m\u00e1s altos desde el 2018. Adem\u00e1s, con la inflaci\u00f3n acumulada de 2,98% de julio ya llegamos [&hellip;]","og_url":"https:\/\/www.eldiario.net\/portal\/2024\/08\/20\/inflacion-a-julio-llega-a-83-de-meta-fijada-de-36-para-este-ano\/","og_site_name":"El Diario - Bolivia","article_publisher":"https:\/\/www.facebook.com\/eldiario.bolivia\/","article_published_time":"2024-08-20T10:23:40+00:00","og_image":[{"width":1280,"height":717,"url":"https:\/\/www.eldiario.net\/portal\/wp-content\/uploads\/2024\/08\/infla-FOTO.jpg","type":"image\/jpeg"}],"author":"Jeanette","twitter_card":"summary_large_image","twitter_creator":"@eldiario_net","twitter_site":"@eldiario_net","twitter_misc":{"Escrito por":"Jeanette","Tiempo de lectura":"3 minutos"},"schema":{"@context":"https:\/\/schema.org","@graph":[{"@type":"Article","@id":"https:\/\/www.eldiario.net\/portal\/2024\/08\/20\/inflacion-a-julio-llega-a-83-de-meta-fijada-de-36-para-este-ano\/#article","isPartOf":{"@id":"https:\/\/www.eldiario.net\/portal\/2024\/08\/20\/inflacion-a-julio-llega-a-83-de-meta-fijada-de-36-para-este-ano\/"},"author":{"name":"Jeanette","@id":"https:\/\/www.eldiario.net\/portal\/#\/schema\/person\/f46445640444750d7d753ccd04ae01b7"},"headline":"Inflaci\u00f3n a julio llega a 83% de meta fijada de 3,6 para este a\u00f1o","datePublished":"2024-08-20T10:23:40+00:00","mainEntityOfPage":{"@id":"https:\/\/www.eldiario.net\/portal\/2024\/08\/20\/inflacion-a-julio-llega-a-83-de-meta-fijada-de-36-para-este-ano\/"},"wordCount":568,"commentCount":0,"publisher":{"@id":"https:\/\/www.eldiario.net\/portal\/#organization"},"image":{"@id":"https:\/\/www.eldiario.net\/portal\/2024\/08\/20\/inflacion-a-julio-llega-a-83-de-meta-fijada-de-36-para-este-ano\/#primaryimage"},"thumbnailUrl":"https:\/\/www.eldiario.net\/portal\/wp-content\/uploads\/2024\/08\/infla-FOTO.jpg","articleSection":["Econom\u00eda"],"inLanguage":"es","potentialAction":[{"@type":"CommentAction","name":"Comment","target":["https:\/\/www.eldiario.net\/portal\/2024\/08\/20\/inflacion-a-julio-llega-a-83-de-meta-fijada-de-36-para-este-ano\/#respond"]}]},{"@type":"WebPage","@id":"https:\/\/www.eldiario.net\/portal\/2024\/08\/20\/inflacion-a-julio-llega-a-83-de-meta-fijada-de-36-para-este-ano\/","url":"https:\/\/www.eldiario.net\/portal\/2024\/08\/20\/inflacion-a-julio-llega-a-83-de-meta-fijada-de-36-para-este-ano\/","name":"Inflaci\u00f3n a julio llega a 83% de meta fijada de 3,6 para este a\u00f1o - El Diario - Bolivia","isPartOf":{"@id":"https:\/\/www.eldiario.net\/portal\/#website"},"primaryImageOfPage":{"@id":"https:\/\/www.eldiario.net\/portal\/2024\/08\/20\/inflacion-a-julio-llega-a-83-de-meta-fijada-de-36-para-este-ano\/#primaryimage"},"image":{"@id":"https:\/\/www.eldiario.net\/portal\/2024\/08\/20\/inflacion-a-julio-llega-a-83-de-meta-fijada-de-36-para-este-ano\/#primaryimage"},"thumbnailUrl":"https:\/\/www.eldiario.net\/portal\/wp-content\/uploads\/2024\/08\/infla-FOTO.jpg","datePublished":"2024-08-20T10:23:40+00:00","breadcrumb":{"@id":"https:\/\/www.eldiario.net\/portal\/2024\/08\/20\/inflacion-a-julio-llega-a-83-de-meta-fijada-de-36-para-este-ano\/#breadcrumb"},"inLanguage":"es","potentialAction":[{"@type":"ReadAction","target":["https:\/\/www.eldiario.net\/portal\/2024\/08\/20\/inflacion-a-julio-llega-a-83-de-meta-fijada-de-36-para-este-ano\/"]}]},{"@type":"ImageObject","inLanguage":"es","@id":"https:\/\/www.eldiario.net\/portal\/2024\/08\/20\/inflacion-a-julio-llega-a-83-de-meta-fijada-de-36-para-este-ano\/#primaryimage","url":"https:\/\/www.eldiario.net\/portal\/wp-content\/uploads\/2024\/08\/infla-FOTO.jpg","contentUrl":"https:\/\/www.eldiario.net\/portal\/wp-content\/uploads\/2024\/08\/infla-FOTO.jpg","width":1280,"height":717},{"@type":"BreadcrumbList","@id":"https:\/\/www.eldiario.net\/portal\/2024\/08\/20\/inflacion-a-julio-llega-a-83-de-meta-fijada-de-36-para-este-ano\/#breadcrumb","itemListElement":[{"@type":"ListItem","position":1,"name":"Portada","item":"https:\/\/www.eldiario.net\/portal\/"},{"@type":"ListItem","position":2,"name":"Inflaci\u00f3n a julio llega a 83% de meta fijada de 3,6 para este a\u00f1o"}]},{"@type":"WebSite","@id":"https:\/\/www.eldiario.net\/portal\/#website","url":"https:\/\/www.eldiario.net\/portal\/","name":"El Diario - Decano de la prensa nacional","description":"El Diario - Decano de la prensa nacional","publisher":{"@id":"https:\/\/www.eldiario.net\/portal\/#organization"},"potentialAction":[{"@type":"SearchAction","target":{"@type":"EntryPoint","urlTemplate":"https:\/\/www.eldiario.net\/portal\/?s={search_term_string}"},"query-input":{"@type":"PropertyValueSpecification","valueRequired":true,"valueName":"search_term_string"}}],"inLanguage":"es"},{"@type":"Organization","@id":"https:\/\/www.eldiario.net\/portal\/#organization","name":"El Diario - Decano de la prensa nacional","url":"https:\/\/www.eldiario.net\/portal\/","logo":{"@type":"ImageObject","inLanguage":"es","@id":"https:\/\/www.eldiario.net\/portal\/#\/schema\/logo\/image\/","url":"https:\/\/www.eldiario.net\/portal\/wp-content\/uploads\/2023\/07\/logo_ED.jpg","contentUrl":"https:\/\/www.eldiario.net\/portal\/wp-content\/uploads\/2023\/07\/logo_ED.jpg","width":272,"height":52,"caption":"El Diario - Decano de la prensa nacional"},"image":{"@id":"https:\/\/www.eldiario.net\/portal\/#\/schema\/logo\/image\/"},"sameAs":["https:\/\/www.facebook.com\/eldiario.bolivia\/","https:\/\/x.com\/eldiario_net"]},{"@type":"Person","@id":"https:\/\/www.eldiario.net\/portal\/#\/schema\/person\/f46445640444750d7d753ccd04ae01b7","name":"Jeanette","image":{"@type":"ImageObject","inLanguage":"es","@id":"https:\/\/secure.gravatar.com\/avatar\/3ea2118a5f7dad2b7138b1187a6b7ee55f160b9968b66013c3a3ef39dd7e5798?s=96&d=mm&r=g","url":"https:\/\/secure.gravatar.com\/avatar\/3ea2118a5f7dad2b7138b1187a6b7ee55f160b9968b66013c3a3ef39dd7e5798?s=96&d=mm&r=g","contentUrl":"https:\/\/secure.gravatar.com\/avatar\/3ea2118a5f7dad2b7138b1187a6b7ee55f160b9968b66013c3a3ef39dd7e5798?s=96&d=mm&r=g","caption":"Jeanette"},"sameAs":["https:\/\/www.eldiario.net\/portal"],"url":"https:\/\/www.eldiario.net\/portal\/author\/jeanette\/"}]}},"_links":{"self":[{"href":"https:\/\/www.eldiario.net\/portal\/wp-json\/wp\/v2\/posts\/241943","targetHints":{"allow":["GET"]}}],"collection":[{"href":"https:\/\/www.eldiario.net\/portal\/wp-json\/wp\/v2\/posts"}],"about":[{"href":"https:\/\/www.eldiario.net\/portal\/wp-json\/wp\/v2\/types\/post"}],"author":[{"embeddable":true,"href":"https:\/\/www.eldiario.net\/portal\/wp-json\/wp\/v2\/users\/1"}],"replies":[{"embeddable":true,"href":"https:\/\/www.eldiario.net\/portal\/wp-json\/wp\/v2\/comments?post=241943"}],"version-history":[{"count":1,"href":"https:\/\/www.eldiario.net\/portal\/wp-json\/wp\/v2\/posts\/241943\/revisions"}],"predecessor-version":[{"id":241945,"href":"https:\/\/www.eldiario.net\/portal\/wp-json\/wp\/v2\/posts\/241943\/revisions\/241945"}],"wp:featuredmedia":[{"embeddable":true,"href":"https:\/\/www.eldiario.net\/portal\/wp-json\/wp\/v2\/media\/241944"}],"wp:attachment":[{"href":"https:\/\/www.eldiario.net\/portal\/wp-json\/wp\/v2\/media?parent=241943"}],"wp:term":[{"taxonomy":"category","embeddable":true,"href":"https:\/\/www.eldiario.net\/portal\/wp-json\/wp\/v2\/categories?post=241943"},{"taxonomy":"post_tag","embeddable":true,"href":"https:\/\/www.eldiario.net\/portal\/wp-json\/wp\/v2\/tags?post=241943"}],"curies":[{"name":"wp","href":"https:\/\/api.w.org\/{rel}","templated":true}]}}