{"id":241937,"date":"2024-08-20T06:22:48","date_gmt":"2024-08-20T10:22:48","guid":{"rendered":"https:\/\/www.eldiario.net\/portal\/?p=241937"},"modified":"2024-08-20T06:22:48","modified_gmt":"2024-08-20T10:22:48","slug":"presentan-xiv-expoferia-de-camelidos-oruro-2024","status":"publish","type":"post","link":"https:\/\/www.eldiario.net\/portal\/2024\/08\/20\/presentan-xiv-expoferia-de-camelidos-oruro-2024\/","title":{"rendered":"Presentan XIV Expoferia  de Cam\u00e9lidos Oruro 2024"},"content":{"rendered":"<p>En el marco de la celebraci\u00f3n del A\u00f1o Internacional de los Cam\u00e9lidos, el ministro de Desarrollo Rural y Tierras, Yamil Flores Lazo, present\u00f3 la \u201cExpoferia Nacional de Cam\u00e9lidos, Oruro 2024\u201d, que se desarrollar\u00e1 el 23, 24 y 25 de agosto, con el objetivo de generar espacios de contacto para productores, transformadores y comercializadores.<\/p>\n<p>\u201cRealizamos el lanzamiento de la XIV Expoferia Nacional de los Cam\u00e9lidos, donde podr\u00e1n apreciar el potencial productivo de la ganader\u00eda cam\u00e9lida de nuestro pa\u00eds, as\u00ed como la oferta de productos derivados de la fibra y carne de cam\u00e9lidos\u201d, expres\u00f3 la autoridad.<\/p>\n<p>Asimismo, Flores dio a conocer que el Ministerio de Desarrollo Rural y Tierras, continuar\u00e1 trabajando en favor de este sector productor del pa\u00eds, \u201ceste a\u00f1o cerramos Pro-Cam\u00e9lidos en su primera etapa con una inversi\u00f3n de 160 millones de bolivianos.<\/p>\n<p>Para la segunda etapa del programa Pro-Cam\u00e9lidos 2, se tiene previsto una inversi\u00f3n de cerca de 200 millones de bolivianos, para seguir beneficiando a los productores en el marco de la soberan\u00eda alimentaria, se\u00f1al\u00f3.<\/p>\n<p>La muestra ferial de convocatoria nacional congregar\u00e1 a cerca de 300 ejemplares campeones entre; llamas q\u2019ara y t\u2019amphulli, alpacas suri y huacaya, para elegir a los mejores, tambi\u00e9n se tiene prevista la participaci\u00f3n de alrededor de 50 Asociaciones transformadoras en fibra de llama, alpaca y productos c\u00e1rnicos provenientes de los departamentos de La Paz, Potos\u00ed, Cochabamba, Chuquisaca, Tarija y la sede anfitriona Oruro.<\/p>\n<p>El Coordinador Nacional de Pro-Cam\u00e9lidos, Roberto Bonifacio, indic\u00f3 que el evento ferial reunir\u00e1 a los mejores ejemplares para poder encaminar un concurso Nacional de cam\u00e9lidos, tomando en cuenta que se tiene la participaci\u00f3n de los 6 departamentos productores.<\/p>\n<p>A su turno el vicepresidente de la Asociaci\u00f3n Nacional de Productores de Cam\u00e9lidos (Anapca Qullasuyo Bolivia), Camilo Rodr\u00edguez, agradeci\u00f3 el trabajo del Gobierno nacional y la participaci\u00f3n en este tipo de actividades de los productores de las diferentes regiones del pa\u00eds.<\/p>\n<p>Como parte de la muestra ferial se expondr\u00e1n y ofertar\u00e1n variedad de prendas de vestir confeccionadas en base a fibra de cam\u00e9lidos, con dise\u00f1os exclusivos, artesan\u00edas, productos derivados de carne de cam\u00e9lidos, adem\u00e1s se desarrollar\u00e1 un desfile de modas que lucir\u00e1 las creaciones de las artesanas.<\/p>\n","protected":false},"excerpt":{"rendered":"<p>En el marco de la celebraci\u00f3n del A\u00f1o Internacional de los Cam\u00e9lidos, el ministro de Desarrollo Rural y Tierras, Yamil Flores Lazo, present\u00f3 la \u201cExpoferia Nacional de Cam\u00e9lidos, Oruro 2024\u201d, que se desarrollar\u00e1 el 23, 24 y 25 de agosto, con el objetivo de generar espacios de contacto para productores, transformadores y comercializadores. \u201cRealizamos el [&hellip;]<\/p>\n","protected":false},"author":1,"featured_media":241938,"comment_status":"open","ping_status":"open","sticky":false,"template":"","format":"standard","meta":{"_acf_changed":false,"footnotes":""},"categories":[7],"tags":[],"class_list":["post-241937","post","type-post","status-publish","format-standard","has-post-thumbnail","category-economia"],"acf":{"antetitulo":""},"yoast_head":"<!-- This site is optimized with the Yoast SEO plugin v28.4 - https:\/\/yoast.com\/product\/yoast-seo-wordpress\/ -->\n<title>Presentan XIV Expoferia de Cam\u00e9lidos Oruro 2024 - El Diario - Bolivia<\/title>\n<meta name=\"robots\" content=\"index, follow, max-snippet:-1, max-image-preview:large, max-video-preview:-1\" \/>\n<link rel=\"canonical\" href=\"https:\/\/www.eldiario.net\/portal\/2024\/08\/20\/presentan-xiv-expoferia-de-camelidos-oruro-2024\/\" \/>\n<meta property=\"og:locale\" content=\"es_ES\" \/>\n<meta property=\"og:type\" content=\"article\" \/>\n<meta property=\"og:title\" content=\"Presentan XIV Expoferia de Cam\u00e9lidos Oruro 2024 - El Diario - Bolivia\" \/>\n<meta property=\"og:description\" content=\"En el marco de la celebraci\u00f3n del A\u00f1o Internacional de los Cam\u00e9lidos, el ministro de Desarrollo Rural y Tierras, Yamil Flores Lazo, present\u00f3 la \u201cExpoferia Nacional de Cam\u00e9lidos, Oruro 2024\u201d, que se desarrollar\u00e1 el 23, 24 y 25 de agosto, con el objetivo de generar espacios de contacto para productores, transformadores y comercializadores. \u201cRealizamos el [&hellip;]\" \/>\n<meta property=\"og:url\" content=\"https:\/\/www.eldiario.net\/portal\/2024\/08\/20\/presentan-xiv-expoferia-de-camelidos-oruro-2024\/\" \/>\n<meta property=\"og:site_name\" content=\"El Diario - Bolivia\" \/>\n<meta property=\"article:publisher\" content=\"https:\/\/www.facebook.com\/eldiario.bolivia\/\" \/>\n<meta property=\"article:published_time\" content=\"2024-08-20T10:22:48+00:00\" \/>\n<meta property=\"og:image\" content=\"https:\/\/www.eldiario.net\/portal\/wp-content\/uploads\/2024\/08\/ORURO-FOTO.jpg\" \/>\n\t<meta property=\"og:image:width\" content=\"1600\" \/>\n\t<meta property=\"og:image:height\" content=\"1066\" \/>\n\t<meta property=\"og:image:type\" content=\"image\/jpeg\" \/>\n<meta name=\"author\" content=\"Jeanette\" \/>\n<meta name=\"twitter:card\" content=\"summary_large_image\" \/>\n<meta name=\"twitter:creator\" content=\"@eldiario_net\" \/>\n<meta name=\"twitter:site\" content=\"@eldiario_net\" \/>\n<meta name=\"twitter:label1\" content=\"Escrito por\" \/>\n\t<meta name=\"twitter:data1\" content=\"Jeanette\" \/>\n\t<meta name=\"twitter:label2\" content=\"Tiempo de lectura\" \/>\n\t<meta name=\"twitter:data2\" content=\"2 minutos\" \/>\n<script type=\"application\/ld+json\" class=\"yoast-schema-graph\">{\"@context\":\"https:\\\/\\\/schema.org\",\"@graph\":[{\"@type\":\"Article\",\"@id\":\"https:\\\/\\\/www.eldiario.net\\\/portal\\\/2024\\\/08\\\/20\\\/presentan-xiv-expoferia-de-camelidos-oruro-2024\\\/#article\",\"isPartOf\":{\"@id\":\"https:\\\/\\\/www.eldiario.net\\\/portal\\\/2024\\\/08\\\/20\\\/presentan-xiv-expoferia-de-camelidos-oruro-2024\\\/\"},\"author\":{\"name\":\"Jeanette\",\"@id\":\"https:\\\/\\\/www.eldiario.net\\\/portal\\\/#\\\/schema\\\/person\\\/f46445640444750d7d753ccd04ae01b7\"},\"headline\":\"Presentan XIV Expoferia de Cam\u00e9lidos Oruro 2024\",\"datePublished\":\"2024-08-20T10:22:48+00:00\",\"mainEntityOfPage\":{\"@id\":\"https:\\\/\\\/www.eldiario.net\\\/portal\\\/2024\\\/08\\\/20\\\/presentan-xiv-expoferia-de-camelidos-oruro-2024\\\/\"},\"wordCount\":390,\"commentCount\":0,\"publisher\":{\"@id\":\"https:\\\/\\\/www.eldiario.net\\\/portal\\\/#organization\"},\"image\":{\"@id\":\"https:\\\/\\\/www.eldiario.net\\\/portal\\\/2024\\\/08\\\/20\\\/presentan-xiv-expoferia-de-camelidos-oruro-2024\\\/#primaryimage\"},\"thumbnailUrl\":\"https:\\\/\\\/www.eldiario.net\\\/portal\\\/wp-content\\\/uploads\\\/2024\\\/08\\\/ORURO-FOTO.jpg\",\"articleSection\":[\"Econom\u00eda\"],\"inLanguage\":\"es\",\"potentialAction\":[{\"@type\":\"CommentAction\",\"name\":\"Comment\",\"target\":[\"https:\\\/\\\/www.eldiario.net\\\/portal\\\/2024\\\/08\\\/20\\\/presentan-xiv-expoferia-de-camelidos-oruro-2024\\\/#respond\"]}]},{\"@type\":\"WebPage\",\"@id\":\"https:\\\/\\\/www.eldiario.net\\\/portal\\\/2024\\\/08\\\/20\\\/presentan-xiv-expoferia-de-camelidos-oruro-2024\\\/\",\"url\":\"https:\\\/\\\/www.eldiario.net\\\/portal\\\/2024\\\/08\\\/20\\\/presentan-xiv-expoferia-de-camelidos-oruro-2024\\\/\",\"name\":\"Presentan XIV Expoferia de Cam\u00e9lidos Oruro 2024 - El Diario - Bolivia\",\"isPartOf\":{\"@id\":\"https:\\\/\\\/www.eldiario.net\\\/portal\\\/#website\"},\"primaryImageOfPage\":{\"@id\":\"https:\\\/\\\/www.eldiario.net\\\/portal\\\/2024\\\/08\\\/20\\\/presentan-xiv-expoferia-de-camelidos-oruro-2024\\\/#primaryimage\"},\"image\":{\"@id\":\"https:\\\/\\\/www.eldiario.net\\\/portal\\\/2024\\\/08\\\/20\\\/presentan-xiv-expoferia-de-camelidos-oruro-2024\\\/#primaryimage\"},\"thumbnailUrl\":\"https:\\\/\\\/www.eldiario.net\\\/portal\\\/wp-content\\\/uploads\\\/2024\\\/08\\\/ORURO-FOTO.jpg\",\"datePublished\":\"2024-08-20T10:22:48+00:00\",\"breadcrumb\":{\"@id\":\"https:\\\/\\\/www.eldiario.net\\\/portal\\\/2024\\\/08\\\/20\\\/presentan-xiv-expoferia-de-camelidos-oruro-2024\\\/#breadcrumb\"},\"inLanguage\":\"es\",\"potentialAction\":[{\"@type\":\"ReadAction\",\"target\":[\"https:\\\/\\\/www.eldiario.net\\\/portal\\\/2024\\\/08\\\/20\\\/presentan-xiv-expoferia-de-camelidos-oruro-2024\\\/\"]}]},{\"@type\":\"ImageObject\",\"inLanguage\":\"es\",\"@id\":\"https:\\\/\\\/www.eldiario.net\\\/portal\\\/2024\\\/08\\\/20\\\/presentan-xiv-expoferia-de-camelidos-oruro-2024\\\/#primaryimage\",\"url\":\"https:\\\/\\\/www.eldiario.net\\\/portal\\\/wp-content\\\/uploads\\\/2024\\\/08\\\/ORURO-FOTO.jpg\",\"contentUrl\":\"https:\\\/\\\/www.eldiario.net\\\/portal\\\/wp-content\\\/uploads\\\/2024\\\/08\\\/ORURO-FOTO.jpg\",\"width\":1600,\"height\":1066,\"caption\":\"Conferencia de prensa para la presentaci\u00f3n de la feria de cam\u00e9lidos. Foto MDRyT\"},{\"@type\":\"BreadcrumbList\",\"@id\":\"https:\\\/\\\/www.eldiario.net\\\/portal\\\/2024\\\/08\\\/20\\\/presentan-xiv-expoferia-de-camelidos-oruro-2024\\\/#breadcrumb\",\"itemListElement\":[{\"@type\":\"ListItem\",\"position\":1,\"name\":\"Portada\",\"item\":\"https:\\\/\\\/www.eldiario.net\\\/portal\\\/\"},{\"@type\":\"ListItem\",\"position\":2,\"name\":\"Presentan XIV Expoferia de Cam\u00e9lidos Oruro 2024\"}]},{\"@type\":\"WebSite\",\"@id\":\"https:\\\/\\\/www.eldiario.net\\\/portal\\\/#website\",\"url\":\"https:\\\/\\\/www.eldiario.net\\\/portal\\\/\",\"name\":\"El Diario - Decano de la prensa nacional\",\"description\":\"El Diario - Decano de la prensa nacional\",\"publisher\":{\"@id\":\"https:\\\/\\\/www.eldiario.net\\\/portal\\\/#organization\"},\"potentialAction\":[{\"@type\":\"SearchAction\",\"target\":{\"@type\":\"EntryPoint\",\"urlTemplate\":\"https:\\\/\\\/www.eldiario.net\\\/portal\\\/?s={search_term_string}\"},\"query-input\":{\"@type\":\"PropertyValueSpecification\",\"valueRequired\":true,\"valueName\":\"search_term_string\"}}],\"inLanguage\":\"es\"},{\"@type\":\"Organization\",\"@id\":\"https:\\\/\\\/www.eldiario.net\\\/portal\\\/#organization\",\"name\":\"El Diario - Decano de la prensa nacional\",\"url\":\"https:\\\/\\\/www.eldiario.net\\\/portal\\\/\",\"logo\":{\"@type\":\"ImageObject\",\"inLanguage\":\"es\",\"@id\":\"https:\\\/\\\/www.eldiario.net\\\/portal\\\/#\\\/schema\\\/logo\\\/image\\\/\",\"url\":\"https:\\\/\\\/www.eldiario.net\\\/portal\\\/wp-content\\\/uploads\\\/2023\\\/07\\\/logo_ED.jpg\",\"contentUrl\":\"https:\\\/\\\/www.eldiario.net\\\/portal\\\/wp-content\\\/uploads\\\/2023\\\/07\\\/logo_ED.jpg\",\"width\":272,\"height\":52,\"caption\":\"El Diario - Decano de la prensa nacional\"},\"image\":{\"@id\":\"https:\\\/\\\/www.eldiario.net\\\/portal\\\/#\\\/schema\\\/logo\\\/image\\\/\"},\"sameAs\":[\"https:\\\/\\\/www.facebook.com\\\/eldiario.bolivia\\\/\",\"https:\\\/\\\/x.com\\\/eldiario_net\"]},{\"@type\":\"Person\",\"@id\":\"https:\\\/\\\/www.eldiario.net\\\/portal\\\/#\\\/schema\\\/person\\\/f46445640444750d7d753ccd04ae01b7\",\"name\":\"Jeanette\",\"image\":{\"@type\":\"ImageObject\",\"inLanguage\":\"es\",\"@id\":\"https:\\\/\\\/secure.gravatar.com\\\/avatar\\\/3ea2118a5f7dad2b7138b1187a6b7ee55f160b9968b66013c3a3ef39dd7e5798?s=96&d=mm&r=g\",\"url\":\"https:\\\/\\\/secure.gravatar.com\\\/avatar\\\/3ea2118a5f7dad2b7138b1187a6b7ee55f160b9968b66013c3a3ef39dd7e5798?s=96&d=mm&r=g\",\"contentUrl\":\"https:\\\/\\\/secure.gravatar.com\\\/avatar\\\/3ea2118a5f7dad2b7138b1187a6b7ee55f160b9968b66013c3a3ef39dd7e5798?s=96&d=mm&r=g\",\"caption\":\"Jeanette\"},\"sameAs\":[\"https:\\\/\\\/www.eldiario.net\\\/portal\"],\"url\":\"https:\\\/\\\/www.eldiario.net\\\/portal\\\/author\\\/jeanette\\\/\"}]}<\/script>\n<!-- \/ Yoast SEO plugin. -->","yoast_head_json":{"title":"Presentan XIV Expoferia de Cam\u00e9lidos Oruro 2024 - El Diario - Bolivia","robots":{"index":"index","follow":"follow","max-snippet":"max-snippet:-1","max-image-preview":"max-image-preview:large","max-video-preview":"max-video-preview:-1"},"canonical":"https:\/\/www.eldiario.net\/portal\/2024\/08\/20\/presentan-xiv-expoferia-de-camelidos-oruro-2024\/","og_locale":"es_ES","og_type":"article","og_title":"Presentan XIV Expoferia de Cam\u00e9lidos Oruro 2024 - El Diario - Bolivia","og_description":"En el marco de la celebraci\u00f3n del A\u00f1o Internacional de los Cam\u00e9lidos, el ministro de Desarrollo Rural y Tierras, Yamil Flores Lazo, present\u00f3 la \u201cExpoferia Nacional de Cam\u00e9lidos, Oruro 2024\u201d, que se desarrollar\u00e1 el 23, 24 y 25 de agosto, con el objetivo de generar espacios de contacto para productores, transformadores y comercializadores. \u201cRealizamos el [&hellip;]","og_url":"https:\/\/www.eldiario.net\/portal\/2024\/08\/20\/presentan-xiv-expoferia-de-camelidos-oruro-2024\/","og_site_name":"El Diario - Bolivia","article_publisher":"https:\/\/www.facebook.com\/eldiario.bolivia\/","article_published_time":"2024-08-20T10:22:48+00:00","og_image":[{"width":1600,"height":1066,"url":"https:\/\/www.eldiario.net\/portal\/wp-content\/uploads\/2024\/08\/ORURO-FOTO.jpg","type":"image\/jpeg"}],"author":"Jeanette","twitter_card":"summary_large_image","twitter_creator":"@eldiario_net","twitter_site":"@eldiario_net","twitter_misc":{"Escrito por":"Jeanette","Tiempo de lectura":"2 minutos"},"schema":{"@context":"https:\/\/schema.org","@graph":[{"@type":"Article","@id":"https:\/\/www.eldiario.net\/portal\/2024\/08\/20\/presentan-xiv-expoferia-de-camelidos-oruro-2024\/#article","isPartOf":{"@id":"https:\/\/www.eldiario.net\/portal\/2024\/08\/20\/presentan-xiv-expoferia-de-camelidos-oruro-2024\/"},"author":{"name":"Jeanette","@id":"https:\/\/www.eldiario.net\/portal\/#\/schema\/person\/f46445640444750d7d753ccd04ae01b7"},"headline":"Presentan XIV Expoferia de Cam\u00e9lidos Oruro 2024","datePublished":"2024-08-20T10:22:48+00:00","mainEntityOfPage":{"@id":"https:\/\/www.eldiario.net\/portal\/2024\/08\/20\/presentan-xiv-expoferia-de-camelidos-oruro-2024\/"},"wordCount":390,"commentCount":0,"publisher":{"@id":"https:\/\/www.eldiario.net\/portal\/#organization"},"image":{"@id":"https:\/\/www.eldiario.net\/portal\/2024\/08\/20\/presentan-xiv-expoferia-de-camelidos-oruro-2024\/#primaryimage"},"thumbnailUrl":"https:\/\/www.eldiario.net\/portal\/wp-content\/uploads\/2024\/08\/ORURO-FOTO.jpg","articleSection":["Econom\u00eda"],"inLanguage":"es","potentialAction":[{"@type":"CommentAction","name":"Comment","target":["https:\/\/www.eldiario.net\/portal\/2024\/08\/20\/presentan-xiv-expoferia-de-camelidos-oruro-2024\/#respond"]}]},{"@type":"WebPage","@id":"https:\/\/www.eldiario.net\/portal\/2024\/08\/20\/presentan-xiv-expoferia-de-camelidos-oruro-2024\/","url":"https:\/\/www.eldiario.net\/portal\/2024\/08\/20\/presentan-xiv-expoferia-de-camelidos-oruro-2024\/","name":"Presentan XIV Expoferia de Cam\u00e9lidos Oruro 2024 - El Diario - Bolivia","isPartOf":{"@id":"https:\/\/www.eldiario.net\/portal\/#website"},"primaryImageOfPage":{"@id":"https:\/\/www.eldiario.net\/portal\/2024\/08\/20\/presentan-xiv-expoferia-de-camelidos-oruro-2024\/#primaryimage"},"image":{"@id":"https:\/\/www.eldiario.net\/portal\/2024\/08\/20\/presentan-xiv-expoferia-de-camelidos-oruro-2024\/#primaryimage"},"thumbnailUrl":"https:\/\/www.eldiario.net\/portal\/wp-content\/uploads\/2024\/08\/ORURO-FOTO.jpg","datePublished":"2024-08-20T10:22:48+00:00","breadcrumb":{"@id":"https:\/\/www.eldiario.net\/portal\/2024\/08\/20\/presentan-xiv-expoferia-de-camelidos-oruro-2024\/#breadcrumb"},"inLanguage":"es","potentialAction":[{"@type":"ReadAction","target":["https:\/\/www.eldiario.net\/portal\/2024\/08\/20\/presentan-xiv-expoferia-de-camelidos-oruro-2024\/"]}]},{"@type":"ImageObject","inLanguage":"es","@id":"https:\/\/www.eldiario.net\/portal\/2024\/08\/20\/presentan-xiv-expoferia-de-camelidos-oruro-2024\/#primaryimage","url":"https:\/\/www.eldiario.net\/portal\/wp-content\/uploads\/2024\/08\/ORURO-FOTO.jpg","contentUrl":"https:\/\/www.eldiario.net\/portal\/wp-content\/uploads\/2024\/08\/ORURO-FOTO.jpg","width":1600,"height":1066,"caption":"Conferencia de prensa para la presentaci\u00f3n de la feria de cam\u00e9lidos. Foto MDRyT"},{"@type":"BreadcrumbList","@id":"https:\/\/www.eldiario.net\/portal\/2024\/08\/20\/presentan-xiv-expoferia-de-camelidos-oruro-2024\/#breadcrumb","itemListElement":[{"@type":"ListItem","position":1,"name":"Portada","item":"https:\/\/www.eldiario.net\/portal\/"},{"@type":"ListItem","position":2,"name":"Presentan XIV Expoferia de Cam\u00e9lidos Oruro 2024"}]},{"@type":"WebSite","@id":"https:\/\/www.eldiario.net\/portal\/#website","url":"https:\/\/www.eldiario.net\/portal\/","name":"El Diario - Decano de la prensa nacional","description":"El Diario - Decano de la prensa nacional","publisher":{"@id":"https:\/\/www.eldiario.net\/portal\/#organization"},"potentialAction":[{"@type":"SearchAction","target":{"@type":"EntryPoint","urlTemplate":"https:\/\/www.eldiario.net\/portal\/?s={search_term_string}"},"query-input":{"@type":"PropertyValueSpecification","valueRequired":true,"valueName":"search_term_string"}}],"inLanguage":"es"},{"@type":"Organization","@id":"https:\/\/www.eldiario.net\/portal\/#organization","name":"El Diario - Decano de la prensa nacional","url":"https:\/\/www.eldiario.net\/portal\/","logo":{"@type":"ImageObject","inLanguage":"es","@id":"https:\/\/www.eldiario.net\/portal\/#\/schema\/logo\/image\/","url":"https:\/\/www.eldiario.net\/portal\/wp-content\/uploads\/2023\/07\/logo_ED.jpg","contentUrl":"https:\/\/www.eldiario.net\/portal\/wp-content\/uploads\/2023\/07\/logo_ED.jpg","width":272,"height":52,"caption":"El Diario - Decano de la prensa nacional"},"image":{"@id":"https:\/\/www.eldiario.net\/portal\/#\/schema\/logo\/image\/"},"sameAs":["https:\/\/www.facebook.com\/eldiario.bolivia\/","https:\/\/x.com\/eldiario_net"]},{"@type":"Person","@id":"https:\/\/www.eldiario.net\/portal\/#\/schema\/person\/f46445640444750d7d753ccd04ae01b7","name":"Jeanette","image":{"@type":"ImageObject","inLanguage":"es","@id":"https:\/\/secure.gravatar.com\/avatar\/3ea2118a5f7dad2b7138b1187a6b7ee55f160b9968b66013c3a3ef39dd7e5798?s=96&d=mm&r=g","url":"https:\/\/secure.gravatar.com\/avatar\/3ea2118a5f7dad2b7138b1187a6b7ee55f160b9968b66013c3a3ef39dd7e5798?s=96&d=mm&r=g","contentUrl":"https:\/\/secure.gravatar.com\/avatar\/3ea2118a5f7dad2b7138b1187a6b7ee55f160b9968b66013c3a3ef39dd7e5798?s=96&d=mm&r=g","caption":"Jeanette"},"sameAs":["https:\/\/www.eldiario.net\/portal"],"url":"https:\/\/www.eldiario.net\/portal\/author\/jeanette\/"}]}},"_links":{"self":[{"href":"https:\/\/www.eldiario.net\/portal\/wp-json\/wp\/v2\/posts\/241937","targetHints":{"allow":["GET"]}}],"collection":[{"href":"https:\/\/www.eldiario.net\/portal\/wp-json\/wp\/v2\/posts"}],"about":[{"href":"https:\/\/www.eldiario.net\/portal\/wp-json\/wp\/v2\/types\/post"}],"author":[{"embeddable":true,"href":"https:\/\/www.eldiario.net\/portal\/wp-json\/wp\/v2\/users\/1"}],"replies":[{"embeddable":true,"href":"https:\/\/www.eldiario.net\/portal\/wp-json\/wp\/v2\/comments?post=241937"}],"version-history":[{"count":1,"href":"https:\/\/www.eldiario.net\/portal\/wp-json\/wp\/v2\/posts\/241937\/revisions"}],"predecessor-version":[{"id":241939,"href":"https:\/\/www.eldiario.net\/portal\/wp-json\/wp\/v2\/posts\/241937\/revisions\/241939"}],"wp:featuredmedia":[{"embeddable":true,"href":"https:\/\/www.eldiario.net\/portal\/wp-json\/wp\/v2\/media\/241938"}],"wp:attachment":[{"href":"https:\/\/www.eldiario.net\/portal\/wp-json\/wp\/v2\/media?parent=241937"}],"wp:term":[{"taxonomy":"category","embeddable":true,"href":"https:\/\/www.eldiario.net\/portal\/wp-json\/wp\/v2\/categories?post=241937"},{"taxonomy":"post_tag","embeddable":true,"href":"https:\/\/www.eldiario.net\/portal\/wp-json\/wp\/v2\/tags?post=241937"}],"curies":[{"name":"wp","href":"https:\/\/api.w.org\/{rel}","templated":true}]}}