{"id":241931,"date":"2024-08-20T06:20:21","date_gmt":"2024-08-20T10:20:21","guid":{"rendered":"https:\/\/www.eldiario.net\/portal\/?p=241931"},"modified":"2024-08-20T06:20:21","modified_gmt":"2024-08-20T10:20:21","slug":"denuncian-que-continuan-danos-a-casa-patrimonial","status":"publish","type":"post","link":"https:\/\/www.eldiario.net\/portal\/2024\/08\/20\/denuncian-que-continuan-danos-a-casa-patrimonial\/","title":{"rendered":"Denuncian que contin\u00faan  da\u00f1os a casa patrimonial"},"content":{"rendered":"<p>Ciudadanos pace\u00f1os, mediante im\u00e1genes y videos compartidos mediante redes sociales, denunciaron que la casa patrimonial ubicada entre las calles 16 y 17 de Obrajes en La Paz contin\u00faa siendo destruida. Desde el pasado 5 de agosto, la Alcald\u00eda pace\u00f1a notific\u00f3 a los propietarios para detener esos trabajos, pero aseguraron que a\u00fan no dan con los propietarios por lo que no ingresaron al inmueble.<\/p>\n<p>De acuerdo con informes de la comuna pace\u00f1a, el inmueble data de 1940 y est\u00e1 catalogado como tipo A, por lo que no puede tener modificaciones en su estructura.<\/p>\n<p>Una nota de Br\u00fajula Digital se\u00f1ala que un vecino mencion\u00f3 que la casa fue adquirida por terceras personas en mayo y que en ese mes el inmueble no presentaba ninguna grieta y pared ca\u00edda. \u201cLa embajada de Francia promovi\u00f3 la catalogaci\u00f3n de la casa como patrimonial y la misma fue vendida en mayo y ah\u00ed estaba intacta\u201d, sostuvo el vecino que reserv\u00f3 su identidad.<\/p>\n<p>A primeros d\u00edas de agosto de este a\u00f1o, se conoci\u00f3 sobre la denuncia de ciudadanos respecto a la posible demolici\u00f3n de la casa patrimonial, pues hasta el 5 de agosto, ya presentaba destrucci\u00f3n en una parte de la vivienda por lo que la Alcald\u00eda intervino y con el fin de paralizar esos trabajos emiti\u00f3 dos notificaciones a los propietarios.<\/p>\n<p>Sin embargo, seg\u00fan el secretario de Culturas de la comuna pace\u00f1a, Am\u00e9rico Gemio, hasta el 14 de agosto, los funcionarios municipales no lograron ingresar al inmueble que est\u00e1 siendo destruido y tampoco se dio con los propietarios.<\/p>\n<p>Adelant\u00f3 que se iniciar\u00eda un proceso administrativo a los propietarios del inmueble y, en caso de incumplimiento, se proseguir\u00e1 por la v\u00eda civil y penal.<\/p>\n<p>\u201cLos administrados no presentaron los descargos y ahora corresponde iniciar un proceso administrativo contra los autores. Se les notificar\u00e1, formalmente, con este procedimiento de fiscalizaci\u00f3n y deber\u00e1n presentar los descargos correspondientes. A trav\u00e9s de este proceso administrativo se determinar\u00e1 una sanci\u00f3n, que obviamente incluir\u00e1 sanciones econ\u00f3micas. En caso de que no lo hagan y no acaten la resoluci\u00f3n del proceso administrativo, se iniciar\u00e1n los procesos civiles y penales que correspondan\u201d, indic\u00f3 Gemio en entrevista con el portal digital.<\/p>\n","protected":false},"excerpt":{"rendered":"<p>Ciudadanos pace\u00f1os, mediante im\u00e1genes y videos compartidos mediante redes sociales, denunciaron que la casa patrimonial ubicada entre las calles 16 y 17 de Obrajes en La Paz contin\u00faa siendo destruida. Desde el pasado 5 de agosto, la Alcald\u00eda pace\u00f1a notific\u00f3 a los propietarios para detener esos trabajos, pero aseguraron que a\u00fan no dan con los [&hellip;]<\/p>\n","protected":false},"author":1,"featured_media":241932,"comment_status":"open","ping_status":"open","sticky":false,"template":"","format":"standard","meta":{"_acf_changed":false,"footnotes":""},"categories":[12],"tags":[],"class_list":["post-241931","post","type-post","status-publish","format-standard","has-post-thumbnail","category-nacional"],"acf":{"antetitulo":""},"yoast_head":"<!-- This site is optimized with the Yoast SEO plugin v28.4 - https:\/\/yoast.com\/product\/yoast-seo-wordpress\/ -->\n<title>Denuncian que contin\u00faan da\u00f1os a casa patrimonial - El Diario - Bolivia<\/title>\n<meta name=\"robots\" content=\"index, follow, max-snippet:-1, max-image-preview:large, max-video-preview:-1\" \/>\n<link rel=\"canonical\" href=\"https:\/\/www.eldiario.net\/portal\/2024\/08\/20\/denuncian-que-continuan-danos-a-casa-patrimonial\/\" \/>\n<meta property=\"og:locale\" content=\"es_ES\" \/>\n<meta property=\"og:type\" content=\"article\" \/>\n<meta property=\"og:title\" content=\"Denuncian que contin\u00faan da\u00f1os a casa patrimonial - El Diario - Bolivia\" \/>\n<meta property=\"og:description\" content=\"Ciudadanos pace\u00f1os, mediante im\u00e1genes y videos compartidos mediante redes sociales, denunciaron que la casa patrimonial ubicada entre las calles 16 y 17 de Obrajes en La Paz contin\u00faa siendo destruida. Desde el pasado 5 de agosto, la Alcald\u00eda pace\u00f1a notific\u00f3 a los propietarios para detener esos trabajos, pero aseguraron que a\u00fan no dan con los [&hellip;]\" \/>\n<meta property=\"og:url\" content=\"https:\/\/www.eldiario.net\/portal\/2024\/08\/20\/denuncian-que-continuan-danos-a-casa-patrimonial\/\" \/>\n<meta property=\"og:site_name\" content=\"El Diario - Bolivia\" \/>\n<meta property=\"article:publisher\" content=\"https:\/\/www.facebook.com\/eldiario.bolivia\/\" \/>\n<meta property=\"article:published_time\" content=\"2024-08-20T10:20:21+00:00\" \/>\n<meta property=\"og:image\" content=\"https:\/\/www.eldiario.net\/portal\/wp-content\/uploads\/2024\/08\/CASA-FOTO.jpg\" \/>\n\t<meta property=\"og:image:width\" content=\"526\" \/>\n\t<meta property=\"og:image:height\" content=\"529\" \/>\n\t<meta property=\"og:image:type\" content=\"image\/jpeg\" \/>\n<meta name=\"author\" content=\"Jeanette\" \/>\n<meta name=\"twitter:card\" content=\"summary_large_image\" \/>\n<meta name=\"twitter:creator\" content=\"@eldiario_net\" \/>\n<meta name=\"twitter:site\" content=\"@eldiario_net\" \/>\n<meta name=\"twitter:label1\" content=\"Escrito por\" \/>\n\t<meta name=\"twitter:data1\" content=\"Jeanette\" \/>\n\t<meta name=\"twitter:label2\" content=\"Tiempo de lectura\" \/>\n\t<meta name=\"twitter:data2\" content=\"2 minutos\" \/>\n<script type=\"application\/ld+json\" class=\"yoast-schema-graph\">{\"@context\":\"https:\\\/\\\/schema.org\",\"@graph\":[{\"@type\":\"Article\",\"@id\":\"https:\\\/\\\/www.eldiario.net\\\/portal\\\/2024\\\/08\\\/20\\\/denuncian-que-continuan-danos-a-casa-patrimonial\\\/#article\",\"isPartOf\":{\"@id\":\"https:\\\/\\\/www.eldiario.net\\\/portal\\\/2024\\\/08\\\/20\\\/denuncian-que-continuan-danos-a-casa-patrimonial\\\/\"},\"author\":{\"name\":\"Jeanette\",\"@id\":\"https:\\\/\\\/www.eldiario.net\\\/portal\\\/#\\\/schema\\\/person\\\/f46445640444750d7d753ccd04ae01b7\"},\"headline\":\"Denuncian que contin\u00faan da\u00f1os a casa patrimonial\",\"datePublished\":\"2024-08-20T10:20:21+00:00\",\"mainEntityOfPage\":{\"@id\":\"https:\\\/\\\/www.eldiario.net\\\/portal\\\/2024\\\/08\\\/20\\\/denuncian-que-continuan-danos-a-casa-patrimonial\\\/\"},\"wordCount\":386,\"commentCount\":0,\"publisher\":{\"@id\":\"https:\\\/\\\/www.eldiario.net\\\/portal\\\/#organization\"},\"image\":{\"@id\":\"https:\\\/\\\/www.eldiario.net\\\/portal\\\/2024\\\/08\\\/20\\\/denuncian-que-continuan-danos-a-casa-patrimonial\\\/#primaryimage\"},\"thumbnailUrl\":\"https:\\\/\\\/www.eldiario.net\\\/portal\\\/wp-content\\\/uploads\\\/2024\\\/08\\\/CASA-FOTO.jpg\",\"articleSection\":[\"Nacional\"],\"inLanguage\":\"es\",\"potentialAction\":[{\"@type\":\"CommentAction\",\"name\":\"Comment\",\"target\":[\"https:\\\/\\\/www.eldiario.net\\\/portal\\\/2024\\\/08\\\/20\\\/denuncian-que-continuan-danos-a-casa-patrimonial\\\/#respond\"]}]},{\"@type\":\"WebPage\",\"@id\":\"https:\\\/\\\/www.eldiario.net\\\/portal\\\/2024\\\/08\\\/20\\\/denuncian-que-continuan-danos-a-casa-patrimonial\\\/\",\"url\":\"https:\\\/\\\/www.eldiario.net\\\/portal\\\/2024\\\/08\\\/20\\\/denuncian-que-continuan-danos-a-casa-patrimonial\\\/\",\"name\":\"Denuncian que contin\u00faan da\u00f1os a casa patrimonial - El Diario - Bolivia\",\"isPartOf\":{\"@id\":\"https:\\\/\\\/www.eldiario.net\\\/portal\\\/#website\"},\"primaryImageOfPage\":{\"@id\":\"https:\\\/\\\/www.eldiario.net\\\/portal\\\/2024\\\/08\\\/20\\\/denuncian-que-continuan-danos-a-casa-patrimonial\\\/#primaryimage\"},\"image\":{\"@id\":\"https:\\\/\\\/www.eldiario.net\\\/portal\\\/2024\\\/08\\\/20\\\/denuncian-que-continuan-danos-a-casa-patrimonial\\\/#primaryimage\"},\"thumbnailUrl\":\"https:\\\/\\\/www.eldiario.net\\\/portal\\\/wp-content\\\/uploads\\\/2024\\\/08\\\/CASA-FOTO.jpg\",\"datePublished\":\"2024-08-20T10:20:21+00:00\",\"breadcrumb\":{\"@id\":\"https:\\\/\\\/www.eldiario.net\\\/portal\\\/2024\\\/08\\\/20\\\/denuncian-que-continuan-danos-a-casa-patrimonial\\\/#breadcrumb\"},\"inLanguage\":\"es\",\"potentialAction\":[{\"@type\":\"ReadAction\",\"target\":[\"https:\\\/\\\/www.eldiario.net\\\/portal\\\/2024\\\/08\\\/20\\\/denuncian-que-continuan-danos-a-casa-patrimonial\\\/\"]}]},{\"@type\":\"ImageObject\",\"inLanguage\":\"es\",\"@id\":\"https:\\\/\\\/www.eldiario.net\\\/portal\\\/2024\\\/08\\\/20\\\/denuncian-que-continuan-danos-a-casa-patrimonial\\\/#primaryimage\",\"url\":\"https:\\\/\\\/www.eldiario.net\\\/portal\\\/wp-content\\\/uploads\\\/2024\\\/08\\\/CASA-FOTO.jpg\",\"contentUrl\":\"https:\\\/\\\/www.eldiario.net\\\/portal\\\/wp-content\\\/uploads\\\/2024\\\/08\\\/CASA-FOTO.jpg\",\"width\":526,\"height\":529,\"caption\":\"Los trabajos de destrucci\u00f3n persisten. Cr\u00e9dito: RRSS\"},{\"@type\":\"BreadcrumbList\",\"@id\":\"https:\\\/\\\/www.eldiario.net\\\/portal\\\/2024\\\/08\\\/20\\\/denuncian-que-continuan-danos-a-casa-patrimonial\\\/#breadcrumb\",\"itemListElement\":[{\"@type\":\"ListItem\",\"position\":1,\"name\":\"Portada\",\"item\":\"https:\\\/\\\/www.eldiario.net\\\/portal\\\/\"},{\"@type\":\"ListItem\",\"position\":2,\"name\":\"Denuncian que contin\u00faan da\u00f1os a casa patrimonial\"}]},{\"@type\":\"WebSite\",\"@id\":\"https:\\\/\\\/www.eldiario.net\\\/portal\\\/#website\",\"url\":\"https:\\\/\\\/www.eldiario.net\\\/portal\\\/\",\"name\":\"El Diario - Decano de la prensa nacional\",\"description\":\"El Diario - Decano de la prensa nacional\",\"publisher\":{\"@id\":\"https:\\\/\\\/www.eldiario.net\\\/portal\\\/#organization\"},\"potentialAction\":[{\"@type\":\"SearchAction\",\"target\":{\"@type\":\"EntryPoint\",\"urlTemplate\":\"https:\\\/\\\/www.eldiario.net\\\/portal\\\/?s={search_term_string}\"},\"query-input\":{\"@type\":\"PropertyValueSpecification\",\"valueRequired\":true,\"valueName\":\"search_term_string\"}}],\"inLanguage\":\"es\"},{\"@type\":\"Organization\",\"@id\":\"https:\\\/\\\/www.eldiario.net\\\/portal\\\/#organization\",\"name\":\"El Diario - Decano de la prensa nacional\",\"url\":\"https:\\\/\\\/www.eldiario.net\\\/portal\\\/\",\"logo\":{\"@type\":\"ImageObject\",\"inLanguage\":\"es\",\"@id\":\"https:\\\/\\\/www.eldiario.net\\\/portal\\\/#\\\/schema\\\/logo\\\/image\\\/\",\"url\":\"https:\\\/\\\/www.eldiario.net\\\/portal\\\/wp-content\\\/uploads\\\/2023\\\/07\\\/logo_ED.jpg\",\"contentUrl\":\"https:\\\/\\\/www.eldiario.net\\\/portal\\\/wp-content\\\/uploads\\\/2023\\\/07\\\/logo_ED.jpg\",\"width\":272,\"height\":52,\"caption\":\"El Diario - Decano de la prensa nacional\"},\"image\":{\"@id\":\"https:\\\/\\\/www.eldiario.net\\\/portal\\\/#\\\/schema\\\/logo\\\/image\\\/\"},\"sameAs\":[\"https:\\\/\\\/www.facebook.com\\\/eldiario.bolivia\\\/\",\"https:\\\/\\\/x.com\\\/eldiario_net\"]},{\"@type\":\"Person\",\"@id\":\"https:\\\/\\\/www.eldiario.net\\\/portal\\\/#\\\/schema\\\/person\\\/f46445640444750d7d753ccd04ae01b7\",\"name\":\"Jeanette\",\"image\":{\"@type\":\"ImageObject\",\"inLanguage\":\"es\",\"@id\":\"https:\\\/\\\/secure.gravatar.com\\\/avatar\\\/3ea2118a5f7dad2b7138b1187a6b7ee55f160b9968b66013c3a3ef39dd7e5798?s=96&d=mm&r=g\",\"url\":\"https:\\\/\\\/secure.gravatar.com\\\/avatar\\\/3ea2118a5f7dad2b7138b1187a6b7ee55f160b9968b66013c3a3ef39dd7e5798?s=96&d=mm&r=g\",\"contentUrl\":\"https:\\\/\\\/secure.gravatar.com\\\/avatar\\\/3ea2118a5f7dad2b7138b1187a6b7ee55f160b9968b66013c3a3ef39dd7e5798?s=96&d=mm&r=g\",\"caption\":\"Jeanette\"},\"sameAs\":[\"https:\\\/\\\/www.eldiario.net\\\/portal\"],\"url\":\"https:\\\/\\\/www.eldiario.net\\\/portal\\\/author\\\/jeanette\\\/\"}]}<\/script>\n<!-- \/ Yoast SEO plugin. -->","yoast_head_json":{"title":"Denuncian que contin\u00faan da\u00f1os a casa patrimonial - El Diario - Bolivia","robots":{"index":"index","follow":"follow","max-snippet":"max-snippet:-1","max-image-preview":"max-image-preview:large","max-video-preview":"max-video-preview:-1"},"canonical":"https:\/\/www.eldiario.net\/portal\/2024\/08\/20\/denuncian-que-continuan-danos-a-casa-patrimonial\/","og_locale":"es_ES","og_type":"article","og_title":"Denuncian que contin\u00faan da\u00f1os a casa patrimonial - El Diario - Bolivia","og_description":"Ciudadanos pace\u00f1os, mediante im\u00e1genes y videos compartidos mediante redes sociales, denunciaron que la casa patrimonial ubicada entre las calles 16 y 17 de Obrajes en La Paz contin\u00faa siendo destruida. Desde el pasado 5 de agosto, la Alcald\u00eda pace\u00f1a notific\u00f3 a los propietarios para detener esos trabajos, pero aseguraron que a\u00fan no dan con los [&hellip;]","og_url":"https:\/\/www.eldiario.net\/portal\/2024\/08\/20\/denuncian-que-continuan-danos-a-casa-patrimonial\/","og_site_name":"El Diario - Bolivia","article_publisher":"https:\/\/www.facebook.com\/eldiario.bolivia\/","article_published_time":"2024-08-20T10:20:21+00:00","og_image":[{"width":526,"height":529,"url":"https:\/\/www.eldiario.net\/portal\/wp-content\/uploads\/2024\/08\/CASA-FOTO.jpg","type":"image\/jpeg"}],"author":"Jeanette","twitter_card":"summary_large_image","twitter_creator":"@eldiario_net","twitter_site":"@eldiario_net","twitter_misc":{"Escrito por":"Jeanette","Tiempo de lectura":"2 minutos"},"schema":{"@context":"https:\/\/schema.org","@graph":[{"@type":"Article","@id":"https:\/\/www.eldiario.net\/portal\/2024\/08\/20\/denuncian-que-continuan-danos-a-casa-patrimonial\/#article","isPartOf":{"@id":"https:\/\/www.eldiario.net\/portal\/2024\/08\/20\/denuncian-que-continuan-danos-a-casa-patrimonial\/"},"author":{"name":"Jeanette","@id":"https:\/\/www.eldiario.net\/portal\/#\/schema\/person\/f46445640444750d7d753ccd04ae01b7"},"headline":"Denuncian que contin\u00faan da\u00f1os a casa patrimonial","datePublished":"2024-08-20T10:20:21+00:00","mainEntityOfPage":{"@id":"https:\/\/www.eldiario.net\/portal\/2024\/08\/20\/denuncian-que-continuan-danos-a-casa-patrimonial\/"},"wordCount":386,"commentCount":0,"publisher":{"@id":"https:\/\/www.eldiario.net\/portal\/#organization"},"image":{"@id":"https:\/\/www.eldiario.net\/portal\/2024\/08\/20\/denuncian-que-continuan-danos-a-casa-patrimonial\/#primaryimage"},"thumbnailUrl":"https:\/\/www.eldiario.net\/portal\/wp-content\/uploads\/2024\/08\/CASA-FOTO.jpg","articleSection":["Nacional"],"inLanguage":"es","potentialAction":[{"@type":"CommentAction","name":"Comment","target":["https:\/\/www.eldiario.net\/portal\/2024\/08\/20\/denuncian-que-continuan-danos-a-casa-patrimonial\/#respond"]}]},{"@type":"WebPage","@id":"https:\/\/www.eldiario.net\/portal\/2024\/08\/20\/denuncian-que-continuan-danos-a-casa-patrimonial\/","url":"https:\/\/www.eldiario.net\/portal\/2024\/08\/20\/denuncian-que-continuan-danos-a-casa-patrimonial\/","name":"Denuncian que contin\u00faan da\u00f1os a casa patrimonial - El Diario - Bolivia","isPartOf":{"@id":"https:\/\/www.eldiario.net\/portal\/#website"},"primaryImageOfPage":{"@id":"https:\/\/www.eldiario.net\/portal\/2024\/08\/20\/denuncian-que-continuan-danos-a-casa-patrimonial\/#primaryimage"},"image":{"@id":"https:\/\/www.eldiario.net\/portal\/2024\/08\/20\/denuncian-que-continuan-danos-a-casa-patrimonial\/#primaryimage"},"thumbnailUrl":"https:\/\/www.eldiario.net\/portal\/wp-content\/uploads\/2024\/08\/CASA-FOTO.jpg","datePublished":"2024-08-20T10:20:21+00:00","breadcrumb":{"@id":"https:\/\/www.eldiario.net\/portal\/2024\/08\/20\/denuncian-que-continuan-danos-a-casa-patrimonial\/#breadcrumb"},"inLanguage":"es","potentialAction":[{"@type":"ReadAction","target":["https:\/\/www.eldiario.net\/portal\/2024\/08\/20\/denuncian-que-continuan-danos-a-casa-patrimonial\/"]}]},{"@type":"ImageObject","inLanguage":"es","@id":"https:\/\/www.eldiario.net\/portal\/2024\/08\/20\/denuncian-que-continuan-danos-a-casa-patrimonial\/#primaryimage","url":"https:\/\/www.eldiario.net\/portal\/wp-content\/uploads\/2024\/08\/CASA-FOTO.jpg","contentUrl":"https:\/\/www.eldiario.net\/portal\/wp-content\/uploads\/2024\/08\/CASA-FOTO.jpg","width":526,"height":529,"caption":"Los trabajos de destrucci\u00f3n persisten. Cr\u00e9dito: RRSS"},{"@type":"BreadcrumbList","@id":"https:\/\/www.eldiario.net\/portal\/2024\/08\/20\/denuncian-que-continuan-danos-a-casa-patrimonial\/#breadcrumb","itemListElement":[{"@type":"ListItem","position":1,"name":"Portada","item":"https:\/\/www.eldiario.net\/portal\/"},{"@type":"ListItem","position":2,"name":"Denuncian que contin\u00faan da\u00f1os a casa patrimonial"}]},{"@type":"WebSite","@id":"https:\/\/www.eldiario.net\/portal\/#website","url":"https:\/\/www.eldiario.net\/portal\/","name":"El Diario - Decano de la prensa nacional","description":"El Diario - Decano de la prensa nacional","publisher":{"@id":"https:\/\/www.eldiario.net\/portal\/#organization"},"potentialAction":[{"@type":"SearchAction","target":{"@type":"EntryPoint","urlTemplate":"https:\/\/www.eldiario.net\/portal\/?s={search_term_string}"},"query-input":{"@type":"PropertyValueSpecification","valueRequired":true,"valueName":"search_term_string"}}],"inLanguage":"es"},{"@type":"Organization","@id":"https:\/\/www.eldiario.net\/portal\/#organization","name":"El Diario - Decano de la prensa nacional","url":"https:\/\/www.eldiario.net\/portal\/","logo":{"@type":"ImageObject","inLanguage":"es","@id":"https:\/\/www.eldiario.net\/portal\/#\/schema\/logo\/image\/","url":"https:\/\/www.eldiario.net\/portal\/wp-content\/uploads\/2023\/07\/logo_ED.jpg","contentUrl":"https:\/\/www.eldiario.net\/portal\/wp-content\/uploads\/2023\/07\/logo_ED.jpg","width":272,"height":52,"caption":"El Diario - Decano de la prensa nacional"},"image":{"@id":"https:\/\/www.eldiario.net\/portal\/#\/schema\/logo\/image\/"},"sameAs":["https:\/\/www.facebook.com\/eldiario.bolivia\/","https:\/\/x.com\/eldiario_net"]},{"@type":"Person","@id":"https:\/\/www.eldiario.net\/portal\/#\/schema\/person\/f46445640444750d7d753ccd04ae01b7","name":"Jeanette","image":{"@type":"ImageObject","inLanguage":"es","@id":"https:\/\/secure.gravatar.com\/avatar\/3ea2118a5f7dad2b7138b1187a6b7ee55f160b9968b66013c3a3ef39dd7e5798?s=96&d=mm&r=g","url":"https:\/\/secure.gravatar.com\/avatar\/3ea2118a5f7dad2b7138b1187a6b7ee55f160b9968b66013c3a3ef39dd7e5798?s=96&d=mm&r=g","contentUrl":"https:\/\/secure.gravatar.com\/avatar\/3ea2118a5f7dad2b7138b1187a6b7ee55f160b9968b66013c3a3ef39dd7e5798?s=96&d=mm&r=g","caption":"Jeanette"},"sameAs":["https:\/\/www.eldiario.net\/portal"],"url":"https:\/\/www.eldiario.net\/portal\/author\/jeanette\/"}]}},"_links":{"self":[{"href":"https:\/\/www.eldiario.net\/portal\/wp-json\/wp\/v2\/posts\/241931","targetHints":{"allow":["GET"]}}],"collection":[{"href":"https:\/\/www.eldiario.net\/portal\/wp-json\/wp\/v2\/posts"}],"about":[{"href":"https:\/\/www.eldiario.net\/portal\/wp-json\/wp\/v2\/types\/post"}],"author":[{"embeddable":true,"href":"https:\/\/www.eldiario.net\/portal\/wp-json\/wp\/v2\/users\/1"}],"replies":[{"embeddable":true,"href":"https:\/\/www.eldiario.net\/portal\/wp-json\/wp\/v2\/comments?post=241931"}],"version-history":[{"count":1,"href":"https:\/\/www.eldiario.net\/portal\/wp-json\/wp\/v2\/posts\/241931\/revisions"}],"predecessor-version":[{"id":241933,"href":"https:\/\/www.eldiario.net\/portal\/wp-json\/wp\/v2\/posts\/241931\/revisions\/241933"}],"wp:featuredmedia":[{"embeddable":true,"href":"https:\/\/www.eldiario.net\/portal\/wp-json\/wp\/v2\/media\/241932"}],"wp:attachment":[{"href":"https:\/\/www.eldiario.net\/portal\/wp-json\/wp\/v2\/media?parent=241931"}],"wp:term":[{"taxonomy":"category","embeddable":true,"href":"https:\/\/www.eldiario.net\/portal\/wp-json\/wp\/v2\/categories?post=241931"},{"taxonomy":"post_tag","embeddable":true,"href":"https:\/\/www.eldiario.net\/portal\/wp-json\/wp\/v2\/tags?post=241931"}],"curies":[{"name":"wp","href":"https:\/\/api.w.org\/{rel}","templated":true}]}}