{"id":241928,"date":"2024-08-20T06:19:56","date_gmt":"2024-08-20T10:19:56","guid":{"rendered":"https:\/\/www.eldiario.net\/portal\/?p=241928"},"modified":"2024-08-20T06:19:56","modified_gmt":"2024-08-20T10:19:56","slug":"comerciantes-definen-iniciar-bloqueos-desde-septiembre","status":"publish","type":"post","link":"https:\/\/www.eldiario.net\/portal\/2024\/08\/20\/comerciantes-definen-iniciar-bloqueos-desde-septiembre\/","title":{"rendered":"Comerciantes definen iniciar bloqueos desde septiembre"},"content":{"rendered":"<p>Tras protagonizar una marcha y realizar su asamblea general, gremiales definieron iniciar bloqueos desde septiembre debido a la crisis econ\u00f3mica que se vive en el pa\u00eds. Por otro lado, sectores de comerciantes y Cocedal, que ayer marcharon desde la urbe alte\u00f1a, tambi\u00e9n pidieron al Gobierno solucionar el problema del d\u00f3lar y el incremento de precios de la canasta familiar.<\/p>\n<p>\u201cDespu\u00e9s de haber escuchado a los representantes de todos los departamentos de Bolivia se llega al punto \u00fanico: se determina bloqueo nacional a partir de la primera semana del mes de septiembre previa reuni\u00f3n interinstitucional con todos los sectores sociales que se van a realizar en la ciudad de Santa Cruz, el mi\u00e9rcoles 21 de septiembre\u201d, inform\u00f3 el secretario ejecutivo de la Confederaci\u00f3n Nacional de Gremialistas de Bolivia, Jes\u00fas Cahuana.<\/p>\n<p>En dicho encuentro estar\u00edan presentes delegados del transporte internacional, transporte pesado, transporte urbano, sector m\u00e9dico, de las universidades, juntas vecinales y de los comit\u00e9s c\u00edvicos, entre otros.<\/p>\n<p>El representante apunt\u00f3 que ese plazo fue definido pensando en que el Gobierno tendr\u00e1 hasta esa fecha para solucionar y atender las demandas de los diferentes sectores sociales del pa\u00eds, adem\u00e1s en ese tiempo, los gremiales, tambi\u00e9n podr\u00e1n buscar apoyo de otras organizaciones.<\/p>\n<p>\u201cEstamos dando un tiempo hasta los primeros d\u00edas de septiembre para que el Gobierno solucione los problemas del pa\u00eds\u201d, sostuvo y calific\u00f3 como una mentira el hecho de que se haya solucionado el tema del abastecimiento de combustible.<\/p>\n<p>Por otro lado, lament\u00f3 que las autoridades gubernamentales no los hayan atendido en sus demandas, por lo que ahora radicalizar\u00e1n sus medidas y, en caso de acercamientos, piden que se atienda todas las demandas de otros sectores sociales del pa\u00eds.<\/p>\n<p>\u201cNo necesitamos tener ninguna reuni\u00f3n con el Gobierno hemos solicitado desde abril y nunca nos han escuchado (\u2026)\u00a0 hemos aguantado bastante; de aqu\u00ed para adelante, no queremos que arregle solamente von la familia gremial, que arregle con todos los sectores de Bolivia\u201d, mencion\u00f3 Cahuana.<\/p>\n<p>Por otro lado, como estaba anunciado, la pasada jornada, afiliados al Concejo Central de Federaciones y Asociaciones de Artesanos de El Alto (Cocedal) descendieron en una marcha hasta el centro pace\u00f1o para reunirse con autoridades de Gobierno y exigiendo soluciones a la problem\u00e1tica del d\u00f3lar y la falta de combustible.<\/p>\n<p>Por otro lado, gremiales de la Federaci\u00f3n Taypi de El Alto tambi\u00e9n protagonizaron una marcha desde la urbe alte\u00f1a hasta el centro de La Paz pidiendo la renuncia de todas las autoridades gubernamentales, \u201cdesde el presidente\u201d.<\/p>\n<p>\u201cQueremos que renuncien los ministros, diputados y senadores, incapaces (\u2026) desde el presidente (\u2026) no creemos en el refer\u00e9ndum\u201d, apunt\u00f3 la representante de ese sector, Nancy Lidia Quispe.<\/p>\n<p>Apunto que la poblaci\u00f3n est\u00e1 molesta porque \u201clas cosas est\u00e1n muy caras y la gente vive el d\u00eda a d\u00eda\u201d, y dudan que las autoridades logren solucionar estos problemas.<\/p>\n","protected":false},"excerpt":{"rendered":"<p>Tras protagonizar una marcha y realizar su asamblea general, gremiales definieron iniciar bloqueos desde septiembre debido a la crisis econ\u00f3mica que se vive en el pa\u00eds. Por otro lado, sectores de comerciantes y Cocedal, que ayer marcharon desde la urbe alte\u00f1a, tambi\u00e9n pidieron al Gobierno solucionar el problema del d\u00f3lar y el incremento de precios [&hellip;]<\/p>\n","protected":false},"author":1,"featured_media":241929,"comment_status":"open","ping_status":"open","sticky":false,"template":"","format":"standard","meta":{"_acf_changed":false,"footnotes":""},"categories":[12],"tags":[],"class_list":["post-241928","post","type-post","status-publish","format-standard","has-post-thumbnail","category-nacional"],"acf":{"antetitulo":""},"yoast_head":"<!-- This site is optimized with the Yoast SEO plugin v28.4 - https:\/\/yoast.com\/product\/yoast-seo-wordpress\/ -->\n<title>Comerciantes definen iniciar bloqueos desde septiembre - El Diario - Bolivia<\/title>\n<meta name=\"robots\" content=\"index, follow, max-snippet:-1, max-image-preview:large, max-video-preview:-1\" \/>\n<link rel=\"canonical\" href=\"https:\/\/www.eldiario.net\/portal\/2024\/08\/20\/comerciantes-definen-iniciar-bloqueos-desde-septiembre\/\" \/>\n<meta property=\"og:locale\" content=\"es_ES\" \/>\n<meta property=\"og:type\" content=\"article\" \/>\n<meta property=\"og:title\" content=\"Comerciantes definen iniciar bloqueos desde septiembre - El Diario - Bolivia\" \/>\n<meta property=\"og:description\" content=\"Tras protagonizar una marcha y realizar su asamblea general, gremiales definieron iniciar bloqueos desde septiembre debido a la crisis econ\u00f3mica que se vive en el pa\u00eds. Por otro lado, sectores de comerciantes y Cocedal, que ayer marcharon desde la urbe alte\u00f1a, tambi\u00e9n pidieron al Gobierno solucionar el problema del d\u00f3lar y el incremento de precios [&hellip;]\" \/>\n<meta property=\"og:url\" content=\"https:\/\/www.eldiario.net\/portal\/2024\/08\/20\/comerciantes-definen-iniciar-bloqueos-desde-septiembre\/\" \/>\n<meta property=\"og:site_name\" content=\"El Diario - Bolivia\" \/>\n<meta property=\"article:publisher\" content=\"https:\/\/www.facebook.com\/eldiario.bolivia\/\" \/>\n<meta property=\"article:published_time\" content=\"2024-08-20T10:19:56+00:00\" \/>\n<meta property=\"og:image\" content=\"https:\/\/www.eldiario.net\/portal\/wp-content\/uploads\/2024\/08\/MARCHAS-FOTO.jpeg\" \/>\n\t<meta property=\"og:image:width\" content=\"1280\" \/>\n\t<meta property=\"og:image:height\" content=\"853\" \/>\n\t<meta property=\"og:image:type\" content=\"image\/jpeg\" \/>\n<meta name=\"author\" content=\"Jeanette\" \/>\n<meta name=\"twitter:card\" content=\"summary_large_image\" \/>\n<meta name=\"twitter:creator\" content=\"@eldiario_net\" \/>\n<meta name=\"twitter:site\" content=\"@eldiario_net\" \/>\n<meta name=\"twitter:label1\" content=\"Escrito por\" \/>\n\t<meta name=\"twitter:data1\" content=\"Jeanette\" \/>\n\t<meta name=\"twitter:label2\" content=\"Tiempo de lectura\" \/>\n\t<meta name=\"twitter:data2\" content=\"3 minutos\" \/>\n<script type=\"application\/ld+json\" class=\"yoast-schema-graph\">{\"@context\":\"https:\\\/\\\/schema.org\",\"@graph\":[{\"@type\":\"Article\",\"@id\":\"https:\\\/\\\/www.eldiario.net\\\/portal\\\/2024\\\/08\\\/20\\\/comerciantes-definen-iniciar-bloqueos-desde-septiembre\\\/#article\",\"isPartOf\":{\"@id\":\"https:\\\/\\\/www.eldiario.net\\\/portal\\\/2024\\\/08\\\/20\\\/comerciantes-definen-iniciar-bloqueos-desde-septiembre\\\/\"},\"author\":{\"name\":\"Jeanette\",\"@id\":\"https:\\\/\\\/www.eldiario.net\\\/portal\\\/#\\\/schema\\\/person\\\/f46445640444750d7d753ccd04ae01b7\"},\"headline\":\"Comerciantes definen iniciar bloqueos desde septiembre\",\"datePublished\":\"2024-08-20T10:19:56+00:00\",\"mainEntityOfPage\":{\"@id\":\"https:\\\/\\\/www.eldiario.net\\\/portal\\\/2024\\\/08\\\/20\\\/comerciantes-definen-iniciar-bloqueos-desde-septiembre\\\/\"},\"wordCount\":500,\"commentCount\":0,\"publisher\":{\"@id\":\"https:\\\/\\\/www.eldiario.net\\\/portal\\\/#organization\"},\"image\":{\"@id\":\"https:\\\/\\\/www.eldiario.net\\\/portal\\\/2024\\\/08\\\/20\\\/comerciantes-definen-iniciar-bloqueos-desde-septiembre\\\/#primaryimage\"},\"thumbnailUrl\":\"https:\\\/\\\/www.eldiario.net\\\/portal\\\/wp-content\\\/uploads\\\/2024\\\/08\\\/MARCHAS-FOTO.jpeg\",\"articleSection\":[\"Nacional\"],\"inLanguage\":\"es\",\"potentialAction\":[{\"@type\":\"CommentAction\",\"name\":\"Comment\",\"target\":[\"https:\\\/\\\/www.eldiario.net\\\/portal\\\/2024\\\/08\\\/20\\\/comerciantes-definen-iniciar-bloqueos-desde-septiembre\\\/#respond\"]}]},{\"@type\":\"WebPage\",\"@id\":\"https:\\\/\\\/www.eldiario.net\\\/portal\\\/2024\\\/08\\\/20\\\/comerciantes-definen-iniciar-bloqueos-desde-septiembre\\\/\",\"url\":\"https:\\\/\\\/www.eldiario.net\\\/portal\\\/2024\\\/08\\\/20\\\/comerciantes-definen-iniciar-bloqueos-desde-septiembre\\\/\",\"name\":\"Comerciantes definen iniciar bloqueos desde septiembre - El Diario - Bolivia\",\"isPartOf\":{\"@id\":\"https:\\\/\\\/www.eldiario.net\\\/portal\\\/#website\"},\"primaryImageOfPage\":{\"@id\":\"https:\\\/\\\/www.eldiario.net\\\/portal\\\/2024\\\/08\\\/20\\\/comerciantes-definen-iniciar-bloqueos-desde-septiembre\\\/#primaryimage\"},\"image\":{\"@id\":\"https:\\\/\\\/www.eldiario.net\\\/portal\\\/2024\\\/08\\\/20\\\/comerciantes-definen-iniciar-bloqueos-desde-septiembre\\\/#primaryimage\"},\"thumbnailUrl\":\"https:\\\/\\\/www.eldiario.net\\\/portal\\\/wp-content\\\/uploads\\\/2024\\\/08\\\/MARCHAS-FOTO.jpeg\",\"datePublished\":\"2024-08-20T10:19:56+00:00\",\"breadcrumb\":{\"@id\":\"https:\\\/\\\/www.eldiario.net\\\/portal\\\/2024\\\/08\\\/20\\\/comerciantes-definen-iniciar-bloqueos-desde-septiembre\\\/#breadcrumb\"},\"inLanguage\":\"es\",\"potentialAction\":[{\"@type\":\"ReadAction\",\"target\":[\"https:\\\/\\\/www.eldiario.net\\\/portal\\\/2024\\\/08\\\/20\\\/comerciantes-definen-iniciar-bloqueos-desde-septiembre\\\/\"]}]},{\"@type\":\"ImageObject\",\"inLanguage\":\"es\",\"@id\":\"https:\\\/\\\/www.eldiario.net\\\/portal\\\/2024\\\/08\\\/20\\\/comerciantes-definen-iniciar-bloqueos-desde-septiembre\\\/#primaryimage\",\"url\":\"https:\\\/\\\/www.eldiario.net\\\/portal\\\/wp-content\\\/uploads\\\/2024\\\/08\\\/MARCHAS-FOTO.jpeg\",\"contentUrl\":\"https:\\\/\\\/www.eldiario.net\\\/portal\\\/wp-content\\\/uploads\\\/2024\\\/08\\\/MARCHAS-FOTO.jpeg\",\"width\":1280,\"height\":853,\"caption\":\"Las movilizaciones de los sectores gremiales llegaron a la Sede de Gobierno. Cr\u00e9dito: APG\"},{\"@type\":\"BreadcrumbList\",\"@id\":\"https:\\\/\\\/www.eldiario.net\\\/portal\\\/2024\\\/08\\\/20\\\/comerciantes-definen-iniciar-bloqueos-desde-septiembre\\\/#breadcrumb\",\"itemListElement\":[{\"@type\":\"ListItem\",\"position\":1,\"name\":\"Portada\",\"item\":\"https:\\\/\\\/www.eldiario.net\\\/portal\\\/\"},{\"@type\":\"ListItem\",\"position\":2,\"name\":\"Comerciantes definen iniciar bloqueos desde septiembre\"}]},{\"@type\":\"WebSite\",\"@id\":\"https:\\\/\\\/www.eldiario.net\\\/portal\\\/#website\",\"url\":\"https:\\\/\\\/www.eldiario.net\\\/portal\\\/\",\"name\":\"El Diario - Decano de la prensa nacional\",\"description\":\"El Diario - Decano de la prensa nacional\",\"publisher\":{\"@id\":\"https:\\\/\\\/www.eldiario.net\\\/portal\\\/#organization\"},\"potentialAction\":[{\"@type\":\"SearchAction\",\"target\":{\"@type\":\"EntryPoint\",\"urlTemplate\":\"https:\\\/\\\/www.eldiario.net\\\/portal\\\/?s={search_term_string}\"},\"query-input\":{\"@type\":\"PropertyValueSpecification\",\"valueRequired\":true,\"valueName\":\"search_term_string\"}}],\"inLanguage\":\"es\"},{\"@type\":\"Organization\",\"@id\":\"https:\\\/\\\/www.eldiario.net\\\/portal\\\/#organization\",\"name\":\"El Diario - Decano de la prensa nacional\",\"url\":\"https:\\\/\\\/www.eldiario.net\\\/portal\\\/\",\"logo\":{\"@type\":\"ImageObject\",\"inLanguage\":\"es\",\"@id\":\"https:\\\/\\\/www.eldiario.net\\\/portal\\\/#\\\/schema\\\/logo\\\/image\\\/\",\"url\":\"https:\\\/\\\/www.eldiario.net\\\/portal\\\/wp-content\\\/uploads\\\/2023\\\/07\\\/logo_ED.jpg\",\"contentUrl\":\"https:\\\/\\\/www.eldiario.net\\\/portal\\\/wp-content\\\/uploads\\\/2023\\\/07\\\/logo_ED.jpg\",\"width\":272,\"height\":52,\"caption\":\"El Diario - Decano de la prensa nacional\"},\"image\":{\"@id\":\"https:\\\/\\\/www.eldiario.net\\\/portal\\\/#\\\/schema\\\/logo\\\/image\\\/\"},\"sameAs\":[\"https:\\\/\\\/www.facebook.com\\\/eldiario.bolivia\\\/\",\"https:\\\/\\\/x.com\\\/eldiario_net\"]},{\"@type\":\"Person\",\"@id\":\"https:\\\/\\\/www.eldiario.net\\\/portal\\\/#\\\/schema\\\/person\\\/f46445640444750d7d753ccd04ae01b7\",\"name\":\"Jeanette\",\"image\":{\"@type\":\"ImageObject\",\"inLanguage\":\"es\",\"@id\":\"https:\\\/\\\/secure.gravatar.com\\\/avatar\\\/3ea2118a5f7dad2b7138b1187a6b7ee55f160b9968b66013c3a3ef39dd7e5798?s=96&d=mm&r=g\",\"url\":\"https:\\\/\\\/secure.gravatar.com\\\/avatar\\\/3ea2118a5f7dad2b7138b1187a6b7ee55f160b9968b66013c3a3ef39dd7e5798?s=96&d=mm&r=g\",\"contentUrl\":\"https:\\\/\\\/secure.gravatar.com\\\/avatar\\\/3ea2118a5f7dad2b7138b1187a6b7ee55f160b9968b66013c3a3ef39dd7e5798?s=96&d=mm&r=g\",\"caption\":\"Jeanette\"},\"sameAs\":[\"https:\\\/\\\/www.eldiario.net\\\/portal\"],\"url\":\"https:\\\/\\\/www.eldiario.net\\\/portal\\\/author\\\/jeanette\\\/\"}]}<\/script>\n<!-- \/ Yoast SEO plugin. -->","yoast_head_json":{"title":"Comerciantes definen iniciar bloqueos desde septiembre - El Diario - Bolivia","robots":{"index":"index","follow":"follow","max-snippet":"max-snippet:-1","max-image-preview":"max-image-preview:large","max-video-preview":"max-video-preview:-1"},"canonical":"https:\/\/www.eldiario.net\/portal\/2024\/08\/20\/comerciantes-definen-iniciar-bloqueos-desde-septiembre\/","og_locale":"es_ES","og_type":"article","og_title":"Comerciantes definen iniciar bloqueos desde septiembre - El Diario - Bolivia","og_description":"Tras protagonizar una marcha y realizar su asamblea general, gremiales definieron iniciar bloqueos desde septiembre debido a la crisis econ\u00f3mica que se vive en el pa\u00eds. Por otro lado, sectores de comerciantes y Cocedal, que ayer marcharon desde la urbe alte\u00f1a, tambi\u00e9n pidieron al Gobierno solucionar el problema del d\u00f3lar y el incremento de precios [&hellip;]","og_url":"https:\/\/www.eldiario.net\/portal\/2024\/08\/20\/comerciantes-definen-iniciar-bloqueos-desde-septiembre\/","og_site_name":"El Diario - Bolivia","article_publisher":"https:\/\/www.facebook.com\/eldiario.bolivia\/","article_published_time":"2024-08-20T10:19:56+00:00","og_image":[{"width":1280,"height":853,"url":"https:\/\/www.eldiario.net\/portal\/wp-content\/uploads\/2024\/08\/MARCHAS-FOTO.jpeg","type":"image\/jpeg"}],"author":"Jeanette","twitter_card":"summary_large_image","twitter_creator":"@eldiario_net","twitter_site":"@eldiario_net","twitter_misc":{"Escrito por":"Jeanette","Tiempo de lectura":"3 minutos"},"schema":{"@context":"https:\/\/schema.org","@graph":[{"@type":"Article","@id":"https:\/\/www.eldiario.net\/portal\/2024\/08\/20\/comerciantes-definen-iniciar-bloqueos-desde-septiembre\/#article","isPartOf":{"@id":"https:\/\/www.eldiario.net\/portal\/2024\/08\/20\/comerciantes-definen-iniciar-bloqueos-desde-septiembre\/"},"author":{"name":"Jeanette","@id":"https:\/\/www.eldiario.net\/portal\/#\/schema\/person\/f46445640444750d7d753ccd04ae01b7"},"headline":"Comerciantes definen iniciar bloqueos desde septiembre","datePublished":"2024-08-20T10:19:56+00:00","mainEntityOfPage":{"@id":"https:\/\/www.eldiario.net\/portal\/2024\/08\/20\/comerciantes-definen-iniciar-bloqueos-desde-septiembre\/"},"wordCount":500,"commentCount":0,"publisher":{"@id":"https:\/\/www.eldiario.net\/portal\/#organization"},"image":{"@id":"https:\/\/www.eldiario.net\/portal\/2024\/08\/20\/comerciantes-definen-iniciar-bloqueos-desde-septiembre\/#primaryimage"},"thumbnailUrl":"https:\/\/www.eldiario.net\/portal\/wp-content\/uploads\/2024\/08\/MARCHAS-FOTO.jpeg","articleSection":["Nacional"],"inLanguage":"es","potentialAction":[{"@type":"CommentAction","name":"Comment","target":["https:\/\/www.eldiario.net\/portal\/2024\/08\/20\/comerciantes-definen-iniciar-bloqueos-desde-septiembre\/#respond"]}]},{"@type":"WebPage","@id":"https:\/\/www.eldiario.net\/portal\/2024\/08\/20\/comerciantes-definen-iniciar-bloqueos-desde-septiembre\/","url":"https:\/\/www.eldiario.net\/portal\/2024\/08\/20\/comerciantes-definen-iniciar-bloqueos-desde-septiembre\/","name":"Comerciantes definen iniciar bloqueos desde septiembre - El Diario - Bolivia","isPartOf":{"@id":"https:\/\/www.eldiario.net\/portal\/#website"},"primaryImageOfPage":{"@id":"https:\/\/www.eldiario.net\/portal\/2024\/08\/20\/comerciantes-definen-iniciar-bloqueos-desde-septiembre\/#primaryimage"},"image":{"@id":"https:\/\/www.eldiario.net\/portal\/2024\/08\/20\/comerciantes-definen-iniciar-bloqueos-desde-septiembre\/#primaryimage"},"thumbnailUrl":"https:\/\/www.eldiario.net\/portal\/wp-content\/uploads\/2024\/08\/MARCHAS-FOTO.jpeg","datePublished":"2024-08-20T10:19:56+00:00","breadcrumb":{"@id":"https:\/\/www.eldiario.net\/portal\/2024\/08\/20\/comerciantes-definen-iniciar-bloqueos-desde-septiembre\/#breadcrumb"},"inLanguage":"es","potentialAction":[{"@type":"ReadAction","target":["https:\/\/www.eldiario.net\/portal\/2024\/08\/20\/comerciantes-definen-iniciar-bloqueos-desde-septiembre\/"]}]},{"@type":"ImageObject","inLanguage":"es","@id":"https:\/\/www.eldiario.net\/portal\/2024\/08\/20\/comerciantes-definen-iniciar-bloqueos-desde-septiembre\/#primaryimage","url":"https:\/\/www.eldiario.net\/portal\/wp-content\/uploads\/2024\/08\/MARCHAS-FOTO.jpeg","contentUrl":"https:\/\/www.eldiario.net\/portal\/wp-content\/uploads\/2024\/08\/MARCHAS-FOTO.jpeg","width":1280,"height":853,"caption":"Las movilizaciones de los sectores gremiales llegaron a la Sede de Gobierno. Cr\u00e9dito: APG"},{"@type":"BreadcrumbList","@id":"https:\/\/www.eldiario.net\/portal\/2024\/08\/20\/comerciantes-definen-iniciar-bloqueos-desde-septiembre\/#breadcrumb","itemListElement":[{"@type":"ListItem","position":1,"name":"Portada","item":"https:\/\/www.eldiario.net\/portal\/"},{"@type":"ListItem","position":2,"name":"Comerciantes definen iniciar bloqueos desde septiembre"}]},{"@type":"WebSite","@id":"https:\/\/www.eldiario.net\/portal\/#website","url":"https:\/\/www.eldiario.net\/portal\/","name":"El Diario - Decano de la prensa nacional","description":"El Diario - Decano de la prensa nacional","publisher":{"@id":"https:\/\/www.eldiario.net\/portal\/#organization"},"potentialAction":[{"@type":"SearchAction","target":{"@type":"EntryPoint","urlTemplate":"https:\/\/www.eldiario.net\/portal\/?s={search_term_string}"},"query-input":{"@type":"PropertyValueSpecification","valueRequired":true,"valueName":"search_term_string"}}],"inLanguage":"es"},{"@type":"Organization","@id":"https:\/\/www.eldiario.net\/portal\/#organization","name":"El Diario - Decano de la prensa nacional","url":"https:\/\/www.eldiario.net\/portal\/","logo":{"@type":"ImageObject","inLanguage":"es","@id":"https:\/\/www.eldiario.net\/portal\/#\/schema\/logo\/image\/","url":"https:\/\/www.eldiario.net\/portal\/wp-content\/uploads\/2023\/07\/logo_ED.jpg","contentUrl":"https:\/\/www.eldiario.net\/portal\/wp-content\/uploads\/2023\/07\/logo_ED.jpg","width":272,"height":52,"caption":"El Diario - Decano de la prensa nacional"},"image":{"@id":"https:\/\/www.eldiario.net\/portal\/#\/schema\/logo\/image\/"},"sameAs":["https:\/\/www.facebook.com\/eldiario.bolivia\/","https:\/\/x.com\/eldiario_net"]},{"@type":"Person","@id":"https:\/\/www.eldiario.net\/portal\/#\/schema\/person\/f46445640444750d7d753ccd04ae01b7","name":"Jeanette","image":{"@type":"ImageObject","inLanguage":"es","@id":"https:\/\/secure.gravatar.com\/avatar\/3ea2118a5f7dad2b7138b1187a6b7ee55f160b9968b66013c3a3ef39dd7e5798?s=96&d=mm&r=g","url":"https:\/\/secure.gravatar.com\/avatar\/3ea2118a5f7dad2b7138b1187a6b7ee55f160b9968b66013c3a3ef39dd7e5798?s=96&d=mm&r=g","contentUrl":"https:\/\/secure.gravatar.com\/avatar\/3ea2118a5f7dad2b7138b1187a6b7ee55f160b9968b66013c3a3ef39dd7e5798?s=96&d=mm&r=g","caption":"Jeanette"},"sameAs":["https:\/\/www.eldiario.net\/portal"],"url":"https:\/\/www.eldiario.net\/portal\/author\/jeanette\/"}]}},"_links":{"self":[{"href":"https:\/\/www.eldiario.net\/portal\/wp-json\/wp\/v2\/posts\/241928","targetHints":{"allow":["GET"]}}],"collection":[{"href":"https:\/\/www.eldiario.net\/portal\/wp-json\/wp\/v2\/posts"}],"about":[{"href":"https:\/\/www.eldiario.net\/portal\/wp-json\/wp\/v2\/types\/post"}],"author":[{"embeddable":true,"href":"https:\/\/www.eldiario.net\/portal\/wp-json\/wp\/v2\/users\/1"}],"replies":[{"embeddable":true,"href":"https:\/\/www.eldiario.net\/portal\/wp-json\/wp\/v2\/comments?post=241928"}],"version-history":[{"count":1,"href":"https:\/\/www.eldiario.net\/portal\/wp-json\/wp\/v2\/posts\/241928\/revisions"}],"predecessor-version":[{"id":241930,"href":"https:\/\/www.eldiario.net\/portal\/wp-json\/wp\/v2\/posts\/241928\/revisions\/241930"}],"wp:featuredmedia":[{"embeddable":true,"href":"https:\/\/www.eldiario.net\/portal\/wp-json\/wp\/v2\/media\/241929"}],"wp:attachment":[{"href":"https:\/\/www.eldiario.net\/portal\/wp-json\/wp\/v2\/media?parent=241928"}],"wp:term":[{"taxonomy":"category","embeddable":true,"href":"https:\/\/www.eldiario.net\/portal\/wp-json\/wp\/v2\/categories?post=241928"},{"taxonomy":"post_tag","embeddable":true,"href":"https:\/\/www.eldiario.net\/portal\/wp-json\/wp\/v2\/tags?post=241928"}],"curies":[{"name":"wp","href":"https:\/\/api.w.org\/{rel}","templated":true}]}}