{"id":24180,"date":"2021-08-18T06:19:08","date_gmt":"2021-08-18T10:19:08","guid":{"rendered":"https:\/\/www.eldiario.net\/portal\/?p=24180"},"modified":"2021-08-18T06:19:08","modified_gmt":"2021-08-18T10:19:08","slug":"fiscalia-no-busco-a-autores-de-la-muerte-de-julio-llanos","status":"publish","type":"post","link":"https:\/\/www.eldiario.net\/portal\/2021\/08\/18\/fiscalia-no-busco-a-autores-de-la-muerte-de-julio-llanos\/","title":{"rendered":"Fiscal\u00eda no busc\u00f3 a autores  de la muerte de Julio Llanos"},"content":{"rendered":"<p>El informe del Grupo Interdisciplinario de Expertos Independientes (GIEI) sobre los hechos de 2019 refiere que la Fiscal\u00eda le ha dado mayor \u00e9nfasis a esclarecer el rol de funcionarios p\u00fablicos en la organizaci\u00f3n de una marcha el d\u00eda 29 de octubre, en lugar de enfocarse en individualizar a los autores materiales de la muerte de don Julio Llanos Rojas.<br \/>\nLlanos de 81 a\u00f1os de edad y presidente de la plataforma de sobrevivientes de las v\u00edctimas de las dictaduras, sufri\u00f3 una golpiza por manifestantes el 29 de octubre de 2019 en las inmediaciones del Ministerio de Justicia y falleci\u00f3 casi un mes despu\u00e9s. Las causas de su muerte fueron una lesi\u00f3n de centros encef\u00e1licos superiores y traumatismo craneoencef\u00e1lico cerrado.<br \/>\nEl 26 de noviembre de 2019, la Fiscal\u00eda Departamental de La Paz inici\u00f3 una investigaci\u00f3n por los delitos de lesiones graves y leves, la cual m\u00e1s tarde ampli\u00f3 al delito de homicidio.<br \/>\n\u201cEn el curso de esta investigaci\u00f3n, la Fiscal\u00eda ha realizado diversos actos investigativos. Entre las pruebas obtenidas consta el protocolo de autopsia del IDIF, el historial cl\u00ednico de la v\u00edctima, registros de grabaciones de c\u00e1maras de seguridad de la zona del hecho, y el muestrario fotogr\u00e1fico del lugar. Adem\u00e1s, se han entrevistado varios testigos presenciales del hecho\u201d, se lee en parte del informe.<br \/>\nAsimismo, el GIEI recuerda que la marcha fue convocada por la Jefatura del Ministerio de Presidencia en apoyo al gobierno del expresidente Evo Morales, y seis funcionarios de esta dependencia han sido identificados como responsables en calidad de autores o c\u00f3mplices del delito de homicidio, presuntamente por su rol en la convocatoria y su participaci\u00f3n en dicha marcha.<br \/>\n\u201cPreocupa al GIEI que la Fiscal\u00eda haya seguido esta l\u00ednea de investigaci\u00f3n sin establecer de manera clara y fundada la relaci\u00f3n causal entre esa marcha y el incidente en que perdi\u00f3 la vida Julio Llanos. De hecho, surge de la prueba de que varias organizaciones convocaron marchas ese d\u00eda en el centro de La Paz a favor de Evo Morales, y no ha sido comprobado que aquellas personas responsables de la golpiza sufrida por Julio Llanos hayan estado participando en una marcha convocada por el Ministerio de Presidencia o que exista alg\u00fan v\u00ednculo entre los autores materiales y los funcionarios de dicho Ministerio\u201d, se lee en otra parte del informe.<\/p>\n<p>RECOMENDACIONES<br \/>\nEn ese marco, el GIEI le hizo cuatro recomendaciones a la Fiscal\u00eda para continuar y dar con los responsables de la muerte de Julio Llanos.<br \/>\n1. Continuar avanzando con la investigaci\u00f3n para esclarecer las circunstancias de la muerte del se\u00f1or Julio Llanos e individualizar a los responsables, incluyendo a los autores materiales.<br \/>\n2. Realizar diligencias en terreno a fin de localizar y entrevistar a testigos y vecinos del lugar que hayan presenciado los hechos.<br \/>\n3. Garantizar que en cualquier imputaci\u00f3n que se lleve a cabo se examinen el alcance y la dimensi\u00f3n de los aportes de los sujetos imputados y se realice una individualizaci\u00f3n apropiada de la responsabilidad que le corresponde a cada persona imputada. En particular, en la atribuci\u00f3n de responsabilidad por el delito de homicidio, realizar un an\u00e1lisis pormenorizado de las pruebas para determinar que se comprueben los elementos respectivos de las formas de responsabilidad que se imputen.<br \/>\n4. Garantizar la participaci\u00f3n efectiva de los familiares de Julio Llanos Rojas para que puedan hacerse parte del proceso, acompa\u00f1ar las investigaciones, realizar sugerencias sobre diligencias que deben ser practicadas, obtener toda la informaci\u00f3n pertinente, ser debidamente representados y poder hacer valer sus derechos.<\/p>\n","protected":false},"excerpt":{"rendered":"<p>El informe del Grupo Interdisciplinario de Expertos Independientes (GIEI) sobre los hechos de 2019 refiere que la Fiscal\u00eda le ha dado mayor \u00e9nfasis a esclarecer el rol de funcionarios p\u00fablicos en la organizaci\u00f3n de una marcha el d\u00eda 29 de octubre, en lugar de enfocarse en individualizar a los autores materiales de la muerte de [&hellip;]<\/p>\n","protected":false},"author":1,"featured_media":0,"comment_status":"closed","ping_status":"closed","sticky":false,"template":"","format":"standard","meta":{"_acf_changed":false,"footnotes":""},"categories":[39],"tags":[],"class_list":["post-24180","post","type-post","status-publish","format-standard","category-sociedad"],"acf":{"antetitulo":""},"yoast_head":"<!-- This site is optimized with the Yoast SEO plugin v28.4 - https:\/\/yoast.com\/product\/yoast-seo-wordpress\/ -->\n<title>Fiscal\u00eda no busc\u00f3 a autores de la muerte de Julio Llanos - El Diario - Bolivia<\/title>\n<meta name=\"robots\" content=\"index, follow, max-snippet:-1, max-image-preview:large, max-video-preview:-1\" \/>\n<link rel=\"canonical\" href=\"https:\/\/www.eldiario.net\/portal\/2021\/08\/18\/fiscalia-no-busco-a-autores-de-la-muerte-de-julio-llanos\/\" \/>\n<meta property=\"og:locale\" content=\"es_ES\" \/>\n<meta property=\"og:type\" content=\"article\" \/>\n<meta property=\"og:title\" content=\"Fiscal\u00eda no busc\u00f3 a autores de la muerte de Julio Llanos - El Diario - Bolivia\" \/>\n<meta property=\"og:description\" content=\"El informe del Grupo Interdisciplinario de Expertos Independientes (GIEI) sobre los hechos de 2019 refiere que la Fiscal\u00eda le ha dado mayor \u00e9nfasis a esclarecer el rol de funcionarios p\u00fablicos en la organizaci\u00f3n de una marcha el d\u00eda 29 de octubre, en lugar de enfocarse en individualizar a los autores materiales de la muerte de [&hellip;]\" \/>\n<meta property=\"og:url\" content=\"https:\/\/www.eldiario.net\/portal\/2021\/08\/18\/fiscalia-no-busco-a-autores-de-la-muerte-de-julio-llanos\/\" \/>\n<meta property=\"og:site_name\" content=\"El Diario - Bolivia\" \/>\n<meta property=\"article:publisher\" content=\"https:\/\/www.facebook.com\/eldiario.bolivia\/\" \/>\n<meta property=\"article:published_time\" content=\"2021-08-18T10:19:08+00:00\" \/>\n<meta name=\"author\" content=\"Jeanette\" \/>\n<meta name=\"twitter:card\" content=\"summary_large_image\" \/>\n<meta name=\"twitter:creator\" content=\"@eldiario_net\" \/>\n<meta name=\"twitter:site\" content=\"@eldiario_net\" \/>\n<meta name=\"twitter:label1\" content=\"Escrito por\" \/>\n\t<meta name=\"twitter:data1\" content=\"Jeanette\" \/>\n\t<meta name=\"twitter:label2\" content=\"Tiempo de lectura\" \/>\n\t<meta name=\"twitter:data2\" content=\"3 minutos\" \/>\n<script type=\"application\/ld+json\" class=\"yoast-schema-graph\">{\"@context\":\"https:\\\/\\\/schema.org\",\"@graph\":[{\"@type\":\"Article\",\"@id\":\"https:\\\/\\\/www.eldiario.net\\\/portal\\\/2021\\\/08\\\/18\\\/fiscalia-no-busco-a-autores-de-la-muerte-de-julio-llanos\\\/#article\",\"isPartOf\":{\"@id\":\"https:\\\/\\\/www.eldiario.net\\\/portal\\\/2021\\\/08\\\/18\\\/fiscalia-no-busco-a-autores-de-la-muerte-de-julio-llanos\\\/\"},\"author\":{\"name\":\"Jeanette\",\"@id\":\"https:\\\/\\\/www.eldiario.net\\\/portal\\\/#\\\/schema\\\/person\\\/f46445640444750d7d753ccd04ae01b7\"},\"headline\":\"Fiscal\u00eda no busc\u00f3 a autores de la muerte de Julio Llanos\",\"datePublished\":\"2021-08-18T10:19:08+00:00\",\"mainEntityOfPage\":{\"@id\":\"https:\\\/\\\/www.eldiario.net\\\/portal\\\/2021\\\/08\\\/18\\\/fiscalia-no-busco-a-autores-de-la-muerte-de-julio-llanos\\\/\"},\"wordCount\":617,\"publisher\":{\"@id\":\"https:\\\/\\\/www.eldiario.net\\\/portal\\\/#organization\"},\"articleSection\":[\"Sociedad - Seguridad\"],\"inLanguage\":\"es\"},{\"@type\":\"WebPage\",\"@id\":\"https:\\\/\\\/www.eldiario.net\\\/portal\\\/2021\\\/08\\\/18\\\/fiscalia-no-busco-a-autores-de-la-muerte-de-julio-llanos\\\/\",\"url\":\"https:\\\/\\\/www.eldiario.net\\\/portal\\\/2021\\\/08\\\/18\\\/fiscalia-no-busco-a-autores-de-la-muerte-de-julio-llanos\\\/\",\"name\":\"Fiscal\u00eda no busc\u00f3 a autores de la muerte de Julio Llanos - El Diario - Bolivia\",\"isPartOf\":{\"@id\":\"https:\\\/\\\/www.eldiario.net\\\/portal\\\/#website\"},\"datePublished\":\"2021-08-18T10:19:08+00:00\",\"breadcrumb\":{\"@id\":\"https:\\\/\\\/www.eldiario.net\\\/portal\\\/2021\\\/08\\\/18\\\/fiscalia-no-busco-a-autores-de-la-muerte-de-julio-llanos\\\/#breadcrumb\"},\"inLanguage\":\"es\",\"potentialAction\":[{\"@type\":\"ReadAction\",\"target\":[\"https:\\\/\\\/www.eldiario.net\\\/portal\\\/2021\\\/08\\\/18\\\/fiscalia-no-busco-a-autores-de-la-muerte-de-julio-llanos\\\/\"]}]},{\"@type\":\"BreadcrumbList\",\"@id\":\"https:\\\/\\\/www.eldiario.net\\\/portal\\\/2021\\\/08\\\/18\\\/fiscalia-no-busco-a-autores-de-la-muerte-de-julio-llanos\\\/#breadcrumb\",\"itemListElement\":[{\"@type\":\"ListItem\",\"position\":1,\"name\":\"Portada\",\"item\":\"https:\\\/\\\/www.eldiario.net\\\/portal\\\/\"},{\"@type\":\"ListItem\",\"position\":2,\"name\":\"Fiscal\u00eda no busc\u00f3 a autores de la muerte de Julio Llanos\"}]},{\"@type\":\"WebSite\",\"@id\":\"https:\\\/\\\/www.eldiario.net\\\/portal\\\/#website\",\"url\":\"https:\\\/\\\/www.eldiario.net\\\/portal\\\/\",\"name\":\"El Diario - Decano de la prensa nacional\",\"description\":\"El Diario - Decano de la prensa nacional\",\"publisher\":{\"@id\":\"https:\\\/\\\/www.eldiario.net\\\/portal\\\/#organization\"},\"potentialAction\":[{\"@type\":\"SearchAction\",\"target\":{\"@type\":\"EntryPoint\",\"urlTemplate\":\"https:\\\/\\\/www.eldiario.net\\\/portal\\\/?s={search_term_string}\"},\"query-input\":{\"@type\":\"PropertyValueSpecification\",\"valueRequired\":true,\"valueName\":\"search_term_string\"}}],\"inLanguage\":\"es\"},{\"@type\":\"Organization\",\"@id\":\"https:\\\/\\\/www.eldiario.net\\\/portal\\\/#organization\",\"name\":\"El Diario - Decano de la prensa nacional\",\"url\":\"https:\\\/\\\/www.eldiario.net\\\/portal\\\/\",\"logo\":{\"@type\":\"ImageObject\",\"inLanguage\":\"es\",\"@id\":\"https:\\\/\\\/www.eldiario.net\\\/portal\\\/#\\\/schema\\\/logo\\\/image\\\/\",\"url\":\"https:\\\/\\\/www.eldiario.net\\\/portal\\\/wp-content\\\/uploads\\\/2023\\\/07\\\/logo_ED.jpg\",\"contentUrl\":\"https:\\\/\\\/www.eldiario.net\\\/portal\\\/wp-content\\\/uploads\\\/2023\\\/07\\\/logo_ED.jpg\",\"width\":272,\"height\":52,\"caption\":\"El Diario - Decano de la prensa nacional\"},\"image\":{\"@id\":\"https:\\\/\\\/www.eldiario.net\\\/portal\\\/#\\\/schema\\\/logo\\\/image\\\/\"},\"sameAs\":[\"https:\\\/\\\/www.facebook.com\\\/eldiario.bolivia\\\/\",\"https:\\\/\\\/x.com\\\/eldiario_net\"]},{\"@type\":\"Person\",\"@id\":\"https:\\\/\\\/www.eldiario.net\\\/portal\\\/#\\\/schema\\\/person\\\/f46445640444750d7d753ccd04ae01b7\",\"name\":\"Jeanette\",\"image\":{\"@type\":\"ImageObject\",\"inLanguage\":\"es\",\"@id\":\"https:\\\/\\\/secure.gravatar.com\\\/avatar\\\/3ea2118a5f7dad2b7138b1187a6b7ee55f160b9968b66013c3a3ef39dd7e5798?s=96&d=mm&r=g\",\"url\":\"https:\\\/\\\/secure.gravatar.com\\\/avatar\\\/3ea2118a5f7dad2b7138b1187a6b7ee55f160b9968b66013c3a3ef39dd7e5798?s=96&d=mm&r=g\",\"contentUrl\":\"https:\\\/\\\/secure.gravatar.com\\\/avatar\\\/3ea2118a5f7dad2b7138b1187a6b7ee55f160b9968b66013c3a3ef39dd7e5798?s=96&d=mm&r=g\",\"caption\":\"Jeanette\"},\"sameAs\":[\"https:\\\/\\\/www.eldiario.net\\\/portal\"],\"url\":\"https:\\\/\\\/www.eldiario.net\\\/portal\\\/author\\\/jeanette\\\/\"}]}<\/script>\n<!-- \/ Yoast SEO plugin. -->","yoast_head_json":{"title":"Fiscal\u00eda no busc\u00f3 a autores de la muerte de Julio Llanos - El Diario - Bolivia","robots":{"index":"index","follow":"follow","max-snippet":"max-snippet:-1","max-image-preview":"max-image-preview:large","max-video-preview":"max-video-preview:-1"},"canonical":"https:\/\/www.eldiario.net\/portal\/2021\/08\/18\/fiscalia-no-busco-a-autores-de-la-muerte-de-julio-llanos\/","og_locale":"es_ES","og_type":"article","og_title":"Fiscal\u00eda no busc\u00f3 a autores de la muerte de Julio Llanos - El Diario - Bolivia","og_description":"El informe del Grupo Interdisciplinario de Expertos Independientes (GIEI) sobre los hechos de 2019 refiere que la Fiscal\u00eda le ha dado mayor \u00e9nfasis a esclarecer el rol de funcionarios p\u00fablicos en la organizaci\u00f3n de una marcha el d\u00eda 29 de octubre, en lugar de enfocarse en individualizar a los autores materiales de la muerte de [&hellip;]","og_url":"https:\/\/www.eldiario.net\/portal\/2021\/08\/18\/fiscalia-no-busco-a-autores-de-la-muerte-de-julio-llanos\/","og_site_name":"El Diario - Bolivia","article_publisher":"https:\/\/www.facebook.com\/eldiario.bolivia\/","article_published_time":"2021-08-18T10:19:08+00:00","author":"Jeanette","twitter_card":"summary_large_image","twitter_creator":"@eldiario_net","twitter_site":"@eldiario_net","twitter_misc":{"Escrito por":"Jeanette","Tiempo de lectura":"3 minutos"},"schema":{"@context":"https:\/\/schema.org","@graph":[{"@type":"Article","@id":"https:\/\/www.eldiario.net\/portal\/2021\/08\/18\/fiscalia-no-busco-a-autores-de-la-muerte-de-julio-llanos\/#article","isPartOf":{"@id":"https:\/\/www.eldiario.net\/portal\/2021\/08\/18\/fiscalia-no-busco-a-autores-de-la-muerte-de-julio-llanos\/"},"author":{"name":"Jeanette","@id":"https:\/\/www.eldiario.net\/portal\/#\/schema\/person\/f46445640444750d7d753ccd04ae01b7"},"headline":"Fiscal\u00eda no busc\u00f3 a autores de la muerte de Julio Llanos","datePublished":"2021-08-18T10:19:08+00:00","mainEntityOfPage":{"@id":"https:\/\/www.eldiario.net\/portal\/2021\/08\/18\/fiscalia-no-busco-a-autores-de-la-muerte-de-julio-llanos\/"},"wordCount":617,"publisher":{"@id":"https:\/\/www.eldiario.net\/portal\/#organization"},"articleSection":["Sociedad - Seguridad"],"inLanguage":"es"},{"@type":"WebPage","@id":"https:\/\/www.eldiario.net\/portal\/2021\/08\/18\/fiscalia-no-busco-a-autores-de-la-muerte-de-julio-llanos\/","url":"https:\/\/www.eldiario.net\/portal\/2021\/08\/18\/fiscalia-no-busco-a-autores-de-la-muerte-de-julio-llanos\/","name":"Fiscal\u00eda no busc\u00f3 a autores de la muerte de Julio Llanos - El Diario - Bolivia","isPartOf":{"@id":"https:\/\/www.eldiario.net\/portal\/#website"},"datePublished":"2021-08-18T10:19:08+00:00","breadcrumb":{"@id":"https:\/\/www.eldiario.net\/portal\/2021\/08\/18\/fiscalia-no-busco-a-autores-de-la-muerte-de-julio-llanos\/#breadcrumb"},"inLanguage":"es","potentialAction":[{"@type":"ReadAction","target":["https:\/\/www.eldiario.net\/portal\/2021\/08\/18\/fiscalia-no-busco-a-autores-de-la-muerte-de-julio-llanos\/"]}]},{"@type":"BreadcrumbList","@id":"https:\/\/www.eldiario.net\/portal\/2021\/08\/18\/fiscalia-no-busco-a-autores-de-la-muerte-de-julio-llanos\/#breadcrumb","itemListElement":[{"@type":"ListItem","position":1,"name":"Portada","item":"https:\/\/www.eldiario.net\/portal\/"},{"@type":"ListItem","position":2,"name":"Fiscal\u00eda no busc\u00f3 a autores de la muerte de Julio Llanos"}]},{"@type":"WebSite","@id":"https:\/\/www.eldiario.net\/portal\/#website","url":"https:\/\/www.eldiario.net\/portal\/","name":"El Diario - Decano de la prensa nacional","description":"El Diario - Decano de la prensa nacional","publisher":{"@id":"https:\/\/www.eldiario.net\/portal\/#organization"},"potentialAction":[{"@type":"SearchAction","target":{"@type":"EntryPoint","urlTemplate":"https:\/\/www.eldiario.net\/portal\/?s={search_term_string}"},"query-input":{"@type":"PropertyValueSpecification","valueRequired":true,"valueName":"search_term_string"}}],"inLanguage":"es"},{"@type":"Organization","@id":"https:\/\/www.eldiario.net\/portal\/#organization","name":"El Diario - Decano de la prensa nacional","url":"https:\/\/www.eldiario.net\/portal\/","logo":{"@type":"ImageObject","inLanguage":"es","@id":"https:\/\/www.eldiario.net\/portal\/#\/schema\/logo\/image\/","url":"https:\/\/www.eldiario.net\/portal\/wp-content\/uploads\/2023\/07\/logo_ED.jpg","contentUrl":"https:\/\/www.eldiario.net\/portal\/wp-content\/uploads\/2023\/07\/logo_ED.jpg","width":272,"height":52,"caption":"El Diario - Decano de la prensa nacional"},"image":{"@id":"https:\/\/www.eldiario.net\/portal\/#\/schema\/logo\/image\/"},"sameAs":["https:\/\/www.facebook.com\/eldiario.bolivia\/","https:\/\/x.com\/eldiario_net"]},{"@type":"Person","@id":"https:\/\/www.eldiario.net\/portal\/#\/schema\/person\/f46445640444750d7d753ccd04ae01b7","name":"Jeanette","image":{"@type":"ImageObject","inLanguage":"es","@id":"https:\/\/secure.gravatar.com\/avatar\/3ea2118a5f7dad2b7138b1187a6b7ee55f160b9968b66013c3a3ef39dd7e5798?s=96&d=mm&r=g","url":"https:\/\/secure.gravatar.com\/avatar\/3ea2118a5f7dad2b7138b1187a6b7ee55f160b9968b66013c3a3ef39dd7e5798?s=96&d=mm&r=g","contentUrl":"https:\/\/secure.gravatar.com\/avatar\/3ea2118a5f7dad2b7138b1187a6b7ee55f160b9968b66013c3a3ef39dd7e5798?s=96&d=mm&r=g","caption":"Jeanette"},"sameAs":["https:\/\/www.eldiario.net\/portal"],"url":"https:\/\/www.eldiario.net\/portal\/author\/jeanette\/"}]}},"_links":{"self":[{"href":"https:\/\/www.eldiario.net\/portal\/wp-json\/wp\/v2\/posts\/24180","targetHints":{"allow":["GET"]}}],"collection":[{"href":"https:\/\/www.eldiario.net\/portal\/wp-json\/wp\/v2\/posts"}],"about":[{"href":"https:\/\/www.eldiario.net\/portal\/wp-json\/wp\/v2\/types\/post"}],"author":[{"embeddable":true,"href":"https:\/\/www.eldiario.net\/portal\/wp-json\/wp\/v2\/users\/1"}],"replies":[{"embeddable":true,"href":"https:\/\/www.eldiario.net\/portal\/wp-json\/wp\/v2\/comments?post=24180"}],"version-history":[{"count":0,"href":"https:\/\/www.eldiario.net\/portal\/wp-json\/wp\/v2\/posts\/24180\/revisions"}],"wp:attachment":[{"href":"https:\/\/www.eldiario.net\/portal\/wp-json\/wp\/v2\/media?parent=24180"}],"wp:term":[{"taxonomy":"category","embeddable":true,"href":"https:\/\/www.eldiario.net\/portal\/wp-json\/wp\/v2\/categories?post=24180"},{"taxonomy":"post_tag","embeddable":true,"href":"https:\/\/www.eldiario.net\/portal\/wp-json\/wp\/v2\/tags?post=24180"}],"curies":[{"name":"wp","href":"https:\/\/api.w.org\/{rel}","templated":true}]}}