{"id":24175,"date":"2021-08-18T06:18:08","date_gmt":"2021-08-18T10:18:08","guid":{"rendered":"https:\/\/www.eldiario.net\/portal\/?p=24175"},"modified":"2021-08-18T06:18:08","modified_gmt":"2021-08-18T10:18:08","slug":"lanchipa-anuncia-comision-extraordinaria-de-analisis","status":"publish","type":"post","link":"https:\/\/www.eldiario.net\/portal\/2021\/08\/18\/lanchipa-anuncia-comision-extraordinaria-de-analisis\/","title":{"rendered":"Lanchipa anuncia \u201ccomisi\u00f3n  extraordinaria de an\u00e1lisis\u201d"},"content":{"rendered":"<p>El fiscal general Juan Lanchipa anunci\u00f3 ayer que el Ministerio P\u00fablico conformar\u00e1 una \u201ccomisi\u00f3n extraordinaria de an\u00e1lisis\u201d para implementaci\u00f3n de las recomendaciones del informe del Grupo Interdisciplinario de Expertos Independientes (GIEI).<br \/>\n\u201cVamos a implementar las recomendaciones que fueron presentadas en el Informe del GIEI, y de inmediato, vamos a conformar las comisiones necesarias para implementar las recomendaciones que plante\u00f3 el grupo de expertos internacionales. Inicialmente vamos a conformar una Comisi\u00f3n Extraordinaria de An\u00e1lisis para que, de manera prolija, lleven adelante la revisi\u00f3n y la implementaci\u00f3n de cada una de las recomendaciones\u201d, dijo.<br \/>\nLanchipa anunci\u00f3 que impulsar\u00e1 el juicio de responsabilidades por los casos de Senkata (El Alto) y Sacaba (Cochabamba).<\/p>\n","protected":false},"excerpt":{"rendered":"<p>El fiscal general Juan Lanchipa anunci\u00f3 ayer que el Ministerio P\u00fablico conformar\u00e1 una \u201ccomisi\u00f3n extraordinaria de an\u00e1lisis\u201d para implementaci\u00f3n de las recomendaciones del informe del Grupo Interdisciplinario de Expertos Independientes (GIEI). \u201cVamos a implementar las recomendaciones que fueron presentadas en el Informe del GIEI, y de inmediato, vamos a conformar las comisiones necesarias para implementar [&hellip;]<\/p>\n","protected":false},"author":1,"featured_media":24176,"comment_status":"closed","ping_status":"closed","sticky":false,"template":"","format":"standard","meta":{"_acf_changed":false,"footnotes":""},"categories":[39],"tags":[],"class_list":["post-24175","post","type-post","status-publish","format-standard","has-post-thumbnail","category-sociedad"],"acf":{"antetitulo":""},"yoast_head":"<!-- This site is optimized with the Yoast SEO plugin v28.4 - https:\/\/yoast.com\/product\/yoast-seo-wordpress\/ -->\n<title>Lanchipa anuncia \u201ccomisi\u00f3n extraordinaria de an\u00e1lisis\u201d - El Diario - Bolivia<\/title>\n<meta name=\"robots\" content=\"index, follow, max-snippet:-1, max-image-preview:large, max-video-preview:-1\" \/>\n<link rel=\"canonical\" href=\"https:\/\/www.eldiario.net\/portal\/2021\/08\/18\/lanchipa-anuncia-comision-extraordinaria-de-analisis\/\" \/>\n<meta property=\"og:locale\" content=\"es_ES\" \/>\n<meta property=\"og:type\" content=\"article\" \/>\n<meta property=\"og:title\" content=\"Lanchipa anuncia \u201ccomisi\u00f3n extraordinaria de an\u00e1lisis\u201d - El Diario - Bolivia\" \/>\n<meta property=\"og:description\" content=\"El fiscal general Juan Lanchipa anunci\u00f3 ayer que el Ministerio P\u00fablico conformar\u00e1 una \u201ccomisi\u00f3n extraordinaria de an\u00e1lisis\u201d para implementaci\u00f3n de las recomendaciones del informe del Grupo Interdisciplinario de Expertos Independientes (GIEI). \u201cVamos a implementar las recomendaciones que fueron presentadas en el Informe del GIEI, y de inmediato, vamos a conformar las comisiones necesarias para implementar [&hellip;]\" \/>\n<meta property=\"og:url\" content=\"https:\/\/www.eldiario.net\/portal\/2021\/08\/18\/lanchipa-anuncia-comision-extraordinaria-de-analisis\/\" \/>\n<meta property=\"og:site_name\" content=\"El Diario - Bolivia\" \/>\n<meta property=\"article:publisher\" content=\"https:\/\/www.facebook.com\/eldiario.bolivia\/\" \/>\n<meta property=\"article:published_time\" content=\"2021-08-18T10:18:08+00:00\" \/>\n<meta name=\"author\" content=\"Jeanette\" \/>\n<meta name=\"twitter:card\" content=\"summary_large_image\" \/>\n<meta name=\"twitter:creator\" content=\"@eldiario_net\" \/>\n<meta name=\"twitter:site\" content=\"@eldiario_net\" \/>\n<meta name=\"twitter:label1\" content=\"Escrito por\" \/>\n\t<meta name=\"twitter:data1\" content=\"Jeanette\" \/>\n\t<meta name=\"twitter:label2\" content=\"Tiempo de lectura\" \/>\n\t<meta name=\"twitter:data2\" content=\"1 minuto\" \/>\n<script type=\"application\/ld+json\" class=\"yoast-schema-graph\">{\"@context\":\"https:\\\/\\\/schema.org\",\"@graph\":[{\"@type\":\"Article\",\"@id\":\"https:\\\/\\\/www.eldiario.net\\\/portal\\\/2021\\\/08\\\/18\\\/lanchipa-anuncia-comision-extraordinaria-de-analisis\\\/#article\",\"isPartOf\":{\"@id\":\"https:\\\/\\\/www.eldiario.net\\\/portal\\\/2021\\\/08\\\/18\\\/lanchipa-anuncia-comision-extraordinaria-de-analisis\\\/\"},\"author\":{\"name\":\"Jeanette\",\"@id\":\"https:\\\/\\\/www.eldiario.net\\\/portal\\\/#\\\/schema\\\/person\\\/f46445640444750d7d753ccd04ae01b7\"},\"headline\":\"Lanchipa anuncia \u201ccomisi\u00f3n extraordinaria de an\u00e1lisis\u201d\",\"datePublished\":\"2021-08-18T10:18:08+00:00\",\"mainEntityOfPage\":{\"@id\":\"https:\\\/\\\/www.eldiario.net\\\/portal\\\/2021\\\/08\\\/18\\\/lanchipa-anuncia-comision-extraordinaria-de-analisis\\\/\"},\"wordCount\":126,\"publisher\":{\"@id\":\"https:\\\/\\\/www.eldiario.net\\\/portal\\\/#organization\"},\"image\":{\"@id\":\"https:\\\/\\\/www.eldiario.net\\\/portal\\\/2021\\\/08\\\/18\\\/lanchipa-anuncia-comision-extraordinaria-de-analisis\\\/#primaryimage\"},\"thumbnailUrl\":\"\",\"articleSection\":[\"Sociedad - Seguridad\"],\"inLanguage\":\"es\"},{\"@type\":\"WebPage\",\"@id\":\"https:\\\/\\\/www.eldiario.net\\\/portal\\\/2021\\\/08\\\/18\\\/lanchipa-anuncia-comision-extraordinaria-de-analisis\\\/\",\"url\":\"https:\\\/\\\/www.eldiario.net\\\/portal\\\/2021\\\/08\\\/18\\\/lanchipa-anuncia-comision-extraordinaria-de-analisis\\\/\",\"name\":\"Lanchipa anuncia \u201ccomisi\u00f3n extraordinaria de an\u00e1lisis\u201d - El Diario - Bolivia\",\"isPartOf\":{\"@id\":\"https:\\\/\\\/www.eldiario.net\\\/portal\\\/#website\"},\"primaryImageOfPage\":{\"@id\":\"https:\\\/\\\/www.eldiario.net\\\/portal\\\/2021\\\/08\\\/18\\\/lanchipa-anuncia-comision-extraordinaria-de-analisis\\\/#primaryimage\"},\"image\":{\"@id\":\"https:\\\/\\\/www.eldiario.net\\\/portal\\\/2021\\\/08\\\/18\\\/lanchipa-anuncia-comision-extraordinaria-de-analisis\\\/#primaryimage\"},\"thumbnailUrl\":\"\",\"datePublished\":\"2021-08-18T10:18:08+00:00\",\"breadcrumb\":{\"@id\":\"https:\\\/\\\/www.eldiario.net\\\/portal\\\/2021\\\/08\\\/18\\\/lanchipa-anuncia-comision-extraordinaria-de-analisis\\\/#breadcrumb\"},\"inLanguage\":\"es\",\"potentialAction\":[{\"@type\":\"ReadAction\",\"target\":[\"https:\\\/\\\/www.eldiario.net\\\/portal\\\/2021\\\/08\\\/18\\\/lanchipa-anuncia-comision-extraordinaria-de-analisis\\\/\"]}]},{\"@type\":\"ImageObject\",\"inLanguage\":\"es\",\"@id\":\"https:\\\/\\\/www.eldiario.net\\\/portal\\\/2021\\\/08\\\/18\\\/lanchipa-anuncia-comision-extraordinaria-de-analisis\\\/#primaryimage\",\"url\":\"\",\"contentUrl\":\"\"},{\"@type\":\"BreadcrumbList\",\"@id\":\"https:\\\/\\\/www.eldiario.net\\\/portal\\\/2021\\\/08\\\/18\\\/lanchipa-anuncia-comision-extraordinaria-de-analisis\\\/#breadcrumb\",\"itemListElement\":[{\"@type\":\"ListItem\",\"position\":1,\"name\":\"Portada\",\"item\":\"https:\\\/\\\/www.eldiario.net\\\/portal\\\/\"},{\"@type\":\"ListItem\",\"position\":2,\"name\":\"Lanchipa anuncia \u201ccomisi\u00f3n extraordinaria de an\u00e1lisis\u201d\"}]},{\"@type\":\"WebSite\",\"@id\":\"https:\\\/\\\/www.eldiario.net\\\/portal\\\/#website\",\"url\":\"https:\\\/\\\/www.eldiario.net\\\/portal\\\/\",\"name\":\"El Diario - Decano de la prensa nacional\",\"description\":\"El Diario - Decano de la prensa nacional\",\"publisher\":{\"@id\":\"https:\\\/\\\/www.eldiario.net\\\/portal\\\/#organization\"},\"potentialAction\":[{\"@type\":\"SearchAction\",\"target\":{\"@type\":\"EntryPoint\",\"urlTemplate\":\"https:\\\/\\\/www.eldiario.net\\\/portal\\\/?s={search_term_string}\"},\"query-input\":{\"@type\":\"PropertyValueSpecification\",\"valueRequired\":true,\"valueName\":\"search_term_string\"}}],\"inLanguage\":\"es\"},{\"@type\":\"Organization\",\"@id\":\"https:\\\/\\\/www.eldiario.net\\\/portal\\\/#organization\",\"name\":\"El Diario - Decano de la prensa nacional\",\"url\":\"https:\\\/\\\/www.eldiario.net\\\/portal\\\/\",\"logo\":{\"@type\":\"ImageObject\",\"inLanguage\":\"es\",\"@id\":\"https:\\\/\\\/www.eldiario.net\\\/portal\\\/#\\\/schema\\\/logo\\\/image\\\/\",\"url\":\"https:\\\/\\\/www.eldiario.net\\\/portal\\\/wp-content\\\/uploads\\\/2023\\\/07\\\/logo_ED.jpg\",\"contentUrl\":\"https:\\\/\\\/www.eldiario.net\\\/portal\\\/wp-content\\\/uploads\\\/2023\\\/07\\\/logo_ED.jpg\",\"width\":272,\"height\":52,\"caption\":\"El Diario - Decano de la prensa nacional\"},\"image\":{\"@id\":\"https:\\\/\\\/www.eldiario.net\\\/portal\\\/#\\\/schema\\\/logo\\\/image\\\/\"},\"sameAs\":[\"https:\\\/\\\/www.facebook.com\\\/eldiario.bolivia\\\/\",\"https:\\\/\\\/x.com\\\/eldiario_net\"]},{\"@type\":\"Person\",\"@id\":\"https:\\\/\\\/www.eldiario.net\\\/portal\\\/#\\\/schema\\\/person\\\/f46445640444750d7d753ccd04ae01b7\",\"name\":\"Jeanette\",\"image\":{\"@type\":\"ImageObject\",\"inLanguage\":\"es\",\"@id\":\"https:\\\/\\\/secure.gravatar.com\\\/avatar\\\/3ea2118a5f7dad2b7138b1187a6b7ee55f160b9968b66013c3a3ef39dd7e5798?s=96&d=mm&r=g\",\"url\":\"https:\\\/\\\/secure.gravatar.com\\\/avatar\\\/3ea2118a5f7dad2b7138b1187a6b7ee55f160b9968b66013c3a3ef39dd7e5798?s=96&d=mm&r=g\",\"contentUrl\":\"https:\\\/\\\/secure.gravatar.com\\\/avatar\\\/3ea2118a5f7dad2b7138b1187a6b7ee55f160b9968b66013c3a3ef39dd7e5798?s=96&d=mm&r=g\",\"caption\":\"Jeanette\"},\"sameAs\":[\"https:\\\/\\\/www.eldiario.net\\\/portal\"],\"url\":\"https:\\\/\\\/www.eldiario.net\\\/portal\\\/author\\\/jeanette\\\/\"}]}<\/script>\n<!-- \/ Yoast SEO plugin. -->","yoast_head_json":{"title":"Lanchipa anuncia \u201ccomisi\u00f3n extraordinaria de an\u00e1lisis\u201d - El Diario - Bolivia","robots":{"index":"index","follow":"follow","max-snippet":"max-snippet:-1","max-image-preview":"max-image-preview:large","max-video-preview":"max-video-preview:-1"},"canonical":"https:\/\/www.eldiario.net\/portal\/2021\/08\/18\/lanchipa-anuncia-comision-extraordinaria-de-analisis\/","og_locale":"es_ES","og_type":"article","og_title":"Lanchipa anuncia \u201ccomisi\u00f3n extraordinaria de an\u00e1lisis\u201d - El Diario - Bolivia","og_description":"El fiscal general Juan Lanchipa anunci\u00f3 ayer que el Ministerio P\u00fablico conformar\u00e1 una \u201ccomisi\u00f3n extraordinaria de an\u00e1lisis\u201d para implementaci\u00f3n de las recomendaciones del informe del Grupo Interdisciplinario de Expertos Independientes (GIEI). \u201cVamos a implementar las recomendaciones que fueron presentadas en el Informe del GIEI, y de inmediato, vamos a conformar las comisiones necesarias para implementar [&hellip;]","og_url":"https:\/\/www.eldiario.net\/portal\/2021\/08\/18\/lanchipa-anuncia-comision-extraordinaria-de-analisis\/","og_site_name":"El Diario - Bolivia","article_publisher":"https:\/\/www.facebook.com\/eldiario.bolivia\/","article_published_time":"2021-08-18T10:18:08+00:00","author":"Jeanette","twitter_card":"summary_large_image","twitter_creator":"@eldiario_net","twitter_site":"@eldiario_net","twitter_misc":{"Escrito por":"Jeanette","Tiempo de lectura":"1 minuto"},"schema":{"@context":"https:\/\/schema.org","@graph":[{"@type":"Article","@id":"https:\/\/www.eldiario.net\/portal\/2021\/08\/18\/lanchipa-anuncia-comision-extraordinaria-de-analisis\/#article","isPartOf":{"@id":"https:\/\/www.eldiario.net\/portal\/2021\/08\/18\/lanchipa-anuncia-comision-extraordinaria-de-analisis\/"},"author":{"name":"Jeanette","@id":"https:\/\/www.eldiario.net\/portal\/#\/schema\/person\/f46445640444750d7d753ccd04ae01b7"},"headline":"Lanchipa anuncia \u201ccomisi\u00f3n extraordinaria de an\u00e1lisis\u201d","datePublished":"2021-08-18T10:18:08+00:00","mainEntityOfPage":{"@id":"https:\/\/www.eldiario.net\/portal\/2021\/08\/18\/lanchipa-anuncia-comision-extraordinaria-de-analisis\/"},"wordCount":126,"publisher":{"@id":"https:\/\/www.eldiario.net\/portal\/#organization"},"image":{"@id":"https:\/\/www.eldiario.net\/portal\/2021\/08\/18\/lanchipa-anuncia-comision-extraordinaria-de-analisis\/#primaryimage"},"thumbnailUrl":"","articleSection":["Sociedad - Seguridad"],"inLanguage":"es"},{"@type":"WebPage","@id":"https:\/\/www.eldiario.net\/portal\/2021\/08\/18\/lanchipa-anuncia-comision-extraordinaria-de-analisis\/","url":"https:\/\/www.eldiario.net\/portal\/2021\/08\/18\/lanchipa-anuncia-comision-extraordinaria-de-analisis\/","name":"Lanchipa anuncia \u201ccomisi\u00f3n extraordinaria de an\u00e1lisis\u201d - El Diario - Bolivia","isPartOf":{"@id":"https:\/\/www.eldiario.net\/portal\/#website"},"primaryImageOfPage":{"@id":"https:\/\/www.eldiario.net\/portal\/2021\/08\/18\/lanchipa-anuncia-comision-extraordinaria-de-analisis\/#primaryimage"},"image":{"@id":"https:\/\/www.eldiario.net\/portal\/2021\/08\/18\/lanchipa-anuncia-comision-extraordinaria-de-analisis\/#primaryimage"},"thumbnailUrl":"","datePublished":"2021-08-18T10:18:08+00:00","breadcrumb":{"@id":"https:\/\/www.eldiario.net\/portal\/2021\/08\/18\/lanchipa-anuncia-comision-extraordinaria-de-analisis\/#breadcrumb"},"inLanguage":"es","potentialAction":[{"@type":"ReadAction","target":["https:\/\/www.eldiario.net\/portal\/2021\/08\/18\/lanchipa-anuncia-comision-extraordinaria-de-analisis\/"]}]},{"@type":"ImageObject","inLanguage":"es","@id":"https:\/\/www.eldiario.net\/portal\/2021\/08\/18\/lanchipa-anuncia-comision-extraordinaria-de-analisis\/#primaryimage","url":"","contentUrl":""},{"@type":"BreadcrumbList","@id":"https:\/\/www.eldiario.net\/portal\/2021\/08\/18\/lanchipa-anuncia-comision-extraordinaria-de-analisis\/#breadcrumb","itemListElement":[{"@type":"ListItem","position":1,"name":"Portada","item":"https:\/\/www.eldiario.net\/portal\/"},{"@type":"ListItem","position":2,"name":"Lanchipa anuncia \u201ccomisi\u00f3n extraordinaria de an\u00e1lisis\u201d"}]},{"@type":"WebSite","@id":"https:\/\/www.eldiario.net\/portal\/#website","url":"https:\/\/www.eldiario.net\/portal\/","name":"El Diario - Decano de la prensa nacional","description":"El Diario - Decano de la prensa nacional","publisher":{"@id":"https:\/\/www.eldiario.net\/portal\/#organization"},"potentialAction":[{"@type":"SearchAction","target":{"@type":"EntryPoint","urlTemplate":"https:\/\/www.eldiario.net\/portal\/?s={search_term_string}"},"query-input":{"@type":"PropertyValueSpecification","valueRequired":true,"valueName":"search_term_string"}}],"inLanguage":"es"},{"@type":"Organization","@id":"https:\/\/www.eldiario.net\/portal\/#organization","name":"El Diario - Decano de la prensa nacional","url":"https:\/\/www.eldiario.net\/portal\/","logo":{"@type":"ImageObject","inLanguage":"es","@id":"https:\/\/www.eldiario.net\/portal\/#\/schema\/logo\/image\/","url":"https:\/\/www.eldiario.net\/portal\/wp-content\/uploads\/2023\/07\/logo_ED.jpg","contentUrl":"https:\/\/www.eldiario.net\/portal\/wp-content\/uploads\/2023\/07\/logo_ED.jpg","width":272,"height":52,"caption":"El Diario - Decano de la prensa nacional"},"image":{"@id":"https:\/\/www.eldiario.net\/portal\/#\/schema\/logo\/image\/"},"sameAs":["https:\/\/www.facebook.com\/eldiario.bolivia\/","https:\/\/x.com\/eldiario_net"]},{"@type":"Person","@id":"https:\/\/www.eldiario.net\/portal\/#\/schema\/person\/f46445640444750d7d753ccd04ae01b7","name":"Jeanette","image":{"@type":"ImageObject","inLanguage":"es","@id":"https:\/\/secure.gravatar.com\/avatar\/3ea2118a5f7dad2b7138b1187a6b7ee55f160b9968b66013c3a3ef39dd7e5798?s=96&d=mm&r=g","url":"https:\/\/secure.gravatar.com\/avatar\/3ea2118a5f7dad2b7138b1187a6b7ee55f160b9968b66013c3a3ef39dd7e5798?s=96&d=mm&r=g","contentUrl":"https:\/\/secure.gravatar.com\/avatar\/3ea2118a5f7dad2b7138b1187a6b7ee55f160b9968b66013c3a3ef39dd7e5798?s=96&d=mm&r=g","caption":"Jeanette"},"sameAs":["https:\/\/www.eldiario.net\/portal"],"url":"https:\/\/www.eldiario.net\/portal\/author\/jeanette\/"}]}},"_links":{"self":[{"href":"https:\/\/www.eldiario.net\/portal\/wp-json\/wp\/v2\/posts\/24175","targetHints":{"allow":["GET"]}}],"collection":[{"href":"https:\/\/www.eldiario.net\/portal\/wp-json\/wp\/v2\/posts"}],"about":[{"href":"https:\/\/www.eldiario.net\/portal\/wp-json\/wp\/v2\/types\/post"}],"author":[{"embeddable":true,"href":"https:\/\/www.eldiario.net\/portal\/wp-json\/wp\/v2\/users\/1"}],"replies":[{"embeddable":true,"href":"https:\/\/www.eldiario.net\/portal\/wp-json\/wp\/v2\/comments?post=24175"}],"version-history":[{"count":0,"href":"https:\/\/www.eldiario.net\/portal\/wp-json\/wp\/v2\/posts\/24175\/revisions"}],"wp:attachment":[{"href":"https:\/\/www.eldiario.net\/portal\/wp-json\/wp\/v2\/media?parent=24175"}],"wp:term":[{"taxonomy":"category","embeddable":true,"href":"https:\/\/www.eldiario.net\/portal\/wp-json\/wp\/v2\/categories?post=24175"},{"taxonomy":"post_tag","embeddable":true,"href":"https:\/\/www.eldiario.net\/portal\/wp-json\/wp\/v2\/tags?post=24175"}],"curies":[{"name":"wp","href":"https:\/\/api.w.org\/{rel}","templated":true}]}}