{"id":24171,"date":"2021-08-18T06:17:01","date_gmt":"2021-08-18T10:17:01","guid":{"rendered":"https:\/\/www.eldiario.net\/portal\/?p=24171"},"modified":"2021-08-18T06:17:01","modified_gmt":"2021-08-18T10:17:01","slug":"arce-pide-iniciar-juicios-mientras-que-opositores-exigen-cambios-en-la-justicia","status":"publish","type":"post","link":"https:\/\/www.eldiario.net\/portal\/2021\/08\/18\/arce-pide-iniciar-juicios-mientras-que-opositores-exigen-cambios-en-la-justicia\/","title":{"rendered":"Arce pide iniciar juicios, mientras que  opositores exigen cambios en la justicia"},"content":{"rendered":"<p>Una vez entregado el informe final sobre los hechos de violencia tras las elecciones anuladas de 2019, elaborado por el grupo Interdisciplinario de Expertos independientes (GIEI) de la Comisi\u00f3n Interamericana de Derechos Humanos (CIDH), distintas autoridades y personalidades del ambiente pol\u00edtico nacional expresaron criterios sobre el contenido del estudio.<br \/>\nA pesar de que en las conclusiones del informe presentado se pide no usar el contenido de este estudio para perseguir pol\u00edticamente a ciudadanos, el presidente constitucional del Estado, Luis Arce Catacora, se\u00f1al\u00f3 como principal responsable por los hechos de violencia al gobierno de Jeanine A\u00f1ez y pidi\u00f3 que la ALP agilice un juicio para establecer responsabilidades.<br \/>\n\u201cExhortamos a la Asamblea Legislativa Plurinacional a aprobar en el menor tiempo posible el juicio de responsabilidades para establecer la autor\u00eda responsabilidades y sanciones de estas graves violaciones de DDHH\u201d, se\u00f1al\u00f3 luego que representantes del GIEI le hicieron entrega del informe final.<br \/>\nAnunci\u00f3 que, atendiendo a una de las sugerencias expresadas en este informe, se proceder\u00e1 a la desestructuraci\u00f3n de todas las organizaciones irregulares que se formaron para ejercer acciones \u201cparapoliciales\u201d en 2019, apuntando directamente al grupo denominado \u201cResistencia Juvenil Cochala\u201d.<br \/>\n\u201cSiguiendo la sugerencia del GIEI vamos a desestructurar toda organizaci\u00f3n parapolicial y grupos irregulares creados como fuerzas de represi\u00f3n paralelas al Estado\u201d, dijo.<br \/>\nAsimismo anunci\u00f3 un censo de las v\u00edctimas para avanzar en la reparaci\u00f3n integral de los da\u00f1os sufridos.<br \/>\nAl respecto, el l\u00edder de la alianza Comunidad Ciudadana, Carlos Mesa Gisbert, desde su cuenta de Twitter, respald\u00f3 el informe y destac\u00f3 el punto en el que se hace referencia a la necesidad de reformar el sistema judicial como garant\u00eda de procesos justos para los que resulten implicados en violaciones s los derechos humanos.<br \/>\n\u201cCoincidimos y respaldamos el informe del GIEI: la reforma del sistema judicial y fiscal, el cambio de sus operadores son requisitos para garantizar justicia y debido proceso en los casos que deben juzgarse. Hoy, jueces y fiscales sometidos al MAS no son confiables ni imparciales\u201d, expres\u00f3 el exmandatario.<br \/>\nSobre este tema, el expresidente Jorge Quiroga fue m\u00e1s cauto y se\u00f1al\u00f3 que espera estudiar con m\u00e1s detalle el informe presentado antes de emitir comentarios, m\u00e1s sostuvo que lo que est\u00e1 claro es la necesidad de reformar la justicia y no continuar con los actuales administradores de justicia pues estos se encuentran al servicio del partido gobernante.<br \/>\n\u201cLeeremos cuidadosamente el detallado informe del GIEI de la Comisi\u00f3n Interamericana de Derechos Humanos, para emitir criterios informados, equilibrados y completos. S\u00ed est\u00e1 claro que sus recomendaciones, o investigaciones derivadas, necesitan una justicia independiente en Bolivia, en lugar de la actual guillotina azul\u201d, manifest\u00f3.<br \/>\nEl secretario general de la Organizaci\u00f3n de Estados Americanos, Luis Almagro, manifest\u00f3 que el contenido del informe elaborado por el GIEI presenta elementos importantes que podr\u00edan ser presentados ante Cortes de justicia internacionales a fin de profundizar en la b\u00fasqueda de justicia.<br \/>\n\u201cHemos tomado nota de la publicaci\u00f3n del informe GIEI Bolivia. Sin perjuicio de un an\u00e1lisis del mismo en los pr\u00f3ximos d\u00edas, consideramos que contiene importantes elementos a ser presentados ante la Corte Penal Internacional (CPI) y la Corte Internacional de Justicia (CIJ)\u201d, expres\u00f3 a trav\u00e9s de su cuenta de Twitter.<br \/>\nPor su parte, el diputado opositor, Alejandro Reyes, sostuvo que el informe se\u00f1ala el origen del conflicto en la postulaci\u00f3n ilegal de Morales en 2019, hecho que gener\u00f3 todos los escenarios de violencia vividos en el pa\u00eds en ese a\u00f1o.<br \/>\n\u201cInforme de la GIEI muestra como origen de los conflictos la postulaci\u00f3n ilegal de 2019 por Evo Morales; la intenci\u00f3n de confrontaci\u00f3n de ciudadanos, y la violaci\u00f3n de DDHH. Por lo que, la mala interpretaci\u00f3n y omisi\u00f3n de partes tiene como fin la distorsi\u00f3n pol\u00edtica del Gobierno\u201d.<br \/>\nSobre los anuncios apresurados para iniciar procesos en la ALP, Erwin Baz\u00e1n, diputado de la agrupaci\u00f3n Creemos, anunci\u00f3 que esta organizaci\u00f3n pol\u00edtica no se prestar\u00e1 a los deseos de venganza manifestados desde el oficialismo y se espera que se generen espacios de investigaci\u00f3n responsable.<br \/>\n\u201cNosotros no nos vamos a prestar a la idea vengativa que tiene el Movimiento al Socialismo, lo que para ellos creen que es justicia. Debemos establecer mecanismos de aut\u00e9ntica investigaci\u00f3n\u201d dijo, en respuesta a declaraciones del presidente del Senado, Andr\u00f3nico Rodr\u00edguez, quien pidi\u00f3 a la oposici\u00f3n cumplir con su palabra y dar viabilidad al juicio de responsabilidades en contra de la gesti\u00f3n de A\u00f1ez.<\/p>\n<figure id=\"attachment_24173\" aria-describedby=\"caption-attachment-24173\" style=\"width: 300px\" class=\"wp-caption aligncenter\"><a href=\"https:\/\/www.eldiario.net\/portal\/wp-content\/uploads\/2021\/08\/Pol-171.jpg\"><img loading=\"lazy\" decoding=\"async\" class=\"size-medium wp-image-24173\" src=\"https:\/\/www.eldiario.net\/portal\/wp-content\/uploads\/2021\/08\/Pol-171-300x168.jpg\" alt=\"\" width=\"300\" height=\"168\" \/><\/a><figcaption id=\"caption-attachment-24173\" class=\"wp-caption-text\">Enfrentamientos en la localidad de Sacaba, Cochabamba.<\/figcaption><\/figure>\n","protected":false},"excerpt":{"rendered":"<p>Una vez entregado el informe final sobre los hechos de violencia tras las elecciones anuladas de 2019, elaborado por el grupo Interdisciplinario de Expertos independientes (GIEI) de la Comisi\u00f3n Interamericana de Derechos Humanos (CIDH), distintas autoridades y personalidades del ambiente pol\u00edtico nacional expresaron criterios sobre el contenido del estudio. A pesar de que en las [&hellip;]<\/p>\n","protected":false},"author":1,"featured_media":24172,"comment_status":"closed","ping_status":"closed","sticky":false,"template":"","format":"standard","meta":{"_acf_changed":false,"footnotes":""},"categories":[14],"tags":[],"class_list":["post-24171","post","type-post","status-publish","format-standard","has-post-thumbnail","category-politica"],"acf":{"antetitulo":""},"yoast_head":"<!-- This site is optimized with the Yoast SEO plugin v28.4 - https:\/\/yoast.com\/product\/yoast-seo-wordpress\/ -->\n<title>Arce pide iniciar juicios, mientras que opositores exigen cambios en la justicia - El Diario - Bolivia<\/title>\n<meta name=\"robots\" content=\"index, follow, max-snippet:-1, max-image-preview:large, max-video-preview:-1\" \/>\n<link rel=\"canonical\" href=\"https:\/\/www.eldiario.net\/portal\/2021\/08\/18\/arce-pide-iniciar-juicios-mientras-que-opositores-exigen-cambios-en-la-justicia\/\" \/>\n<meta property=\"og:locale\" content=\"es_ES\" \/>\n<meta property=\"og:type\" content=\"article\" \/>\n<meta property=\"og:title\" content=\"Arce pide iniciar juicios, mientras que opositores exigen cambios en la justicia - El Diario - Bolivia\" \/>\n<meta property=\"og:description\" content=\"Una vez entregado el informe final sobre los hechos de violencia tras las elecciones anuladas de 2019, elaborado por el grupo Interdisciplinario de Expertos independientes (GIEI) de la Comisi\u00f3n Interamericana de Derechos Humanos (CIDH), distintas autoridades y personalidades del ambiente pol\u00edtico nacional expresaron criterios sobre el contenido del estudio. A pesar de que en las [&hellip;]\" \/>\n<meta property=\"og:url\" content=\"https:\/\/www.eldiario.net\/portal\/2021\/08\/18\/arce-pide-iniciar-juicios-mientras-que-opositores-exigen-cambios-en-la-justicia\/\" \/>\n<meta property=\"og:site_name\" content=\"El Diario - Bolivia\" \/>\n<meta property=\"article:publisher\" content=\"https:\/\/www.facebook.com\/eldiario.bolivia\/\" \/>\n<meta property=\"article:published_time\" content=\"2021-08-18T10:17:01+00:00\" \/>\n<meta property=\"og:image\" content=\"https:\/\/www.eldiario.net\/portal\/wp-content\/uploads\/2021\/08\/Pol-170.jpg\" \/>\n\t<meta property=\"og:image:width\" content=\"800\" \/>\n\t<meta property=\"og:image:height\" content=\"500\" \/>\n\t<meta property=\"og:image:type\" content=\"image\/jpeg\" \/>\n<meta name=\"author\" content=\"Jeanette\" \/>\n<meta name=\"twitter:card\" content=\"summary_large_image\" \/>\n<meta name=\"twitter:creator\" content=\"@eldiario_net\" \/>\n<meta name=\"twitter:site\" content=\"@eldiario_net\" \/>\n<meta name=\"twitter:label1\" content=\"Escrito por\" \/>\n\t<meta name=\"twitter:data1\" content=\"Jeanette\" \/>\n\t<meta name=\"twitter:label2\" content=\"Tiempo de lectura\" \/>\n\t<meta name=\"twitter:data2\" content=\"4 minutos\" \/>\n<script type=\"application\/ld+json\" class=\"yoast-schema-graph\">{\"@context\":\"https:\\\/\\\/schema.org\",\"@graph\":[{\"@type\":\"Article\",\"@id\":\"https:\\\/\\\/www.eldiario.net\\\/portal\\\/2021\\\/08\\\/18\\\/arce-pide-iniciar-juicios-mientras-que-opositores-exigen-cambios-en-la-justicia\\\/#article\",\"isPartOf\":{\"@id\":\"https:\\\/\\\/www.eldiario.net\\\/portal\\\/2021\\\/08\\\/18\\\/arce-pide-iniciar-juicios-mientras-que-opositores-exigen-cambios-en-la-justicia\\\/\"},\"author\":{\"name\":\"Jeanette\",\"@id\":\"https:\\\/\\\/www.eldiario.net\\\/portal\\\/#\\\/schema\\\/person\\\/f46445640444750d7d753ccd04ae01b7\"},\"headline\":\"Arce pide iniciar juicios, mientras que opositores exigen cambios en la justicia\",\"datePublished\":\"2021-08-18T10:17:01+00:00\",\"mainEntityOfPage\":{\"@id\":\"https:\\\/\\\/www.eldiario.net\\\/portal\\\/2021\\\/08\\\/18\\\/arce-pide-iniciar-juicios-mientras-que-opositores-exigen-cambios-en-la-justicia\\\/\"},\"wordCount\":791,\"publisher\":{\"@id\":\"https:\\\/\\\/www.eldiario.net\\\/portal\\\/#organization\"},\"image\":{\"@id\":\"https:\\\/\\\/www.eldiario.net\\\/portal\\\/2021\\\/08\\\/18\\\/arce-pide-iniciar-juicios-mientras-que-opositores-exigen-cambios-en-la-justicia\\\/#primaryimage\"},\"thumbnailUrl\":\"https:\\\/\\\/www.eldiario.net\\\/portal\\\/wp-content\\\/uploads\\\/2021\\\/08\\\/Pol-170.jpg\",\"articleSection\":[\"Pol\u00edtica\"],\"inLanguage\":\"es\"},{\"@type\":\"WebPage\",\"@id\":\"https:\\\/\\\/www.eldiario.net\\\/portal\\\/2021\\\/08\\\/18\\\/arce-pide-iniciar-juicios-mientras-que-opositores-exigen-cambios-en-la-justicia\\\/\",\"url\":\"https:\\\/\\\/www.eldiario.net\\\/portal\\\/2021\\\/08\\\/18\\\/arce-pide-iniciar-juicios-mientras-que-opositores-exigen-cambios-en-la-justicia\\\/\",\"name\":\"Arce pide iniciar juicios, mientras que opositores exigen cambios en la justicia - El Diario - Bolivia\",\"isPartOf\":{\"@id\":\"https:\\\/\\\/www.eldiario.net\\\/portal\\\/#website\"},\"primaryImageOfPage\":{\"@id\":\"https:\\\/\\\/www.eldiario.net\\\/portal\\\/2021\\\/08\\\/18\\\/arce-pide-iniciar-juicios-mientras-que-opositores-exigen-cambios-en-la-justicia\\\/#primaryimage\"},\"image\":{\"@id\":\"https:\\\/\\\/www.eldiario.net\\\/portal\\\/2021\\\/08\\\/18\\\/arce-pide-iniciar-juicios-mientras-que-opositores-exigen-cambios-en-la-justicia\\\/#primaryimage\"},\"thumbnailUrl\":\"https:\\\/\\\/www.eldiario.net\\\/portal\\\/wp-content\\\/uploads\\\/2021\\\/08\\\/Pol-170.jpg\",\"datePublished\":\"2021-08-18T10:17:01+00:00\",\"breadcrumb\":{\"@id\":\"https:\\\/\\\/www.eldiario.net\\\/portal\\\/2021\\\/08\\\/18\\\/arce-pide-iniciar-juicios-mientras-que-opositores-exigen-cambios-en-la-justicia\\\/#breadcrumb\"},\"inLanguage\":\"es\",\"potentialAction\":[{\"@type\":\"ReadAction\",\"target\":[\"https:\\\/\\\/www.eldiario.net\\\/portal\\\/2021\\\/08\\\/18\\\/arce-pide-iniciar-juicios-mientras-que-opositores-exigen-cambios-en-la-justicia\\\/\"]}]},{\"@type\":\"ImageObject\",\"inLanguage\":\"es\",\"@id\":\"https:\\\/\\\/www.eldiario.net\\\/portal\\\/2021\\\/08\\\/18\\\/arce-pide-iniciar-juicios-mientras-que-opositores-exigen-cambios-en-la-justicia\\\/#primaryimage\",\"url\":\"https:\\\/\\\/www.eldiario.net\\\/portal\\\/wp-content\\\/uploads\\\/2021\\\/08\\\/Pol-170.jpg\",\"contentUrl\":\"https:\\\/\\\/www.eldiario.net\\\/portal\\\/wp-content\\\/uploads\\\/2021\\\/08\\\/Pol-170.jpg\",\"width\":800,\"height\":500,\"caption\":\"Acciones de violencia entre poblaci\u00f3n y las fuerzas del Estado en Senkata.\"},{\"@type\":\"BreadcrumbList\",\"@id\":\"https:\\\/\\\/www.eldiario.net\\\/portal\\\/2021\\\/08\\\/18\\\/arce-pide-iniciar-juicios-mientras-que-opositores-exigen-cambios-en-la-justicia\\\/#breadcrumb\",\"itemListElement\":[{\"@type\":\"ListItem\",\"position\":1,\"name\":\"Portada\",\"item\":\"https:\\\/\\\/www.eldiario.net\\\/portal\\\/\"},{\"@type\":\"ListItem\",\"position\":2,\"name\":\"Arce pide iniciar juicios, mientras que opositores exigen cambios en la justicia\"}]},{\"@type\":\"WebSite\",\"@id\":\"https:\\\/\\\/www.eldiario.net\\\/portal\\\/#website\",\"url\":\"https:\\\/\\\/www.eldiario.net\\\/portal\\\/\",\"name\":\"El Diario - Decano de la prensa nacional\",\"description\":\"El Diario - Decano de la prensa nacional\",\"publisher\":{\"@id\":\"https:\\\/\\\/www.eldiario.net\\\/portal\\\/#organization\"},\"potentialAction\":[{\"@type\":\"SearchAction\",\"target\":{\"@type\":\"EntryPoint\",\"urlTemplate\":\"https:\\\/\\\/www.eldiario.net\\\/portal\\\/?s={search_term_string}\"},\"query-input\":{\"@type\":\"PropertyValueSpecification\",\"valueRequired\":true,\"valueName\":\"search_term_string\"}}],\"inLanguage\":\"es\"},{\"@type\":\"Organization\",\"@id\":\"https:\\\/\\\/www.eldiario.net\\\/portal\\\/#organization\",\"name\":\"El Diario - Decano de la prensa nacional\",\"url\":\"https:\\\/\\\/www.eldiario.net\\\/portal\\\/\",\"logo\":{\"@type\":\"ImageObject\",\"inLanguage\":\"es\",\"@id\":\"https:\\\/\\\/www.eldiario.net\\\/portal\\\/#\\\/schema\\\/logo\\\/image\\\/\",\"url\":\"https:\\\/\\\/www.eldiario.net\\\/portal\\\/wp-content\\\/uploads\\\/2023\\\/07\\\/logo_ED.jpg\",\"contentUrl\":\"https:\\\/\\\/www.eldiario.net\\\/portal\\\/wp-content\\\/uploads\\\/2023\\\/07\\\/logo_ED.jpg\",\"width\":272,\"height\":52,\"caption\":\"El Diario - Decano de la prensa nacional\"},\"image\":{\"@id\":\"https:\\\/\\\/www.eldiario.net\\\/portal\\\/#\\\/schema\\\/logo\\\/image\\\/\"},\"sameAs\":[\"https:\\\/\\\/www.facebook.com\\\/eldiario.bolivia\\\/\",\"https:\\\/\\\/x.com\\\/eldiario_net\"]},{\"@type\":\"Person\",\"@id\":\"https:\\\/\\\/www.eldiario.net\\\/portal\\\/#\\\/schema\\\/person\\\/f46445640444750d7d753ccd04ae01b7\",\"name\":\"Jeanette\",\"image\":{\"@type\":\"ImageObject\",\"inLanguage\":\"es\",\"@id\":\"https:\\\/\\\/secure.gravatar.com\\\/avatar\\\/3ea2118a5f7dad2b7138b1187a6b7ee55f160b9968b66013c3a3ef39dd7e5798?s=96&d=mm&r=g\",\"url\":\"https:\\\/\\\/secure.gravatar.com\\\/avatar\\\/3ea2118a5f7dad2b7138b1187a6b7ee55f160b9968b66013c3a3ef39dd7e5798?s=96&d=mm&r=g\",\"contentUrl\":\"https:\\\/\\\/secure.gravatar.com\\\/avatar\\\/3ea2118a5f7dad2b7138b1187a6b7ee55f160b9968b66013c3a3ef39dd7e5798?s=96&d=mm&r=g\",\"caption\":\"Jeanette\"},\"sameAs\":[\"https:\\\/\\\/www.eldiario.net\\\/portal\"],\"url\":\"https:\\\/\\\/www.eldiario.net\\\/portal\\\/author\\\/jeanette\\\/\"}]}<\/script>\n<!-- \/ Yoast SEO plugin. -->","yoast_head_json":{"title":"Arce pide iniciar juicios, mientras que opositores exigen cambios en la justicia - El Diario - Bolivia","robots":{"index":"index","follow":"follow","max-snippet":"max-snippet:-1","max-image-preview":"max-image-preview:large","max-video-preview":"max-video-preview:-1"},"canonical":"https:\/\/www.eldiario.net\/portal\/2021\/08\/18\/arce-pide-iniciar-juicios-mientras-que-opositores-exigen-cambios-en-la-justicia\/","og_locale":"es_ES","og_type":"article","og_title":"Arce pide iniciar juicios, mientras que opositores exigen cambios en la justicia - El Diario - Bolivia","og_description":"Una vez entregado el informe final sobre los hechos de violencia tras las elecciones anuladas de 2019, elaborado por el grupo Interdisciplinario de Expertos independientes (GIEI) de la Comisi\u00f3n Interamericana de Derechos Humanos (CIDH), distintas autoridades y personalidades del ambiente pol\u00edtico nacional expresaron criterios sobre el contenido del estudio. A pesar de que en las [&hellip;]","og_url":"https:\/\/www.eldiario.net\/portal\/2021\/08\/18\/arce-pide-iniciar-juicios-mientras-que-opositores-exigen-cambios-en-la-justicia\/","og_site_name":"El Diario - Bolivia","article_publisher":"https:\/\/www.facebook.com\/eldiario.bolivia\/","article_published_time":"2021-08-18T10:17:01+00:00","og_image":[{"width":800,"height":500,"url":"https:\/\/www.eldiario.net\/portal\/wp-content\/uploads\/2021\/08\/Pol-170.jpg","type":"image\/jpeg"}],"author":"Jeanette","twitter_card":"summary_large_image","twitter_creator":"@eldiario_net","twitter_site":"@eldiario_net","twitter_misc":{"Escrito por":"Jeanette","Tiempo de lectura":"4 minutos"},"schema":{"@context":"https:\/\/schema.org","@graph":[{"@type":"Article","@id":"https:\/\/www.eldiario.net\/portal\/2021\/08\/18\/arce-pide-iniciar-juicios-mientras-que-opositores-exigen-cambios-en-la-justicia\/#article","isPartOf":{"@id":"https:\/\/www.eldiario.net\/portal\/2021\/08\/18\/arce-pide-iniciar-juicios-mientras-que-opositores-exigen-cambios-en-la-justicia\/"},"author":{"name":"Jeanette","@id":"https:\/\/www.eldiario.net\/portal\/#\/schema\/person\/f46445640444750d7d753ccd04ae01b7"},"headline":"Arce pide iniciar juicios, mientras que opositores exigen cambios en la justicia","datePublished":"2021-08-18T10:17:01+00:00","mainEntityOfPage":{"@id":"https:\/\/www.eldiario.net\/portal\/2021\/08\/18\/arce-pide-iniciar-juicios-mientras-que-opositores-exigen-cambios-en-la-justicia\/"},"wordCount":791,"publisher":{"@id":"https:\/\/www.eldiario.net\/portal\/#organization"},"image":{"@id":"https:\/\/www.eldiario.net\/portal\/2021\/08\/18\/arce-pide-iniciar-juicios-mientras-que-opositores-exigen-cambios-en-la-justicia\/#primaryimage"},"thumbnailUrl":"https:\/\/www.eldiario.net\/portal\/wp-content\/uploads\/2021\/08\/Pol-170.jpg","articleSection":["Pol\u00edtica"],"inLanguage":"es"},{"@type":"WebPage","@id":"https:\/\/www.eldiario.net\/portal\/2021\/08\/18\/arce-pide-iniciar-juicios-mientras-que-opositores-exigen-cambios-en-la-justicia\/","url":"https:\/\/www.eldiario.net\/portal\/2021\/08\/18\/arce-pide-iniciar-juicios-mientras-que-opositores-exigen-cambios-en-la-justicia\/","name":"Arce pide iniciar juicios, mientras que opositores exigen cambios en la justicia - El Diario - Bolivia","isPartOf":{"@id":"https:\/\/www.eldiario.net\/portal\/#website"},"primaryImageOfPage":{"@id":"https:\/\/www.eldiario.net\/portal\/2021\/08\/18\/arce-pide-iniciar-juicios-mientras-que-opositores-exigen-cambios-en-la-justicia\/#primaryimage"},"image":{"@id":"https:\/\/www.eldiario.net\/portal\/2021\/08\/18\/arce-pide-iniciar-juicios-mientras-que-opositores-exigen-cambios-en-la-justicia\/#primaryimage"},"thumbnailUrl":"https:\/\/www.eldiario.net\/portal\/wp-content\/uploads\/2021\/08\/Pol-170.jpg","datePublished":"2021-08-18T10:17:01+00:00","breadcrumb":{"@id":"https:\/\/www.eldiario.net\/portal\/2021\/08\/18\/arce-pide-iniciar-juicios-mientras-que-opositores-exigen-cambios-en-la-justicia\/#breadcrumb"},"inLanguage":"es","potentialAction":[{"@type":"ReadAction","target":["https:\/\/www.eldiario.net\/portal\/2021\/08\/18\/arce-pide-iniciar-juicios-mientras-que-opositores-exigen-cambios-en-la-justicia\/"]}]},{"@type":"ImageObject","inLanguage":"es","@id":"https:\/\/www.eldiario.net\/portal\/2021\/08\/18\/arce-pide-iniciar-juicios-mientras-que-opositores-exigen-cambios-en-la-justicia\/#primaryimage","url":"https:\/\/www.eldiario.net\/portal\/wp-content\/uploads\/2021\/08\/Pol-170.jpg","contentUrl":"https:\/\/www.eldiario.net\/portal\/wp-content\/uploads\/2021\/08\/Pol-170.jpg","width":800,"height":500,"caption":"Acciones de violencia entre poblaci\u00f3n y las fuerzas del Estado en Senkata."},{"@type":"BreadcrumbList","@id":"https:\/\/www.eldiario.net\/portal\/2021\/08\/18\/arce-pide-iniciar-juicios-mientras-que-opositores-exigen-cambios-en-la-justicia\/#breadcrumb","itemListElement":[{"@type":"ListItem","position":1,"name":"Portada","item":"https:\/\/www.eldiario.net\/portal\/"},{"@type":"ListItem","position":2,"name":"Arce pide iniciar juicios, mientras que opositores exigen cambios en la justicia"}]},{"@type":"WebSite","@id":"https:\/\/www.eldiario.net\/portal\/#website","url":"https:\/\/www.eldiario.net\/portal\/","name":"El Diario - Decano de la prensa nacional","description":"El Diario - Decano de la prensa nacional","publisher":{"@id":"https:\/\/www.eldiario.net\/portal\/#organization"},"potentialAction":[{"@type":"SearchAction","target":{"@type":"EntryPoint","urlTemplate":"https:\/\/www.eldiario.net\/portal\/?s={search_term_string}"},"query-input":{"@type":"PropertyValueSpecification","valueRequired":true,"valueName":"search_term_string"}}],"inLanguage":"es"},{"@type":"Organization","@id":"https:\/\/www.eldiario.net\/portal\/#organization","name":"El Diario - Decano de la prensa nacional","url":"https:\/\/www.eldiario.net\/portal\/","logo":{"@type":"ImageObject","inLanguage":"es","@id":"https:\/\/www.eldiario.net\/portal\/#\/schema\/logo\/image\/","url":"https:\/\/www.eldiario.net\/portal\/wp-content\/uploads\/2023\/07\/logo_ED.jpg","contentUrl":"https:\/\/www.eldiario.net\/portal\/wp-content\/uploads\/2023\/07\/logo_ED.jpg","width":272,"height":52,"caption":"El Diario - Decano de la prensa nacional"},"image":{"@id":"https:\/\/www.eldiario.net\/portal\/#\/schema\/logo\/image\/"},"sameAs":["https:\/\/www.facebook.com\/eldiario.bolivia\/","https:\/\/x.com\/eldiario_net"]},{"@type":"Person","@id":"https:\/\/www.eldiario.net\/portal\/#\/schema\/person\/f46445640444750d7d753ccd04ae01b7","name":"Jeanette","image":{"@type":"ImageObject","inLanguage":"es","@id":"https:\/\/secure.gravatar.com\/avatar\/3ea2118a5f7dad2b7138b1187a6b7ee55f160b9968b66013c3a3ef39dd7e5798?s=96&d=mm&r=g","url":"https:\/\/secure.gravatar.com\/avatar\/3ea2118a5f7dad2b7138b1187a6b7ee55f160b9968b66013c3a3ef39dd7e5798?s=96&d=mm&r=g","contentUrl":"https:\/\/secure.gravatar.com\/avatar\/3ea2118a5f7dad2b7138b1187a6b7ee55f160b9968b66013c3a3ef39dd7e5798?s=96&d=mm&r=g","caption":"Jeanette"},"sameAs":["https:\/\/www.eldiario.net\/portal"],"url":"https:\/\/www.eldiario.net\/portal\/author\/jeanette\/"}]}},"_links":{"self":[{"href":"https:\/\/www.eldiario.net\/portal\/wp-json\/wp\/v2\/posts\/24171","targetHints":{"allow":["GET"]}}],"collection":[{"href":"https:\/\/www.eldiario.net\/portal\/wp-json\/wp\/v2\/posts"}],"about":[{"href":"https:\/\/www.eldiario.net\/portal\/wp-json\/wp\/v2\/types\/post"}],"author":[{"embeddable":true,"href":"https:\/\/www.eldiario.net\/portal\/wp-json\/wp\/v2\/users\/1"}],"replies":[{"embeddable":true,"href":"https:\/\/www.eldiario.net\/portal\/wp-json\/wp\/v2\/comments?post=24171"}],"version-history":[{"count":0,"href":"https:\/\/www.eldiario.net\/portal\/wp-json\/wp\/v2\/posts\/24171\/revisions"}],"wp:featuredmedia":[{"embeddable":true,"href":"https:\/\/www.eldiario.net\/portal\/wp-json\/wp\/v2\/media\/24172"}],"wp:attachment":[{"href":"https:\/\/www.eldiario.net\/portal\/wp-json\/wp\/v2\/media?parent=24171"}],"wp:term":[{"taxonomy":"category","embeddable":true,"href":"https:\/\/www.eldiario.net\/portal\/wp-json\/wp\/v2\/categories?post=24171"},{"taxonomy":"post_tag","embeddable":true,"href":"https:\/\/www.eldiario.net\/portal\/wp-json\/wp\/v2\/tags?post=24171"}],"curies":[{"name":"wp","href":"https:\/\/api.w.org\/{rel}","templated":true}]}}