{"id":241665,"date":"2024-08-19T05:40:23","date_gmt":"2024-08-19T09:40:23","guid":{"rendered":"https:\/\/www.eldiario.net\/portal\/?p=241665"},"modified":"2024-08-19T05:40:23","modified_gmt":"2024-08-19T09:40:23","slug":"autopsia-revela-que-luan-murio-por-golpe-en-la-cabeza","status":"publish","type":"post","link":"https:\/\/www.eldiario.net\/portal\/2024\/08\/19\/autopsia-revela-que-luan-murio-por-golpe-en-la-cabeza\/","title":{"rendered":"Autopsia revela que Luan muri\u00f3 por golpe en la cabeza"},"content":{"rendered":"<p>De acuerdo con el informe compartido con el padre del ni\u00f1o Luan, respecto al resultado de la autopsia de ley practicada al cad\u00e1ver del menor de edad, este habr\u00eda fallecido por un golpe en la cabeza. Horas antes, el comandante de la Polic\u00eda, Edgar Cortez, se\u00f1al\u00f3 que los padres del peque\u00f1o, desaparecido hace varios d\u00edas en la poblaci\u00f3n de Mayaya al Norte de La Paz, reconocieron el cad\u00e1ver por la vestimenta que llevaba.<br \/>\nEl informe de los peritos hace presumir que el ni\u00f1o habr\u00eda ca\u00eddo desde una gran altura y que la data de la muerte ser\u00eda de hace cuatro d\u00edas, asimismo se supo que una parte del cuerpo del menor de edad fue devorado por animales del lugar.<br \/>\n\u201cLa causa de la muerte es traumatismo craneoencef\u00e1lico compatible con ca\u00edda de altura, la data de la muerte es de cuatro d\u00edas atr\u00e1s, este informe aporta indicios porque se tendr\u00edan las causas de la muerte\u201d, manifest\u00f3 Cortez.<br \/>\nPor otro lado se supo que la familia y comunarios de la poblaci\u00f3n yungue\u00f1a, como forma de despedir con un velorio, al ni\u00f1o, instalaron una capilla ardiente y que la noche de ayer el cuerpo del peque\u00f1o ya estar\u00eda en su lugar natal, pues este fue entregado a los progenitores luego de la autopsia de ley para su cristiana sepultura.<br \/>\nEl cad\u00e1ver de Luan fue encontrado el pasado s\u00e1bado, 17 de agosto, en la orilla del r\u00edo Kak\u00e1, que est\u00e1 cerca de la poblaci\u00f3n de Mayaya. A primera vista, los expertos advirtieron que ten\u00eda la cabeza destrozada y varias lesiones en el cuerpo.<\/p>\n<p>HECHO<br \/>\nLuan G. ten\u00eda un a\u00f1o y seis meses de edad, desapareci\u00f3 la noche del martes 13 de agosto, cuando estaba en su casa junto con su madre, en Mayaya. De acuerdo con la versi\u00f3n de la progenitora, ella se encontraba lavando ropa mientras el peque\u00f1o merodeaba cerca.<br \/>\nA los minutos, la mujer se percat\u00f3 que su hijo hab\u00eda desaparecido y desesperada lo busc\u00f3, pero tambi\u00e9n comparti\u00f3 un audio conmovedor mediante redes sociales, mismo que al poco tiempo se hizo viral y se activ\u00f3 la b\u00fasqueda del ni\u00f1o.<br \/>\nTras varios d\u00edas de b\u00fasqueda, el cuerpo fue hallado el s\u00e1bado 17 de agosto. Se encontraba a la orilla del r\u00edo Kak\u00e1, en primera instancia se sospech\u00f3 que el peque\u00f1o hab\u00eda muerto por ahogamiento, pero la autopsia descart\u00f3 tal situaci\u00f3n.<br \/>\nSin embargo, un reporte de Unitel, se\u00f1ala que si bien la causa de la muerte fue un golpe en la cabeza del infante, \u201cno se especific\u00f3 si el deceso se registr\u00f3 por un golpe provocado por alguien o por una ca\u00edda\u201d.<br \/>\nPor eso, los padres del menor de edad piden que contin\u00faen las investigaciones ya que cuestionan la forma en la que su hijo habr\u00eda recorrido cien metros, hasta el barranco, siendo que el peque\u00f1o apenas pod\u00eda caminar.<\/p>\n","protected":false},"excerpt":{"rendered":"<p>De acuerdo con el informe compartido con el padre del ni\u00f1o Luan, respecto al resultado de la autopsia de ley practicada al cad\u00e1ver del menor de edad, este habr\u00eda fallecido por un golpe en la cabeza. Horas antes, el comandante de la Polic\u00eda, Edgar Cortez, se\u00f1al\u00f3 que los padres del peque\u00f1o, desaparecido hace varios d\u00edas [&hellip;]<\/p>\n","protected":false},"author":1,"featured_media":241666,"comment_status":"open","ping_status":"open","sticky":false,"template":"","format":"standard","meta":{"_acf_changed":false,"footnotes":""},"categories":[12],"tags":[],"class_list":["post-241665","post","type-post","status-publish","format-standard","has-post-thumbnail","category-nacional"],"acf":{"antetitulo":""},"yoast_head":"<!-- This site is optimized with the Yoast SEO plugin v28.3 - https:\/\/yoast.com\/product\/yoast-seo-wordpress\/ -->\n<title>Autopsia revela que Luan muri\u00f3 por golpe en la cabeza - El Diario - Bolivia<\/title>\n<meta name=\"robots\" content=\"index, follow, max-snippet:-1, max-image-preview:large, max-video-preview:-1\" \/>\n<link rel=\"canonical\" href=\"https:\/\/www.eldiario.net\/portal\/2024\/08\/19\/autopsia-revela-que-luan-murio-por-golpe-en-la-cabeza\/\" \/>\n<meta property=\"og:locale\" content=\"es_ES\" \/>\n<meta property=\"og:type\" content=\"article\" \/>\n<meta property=\"og:title\" content=\"Autopsia revela que Luan muri\u00f3 por golpe en la cabeza - El Diario - Bolivia\" \/>\n<meta property=\"og:description\" content=\"De acuerdo con el informe compartido con el padre del ni\u00f1o Luan, respecto al resultado de la autopsia de ley practicada al cad\u00e1ver del menor de edad, este habr\u00eda fallecido por un golpe en la cabeza. Horas antes, el comandante de la Polic\u00eda, Edgar Cortez, se\u00f1al\u00f3 que los padres del peque\u00f1o, desaparecido hace varios d\u00edas [&hellip;]\" \/>\n<meta property=\"og:url\" content=\"https:\/\/www.eldiario.net\/portal\/2024\/08\/19\/autopsia-revela-que-luan-murio-por-golpe-en-la-cabeza\/\" \/>\n<meta property=\"og:site_name\" content=\"El Diario - Bolivia\" \/>\n<meta property=\"article:publisher\" content=\"https:\/\/www.facebook.com\/eldiario.bolivia\/\" \/>\n<meta property=\"article:published_time\" content=\"2024-08-19T09:40:23+00:00\" \/>\n<meta property=\"og:image\" content=\"https:\/\/www.eldiario.net\/portal\/wp-content\/uploads\/2024\/08\/F-4-nino.jpg\" \/>\n\t<meta property=\"og:image:width\" content=\"804\" \/>\n\t<meta property=\"og:image:height\" content=\"476\" \/>\n\t<meta property=\"og:image:type\" content=\"image\/jpeg\" \/>\n<meta name=\"author\" content=\"Jeanette\" \/>\n<meta name=\"twitter:card\" content=\"summary_large_image\" \/>\n<meta name=\"twitter:creator\" content=\"@eldiario_net\" \/>\n<meta name=\"twitter:site\" content=\"@eldiario_net\" \/>\n<meta name=\"twitter:label1\" content=\"Escrito por\" \/>\n\t<meta name=\"twitter:data1\" content=\"Jeanette\" \/>\n\t<meta name=\"twitter:label2\" content=\"Tiempo de lectura\" \/>\n\t<meta name=\"twitter:data2\" content=\"3 minutos\" \/>\n<script type=\"application\/ld+json\" class=\"yoast-schema-graph\">{\"@context\":\"https:\\\/\\\/schema.org\",\"@graph\":[{\"@type\":\"Article\",\"@id\":\"https:\\\/\\\/www.eldiario.net\\\/portal\\\/2024\\\/08\\\/19\\\/autopsia-revela-que-luan-murio-por-golpe-en-la-cabeza\\\/#article\",\"isPartOf\":{\"@id\":\"https:\\\/\\\/www.eldiario.net\\\/portal\\\/2024\\\/08\\\/19\\\/autopsia-revela-que-luan-murio-por-golpe-en-la-cabeza\\\/\"},\"author\":{\"name\":\"Jeanette\",\"@id\":\"https:\\\/\\\/www.eldiario.net\\\/portal\\\/#\\\/schema\\\/person\\\/f46445640444750d7d753ccd04ae01b7\"},\"headline\":\"Autopsia revela que Luan muri\u00f3 por golpe en la cabeza\",\"datePublished\":\"2024-08-19T09:40:23+00:00\",\"mainEntityOfPage\":{\"@id\":\"https:\\\/\\\/www.eldiario.net\\\/portal\\\/2024\\\/08\\\/19\\\/autopsia-revela-que-luan-murio-por-golpe-en-la-cabeza\\\/\"},\"wordCount\":522,\"commentCount\":0,\"publisher\":{\"@id\":\"https:\\\/\\\/www.eldiario.net\\\/portal\\\/#organization\"},\"image\":{\"@id\":\"https:\\\/\\\/www.eldiario.net\\\/portal\\\/2024\\\/08\\\/19\\\/autopsia-revela-que-luan-murio-por-golpe-en-la-cabeza\\\/#primaryimage\"},\"thumbnailUrl\":\"https:\\\/\\\/www.eldiario.net\\\/portal\\\/wp-content\\\/uploads\\\/2024\\\/08\\\/F-4-nino.jpg\",\"articleSection\":[\"Nacional\"],\"inLanguage\":\"es\",\"potentialAction\":[{\"@type\":\"CommentAction\",\"name\":\"Comment\",\"target\":[\"https:\\\/\\\/www.eldiario.net\\\/portal\\\/2024\\\/08\\\/19\\\/autopsia-revela-que-luan-murio-por-golpe-en-la-cabeza\\\/#respond\"]}]},{\"@type\":\"WebPage\",\"@id\":\"https:\\\/\\\/www.eldiario.net\\\/portal\\\/2024\\\/08\\\/19\\\/autopsia-revela-que-luan-murio-por-golpe-en-la-cabeza\\\/\",\"url\":\"https:\\\/\\\/www.eldiario.net\\\/portal\\\/2024\\\/08\\\/19\\\/autopsia-revela-que-luan-murio-por-golpe-en-la-cabeza\\\/\",\"name\":\"Autopsia revela que Luan muri\u00f3 por golpe en la cabeza - El Diario - Bolivia\",\"isPartOf\":{\"@id\":\"https:\\\/\\\/www.eldiario.net\\\/portal\\\/#website\"},\"primaryImageOfPage\":{\"@id\":\"https:\\\/\\\/www.eldiario.net\\\/portal\\\/2024\\\/08\\\/19\\\/autopsia-revela-que-luan-murio-por-golpe-en-la-cabeza\\\/#primaryimage\"},\"image\":{\"@id\":\"https:\\\/\\\/www.eldiario.net\\\/portal\\\/2024\\\/08\\\/19\\\/autopsia-revela-que-luan-murio-por-golpe-en-la-cabeza\\\/#primaryimage\"},\"thumbnailUrl\":\"https:\\\/\\\/www.eldiario.net\\\/portal\\\/wp-content\\\/uploads\\\/2024\\\/08\\\/F-4-nino.jpg\",\"datePublished\":\"2024-08-19T09:40:23+00:00\",\"breadcrumb\":{\"@id\":\"https:\\\/\\\/www.eldiario.net\\\/portal\\\/2024\\\/08\\\/19\\\/autopsia-revela-que-luan-murio-por-golpe-en-la-cabeza\\\/#breadcrumb\"},\"inLanguage\":\"es\",\"potentialAction\":[{\"@type\":\"ReadAction\",\"target\":[\"https:\\\/\\\/www.eldiario.net\\\/portal\\\/2024\\\/08\\\/19\\\/autopsia-revela-que-luan-murio-por-golpe-en-la-cabeza\\\/\"]}]},{\"@type\":\"ImageObject\",\"inLanguage\":\"es\",\"@id\":\"https:\\\/\\\/www.eldiario.net\\\/portal\\\/2024\\\/08\\\/19\\\/autopsia-revela-que-luan-murio-por-golpe-en-la-cabeza\\\/#primaryimage\",\"url\":\"https:\\\/\\\/www.eldiario.net\\\/portal\\\/wp-content\\\/uploads\\\/2024\\\/08\\\/F-4-nino.jpg\",\"contentUrl\":\"https:\\\/\\\/www.eldiario.net\\\/portal\\\/wp-content\\\/uploads\\\/2024\\\/08\\\/F-4-nino.jpg\",\"width\":804,\"height\":476,\"caption\":\"Se presume que hoy se realice el entierro del menor de edad.\"},{\"@type\":\"BreadcrumbList\",\"@id\":\"https:\\\/\\\/www.eldiario.net\\\/portal\\\/2024\\\/08\\\/19\\\/autopsia-revela-que-luan-murio-por-golpe-en-la-cabeza\\\/#breadcrumb\",\"itemListElement\":[{\"@type\":\"ListItem\",\"position\":1,\"name\":\"Portada\",\"item\":\"https:\\\/\\\/www.eldiario.net\\\/portal\\\/\"},{\"@type\":\"ListItem\",\"position\":2,\"name\":\"Autopsia revela que Luan muri\u00f3 por golpe en la cabeza\"}]},{\"@type\":\"WebSite\",\"@id\":\"https:\\\/\\\/www.eldiario.net\\\/portal\\\/#website\",\"url\":\"https:\\\/\\\/www.eldiario.net\\\/portal\\\/\",\"name\":\"El Diario - Decano de la prensa nacional\",\"description\":\"El Diario - Decano de la prensa nacional\",\"publisher\":{\"@id\":\"https:\\\/\\\/www.eldiario.net\\\/portal\\\/#organization\"},\"potentialAction\":[{\"@type\":\"SearchAction\",\"target\":{\"@type\":\"EntryPoint\",\"urlTemplate\":\"https:\\\/\\\/www.eldiario.net\\\/portal\\\/?s={search_term_string}\"},\"query-input\":{\"@type\":\"PropertyValueSpecification\",\"valueRequired\":true,\"valueName\":\"search_term_string\"}}],\"inLanguage\":\"es\"},{\"@type\":\"Organization\",\"@id\":\"https:\\\/\\\/www.eldiario.net\\\/portal\\\/#organization\",\"name\":\"El Diario - Decano de la prensa nacional\",\"url\":\"https:\\\/\\\/www.eldiario.net\\\/portal\\\/\",\"logo\":{\"@type\":\"ImageObject\",\"inLanguage\":\"es\",\"@id\":\"https:\\\/\\\/www.eldiario.net\\\/portal\\\/#\\\/schema\\\/logo\\\/image\\\/\",\"url\":\"https:\\\/\\\/www.eldiario.net\\\/portal\\\/wp-content\\\/uploads\\\/2023\\\/07\\\/logo_ED.jpg\",\"contentUrl\":\"https:\\\/\\\/www.eldiario.net\\\/portal\\\/wp-content\\\/uploads\\\/2023\\\/07\\\/logo_ED.jpg\",\"width\":272,\"height\":52,\"caption\":\"El Diario - Decano de la prensa nacional\"},\"image\":{\"@id\":\"https:\\\/\\\/www.eldiario.net\\\/portal\\\/#\\\/schema\\\/logo\\\/image\\\/\"},\"sameAs\":[\"https:\\\/\\\/www.facebook.com\\\/eldiario.bolivia\\\/\",\"https:\\\/\\\/x.com\\\/eldiario_net\"]},{\"@type\":\"Person\",\"@id\":\"https:\\\/\\\/www.eldiario.net\\\/portal\\\/#\\\/schema\\\/person\\\/f46445640444750d7d753ccd04ae01b7\",\"name\":\"Jeanette\",\"image\":{\"@type\":\"ImageObject\",\"inLanguage\":\"es\",\"@id\":\"https:\\\/\\\/secure.gravatar.com\\\/avatar\\\/3ea2118a5f7dad2b7138b1187a6b7ee55f160b9968b66013c3a3ef39dd7e5798?s=96&d=mm&r=g\",\"url\":\"https:\\\/\\\/secure.gravatar.com\\\/avatar\\\/3ea2118a5f7dad2b7138b1187a6b7ee55f160b9968b66013c3a3ef39dd7e5798?s=96&d=mm&r=g\",\"contentUrl\":\"https:\\\/\\\/secure.gravatar.com\\\/avatar\\\/3ea2118a5f7dad2b7138b1187a6b7ee55f160b9968b66013c3a3ef39dd7e5798?s=96&d=mm&r=g\",\"caption\":\"Jeanette\"},\"sameAs\":[\"https:\\\/\\\/www.eldiario.net\\\/portal\"],\"url\":\"https:\\\/\\\/www.eldiario.net\\\/portal\\\/author\\\/jeanette\\\/\"}]}<\/script>\n<!-- \/ Yoast SEO plugin. -->","yoast_head_json":{"title":"Autopsia revela que Luan muri\u00f3 por golpe en la cabeza - El Diario - Bolivia","robots":{"index":"index","follow":"follow","max-snippet":"max-snippet:-1","max-image-preview":"max-image-preview:large","max-video-preview":"max-video-preview:-1"},"canonical":"https:\/\/www.eldiario.net\/portal\/2024\/08\/19\/autopsia-revela-que-luan-murio-por-golpe-en-la-cabeza\/","og_locale":"es_ES","og_type":"article","og_title":"Autopsia revela que Luan muri\u00f3 por golpe en la cabeza - El Diario - Bolivia","og_description":"De acuerdo con el informe compartido con el padre del ni\u00f1o Luan, respecto al resultado de la autopsia de ley practicada al cad\u00e1ver del menor de edad, este habr\u00eda fallecido por un golpe en la cabeza. Horas antes, el comandante de la Polic\u00eda, Edgar Cortez, se\u00f1al\u00f3 que los padres del peque\u00f1o, desaparecido hace varios d\u00edas [&hellip;]","og_url":"https:\/\/www.eldiario.net\/portal\/2024\/08\/19\/autopsia-revela-que-luan-murio-por-golpe-en-la-cabeza\/","og_site_name":"El Diario - Bolivia","article_publisher":"https:\/\/www.facebook.com\/eldiario.bolivia\/","article_published_time":"2024-08-19T09:40:23+00:00","og_image":[{"width":804,"height":476,"url":"https:\/\/www.eldiario.net\/portal\/wp-content\/uploads\/2024\/08\/F-4-nino.jpg","type":"image\/jpeg"}],"author":"Jeanette","twitter_card":"summary_large_image","twitter_creator":"@eldiario_net","twitter_site":"@eldiario_net","twitter_misc":{"Escrito por":"Jeanette","Tiempo de lectura":"3 minutos"},"schema":{"@context":"https:\/\/schema.org","@graph":[{"@type":"Article","@id":"https:\/\/www.eldiario.net\/portal\/2024\/08\/19\/autopsia-revela-que-luan-murio-por-golpe-en-la-cabeza\/#article","isPartOf":{"@id":"https:\/\/www.eldiario.net\/portal\/2024\/08\/19\/autopsia-revela-que-luan-murio-por-golpe-en-la-cabeza\/"},"author":{"name":"Jeanette","@id":"https:\/\/www.eldiario.net\/portal\/#\/schema\/person\/f46445640444750d7d753ccd04ae01b7"},"headline":"Autopsia revela que Luan muri\u00f3 por golpe en la cabeza","datePublished":"2024-08-19T09:40:23+00:00","mainEntityOfPage":{"@id":"https:\/\/www.eldiario.net\/portal\/2024\/08\/19\/autopsia-revela-que-luan-murio-por-golpe-en-la-cabeza\/"},"wordCount":522,"commentCount":0,"publisher":{"@id":"https:\/\/www.eldiario.net\/portal\/#organization"},"image":{"@id":"https:\/\/www.eldiario.net\/portal\/2024\/08\/19\/autopsia-revela-que-luan-murio-por-golpe-en-la-cabeza\/#primaryimage"},"thumbnailUrl":"https:\/\/www.eldiario.net\/portal\/wp-content\/uploads\/2024\/08\/F-4-nino.jpg","articleSection":["Nacional"],"inLanguage":"es","potentialAction":[{"@type":"CommentAction","name":"Comment","target":["https:\/\/www.eldiario.net\/portal\/2024\/08\/19\/autopsia-revela-que-luan-murio-por-golpe-en-la-cabeza\/#respond"]}]},{"@type":"WebPage","@id":"https:\/\/www.eldiario.net\/portal\/2024\/08\/19\/autopsia-revela-que-luan-murio-por-golpe-en-la-cabeza\/","url":"https:\/\/www.eldiario.net\/portal\/2024\/08\/19\/autopsia-revela-que-luan-murio-por-golpe-en-la-cabeza\/","name":"Autopsia revela que Luan muri\u00f3 por golpe en la cabeza - El Diario - Bolivia","isPartOf":{"@id":"https:\/\/www.eldiario.net\/portal\/#website"},"primaryImageOfPage":{"@id":"https:\/\/www.eldiario.net\/portal\/2024\/08\/19\/autopsia-revela-que-luan-murio-por-golpe-en-la-cabeza\/#primaryimage"},"image":{"@id":"https:\/\/www.eldiario.net\/portal\/2024\/08\/19\/autopsia-revela-que-luan-murio-por-golpe-en-la-cabeza\/#primaryimage"},"thumbnailUrl":"https:\/\/www.eldiario.net\/portal\/wp-content\/uploads\/2024\/08\/F-4-nino.jpg","datePublished":"2024-08-19T09:40:23+00:00","breadcrumb":{"@id":"https:\/\/www.eldiario.net\/portal\/2024\/08\/19\/autopsia-revela-que-luan-murio-por-golpe-en-la-cabeza\/#breadcrumb"},"inLanguage":"es","potentialAction":[{"@type":"ReadAction","target":["https:\/\/www.eldiario.net\/portal\/2024\/08\/19\/autopsia-revela-que-luan-murio-por-golpe-en-la-cabeza\/"]}]},{"@type":"ImageObject","inLanguage":"es","@id":"https:\/\/www.eldiario.net\/portal\/2024\/08\/19\/autopsia-revela-que-luan-murio-por-golpe-en-la-cabeza\/#primaryimage","url":"https:\/\/www.eldiario.net\/portal\/wp-content\/uploads\/2024\/08\/F-4-nino.jpg","contentUrl":"https:\/\/www.eldiario.net\/portal\/wp-content\/uploads\/2024\/08\/F-4-nino.jpg","width":804,"height":476,"caption":"Se presume que hoy se realice el entierro del menor de edad."},{"@type":"BreadcrumbList","@id":"https:\/\/www.eldiario.net\/portal\/2024\/08\/19\/autopsia-revela-que-luan-murio-por-golpe-en-la-cabeza\/#breadcrumb","itemListElement":[{"@type":"ListItem","position":1,"name":"Portada","item":"https:\/\/www.eldiario.net\/portal\/"},{"@type":"ListItem","position":2,"name":"Autopsia revela que Luan muri\u00f3 por golpe en la cabeza"}]},{"@type":"WebSite","@id":"https:\/\/www.eldiario.net\/portal\/#website","url":"https:\/\/www.eldiario.net\/portal\/","name":"El Diario - Decano de la prensa nacional","description":"El Diario - Decano de la prensa nacional","publisher":{"@id":"https:\/\/www.eldiario.net\/portal\/#organization"},"potentialAction":[{"@type":"SearchAction","target":{"@type":"EntryPoint","urlTemplate":"https:\/\/www.eldiario.net\/portal\/?s={search_term_string}"},"query-input":{"@type":"PropertyValueSpecification","valueRequired":true,"valueName":"search_term_string"}}],"inLanguage":"es"},{"@type":"Organization","@id":"https:\/\/www.eldiario.net\/portal\/#organization","name":"El Diario - Decano de la prensa nacional","url":"https:\/\/www.eldiario.net\/portal\/","logo":{"@type":"ImageObject","inLanguage":"es","@id":"https:\/\/www.eldiario.net\/portal\/#\/schema\/logo\/image\/","url":"https:\/\/www.eldiario.net\/portal\/wp-content\/uploads\/2023\/07\/logo_ED.jpg","contentUrl":"https:\/\/www.eldiario.net\/portal\/wp-content\/uploads\/2023\/07\/logo_ED.jpg","width":272,"height":52,"caption":"El Diario - Decano de la prensa nacional"},"image":{"@id":"https:\/\/www.eldiario.net\/portal\/#\/schema\/logo\/image\/"},"sameAs":["https:\/\/www.facebook.com\/eldiario.bolivia\/","https:\/\/x.com\/eldiario_net"]},{"@type":"Person","@id":"https:\/\/www.eldiario.net\/portal\/#\/schema\/person\/f46445640444750d7d753ccd04ae01b7","name":"Jeanette","image":{"@type":"ImageObject","inLanguage":"es","@id":"https:\/\/secure.gravatar.com\/avatar\/3ea2118a5f7dad2b7138b1187a6b7ee55f160b9968b66013c3a3ef39dd7e5798?s=96&d=mm&r=g","url":"https:\/\/secure.gravatar.com\/avatar\/3ea2118a5f7dad2b7138b1187a6b7ee55f160b9968b66013c3a3ef39dd7e5798?s=96&d=mm&r=g","contentUrl":"https:\/\/secure.gravatar.com\/avatar\/3ea2118a5f7dad2b7138b1187a6b7ee55f160b9968b66013c3a3ef39dd7e5798?s=96&d=mm&r=g","caption":"Jeanette"},"sameAs":["https:\/\/www.eldiario.net\/portal"],"url":"https:\/\/www.eldiario.net\/portal\/author\/jeanette\/"}]}},"_links":{"self":[{"href":"https:\/\/www.eldiario.net\/portal\/wp-json\/wp\/v2\/posts\/241665","targetHints":{"allow":["GET"]}}],"collection":[{"href":"https:\/\/www.eldiario.net\/portal\/wp-json\/wp\/v2\/posts"}],"about":[{"href":"https:\/\/www.eldiario.net\/portal\/wp-json\/wp\/v2\/types\/post"}],"author":[{"embeddable":true,"href":"https:\/\/www.eldiario.net\/portal\/wp-json\/wp\/v2\/users\/1"}],"replies":[{"embeddable":true,"href":"https:\/\/www.eldiario.net\/portal\/wp-json\/wp\/v2\/comments?post=241665"}],"version-history":[{"count":1,"href":"https:\/\/www.eldiario.net\/portal\/wp-json\/wp\/v2\/posts\/241665\/revisions"}],"predecessor-version":[{"id":241667,"href":"https:\/\/www.eldiario.net\/portal\/wp-json\/wp\/v2\/posts\/241665\/revisions\/241667"}],"wp:featuredmedia":[{"embeddable":true,"href":"https:\/\/www.eldiario.net\/portal\/wp-json\/wp\/v2\/media\/241666"}],"wp:attachment":[{"href":"https:\/\/www.eldiario.net\/portal\/wp-json\/wp\/v2\/media?parent=241665"}],"wp:term":[{"taxonomy":"category","embeddable":true,"href":"https:\/\/www.eldiario.net\/portal\/wp-json\/wp\/v2\/categories?post=241665"},{"taxonomy":"post_tag","embeddable":true,"href":"https:\/\/www.eldiario.net\/portal\/wp-json\/wp\/v2\/tags?post=241665"}],"curies":[{"name":"wp","href":"https:\/\/api.w.org\/{rel}","templated":true}]}}